{"id":1508,"date":"2008-05-09T14:33:57","date_gmt":"2008-05-09T19:33:57","guid":{"rendered":"http:\/\/www.visit-ulcinj.com\/blog\/?p=1508"},"modified":"2008-05-09T14:33:57","modified_gmt":"2008-05-09T19:33:57","slug":"mali-i-zi-ngurron-ne-hapjen-e-tregut-te-prones-se-paluajteshme","status":"publish","type":"post","link":"https:\/\/www.visit-ulcinj.com\/blog\/2008\/05\/09\/mali-i-zi-ngurron-ne-hapjen-e-tregut-te-prones-se-paluajteshme\/","title":{"rendered":"Mali i Zi ngurron n\u00eb hapjen e tregut t\u00eb pron\u00ebs s\u00eb paluajt\u00ebshme"},"content":{"rendered":"<p><img loading=\"lazy\" class=\"alignleft\" style=\"float: left;\" src=\"http:\/\/www.mipa.cg.yu\/slike\/logo.png\" alt=\"\" width=\"177\" height=\"124\" \/>Tr\u00ebmbur se mos shum\u00eb nga pronat do t\u00eb rr\u00ebmbehen nga t\u00eb huajt, krer\u00ebt malazez\u00eb nuk jan\u00eb n\u00eb gjendje t\u00eb bien dakord mbi heqjen e kufizimeve ndaj tregut t\u00eb pronave t\u00eb paluajtshme t\u00eb vendit.<br \/>\nDy vjet pasi Mali i Zi fitoi pavar\u00ebsin\u00eb, frika se mos rus\u00ebt dhe t\u00eb huajt e tjer\u00eb mund t\u00eb blejn\u00eb sasi t\u00eb m\u00ebdha toke po ushqen nj\u00eb debat t\u00eb ndezur rreth liberalizimit t\u00eb ligjeve t\u00eb pasuris\u00eb s\u00eb patundshme n\u00eb vendin e vog\u00ebl t\u00eb Adriatikut.<br \/>\nPartia m\u00eb e madhe e koalicionit qeveris\u00ebs, Partia Demokratike e Socialist\u00ebve e kryeministrit Milo Gjukanovi\u00e7, favorizon liberalizimin e plot\u00eb t\u00eb tregut t\u00eb pron\u00ebs s\u00eb patundshme. Por aleatja e saj e koalicionit, Partia Social Demokratike, \u00ebsht\u00eb bashkuar me opozit\u00ebn me q\u00ebllim q\u00eb t\u00eb mbaj\u00eb bregdetin t\u00ebrheq\u00ebs t\u00eb vendit n\u00eb duart e malazez\u00ebve.<br \/>\nP\u00ebr shkak t\u00eb grindjes mbi \u00e7\u00ebshtjen, qeveria t\u00ebrhoqi nj\u00eb projekt-ligj mbi t\u00eb drejtat e pron\u00ebs p\u00ebr t\u00eb huajt q\u00eb qe gati p\u00ebr diskutim gjat\u00eb sesionit t\u00eb pranver\u00ebs t\u00eb parlamentit. Sipas kushtetut\u00ebs, do t\u00eb duhej shumica prej dy t\u00eb tretash p\u00ebr t\u00eb kaluar t\u00eb till\u00eb legjislacion.<br \/>\nSipas ligjit aktual, nj\u00ebsit\u00eb e huaja komerciale mund t\u00eb blen\u00eb prona n\u00eb Malin e Zi por individ\u00ebt nga jasht\u00eb, jo. N\u00eb praktik\u00ebn aktuale, shum\u00eb t\u00eb huaj, zakonisht me ndihm\u00ebn nga kontaktet malazeze, jan\u00eb n\u00eb gjendje ta shmangin kufizimin duke regjistruar nj\u00eb biznes dhe pastaj e likuidojn\u00eb at\u00eb pasi t\u00eb ken\u00eb bler\u00eb pron\u00ebn.<br \/>\nNj\u00eb gjykat\u00eb administrative malazeze ka vendosur se &#8220;nj\u00eb person i huaj q\u00eb nuk ndjek nj\u00eb veprimtari ekonomike n\u00eb Malin e Zi nuk mund t\u00eb pretendoj\u00eb pron\u00ebsin\u00eb mbi tok\u00ebn&#8221;. Mbetet e paqart\u00eb n\u00eb se ky vendim \u00ebsht\u00eb zbatuar.<br \/>\nT\u00eb dh\u00ebnat statistikore sqarojn\u00eb r\u00ebnd\u00ebsin\u00eb e k\u00ebsaj \u00e7\u00ebshtjeje. Gjat\u00eb nj\u00eb periudhe 11-mujore, 53% e totalit prej 900 milion euro n\u00eb investimet e huaja t\u00eb drejtp\u00ebrdrejta shkuan drejt blerjes s\u00eb pron\u00ebs s\u00eb patundshme. N\u00eb t\u00eb nj\u00ebjt\u00ebn koh\u00eb, derdhja jasht\u00eb e kapitalit arriti n\u00eb 450 milion euro, tre t\u00eb tretat e asaj t\u00eb investuar n\u00eb pron\u00ebn e patundshme.<br \/>\nMalazez\u00ebt q\u00eb shesin pron\u00ebn e tyre t\u00eb trash\u00ebguar duket se blen\u00eb prona t\u00eb patundshme jasht\u00eb vendit, shpesh n\u00eb Beograd apo Novi Sad, ose thjesht i p\u00ebrdorin t\u00eb ardhurat p\u00ebr konsum, n\u00eb vend t\u00eb investimeve t\u00eb reja gj\u00eb q\u00eb do t\u00eb minimizonte defi\u00e7itin e tregtis\u00eb s\u00eb jashtme dhe do t\u00eb rriste pun\u00ebsimin.<br \/>\nN\u00ebnkryeministrja Gordana Gjuri\u00e7, q\u00eb trajton marr\u00ebdh\u00ebniet ekonomike nd\u00ebrkomb\u00ebtare, refuzoi t\u00eb n\u00ebnshkruante ligjin e pron\u00ebs t\u00eb propozuar nga qeveria duke th\u00ebn\u00eb se ai &#8220;nuk parashikon kushtet e reciprocitetit.&#8221;<br \/>\nAjo paraqiti nj\u00eb opinion t\u00eb ngjash\u00ebm lidhur me nj\u00eb projekt-ligj mbi pron\u00ebn shtet\u00ebrore duke argumentuar se zonat bregdetare dhe pyjet duhet t\u00eb mbeten pron\u00eb shtet\u00ebrore. &#8220;Ligji duhet n\u00eb vend t\u00eb k\u00ebsaj t\u00eb p\u00ebrcaktoj\u00eb disa t\u00eb drejta t\u00eb posa\u00e7me p\u00ebr t\u00eb p\u00ebrdorur k\u00ebto t\u00eb mira publike n\u00ebp\u00ebrmjet koncensioneve, dh\u00ebnies me qira dhe rregullimeve t\u00eb ngjashme kontraktuale,&#8221; tha Gjurovi\u00e7.<img loading=\"lazy\" class=\"alignright\" style=\"float: right;\" src=\"http:\/\/www.setimes.com\/cocoon\/setimes\/images\/2008\/04\/28\/NEDJELJKOphoto2.jpg\" alt=\"gordana Gjurovi\u00e7\" width=\"247\" height=\"185\" \/><br \/>\nMegjithat\u00eb sekretari i p\u00ebrgjithsh\u00ebm i Shoqat\u00ebs s\u00eb Jurist\u00ebve Branislav Radulovi\u00e7 beson se k\u00ebmb\u00ebngulja n\u00eb reciprocitet nuk \u00ebsht\u00eb nj\u00eb &#8220;argument ve\u00e7an\u00ebrisht i fort\u00eb&#8221;.<br \/>\n&#8220;Me 13,812 km katrore territor, do t\u00eb ishte \u00e7udi n\u00eb se reciprociteti \u00ebsht\u00eb i mjaftuesh\u00ebm p\u00ebr t\u00eb mbojtur interesat e malazez\u00ebve. Lidhur me Rusin\u00eb p\u00ebr shembull, ky parim \u00ebsht\u00eb krejt\u00ebsisht pa kuptim,&#8221; thot\u00eb Radulovi\u00e7.<br \/>\n&#8220;Mali i Zi mund t\u00eb nxis\u00eb koncensionet si nj\u00eb m\u00ebnyr\u00eb p\u00ebr t\u00eb t\u00ebrhequr investimet e huaja, si\u00e7 b\u00ebri Bullgaria,&#8221; sugjeron ai. &#8220;Bullgaria nuk shiti pronat e saj, n\u00eb vend t\u00eb k\u00ebsaj, ajo p\u00ebrfundoi marr\u00ebveshje mbi koncesionet me investitor\u00ebt e huaj duke i lejuar ata t\u00eb p\u00ebrdorin dhe menazhojn\u00eb pron\u00ebn p\u00ebr 99 vjet. K\u00ebshtu ajo shmangu humbjen e pron\u00ebsis\u00eb mbi tok\u00ebn por gjithashtu ndaloi manipulimet dhe marr\u00ebveshjet fiktive.&#8221;<br \/>\nPresidenti i Bashkimit t\u00eb Puin\u00ebdh\u00ebn\u00ebsve, Predrag Mitrovi\u00e7, paralajm\u00ebron se shteti duhet t \u00eb jet\u00eb i v\u00ebmendsh\u00ebm ndaj p\u00ebrvojave krahasuese t\u00eb vendeve evropiane dhe vendeve t\u00eb tjera n\u00eb rajon.<br \/>\n&#8220;N\u00eb praktik\u00eb, ndodh q\u00eb vendet me legjislacion t\u00eb ashtuquajtur liberal e gjejn\u00eb veten t\u00eb rrethuar nga &#8216;terrorizmi ekonomik&#8217;, duke dh\u00ebn\u00eb tok\u00ebn e tyre p\u00ebr para t\u00eb ardhura nga ekonomit\u00eb gri apo t\u00eb zeza nga jasht\u00eb,&#8221; thot\u00eb ai. &#8220;K\u00ebto ligje liberale jan\u00eb ve\u00e7an\u00ebrisht t\u00eb rrezikshme p\u00ebr shtete t\u00eb vegj\u00ebl t\u00eb till\u00eb si Mali i Zi dhe un\u00eb besoj se shteti duhet t\u00eb procedoj\u00eb m\u00eb me kujdes.&#8221;<br \/>\nN\u00eb ndryshim, k\u00ebshilltari i ministris\u00eb s\u00eb financave Predrag Stamatovi\u00e7 argumenton se shteti nuk ka pun\u00eb t\u00eb kufizoj\u00eb t\u00eb drejtat e pron\u00ebsis\u00eb t\u00eb ndivid\u00ebve, duke p\u00ebrfshir\u00eb transferimin e t\u00eb drejtave nj\u00eb tjet\u00ebr individi.<br \/>\n&#8220;Kush ka t\u00eb drejt\u00eb t\u00eb ndaloj\u00eb zhvillimin e m\u00ebtejsh\u00ebm dhe hyrjen e kapitalit t\u00eb huaj?&#8221; pyet ai, duke v\u00ebn\u00eb n\u00eb dukje se taksat mbi transferimin e pron\u00ebs kontribuan 40 milion euro n\u00eb buxhetin e shtetit t\u00eb vitit t\u00eb kaluar.<br \/>\nGjat\u00eb negociatave q\u00eb shpun\u00eb n\u00eb n\u00ebnshkrimin e nj\u00eb marr\u00ebveshjeje stabilizimi dhe shoq\u00ebrimi me BE vitin e kaluar, Mali i Zi u zotua t\u00eb hap\u00eb tregun e vet t\u00eb pron\u00ebs s\u00eb patundshme p\u00ebr shtetatsit e vendeve an\u00ebtare t\u00eb BE.<br \/>\nZbatimi i SAA pritet t\u00eb nis\u00eb n\u00eb 2010, pasi t\u00eb gjith\u00eb parlamentet e t\u00eb gjitha 27 vendeve t\u00eb BE t\u00eb ratifikojn\u00eb marr\u00ebveshjen.<br \/>\nSapo Mali i Zi t\u00eb b\u00ebhet kandidat i BE, do t\u00eb fillojn\u00eb negociatat mbi t\u00eb gjithg\u00eb kapitujt e acquis communitaire. Si\u00e7 p\u00ebrcillet n\u00eb siglimin fillestar t\u00eb ligjeve t\u00eb Malit t\u00eb Zi, Komisioni Evropian do t\u00eb \u00e7moj\u00eb shtrirjen e harmonizimit me kriteret e BE. T\u00eb drejtat e pron\u00ebs p\u00ebr shtetasit e BE do t\u00eb vin\u00eb n\u00ebn kapitujt e l\u00ebvizjes s\u00eb lir\u00eb t\u00eb mallrave dhe kapitalit. K\u00ebto kapituj, jan\u00eb provuar, n\u00eb t\u00eb kaluar\u00ebn, midis m\u00eb t\u00eb v\u00ebshtir\u00ebve p\u00ebr v\u00ebndet kandidate q\u00eb nuk duan t\u00eb l\u00ebshojn\u00eb t\u00eb drejt\u00ebn p\u00ebr t\u00eb menazhuar pron\u00ebn e tyre t\u00eb patund\u00ebshme.<br \/>\n<img loading=\"lazy\" class=\"alignleft\" style=\"float: left;\" src=\"http:\/\/www.hercegnovi365.com\/images\/realestates\/Adriatica\/Adriatic-Real-Estates.jpg\" alt=\"\" width=\"236\" height=\"360\" \/> P\u00ebr shembull, Kroacia nuk ka qen\u00eb n\u00eb gjendje t\u00eb p\u00ebrfundoj\u00eb negociatat mbi l\u00ebvizjen e lir\u00eb t\u00eb kapitullit t\u00eb kapitalit. Gjat\u00eb shqyrtimit dy vjet m\u00eb par\u00eb ekspert\u00ebt e Komisionit Evropian p\u00ebrfunduan se legjislacioni kroat nuk \u00ebsht\u00eb n\u00eb p\u00ebrputhje me standardet evropiane.<br \/>\nPavar\u00ebsisht nga paralajm\u00ebrimet e BE, Kroacia ishte e ngadal\u00ebshme t\u00eb miratonte ndryshime thelb\u00ebsore q\u00eb do t&#8217;u lejonin shtetasve t\u00eb BE &#8220;t\u00eb drejtat e nevojshme p\u00ebr t&#8217;i b\u00ebr\u00eb t\u00eb aft\u00eb t\u00eb blinin pron\u00eb t\u00eb patund\u00ebshme n\u00eb Kroaci&#8221;, si\u00e7 e p\u00ebrcaktoi KE. Por sipas SAA dhe dokumenteve t\u00eb tjera, Kroacia duhet t\u00eb kompletonte liberalizimin e tregut t\u00eb saj t\u00eb pron\u00ebs s\u00eb patund\u00ebshme deri n\u00eb 2009.<br \/>\nShtetasit e Gjermanis\u00eb, Belgjik\u00ebs, Britanis\u00eb s\u00eb Madhe, Franc\u00ebs, Holland\u00ebs dhe Spanj\u00ebs mund t\u00eb blen\u00eb pron\u00eb t\u00eb patundshme n\u00eb Kroaci bazuar n\u00eb marr\u00ebveshjet e reciprocitetit. Procedura megjithat\u00eb, mund t\u00eb shkoj\u00eb deri n\u00eb dy vjet p\u00ebr shkak t\u00eb burokracive administrative. Si rezultat i k\u00ebsaj, shum\u00eb pretendent\u00eb p\u00ebr pronar\u00eb mb\u00ebshteten n\u00eb nj\u00eb praktik\u00eb t\u00eb ngjashme me at\u00eb n\u00eb Malin e Zi, duke ngritur biznese dhe pastaj duke bler\u00eb pron\u00eb t\u00eb patund\u00ebshme pa kufizime.<br \/>\nT\u00eb gjith\u00eb vendet e reja an\u00ebtare t\u00eb BE u p\u00ebrpoq\u00ebn t\u00eb kufizojn\u00eb shitjen e pron\u00ebs s\u00eb patund\u00ebshme t\u00eb huajve n\u00eb negociatat e tyre me BE, kur n\u00eb diskutim qen\u00eb banesa t\u00eb dyta apo zona t\u00eb r\u00ebnd\u00ebsishme ekonomike. P\u00ebrpjekja e Malt\u00ebs ishte m\u00eb e suksesshmja. Asnj\u00eb person q\u00eb nuk ka jetuar n\u00eb Malt\u00eb p\u00ebr t\u00eb pakt\u00ebn pes\u00eb vjet nuk ka t\u00eb drejt\u00eb t\u00eb blej\u00eb nj\u00eb banes\u00eb t\u00eb dyt\u00eb dhe kjo gjithashtu aplikohet ndaj shtetasve t\u00eb Malt\u00ebs q\u00eb jetojn\u00eb jasht\u00eb.<br \/>\n<strong>Nga Nedjeljko Rudovi\u00e7 p\u00ebr Southeast European Times n\u00eb Podgoric\u00eb<\/strong><\/p>\n<!-- vimeo error: not a vimeo video -->\n","protected":false},"excerpt":{"rendered":"<p><img loading=\"lazy\" class=\"alignleft\" style=\"float: left;\" src=\"http:\/\/www.mipa.cg.yu\/slike\/logo.png\" alt=\"\" width=\"140\" height=\"140\" \/><\/p>\n","protected":false},"author":1,"featured_media":0,"comment_status":"open","ping_status":"closed","sticky":false,"template":"","format":"standard","meta":{"spay_email":"","jetpack_publicize_message":"","jetpack_is_tweetstorm":false,"jetpack_publicize_feature_enabled":true},"categories":[10],"tags":[],"jetpack_publicize_connections":[],"yoast_head":"<!-- This site is optimized with the Yoast SEO plugin v19.1 - https:\/\/yoast.com\/wordpress\/plugins\/seo\/ -->\n<title>Mali i Zi ngurron n\u00eb hapjen e tregut t\u00eb pron\u00ebs s\u00eb paluajt\u00ebshme - Lajme nga Ulqini<\/title>\n<meta name=\"robots\" content=\"index, follow, max-snippet:-1, max-image-preview:large, max-video-preview:-1\" \/>\n<link rel=\"canonical\" href=\"https:\/\/www.visit-ulcinj.com\/blog\/2008\/05\/09\/mali-i-zi-ngurron-ne-hapjen-e-tregut-te-prones-se-paluajteshme\/\" \/>\n<meta property=\"og:locale\" content=\"en_US\" \/>\n<meta property=\"og:type\" content=\"article\" \/>\n<meta property=\"og:title\" content=\"Mali i Zi ngurron n\u00eb hapjen e tregut t\u00eb pron\u00ebs s\u00eb paluajt\u00ebshme - Lajme nga Ulqini\" \/>\n<meta property=\"og:url\" content=\"https:\/\/www.visit-ulcinj.com\/blog\/2008\/05\/09\/mali-i-zi-ngurron-ne-hapjen-e-tregut-te-prones-se-paluajteshme\/\" \/>\n<meta property=\"og:site_name\" content=\"Lajme nga Ulqini\" \/>\n<meta property=\"article:published_time\" content=\"2008-05-09T19:33:57+00:00\" \/>\n<meta property=\"og:image\" content=\"http:\/\/www.mipa.cg.yu\/slike\/logo.png\" \/>\n<meta name=\"twitter:label1\" content=\"Written by\" \/>\n\t<meta name=\"twitter:data1\" content=\"ulqini\" \/>\n\t<meta name=\"twitter:label2\" content=\"Est. reading time\" \/>\n\t<meta name=\"twitter:data2\" content=\"7 minutes\" \/>\n<script type=\"application\/ld+json\" class=\"yoast-schema-graph\">{\"@context\":\"https:\/\/schema.org\",\"@graph\":[{\"@type\":\"WebSite\",\"@id\":\"https:\/\/www.visit-ulcinj.com\/blog\/#website\",\"url\":\"https:\/\/www.visit-ulcinj.com\/blog\/\",\"name\":\"Lajme nga Ulqini\",\"description\":\"Lajme,Vijesti,Ulqini,Ulqin,Crna Gora,Mali i Zi\",\"potentialAction\":[{\"@type\":\"SearchAction\",\"target\":{\"@type\":\"EntryPoint\",\"urlTemplate\":\"https:\/\/www.visit-ulcinj.com\/blog\/?s={search_term_string}\"},\"query-input\":\"required name=search_term_string\"}],\"inLanguage\":\"en-US\"},{\"@type\":\"ImageObject\",\"inLanguage\":\"en-US\",\"@id\":\"https:\/\/www.visit-ulcinj.com\/blog\/2008\/05\/09\/mali-i-zi-ngurron-ne-hapjen-e-tregut-te-prones-se-paluajteshme\/#primaryimage\",\"url\":\"http:\/\/www.mipa.cg.yu\/slike\/logo.png\",\"contentUrl\":\"http:\/\/www.mipa.cg.yu\/slike\/logo.png\"},{\"@type\":\"WebPage\",\"@id\":\"https:\/\/www.visit-ulcinj.com\/blog\/2008\/05\/09\/mali-i-zi-ngurron-ne-hapjen-e-tregut-te-prones-se-paluajteshme\/#webpage\",\"url\":\"https:\/\/www.visit-ulcinj.com\/blog\/2008\/05\/09\/mali-i-zi-ngurron-ne-hapjen-e-tregut-te-prones-se-paluajteshme\/\",\"name\":\"Mali i Zi ngurron n\u00eb hapjen e tregut t\u00eb pron\u00ebs s\u00eb paluajt\u00ebshme - Lajme nga Ulqini\",\"isPartOf\":{\"@id\":\"https:\/\/www.visit-ulcinj.com\/blog\/#website\"},\"primaryImageOfPage\":{\"@id\":\"https:\/\/www.visit-ulcinj.com\/blog\/2008\/05\/09\/mali-i-zi-ngurron-ne-hapjen-e-tregut-te-prones-se-paluajteshme\/#primaryimage\"},\"datePublished\":\"2008-05-09T19:33:57+00:00\",\"dateModified\":\"2008-05-09T19:33:57+00:00\",\"author\":{\"@id\":\"https:\/\/www.visit-ulcinj.com\/blog\/#\/schema\/person\/dcab619c614d3038751c63bc2aadc06d\"},\"breadcrumb\":{\"@id\":\"https:\/\/www.visit-ulcinj.com\/blog\/2008\/05\/09\/mali-i-zi-ngurron-ne-hapjen-e-tregut-te-prones-se-paluajteshme\/#breadcrumb\"},\"inLanguage\":\"en-US\",\"potentialAction\":[{\"@type\":\"ReadAction\",\"target\":[\"https:\/\/www.visit-ulcinj.com\/blog\/2008\/05\/09\/mali-i-zi-ngurron-ne-hapjen-e-tregut-te-prones-se-paluajteshme\/\"]}]},{\"@type\":\"BreadcrumbList\",\"@id\":\"https:\/\/www.visit-ulcinj.com\/blog\/2008\/05\/09\/mali-i-zi-ngurron-ne-hapjen-e-tregut-te-prones-se-paluajteshme\/#breadcrumb\",\"itemListElement\":[{\"@type\":\"ListItem\",\"position\":1,\"name\":\"Mali i Zi ngurron n\u00eb hapjen e tregut t\u00eb pron\u00ebs s\u00eb paluajt\u00ebshme\"}]},{\"@type\":\"Person\",\"@id\":\"https:\/\/www.visit-ulcinj.com\/blog\/#\/schema\/person\/dcab619c614d3038751c63bc2aadc06d\",\"name\":\"ulqini\",\"sameAs\":[\"http:\/\/www.visit-ulcinj.com\"],\"url\":\"https:\/\/www.visit-ulcinj.com\/blog\/author\/admin\/\"}]}<\/script>\n<!-- \/ Yoast SEO plugin. -->","yoast_head_json":{"title":"Mali i Zi ngurron n\u00eb hapjen e tregut t\u00eb pron\u00ebs s\u00eb paluajt\u00ebshme - Lajme nga Ulqini","robots":{"index":"index","follow":"follow","max-snippet":"max-snippet:-1","max-image-preview":"max-image-preview:large","max-video-preview":"max-video-preview:-1"},"canonical":"https:\/\/www.visit-ulcinj.com\/blog\/2008\/05\/09\/mali-i-zi-ngurron-ne-hapjen-e-tregut-te-prones-se-paluajteshme\/","og_locale":"en_US","og_type":"article","og_title":"Mali i Zi ngurron n\u00eb hapjen e tregut t\u00eb pron\u00ebs s\u00eb paluajt\u00ebshme - Lajme nga Ulqini","og_url":"https:\/\/www.visit-ulcinj.com\/blog\/2008\/05\/09\/mali-i-zi-ngurron-ne-hapjen-e-tregut-te-prones-se-paluajteshme\/","og_site_name":"Lajme nga Ulqini","article_published_time":"2008-05-09T19:33:57+00:00","og_image":[{"url":"http:\/\/www.mipa.cg.yu\/slike\/logo.png"}],"twitter_misc":{"Written by":"ulqini","Est. reading time":"7 minutes"},"schema":{"@context":"https:\/\/schema.org","@graph":[{"@type":"WebSite","@id":"https:\/\/www.visit-ulcinj.com\/blog\/#website","url":"https:\/\/www.visit-ulcinj.com\/blog\/","name":"Lajme nga Ulqini","description":"Lajme,Vijesti,Ulqini,Ulqin,Crna Gora,Mali i Zi","potentialAction":[{"@type":"SearchAction","target":{"@type":"EntryPoint","urlTemplate":"https:\/\/www.visit-ulcinj.com\/blog\/?s={search_term_string}"},"query-input":"required name=search_term_string"}],"inLanguage":"en-US"},{"@type":"ImageObject","inLanguage":"en-US","@id":"https:\/\/www.visit-ulcinj.com\/blog\/2008\/05\/09\/mali-i-zi-ngurron-ne-hapjen-e-tregut-te-prones-se-paluajteshme\/#primaryimage","url":"http:\/\/www.mipa.cg.yu\/slike\/logo.png","contentUrl":"http:\/\/www.mipa.cg.yu\/slike\/logo.png"},{"@type":"WebPage","@id":"https:\/\/www.visit-ulcinj.com\/blog\/2008\/05\/09\/mali-i-zi-ngurron-ne-hapjen-e-tregut-te-prones-se-paluajteshme\/#webpage","url":"https:\/\/www.visit-ulcinj.com\/blog\/2008\/05\/09\/mali-i-zi-ngurron-ne-hapjen-e-tregut-te-prones-se-paluajteshme\/","name":"Mali i Zi ngurron n\u00eb hapjen e tregut t\u00eb pron\u00ebs s\u00eb paluajt\u00ebshme - Lajme nga Ulqini","isPartOf":{"@id":"https:\/\/www.visit-ulcinj.com\/blog\/#website"},"primaryImageOfPage":{"@id":"https:\/\/www.visit-ulcinj.com\/blog\/2008\/05\/09\/mali-i-zi-ngurron-ne-hapjen-e-tregut-te-prones-se-paluajteshme\/#primaryimage"},"datePublished":"2008-05-09T19:33:57+00:00","dateModified":"2008-05-09T19:33:57+00:00","author":{"@id":"https:\/\/www.visit-ulcinj.com\/blog\/#\/schema\/person\/dcab619c614d3038751c63bc2aadc06d"},"breadcrumb":{"@id":"https:\/\/www.visit-ulcinj.com\/blog\/2008\/05\/09\/mali-i-zi-ngurron-ne-hapjen-e-tregut-te-prones-se-paluajteshme\/#breadcrumb"},"inLanguage":"en-US","potentialAction":[{"@type":"ReadAction","target":["https:\/\/www.visit-ulcinj.com\/blog\/2008\/05\/09\/mali-i-zi-ngurron-ne-hapjen-e-tregut-te-prones-se-paluajteshme\/"]}]},{"@type":"BreadcrumbList","@id":"https:\/\/www.visit-ulcinj.com\/blog\/2008\/05\/09\/mali-i-zi-ngurron-ne-hapjen-e-tregut-te-prones-se-paluajteshme\/#breadcrumb","itemListElement":[{"@type":"ListItem","position":1,"name":"Mali i Zi ngurron n\u00eb hapjen e tregut t\u00eb pron\u00ebs s\u00eb paluajt\u00ebshme"}]},{"@type":"Person","@id":"https:\/\/www.visit-ulcinj.com\/blog\/#\/schema\/person\/dcab619c614d3038751c63bc2aadc06d","name":"ulqini","sameAs":["http:\/\/www.visit-ulcinj.com"],"url":"https:\/\/www.visit-ulcinj.com\/blog\/author\/admin\/"}]}},"jetpack_featured_media_url":"","jetpack_sharing_enabled":true,"jetpack_shortlink":"https:\/\/wp.me\/pe6lTn-ok","_links":{"self":[{"href":"https:\/\/www.visit-ulcinj.com\/blog\/wp-json\/wp\/v2\/posts\/1508"}],"collection":[{"href":"https:\/\/www.visit-ulcinj.com\/blog\/wp-json\/wp\/v2\/posts"}],"about":[{"href":"https:\/\/www.visit-ulcinj.com\/blog\/wp-json\/wp\/v2\/types\/post"}],"author":[{"embeddable":true,"href":"https:\/\/www.visit-ulcinj.com\/blog\/wp-json\/wp\/v2\/users\/1"}],"replies":[{"embeddable":true,"href":"https:\/\/www.visit-ulcinj.com\/blog\/wp-json\/wp\/v2\/comments?post=1508"}],"version-history":[{"count":0,"href":"https:\/\/www.visit-ulcinj.com\/blog\/wp-json\/wp\/v2\/posts\/1508\/revisions"}],"wp:attachment":[{"href":"https:\/\/www.visit-ulcinj.com\/blog\/wp-json\/wp\/v2\/media?parent=1508"}],"wp:term":[{"taxonomy":"category","embeddable":true,"href":"https:\/\/www.visit-ulcinj.com\/blog\/wp-json\/wp\/v2\/categories?post=1508"},{"taxonomy":"post_tag","embeddable":true,"href":"https:\/\/www.visit-ulcinj.com\/blog\/wp-json\/wp\/v2\/tags?post=1508"}],"curies":[{"name":"wp","href":"https:\/\/api.w.org\/{rel}","templated":true}]}}