{"id":15081,"date":"2009-03-21T12:20:08","date_gmt":"2009-03-21T11:20:08","guid":{"rendered":"http:\/\/www.visit-ulcinj.com\/blog\/?p=15081"},"modified":"2009-03-21T14:19:22","modified_gmt":"2009-03-21T13:19:22","slug":"bika-jeta-ime-mbushur-me-fatkeqesi","status":"publish","type":"post","link":"https:\/\/www.visit-ulcinj.com\/blog\/2009\/03\/21\/bika-jeta-ime-mbushur-me-fatkeqesi\/","title":{"rendered":"Bika: Jeta ime, mbushur me fatkeq\u00ebsi"},"content":{"rendered":"<p><em><strong>Ka qen\u00eb nj\u00eb bised\u00eb me Arjonin q\u00eb e ka b\u00ebr\u00eb vajz\u00ebn e hekurt n\u00eb dukje, t\u00eb rr\u00ebfej\u00eb veten e saj jasht\u00eb sht\u00ebpis\u00eb s\u00eb &#8220;Big Brother&#8221;.\u00a0Bika ka treguar se pas divorcit t\u00eb prind\u00ebrve p\u00ebr at\u00eb \u00ebsht\u00eb kujdesur vet\u00ebm gjyshja dhe xhaxhai. Ajo nuk b\u00ebhet me prind\u00ebrit dhe pas largimit t\u00eb\u00a0tyre ajo ka humbur edhe shum\u00eb familjar\u00eb t\u00eb af\u00ebrt q\u00eb jan\u00eb ndar\u00eb nga jeta. P\u00ebr k\u00ebt\u00eb arsye, ajo pranon se \u00ebsht\u00eb e prer\u00eb dhe e fort\u00eb si natyr\u00eb.\u00a0P\u00ebrvoja n\u00eb &#8220;Big Brother&#8221; -ka rr\u00ebfyer m\u00eb pas Bika &#8211; ka qen\u00eb gj\u00ebja m\u00eb e bukur q\u00eb i ka ndodhur n\u00eb jet\u00eb.<\/strong><\/em><\/p>\n<p><strong><a href=\"http:\/\/www.visit-ulcinj.com\/blog\/wp-content\/uploads\/2009\/03\/bika5.jpg\"><img loading=\"lazy\" class=\"alignleft size-full wp-image-14883\" title=\"bika-big-brother-albania-2\" src=\"http:\/\/www.visit-ulcinj.com\/blog\/wp-content\/uploads\/2009\/03\/bika5.jpg\" alt=\"bika-big-brother-albania-2\" width=\"300\" height=\"205\" \/><\/a>Arjoni<\/strong> &#8211; Lek\u00ebt xhaxhai t&#8217;i justifikon?<\/p>\n<p>\u00a0<\/p>\n<p><strong>Bika<\/strong>&#8211; Po. <strong>Arjon<\/strong>i &#8211; Do ia kthesh nj\u00eb dit\u00eb?<\/p>\n<p><strong>Bika<\/strong>&#8211; \u00c7far\u00ebdo t\u00eb b\u00ebj un\u00eb, sado lek\u00eb t\u00eb kem n\u00eb jet\u00eb un\u00eb atij nuk ia shp\u00ebrblej dot asnj\u00ebher\u00eb<\/p>\n<p><strong>Arjoni<\/strong>&#8211; Nuk do i kthesh lek\u00ebt, do t&#8217;ia shp\u00ebrblesh.<\/p>\n<p><strong>Bika<\/strong>&#8211; Ai deri k\u00ebtu ku jam un\u00eb e di q\u00eb \u00ebsht\u00eb shum\u00eb krenar p\u00ebr mua, kjo \u00ebsht\u00eb nj\u00eb lloj shp\u00ebrblimi. Kur them shp\u00ebrblim \u00ebsht\u00eb kjo q\u00eb kur rrit nj\u00eb f\u00ebmij\u00eb dhe t\u00eb ta dij\u00eb f\u00ebmija \u00ebsht\u00eb gj\u00eb shum\u00eb e mir\u00eb.<\/p>\n<p><strong>Arjoni<\/strong> &#8211;<strong> <\/strong>Po v\u00ebllai?<\/p>\n<p><strong>Bika<\/strong> &#8211; \u00cbsht\u00eb djali i xhaxhait, por ngaq\u00eb jemi rritur bashk\u00eb. Prandaj m\u00eb p\u00eblqen kur t\u00eb d\u00ebgjoj kur flet ti p\u00ebr Frensin p\u00ebr motr\u00ebn, ndihem nj\u00ebsoj n\u00eb ndenja. Q\u00eb i vog\u00ebl ka pasur nj\u00eb logjik\u00eb t\u00eb shk\u00eblqyer. Ai pa mua nuk ikte n\u00eb m\u00ebngjes, dhe e motra q\u00eb n\u00eb m\u00ebngjes, \u00ebsht\u00eb n\u00eb klas\u00eb t\u00eb tet\u00eb vinin, te krevati im dhe m\u00eb pyesnin m\u00eb rri mir\u00eb kjo? N\u00ebse i thosha un\u00eb ik, ato me vrap iknin dhe nd\u00ebrroheshin. Ai ka krijuar vend n\u00eb shoq\u00ebrin\u00eb time. Kur nuk \u00ebsht\u00eb m\u00eb pyesin ku e ke v\u00ebllain. Tre her\u00eb q\u00eb kam ardhur n\u00eb Tiran\u00eb me at\u00eb kam ardhur.<\/p>\n<p><strong>Arjoni<\/strong> &#8211; Her\u00ebn e par\u00eb e ke q\u00eb vjen n\u00eb Tiran\u00eb?<\/p>\n<p><strong>Bika<\/strong>&#8211; Kam qen\u00eb dhe vjet 10 dit\u00eb, kam njer\u00ebz n\u00eb Tiran\u00eb kam daj\u00ebn e babit. Kur kam qen\u00eb e vog\u00ebl e kam bredhur Tiran\u00ebn se kam pas xhaxhain q\u00eb m\u00eb ka vdekur ushtar k\u00ebtu dhe m\u00eb merrnin gjysh\u00ebrit nga mbrapa dhe udh\u00ebtonim me tren.<\/p>\n<p><strong>Arjoni<\/strong>&#8211; Tani hera e par\u00eb q\u00eb udh\u00ebton vet\u00ebm?<\/p>\n<p><strong>Bika<\/strong>&#8211; Jo, dy her\u00eb radhazi kam ardhur vet\u00ebm, pa frik\u00eb. Her\u00ebn e fundit q\u00eb erdha kur zbrita ndjeva se ishin af\u00ebr nj\u00eb grup \u00e7unash dhe ndihet ajo q\u00eb nuk je n\u00eb qytetin t\u00ebnd e ke nj\u00eb lloj frike. Kur kam qen\u00eb vjet dhe parvjet n\u00eb Tiran\u00eb kam nj\u00eb kush\u00ebrir\u00eb 22 vje\u00e7e dhe dilnim n\u00ebp\u00ebr Tiran\u00eb, kur na u qep nj\u00ebher\u00eb nj\u00eb xhaj\u00eb nga mbrapa ka qen\u00eb e fort\u00eb fare, mund t\u00eb ishte nja 60 vje\u00e7. Un\u00eb hera e par\u00eb n\u00eb Tiran\u00eb n\u00eb mosh\u00eb t\u00eb madhe, m\u00eb b\u00ebnin p\u00ebrshtypje q\u00eb k\u00ebtu t\u00eb ngacmonin burra dhe jo \u00e7una. Frik\u00eb q\u00eb kam ndier at\u00eb dit\u00eb. Normal se nuk jam n\u00eb qytetin tim, atje i njeh t\u00eb gjith\u00eb je m\u00eb e mbrojtur. Faktikisht nuk m\u00eb p\u00eblqen Tirana q\u00eb t\u00eb jetoj. \u00cbsht\u00eb shum\u00eb kaos, shum\u00eb zhurm\u00eb.<\/p>\n<p><strong>Arjoni<\/strong>&#8211; Po shum\u00eb kaos \u00ebsht\u00eb.<\/p>\n<p><strong>Bika<\/strong>&#8211; Kur hipje n\u00eb autobus t\u00eb ikte mendja. M\u00eb p\u00eblqen nj\u00eb gj\u00eb nga Tirana. Vjet isha un\u00eb n\u00eb ver\u00eb dhe kam par\u00eb nj\u00eb thjesht\u00ebsi t\u00eb papar\u00eb n\u00eb veshje. Dhe nuk t\u00eb ngacmonte tjetri kot s\u00eb koti si kudo dhe kur t\u00eb ngacmonin ishte tamam ngacmim dhe jo gj\u00ebra vulgare. M\u00eb p\u00eblqen dhe e folura. M\u00eb p\u00eblqen edhe e folura shkodran\u00e7e, se vlonjat\u00ebt flasin si ne.<\/p>\n<p><strong>Arjoni<\/strong> &#8211; Jan\u00eb m\u00eb t\u00eb \u00ebmb\u00ebl, se ne e kemi t\u00eb folur\u00ebn m\u00eb t\u00eb eg\u00ebr.<\/p>\n<p><strong>Bika <\/strong>&#8211; Un\u00eb kam njer\u00ebz n\u00eb Durr\u00ebs, kam n\u00eb Sarand\u00eb.<\/p>\n<p><strong>Arjoni<\/strong> &#8211; Po njer\u00ebzit nga ana e mamas\u00eb i njeh?<\/p>\n<p><strong>Bika<\/strong> &#8211; Po, por nuk b\u00ebhem fare.<\/p>\n<p><strong>Arjon<\/strong>i &#8211; Pse t&#8217;i kan\u00eb mbyllur ato raportet apo i ke mbyllur ti?<\/p>\n<p><strong>Bika<\/strong> &#8211; Kur nuk b\u00ebn\u00eb ato kur isha e vog\u00ebl, \u00e7far\u00eb m\u00eb kishin, un\u00eb u rrita i kuptova gj\u00ebrat. Jan\u00eb p\u00ebrpjekur t\u00eb m\u00eb flisnin kur m\u00eb gjenin n\u00eb rrug\u00eb, por un\u00eb fare, nuk ma ndiente, indiferente. Nuk m\u00eb ka interesuar dhe nuk m\u00eb intereson.<\/p>\n<p><strong>Arjon<\/strong>i &#8211; Ti ke jetuar me xhaxhain?<\/p>\n<p><strong>Bika<\/strong> &#8211; Po dhe me gjysh\u00ebrit.<\/p>\n<p><strong>Arjon<\/strong>i &#8211; Po babi jetonte vet\u00ebm?<\/p>\n<p><strong>Bika<\/strong> -Po \u00ebsht\u00eb martuar me tjet\u00ebr dhe ka familjen e vet. N\u00eb momentin q\u00eb jan\u00eb ndar\u00eb, mua m\u00eb rrit\u00ebn gjysh\u00ebrit.<\/p>\n<p><strong>Arjon<\/strong>i- Kan\u00eb qen\u00eb t\u00eb rinj kur ka ndodhur kjo gj\u00eb?<\/p>\n<p><strong>Bika<\/strong>&#8211; Po, kur kam qen\u00eb 1 vje\u00e7e un\u00eb, m\u00eb 1984.<\/p>\n<p><strong>Arjon<\/strong>i &#8211; Po ata sa ishin?<\/p>\n<p><strong>Bika<\/strong>&#8211; Kishin dy vjet martuar.<\/p>\n<p><strong>Arjon<\/strong>i- Bravo i qoft\u00eb dhe gjyshit.<\/p>\n<p><strong>Bika<\/strong>&#8211; Nj\u00eb njeri shum\u00eb i ve\u00e7ant\u00eb dhe mua q\u00eb m\u00eb kan\u00eb b\u00ebr\u00eb kaq t\u00eb fort\u00eb kan\u00eb qen\u00eb dhe fatkeq\u00ebsit\u00eb n\u00eb familje. Mua n\u00eb fillim m\u00eb ka vdekur xhaxhai 27 vje\u00e7.<\/p>\n<p><strong>Arjon<\/strong>i &#8211; Nga aksident?<\/p>\n<p><strong>Bika<\/strong>&#8211; Jo vrasje. M\u00eb pas m\u00eb ka vdekur halla nga kanceri 37 vje\u00e7e. Tani von\u00eb m\u00eb vdiq gjyshi e vrau rrufeja. Kjo ndodhi 4 dit\u00eb pasi kishte vdekur gjyshi dhe m\u00eb pas vdiq goca e hall\u00ebs, aksident n\u00eb Greqi.<\/p>\n<p><strong>Arjon<\/strong>i &#8211; Po gjyshja?<\/p>\n<p><strong>Bika<\/strong> &#8211; Gjyshen e kam gjall\u00eb, \u00ebsht\u00eb 80 vje\u00e7e, por \u00ebsht\u00eb shum\u00eb e mbajtur dhe pun\u00ebtore. \u00cbsht\u00eb shum\u00eb kinge. Por ka pasur brenda 7 vjet\u00ebsh 4 fatkeq\u00ebsi. Gjyshja i ka syt\u00eb blu dhe i them q\u00eb nga syt\u00eb t\u00eb t\u00eb kisha ngjar\u00eb. Ajo t\u00eb kupton sikur t\u00eb jet\u00eb e mosh\u00ebs time. Fakti q\u00eb m\u00eb ka rritur vet\u00eb q\u00eb ka at\u00eb merakun. Mami i them. \u00cbsht\u00eb m\u00ebrzitur jasht\u00eb mase tani q\u00eb erdha un\u00eb k\u00ebtu ka at\u00eb merakun.<\/p>\n<p><strong>Arjon<\/strong>i &#8211; E shikojn\u00eb me mosh\u00eb tjet\u00ebr, por sido t\u00eb ka mb\u00ebshtetur p\u00ebrderisa je k\u00ebtu?<\/p>\n<p><strong>Bika<\/strong>-N\u00eb fillim nuk donte dhe t\u00eb gjith\u00eb e mor\u00ebn me shaka, mbase nuk t\u00eb del m\u00eb thoshte. Un\u00eb m\u00ebrzitesha dhe n\u00eb momentin q\u00eb un\u00eb m\u00ebrzitesha m\u00eb thoshte se nuk i dihej, por nuk e thoshte me gjith\u00eb shpirt. K\u00ebtu ku jam, \u00ebsht\u00eb gj\u00ebja m\u00eb e bukur dhe e vetme q\u00eb m\u00eb ka ndodhur n\u00eb jet\u00eb se nuk m\u00eb ka ecur as p\u00ebr pun\u00eb. Dhe si rrjedhoj\u00eb e k\u00ebtyre q\u00eb po t\u00eb them, un\u00eb kam qen\u00eb dhe tip shum\u00eb i mbyllur, shum\u00eb indiferente. Jam shum\u00eb e prer\u00eb. Ajo q\u00eb jam k\u00ebtu, jam edhe jasht\u00eb<\/p>\n<p><strong>Arjon<\/strong>. Jap mendimin tim t\u00eb p\u00eblqen nuk t\u00eb p\u00eblqen, da\u00e7 m\u00eb prano si shoqe da\u00e7 mos m\u00eb prano. P\u00ebr k\u00ebt\u00eb m\u00eb vler\u00ebsojn\u00eb n\u00eb shoq\u00ebri q\u00eb jam shum\u00eb e sinqert\u00eb. Opinionin q\u00eb ka<\/p>\n<p><strong>Bika<\/strong> jasht\u00eb e ka shum\u00eb t\u00eb respektuar. Dua q\u00eb familja dhe vendi t\u00eb jen\u00eb krenar p\u00ebr mua si\u00e7 kan\u00eb qen\u00eb para se un\u00eb t\u00eb futesha k\u00ebtu.<\/p>\n<p><strong>Arjon<\/strong>i- Nuk ka pse mos t\u00eb jet\u00eb, ti p\u00ebrve\u00e7se ia ke ngritur vlerat vetes nuk ia ke ulur asnj\u00ebher\u00eb. Ti nuk ke b\u00ebr\u00eb asgj\u00eb ose nuk ke th\u00ebn\u00eb asgj\u00eb q\u00eb t\u00eb uli ty si person?<\/p>\n<p><strong>Bika<\/strong>&#8211; Ne e shohim shum\u00eb ndryshe, por njer\u00ebzit q\u00eb jan\u00eb jasht\u00eb t\u00eb d\u00ebgjojn\u00eb, se un\u00eb vet\u00eb kam qen\u00eb spektatore vjet.<\/p>\n<p><strong>Arjon<\/strong>i- Nuk ka njeri n\u00eb bot\u00eb q\u00eb t\u00eb hap\u00eb goj\u00eb mbi ty, shum\u00eb nga ne kan\u00eb b\u00ebr\u00eb gabime se kan\u00eb folur tep\u00ebr?<\/p>\n<p><strong>Bika<\/strong>&#8211; At\u00eb nuk e di. Dhe un\u00eb kam b\u00ebr\u00eb gabime, ka pasur raste q\u00eb ia kam futur kot. Si\u00e7 mua m\u00eb kan\u00eb m\u00ebrzitur x veta dhe un\u00eb i kam m\u00ebrzitur m\u00eb shum\u00eb, pasi me shakan\u00eb time un\u00eb ironizoj, duke ironizuar un\u00eb dhe l\u00ebndoj dhe kjo un\u00eb q\u00eb e kam e kuptoj,<\/p>\n","protected":false},"excerpt":{"rendered":"<p>Ka qen\u00eb nj\u00eb bised\u00eb me Arjonin q\u00eb e ka b\u00ebr\u00eb vajz\u00ebn e hekurt n\u00eb dukje, t\u00eb rr\u00ebfej\u00eb veten e saj jasht\u00eb sht\u00ebpis\u00eb s\u00eb &#8220;Big Brother&#8221;.\u00a0Bika ka treguar se pas divorcit t\u00eb prind\u00ebrve p\u00ebr at\u00eb \u00ebsht\u00eb kujdesur vet\u00ebm gjyshja dhe xhaxhai. Ajo nuk b\u00ebhet me prind\u00ebrit dhe pas largimit t\u00eb\u00a0tyre ajo ka humbur edhe shum\u00eb familjar\u00eb [&hellip;]<\/p>\n","protected":false},"author":1,"featured_media":0,"comment_status":"open","ping_status":"closed","sticky":false,"template":"","format":"standard","meta":{"spay_email":"","jetpack_publicize_message":"","jetpack_is_tweetstorm":false,"jetpack_publicize_feature_enabled":true},"categories":[6502],"tags":[6525,6883,6516,6712,6522,8228,8229,6528,6891],"jetpack_publicize_connections":[],"yoast_head":"<!-- This site is optimized with the Yoast SEO plugin v19.1 - https:\/\/yoast.com\/wordpress\/plugins\/seo\/ -->\n<title>Bika: Jeta ime, mbushur me fatkeq\u00c3\u00absi | Big Brother Albania 2<\/title>\n<meta name=\"description\" content=\"Big Brother Albania 2 - Ka qen\u00c3\u00ab nj\u00c3\u00ab bised\u00c3\u00ab me Arjonin q\u00c3\u00ab e ka b\u00c3\u00abr\u00c3\u00ab vajz\u00c3\u00abn e hekurt n\u00c3\u00ab dukje, t\u00c3\u00ab rr\u00c3\u00abfej\u00c3\u00ab veten e saj jasht\u00c3\u00ab sht\u00c3\u00abpis\u00c3\u00ab s\u00c3\u00ab &quot;Big Brother&quot;. Bika ka treguar se pas divorcit t\u00c3\u00ab prind\u00c3\u00abrve p\u00c3\u00abr at\u00c3\u00ab \u00c3\u00absht\u00c3\u00ab kujdesur vet\u00c3\u00abm gjyshja dhe xhaxhai. Ajo nuk b\u00c3\u00abhet me prind\u00c3\u00abrit dhe pas largimit t\u00c3\u00ab tyre ajo ka humbur edhe shum\u00c3\u00ab familjar\u00c3\u00ab t\u00c3\u00ab af\u00c3\u00abrt q\u00c3\u00ab jan\u00c3\u00ab ndar\u00c3\u00ab nga jeta. P\u00c3\u00abr k\u00c3\u00abt\u00c3\u00ab arsye, ajo pranon se \u00c3\u00absht\u00c3\u00ab e prer\u00c3\u00ab dhe e fort\u00c3\u00ab si natyr\u00c3\u00ab. P\u00c3\u00abrvoja n\u00c3\u00ab &quot;Big Brother&quot; -ka rr\u00c3\u00abfyer m\u00c3\u00ab pas Bika - ka qen\u00c3\u00ab gj\u00c3\u00abja m\u00c3\u00ab e bukur q\u00c3\u00ab i ka ndodhur n\u00c3\u00ab jet\u00c3\u00ab.\" \/>\n<meta name=\"robots\" content=\"index, follow, max-snippet:-1, max-image-preview:large, max-video-preview:-1\" \/>\n<link rel=\"canonical\" href=\"https:\/\/www.visit-ulcinj.com\/blog\/2009\/03\/21\/bika-jeta-ime-mbushur-me-fatkeqesi\/\" \/>\n<meta property=\"og:locale\" content=\"en_US\" \/>\n<meta property=\"og:type\" content=\"article\" \/>\n<meta property=\"og:title\" content=\"Bika: Jeta ime, mbushur me fatkeq\u00c3\u00absi | Big Brother Albania 2\" \/>\n<meta property=\"og:description\" content=\"Big Brother Albania 2 - Ka qen\u00c3\u00ab nj\u00c3\u00ab bised\u00c3\u00ab me Arjonin q\u00c3\u00ab e ka b\u00c3\u00abr\u00c3\u00ab vajz\u00c3\u00abn e hekurt n\u00c3\u00ab dukje, t\u00c3\u00ab rr\u00c3\u00abfej\u00c3\u00ab veten e saj jasht\u00c3\u00ab sht\u00c3\u00abpis\u00c3\u00ab s\u00c3\u00ab &quot;Big Brother&quot;. Bika ka treguar se pas divorcit t\u00c3\u00ab prind\u00c3\u00abrve p\u00c3\u00abr at\u00c3\u00ab \u00c3\u00absht\u00c3\u00ab kujdesur vet\u00c3\u00abm gjyshja dhe xhaxhai. Ajo nuk b\u00c3\u00abhet me prind\u00c3\u00abrit dhe pas largimit t\u00c3\u00ab tyre ajo ka humbur edhe shum\u00c3\u00ab familjar\u00c3\u00ab t\u00c3\u00ab af\u00c3\u00abrt q\u00c3\u00ab jan\u00c3\u00ab ndar\u00c3\u00ab nga jeta. P\u00c3\u00abr k\u00c3\u00abt\u00c3\u00ab arsye, ajo pranon se \u00c3\u00absht\u00c3\u00ab e prer\u00c3\u00ab dhe e fort\u00c3\u00ab si natyr\u00c3\u00ab. P\u00c3\u00abrvoja n\u00c3\u00ab &quot;Big Brother&quot; -ka rr\u00c3\u00abfyer m\u00c3\u00ab pas Bika - ka qen\u00c3\u00ab gj\u00c3\u00abja m\u00c3\u00ab e bukur q\u00c3\u00ab i ka ndodhur n\u00c3\u00ab jet\u00c3\u00ab.\" \/>\n<meta property=\"og:url\" content=\"https:\/\/www.visit-ulcinj.com\/blog\/2009\/03\/21\/bika-jeta-ime-mbushur-me-fatkeqesi\/\" \/>\n<meta property=\"og:site_name\" content=\"Lajme nga Ulqini\" \/>\n<meta property=\"article:published_time\" content=\"2009-03-21T11:20:08+00:00\" \/>\n<meta property=\"article:modified_time\" content=\"2009-03-21T13:19:22+00:00\" \/>\n<meta property=\"og:image\" content=\"http:\/\/www.visit-ulcinj.com\/blog\/wp-content\/uploads\/2009\/03\/bika5.jpg\" \/>\n<meta name=\"twitter:label1\" content=\"Written by\" \/>\n\t<meta name=\"twitter:data1\" content=\"ulqini\" \/>\n\t<meta name=\"twitter:label2\" content=\"Est. reading time\" \/>\n\t<meta name=\"twitter:data2\" content=\"7 minutes\" \/>\n<script type=\"application\/ld+json\" class=\"yoast-schema-graph\">{\"@context\":\"https:\/\/schema.org\",\"@graph\":[{\"@type\":\"WebSite\",\"@id\":\"https:\/\/www.visit-ulcinj.com\/blog\/#website\",\"url\":\"https:\/\/www.visit-ulcinj.com\/blog\/\",\"name\":\"Lajme nga Ulqini\",\"description\":\"Lajme,Vijesti,Ulqini,Ulqin,Crna Gora,Mali i Zi\",\"potentialAction\":[{\"@type\":\"SearchAction\",\"target\":{\"@type\":\"EntryPoint\",\"urlTemplate\":\"https:\/\/www.visit-ulcinj.com\/blog\/?s={search_term_string}\"},\"query-input\":\"required name=search_term_string\"}],\"inLanguage\":\"en-US\"},{\"@type\":\"ImageObject\",\"inLanguage\":\"en-US\",\"@id\":\"https:\/\/www.visit-ulcinj.com\/blog\/2009\/03\/21\/bika-jeta-ime-mbushur-me-fatkeqesi\/#primaryimage\",\"url\":\"http:\/\/www.visit-ulcinj.com\/blog\/wp-content\/uploads\/2009\/03\/bika5.jpg\",\"contentUrl\":\"http:\/\/www.visit-ulcinj.com\/blog\/wp-content\/uploads\/2009\/03\/bika5.jpg\"},{\"@type\":\"WebPage\",\"@id\":\"https:\/\/www.visit-ulcinj.com\/blog\/2009\/03\/21\/bika-jeta-ime-mbushur-me-fatkeqesi\/#webpage\",\"url\":\"https:\/\/www.visit-ulcinj.com\/blog\/2009\/03\/21\/bika-jeta-ime-mbushur-me-fatkeqesi\/\",\"name\":\"Bika: Jeta ime, mbushur me fatkeq\u00c3\u00absi | Big Brother Albania 2\",\"isPartOf\":{\"@id\":\"https:\/\/www.visit-ulcinj.com\/blog\/#website\"},\"primaryImageOfPage\":{\"@id\":\"https:\/\/www.visit-ulcinj.com\/blog\/2009\/03\/21\/bika-jeta-ime-mbushur-me-fatkeqesi\/#primaryimage\"},\"datePublished\":\"2009-03-21T11:20:08+00:00\",\"dateModified\":\"2009-03-21T13:19:22+00:00\",\"author\":{\"@id\":\"https:\/\/www.visit-ulcinj.com\/blog\/#\/schema\/person\/dcab619c614d3038751c63bc2aadc06d\"},\"description\":\"Big Brother Albania 2 - Ka qen\u00c3\u00ab nj\u00c3\u00ab bised\u00c3\u00ab me Arjonin q\u00c3\u00ab e ka b\u00c3\u00abr\u00c3\u00ab vajz\u00c3\u00abn e hekurt n\u00c3\u00ab dukje, t\u00c3\u00ab rr\u00c3\u00abfej\u00c3\u00ab veten e saj jasht\u00c3\u00ab sht\u00c3\u00abpis\u00c3\u00ab s\u00c3\u00ab \\\"Big Brother\\\". Bika ka treguar se pas divorcit t\u00c3\u00ab prind\u00c3\u00abrve p\u00c3\u00abr at\u00c3\u00ab \u00c3\u00absht\u00c3\u00ab kujdesur vet\u00c3\u00abm gjyshja dhe xhaxhai. Ajo nuk b\u00c3\u00abhet me prind\u00c3\u00abrit dhe pas largimit t\u00c3\u00ab tyre ajo ka humbur edhe shum\u00c3\u00ab familjar\u00c3\u00ab t\u00c3\u00ab af\u00c3\u00abrt q\u00c3\u00ab jan\u00c3\u00ab ndar\u00c3\u00ab nga jeta. P\u00c3\u00abr k\u00c3\u00abt\u00c3\u00ab arsye, ajo pranon se \u00c3\u00absht\u00c3\u00ab e prer\u00c3\u00ab dhe e fort\u00c3\u00ab si natyr\u00c3\u00ab. P\u00c3\u00abrvoja n\u00c3\u00ab \\\"Big Brother\\\" -ka rr\u00c3\u00abfyer m\u00c3\u00ab pas Bika - ka qen\u00c3\u00ab gj\u00c3\u00abja m\u00c3\u00ab e bukur q\u00c3\u00ab i ka ndodhur n\u00c3\u00ab jet\u00c3\u00ab.\",\"breadcrumb\":{\"@id\":\"https:\/\/www.visit-ulcinj.com\/blog\/2009\/03\/21\/bika-jeta-ime-mbushur-me-fatkeqesi\/#breadcrumb\"},\"inLanguage\":\"en-US\",\"potentialAction\":[{\"@type\":\"ReadAction\",\"target\":[\"https:\/\/www.visit-ulcinj.com\/blog\/2009\/03\/21\/bika-jeta-ime-mbushur-me-fatkeqesi\/\"]}]},{\"@type\":\"BreadcrumbList\",\"@id\":\"https:\/\/www.visit-ulcinj.com\/blog\/2009\/03\/21\/bika-jeta-ime-mbushur-me-fatkeqesi\/#breadcrumb\",\"itemListElement\":[{\"@type\":\"ListItem\",\"position\":1,\"name\":\"Bika: Jeta ime, mbushur me fatkeq\u00ebsi\"}]},{\"@type\":\"Person\",\"@id\":\"https:\/\/www.visit-ulcinj.com\/blog\/#\/schema\/person\/dcab619c614d3038751c63bc2aadc06d\",\"name\":\"ulqini\",\"sameAs\":[\"http:\/\/www.visit-ulcinj.com\"],\"url\":\"https:\/\/www.visit-ulcinj.com\/blog\/author\/admin\/\"}]}<\/script>\n<!-- \/ Yoast SEO plugin. -->","yoast_head_json":{"title":"Bika: Jeta ime, mbushur me fatkeq\u00c3\u00absi | Big Brother Albania 2","description":"Big Brother Albania 2 - Ka qen\u00c3\u00ab nj\u00c3\u00ab bised\u00c3\u00ab me Arjonin q\u00c3\u00ab e ka b\u00c3\u00abr\u00c3\u00ab vajz\u00c3\u00abn e hekurt n\u00c3\u00ab dukje, t\u00c3\u00ab rr\u00c3\u00abfej\u00c3\u00ab veten e saj jasht\u00c3\u00ab sht\u00c3\u00abpis\u00c3\u00ab s\u00c3\u00ab \"Big Brother\". Bika ka treguar se pas divorcit t\u00c3\u00ab prind\u00c3\u00abrve p\u00c3\u00abr at\u00c3\u00ab \u00c3\u00absht\u00c3\u00ab kujdesur vet\u00c3\u00abm gjyshja dhe xhaxhai. Ajo nuk b\u00c3\u00abhet me prind\u00c3\u00abrit dhe pas largimit t\u00c3\u00ab tyre ajo ka humbur edhe shum\u00c3\u00ab familjar\u00c3\u00ab t\u00c3\u00ab af\u00c3\u00abrt q\u00c3\u00ab jan\u00c3\u00ab ndar\u00c3\u00ab nga jeta. P\u00c3\u00abr k\u00c3\u00abt\u00c3\u00ab arsye, ajo pranon se \u00c3\u00absht\u00c3\u00ab e prer\u00c3\u00ab dhe e fort\u00c3\u00ab si natyr\u00c3\u00ab. P\u00c3\u00abrvoja n\u00c3\u00ab \"Big Brother\" -ka rr\u00c3\u00abfyer m\u00c3\u00ab pas Bika - ka qen\u00c3\u00ab gj\u00c3\u00abja m\u00c3\u00ab e bukur q\u00c3\u00ab i ka ndodhur n\u00c3\u00ab jet\u00c3\u00ab.","robots":{"index":"index","follow":"follow","max-snippet":"max-snippet:-1","max-image-preview":"max-image-preview:large","max-video-preview":"max-video-preview:-1"},"canonical":"https:\/\/www.visit-ulcinj.com\/blog\/2009\/03\/21\/bika-jeta-ime-mbushur-me-fatkeqesi\/","og_locale":"en_US","og_type":"article","og_title":"Bika: Jeta ime, mbushur me fatkeq\u00c3\u00absi | Big Brother Albania 2","og_description":"Big Brother Albania 2 - Ka qen\u00c3\u00ab nj\u00c3\u00ab bised\u00c3\u00ab me Arjonin q\u00c3\u00ab e ka b\u00c3\u00abr\u00c3\u00ab vajz\u00c3\u00abn e hekurt n\u00c3\u00ab dukje, t\u00c3\u00ab rr\u00c3\u00abfej\u00c3\u00ab veten e saj jasht\u00c3\u00ab sht\u00c3\u00abpis\u00c3\u00ab s\u00c3\u00ab \"Big Brother\". Bika ka treguar se pas divorcit t\u00c3\u00ab prind\u00c3\u00abrve p\u00c3\u00abr at\u00c3\u00ab \u00c3\u00absht\u00c3\u00ab kujdesur vet\u00c3\u00abm gjyshja dhe xhaxhai. Ajo nuk b\u00c3\u00abhet me prind\u00c3\u00abrit dhe pas largimit t\u00c3\u00ab tyre ajo ka humbur edhe shum\u00c3\u00ab familjar\u00c3\u00ab t\u00c3\u00ab af\u00c3\u00abrt q\u00c3\u00ab jan\u00c3\u00ab ndar\u00c3\u00ab nga jeta. P\u00c3\u00abr k\u00c3\u00abt\u00c3\u00ab arsye, ajo pranon se \u00c3\u00absht\u00c3\u00ab e prer\u00c3\u00ab dhe e fort\u00c3\u00ab si natyr\u00c3\u00ab. P\u00c3\u00abrvoja n\u00c3\u00ab \"Big Brother\" -ka rr\u00c3\u00abfyer m\u00c3\u00ab pas Bika - ka qen\u00c3\u00ab gj\u00c3\u00abja m\u00c3\u00ab e bukur q\u00c3\u00ab i ka ndodhur n\u00c3\u00ab jet\u00c3\u00ab.","og_url":"https:\/\/www.visit-ulcinj.com\/blog\/2009\/03\/21\/bika-jeta-ime-mbushur-me-fatkeqesi\/","og_site_name":"Lajme nga Ulqini","article_published_time":"2009-03-21T11:20:08+00:00","article_modified_time":"2009-03-21T13:19:22+00:00","og_image":[{"url":"http:\/\/www.visit-ulcinj.com\/blog\/wp-content\/uploads\/2009\/03\/bika5.jpg"}],"twitter_misc":{"Written by":"ulqini","Est. reading time":"7 minutes"},"schema":{"@context":"https:\/\/schema.org","@graph":[{"@type":"WebSite","@id":"https:\/\/www.visit-ulcinj.com\/blog\/#website","url":"https:\/\/www.visit-ulcinj.com\/blog\/","name":"Lajme nga Ulqini","description":"Lajme,Vijesti,Ulqini,Ulqin,Crna Gora,Mali i Zi","potentialAction":[{"@type":"SearchAction","target":{"@type":"EntryPoint","urlTemplate":"https:\/\/www.visit-ulcinj.com\/blog\/?s={search_term_string}"},"query-input":"required name=search_term_string"}],"inLanguage":"en-US"},{"@type":"ImageObject","inLanguage":"en-US","@id":"https:\/\/www.visit-ulcinj.com\/blog\/2009\/03\/21\/bika-jeta-ime-mbushur-me-fatkeqesi\/#primaryimage","url":"http:\/\/www.visit-ulcinj.com\/blog\/wp-content\/uploads\/2009\/03\/bika5.jpg","contentUrl":"http:\/\/www.visit-ulcinj.com\/blog\/wp-content\/uploads\/2009\/03\/bika5.jpg"},{"@type":"WebPage","@id":"https:\/\/www.visit-ulcinj.com\/blog\/2009\/03\/21\/bika-jeta-ime-mbushur-me-fatkeqesi\/#webpage","url":"https:\/\/www.visit-ulcinj.com\/blog\/2009\/03\/21\/bika-jeta-ime-mbushur-me-fatkeqesi\/","name":"Bika: Jeta ime, mbushur me fatkeq\u00c3\u00absi | Big Brother Albania 2","isPartOf":{"@id":"https:\/\/www.visit-ulcinj.com\/blog\/#website"},"primaryImageOfPage":{"@id":"https:\/\/www.visit-ulcinj.com\/blog\/2009\/03\/21\/bika-jeta-ime-mbushur-me-fatkeqesi\/#primaryimage"},"datePublished":"2009-03-21T11:20:08+00:00","dateModified":"2009-03-21T13:19:22+00:00","author":{"@id":"https:\/\/www.visit-ulcinj.com\/blog\/#\/schema\/person\/dcab619c614d3038751c63bc2aadc06d"},"description":"Big Brother Albania 2 - Ka qen\u00c3\u00ab nj\u00c3\u00ab bised\u00c3\u00ab me Arjonin q\u00c3\u00ab e ka b\u00c3\u00abr\u00c3\u00ab vajz\u00c3\u00abn e hekurt n\u00c3\u00ab dukje, t\u00c3\u00ab rr\u00c3\u00abfej\u00c3\u00ab veten e saj jasht\u00c3\u00ab sht\u00c3\u00abpis\u00c3\u00ab s\u00c3\u00ab \"Big Brother\". Bika ka treguar se pas divorcit t\u00c3\u00ab prind\u00c3\u00abrve p\u00c3\u00abr at\u00c3\u00ab \u00c3\u00absht\u00c3\u00ab kujdesur vet\u00c3\u00abm gjyshja dhe xhaxhai. Ajo nuk b\u00c3\u00abhet me prind\u00c3\u00abrit dhe pas largimit t\u00c3\u00ab tyre ajo ka humbur edhe shum\u00c3\u00ab familjar\u00c3\u00ab t\u00c3\u00ab af\u00c3\u00abrt q\u00c3\u00ab jan\u00c3\u00ab ndar\u00c3\u00ab nga jeta. P\u00c3\u00abr k\u00c3\u00abt\u00c3\u00ab arsye, ajo pranon se \u00c3\u00absht\u00c3\u00ab e prer\u00c3\u00ab dhe e fort\u00c3\u00ab si natyr\u00c3\u00ab. P\u00c3\u00abrvoja n\u00c3\u00ab \"Big Brother\" -ka rr\u00c3\u00abfyer m\u00c3\u00ab pas Bika - ka qen\u00c3\u00ab gj\u00c3\u00abja m\u00c3\u00ab e bukur q\u00c3\u00ab i ka ndodhur n\u00c3\u00ab jet\u00c3\u00ab.","breadcrumb":{"@id":"https:\/\/www.visit-ulcinj.com\/blog\/2009\/03\/21\/bika-jeta-ime-mbushur-me-fatkeqesi\/#breadcrumb"},"inLanguage":"en-US","potentialAction":[{"@type":"ReadAction","target":["https:\/\/www.visit-ulcinj.com\/blog\/2009\/03\/21\/bika-jeta-ime-mbushur-me-fatkeqesi\/"]}]},{"@type":"BreadcrumbList","@id":"https:\/\/www.visit-ulcinj.com\/blog\/2009\/03\/21\/bika-jeta-ime-mbushur-me-fatkeqesi\/#breadcrumb","itemListElement":[{"@type":"ListItem","position":1,"name":"Bika: Jeta ime, mbushur me fatkeq\u00ebsi"}]},{"@type":"Person","@id":"https:\/\/www.visit-ulcinj.com\/blog\/#\/schema\/person\/dcab619c614d3038751c63bc2aadc06d","name":"ulqini","sameAs":["http:\/\/www.visit-ulcinj.com"],"url":"https:\/\/www.visit-ulcinj.com\/blog\/author\/admin\/"}]}},"jetpack_featured_media_url":"","jetpack_sharing_enabled":true,"jetpack_shortlink":"https:\/\/wp.me\/pe6lTn-3Vf","_links":{"self":[{"href":"https:\/\/www.visit-ulcinj.com\/blog\/wp-json\/wp\/v2\/posts\/15081"}],"collection":[{"href":"https:\/\/www.visit-ulcinj.com\/blog\/wp-json\/wp\/v2\/posts"}],"about":[{"href":"https:\/\/www.visit-ulcinj.com\/blog\/wp-json\/wp\/v2\/types\/post"}],"author":[{"embeddable":true,"href":"https:\/\/www.visit-ulcinj.com\/blog\/wp-json\/wp\/v2\/users\/1"}],"replies":[{"embeddable":true,"href":"https:\/\/www.visit-ulcinj.com\/blog\/wp-json\/wp\/v2\/comments?post=15081"}],"version-history":[{"count":0,"href":"https:\/\/www.visit-ulcinj.com\/blog\/wp-json\/wp\/v2\/posts\/15081\/revisions"}],"wp:attachment":[{"href":"https:\/\/www.visit-ulcinj.com\/blog\/wp-json\/wp\/v2\/media?parent=15081"}],"wp:term":[{"taxonomy":"category","embeddable":true,"href":"https:\/\/www.visit-ulcinj.com\/blog\/wp-json\/wp\/v2\/categories?post=15081"},{"taxonomy":"post_tag","embeddable":true,"href":"https:\/\/www.visit-ulcinj.com\/blog\/wp-json\/wp\/v2\/tags?post=15081"}],"curies":[{"name":"wp","href":"https:\/\/api.w.org\/{rel}","templated":true}]}}