{"id":15085,"date":"2009-03-21T12:21:19","date_gmt":"2009-03-21T11:21:19","guid":{"rendered":"http:\/\/www.visit-ulcinj.com\/blog\/?p=15085"},"modified":"2009-03-21T12:05:17","modified_gmt":"2009-03-21T11:05:17","slug":"flet-e-dashura-e-adit-banoret-po-e-lendojne-adin","status":"publish","type":"post","link":"https:\/\/www.visit-ulcinj.com\/blog\/2009\/03\/21\/flet-e-dashura-e-adit-banoret-po-e-lendojne-adin\/","title":{"rendered":"Flet e dashura e Adit : Banor\u00ebt po e l\u00ebndojn\u00eb Adin"},"content":{"rendered":"<p><em>\u00c7far\u00eb mendon ajo p\u00ebr debatin n\u00eb lidhje me &#8220;incidentin&#8221; me Moz\u00ebn, imunitetin q\u00eb i dha Aida, rival\u00ebt \u00a0he arsyen e futjes s\u00eb Adit n\u00eb sht\u00ebpin\u00eb e &#8220;V\u00ebllait t\u00eb Madh&#8221;<\/em><\/p>\n<p><a href=\"http:\/\/www.visit-ulcinj.com\/blog\/wp-content\/uploads\/2009\/03\/adi-buxheti.jpg\"><img loading=\"lazy\" class=\"alignleft size-full wp-image-14425\" title=\"adi-buxheti-big-brother-albania-2\" src=\"http:\/\/www.visit-ulcinj.com\/blog\/wp-content\/uploads\/2009\/03\/adi-buxheti.jpg\" alt=\"adi-buxheti-big-brother-albania-2\" width=\"300\" height=\"205\" \/><\/a><\/p>\n<p><strong>Si po ec\u00ebn Adi sipas mendimit t\u00ebnd? <\/strong><\/p>\n<p>Adi po ec\u00ebn shum\u00eb mir\u00eb, por fryma negative q\u00eb duan t\u00eb transmetojn\u00eb disa prej banor\u00ebve i imponojn\u00eb atij disa kufij q\u00eb nuk e lejojn\u00eb t\u00eb shpreh\u00eb qind p\u00ebr qind natyr\u00ebn e tij jokonfliktuale, tolerante dhe t\u00eb pakomplekesuar!<\/p>\n<p><strong>Jav\u00ebn e kaluar ai \u00ebsht\u00eb b\u00ebr\u00eb objekt i bisedimeve n\u00eb sht\u00ebpi p\u00ebr &#8220;incidentin&#8221; me Moz\u00ebn. \u00c7far\u00eb mendon p\u00ebr k\u00ebt\u00eb situat\u00eb t\u00eb krijuar? <\/strong><\/p>\n<p>Un\u00eb e kam par\u00eb Adin p\u00ebr her\u00eb t\u00eb par\u00eb gjat\u00eb q\u00ebndrimit n\u00eb sht\u00ebpin\u00eb e BB t\u00eb zhg\u00ebnjyer dhe t\u00eb l\u00ebnduar nga ky keqinterpretim q\u00eb iu b\u00eb nj\u00eb gjesti t\u00eb past\u00ebr afeksioni ndaj Mimoz\u00ebs, t\u00eb cil\u00ebn kam bindjen q\u00eb e ka pasur dhe vazhdon ta ket\u00eb p\u00ebr zem\u00ebr, pavar\u00ebsisht t\u00eb gjithave!<\/p>\n<p><strong>Ne debatin kund\u00ebr Adit, disa nga banor\u00ebt kan\u00eb p\u00ebrdorur lidhjen tuaj p\u00ebr ta akuzuar. Dometh\u00ebn\u00eb q\u00eb ai \u00ebsht\u00eb lidhur me nj\u00eb 25-vje\u00e7are. T\u00eb duket nj\u00eb paragjykim apo manipulim? Ndihesh pjes\u00eb e debatit dhe a t\u00eb vjen keq p\u00ebr k\u00ebt\u00eb? <\/strong><\/p>\n<p>Un\u00eb do kisha th\u00ebn\u00eb me plot z\u00eb q\u00eb \u00ebsht\u00eb paragjykim! Por t\u00eb nj\u00ebjt\u00ebt banor\u00eb q\u00eb kan\u00eb p\u00ebrmendur lidhjen ton\u00eb, shpeshher\u00eb n\u00ebp\u00ebr biseda t\u00eb ndryshme, kan\u00eb deklaruar se ata nuk jan\u00eb aspak paragjykues dhe se zgjedhjet e \u00e7do personi duhen respektuar! Nuk di k\u00eb t\u00eb marr p\u00ebr t\u00eb v\u00ebrtet\u00eb, e vetmja gj\u00eb e sigurt \u00ebsht\u00eb q\u00eb k\u00ebtu ka hipokrizi dhe manipulim p\u00ebr efekt loje! T\u00eb them t\u00eb drejt\u00ebn pak keq m\u00eb vjen! Nuk e kisha menduar q\u00eb do e kishin shfryt\u00ebzuar k\u00ebt\u00eb fakt kund\u00ebr Adit!<\/p>\n<p><strong>Pse ke preferuar t\u00eb q\u00ebndrosh anonime? <\/strong><\/p>\n<p>P\u00ebr k\u00ebt\u00eb gj\u00eb mund t\u00eb them vet\u00ebm q\u00eb do doja shum\u00eb t\u00eb q\u00ebndroja n\u00eb studio p\u00ebr t\u00eb mb\u00ebshtetur Adin n\u00eb \u00e7do debat apo kritik\u00eb, t\u00eb kisha mbase mund\u00ebsin\u00eb edhe p\u00ebr t\u00eb komunikuar me t\u00eb apo t&#8217;i d\u00ebrgoja ndonj\u00eb mesazh, por p\u00ebr arsye t\u00eb forta personale nuk kam mund\u00ebsi ta b\u00ebj k\u00ebt\u00eb gj\u00eb! P\u00ebr fat t\u00eb keq jo gjithmon\u00eb zgjedhjet \u00e7ojn\u00eb n\u00eb zgjidhje&#8230; ndodh edhe e kund\u00ebrta!<\/p>\n<p><strong>T\u00eb shtun\u00ebn e kaluar n\u00eb fakt Adi pati dhe nj\u00eb lajm t\u00eb mir\u00eb. Fitoi imunitet nga Aida dhe kjo shkaktoi debate mes saj dhe Arjonit. Pse Aida i dha imunitet Adit dhe cili \u00ebsht\u00eb opinioni yt n\u00eb lidhje me debatet n\u00eb sht\u00ebpi p\u00ebr k\u00ebt\u00eb gj\u00eb? <\/strong><\/p>\n<p>Nuk mendoj se Aida ia dha me d\u00ebshir\u00eb imunitetin Adit dhe Arjoni e kapi shum\u00eb mir\u00eb situat\u00ebn. M&#8217;u duk hipokrizi nga ana e saj deklarata: &#8220;Adi nuk ka nevoj\u00eb p\u00ebr imunitet&#8221; nga momenti q\u00eb vet\u00eb ajo kishte shum\u00eb gjasa ta nominonte! Megjithat\u00eb, mendoj q\u00eb ajo ia dha imunitetin, sepse pati frik\u00eb se mos gjykohej si nga banor\u00ebt dhe nga publiku po t\u00eb b\u00ebnte t\u00eb kund\u00ebrt\u00ebn! Me pak fjal\u00eb vendimin e Aid\u00ebs p\u00ebr t&#8217;i dh\u00ebn\u00eb imunitetin Adit e pash\u00eb m\u00eb shum\u00eb si mbrojtje e vetes s\u00eb saj sesa si mbrojtje e Adit nga nominimi!<\/p>\n<p><strong>Cil\u00ebt jan\u00eb rival\u00ebt m\u00eb t\u00eb fort\u00eb t\u00eb Adit si nga meshkujt edhe nga femrat? <\/strong><\/p>\n<p>Nuk besoj se ka rival\u00eb t\u00eb drejtp\u00ebrdrejt\u00eb. T\u00eb gjith\u00eb banor\u00ebt p\u00ebrfaq\u00ebsojn\u00eb karaktere t\u00eb ve\u00e7anta dhe si t\u00eb till\u00eb secili prej tyre ka arm\u00ebt e veta ndryshe nga tjetri. Un\u00eb mendoj q\u00eb edhe Adi vet\u00eb p\u00ebr momentin nuk po konsideron asnj\u00ebrin nga banor\u00ebt si &#8220;rival loje&#8221;.<\/p>\n<p><strong>P\u00ebrse ka hyr\u00eb Adi n\u00eb &#8220;Big Brother&#8221;? <\/strong><\/p>\n<p>Adi, koh\u00eb m\u00eb par\u00eb, n\u00eb pikun e rinis\u00eb s\u00eb tij p\u00ebr faj mbase t\u00eb besimit t\u00eb tep\u00ebrt n\u00eb ideale dhe n\u00eb \u00ebndrrat q\u00eb kurr\u00eb nuk i realizoi, iu fut nj\u00eb labirinti nga i cili iu desh\u00ebn 15 vjet p\u00ebr t\u00eb dal\u00eb! Kalimi i port\u00ebs s\u00eb hekurit t\u00eb sht\u00ebpis\u00eb s\u00eb BB p\u00ebr Adin do t\u00eb thot\u00eb rifillimi i nj\u00eb jete t\u00eb re, pse jo edhe t\u00eb bukur. Adi me t\u00eb v\u00ebrtet\u00eb meriton t\u00eb provoj\u00eb pak\u00ebz lumturi!<\/p>\n","protected":false},"excerpt":{"rendered":"<p>\u00c7far\u00eb mendon ajo p\u00ebr debatin n\u00eb lidhje me &#8220;incidentin&#8221; me Moz\u00ebn, imunitetin q\u00eb i dha Aida, rival\u00ebt \u00a0he arsyen e futjes s\u00eb Adit n\u00eb sht\u00ebpin\u00eb e &#8220;V\u00ebllait t\u00eb Madh&#8221; Si po ec\u00ebn Adi sipas mendimit t\u00ebnd? Adi po ec\u00ebn shum\u00eb mir\u00eb, por fryma negative q\u00eb duan t\u00eb transmetojn\u00eb disa prej banor\u00ebve i imponojn\u00eb atij disa [&hellip;]<\/p>\n","protected":false},"author":1,"featured_media":0,"comment_status":"open","ping_status":"closed","sticky":false,"template":"","format":"standard","meta":{"spay_email":"","jetpack_publicize_message":"","jetpack_is_tweetstorm":false,"jetpack_publicize_feature_enabled":true},"categories":[6502],"tags":[1414,8042,8232,6883,6516,6712,8230,8231,6544,6891],"jetpack_publicize_connections":[],"yoast_head":"<!-- This site is optimized with the Yoast SEO plugin v19.1 - https:\/\/yoast.com\/wordpress\/plugins\/seo\/ -->\n<title>Flet e dashura e Adit : Banor\u00c3\u00abt po e l\u00c3\u00abndojn\u00c3\u00ab Adin | Big Brother Albania 2<\/title>\n<meta name=\"description\" content=\"Big Brother Albania 2 - \u00c3\u2021far\u00c3\u00ab mendon ajo p\u00c3\u00abr debatin n\u00c3\u00ab lidhje me &quot;incidentin&quot; me Moz\u00c3\u00abn, imunitetin q\u00c3\u00ab i dha Aida, rival\u00c3\u00abt he arsyen e futjes s\u00c3\u00ab Adit n\u00c3\u00ab sht\u00c3\u00abpin\u00c3\u00ab e &quot;V\u00c3\u00abllait t\u00c3\u00ab Madh&quot;\" \/>\n<meta name=\"robots\" content=\"index, follow, max-snippet:-1, max-image-preview:large, max-video-preview:-1\" \/>\n<link rel=\"canonical\" href=\"https:\/\/www.visit-ulcinj.com\/blog\/2009\/03\/21\/flet-e-dashura-e-adit-banoret-po-e-lendojne-adin\/\" \/>\n<meta property=\"og:locale\" content=\"en_US\" \/>\n<meta property=\"og:type\" content=\"article\" \/>\n<meta property=\"og:title\" content=\"Flet e dashura e Adit : Banor\u00c3\u00abt po e l\u00c3\u00abndojn\u00c3\u00ab Adin | Big Brother Albania 2\" \/>\n<meta property=\"og:description\" content=\"Big Brother Albania 2 - \u00c3\u2021far\u00c3\u00ab mendon ajo p\u00c3\u00abr debatin n\u00c3\u00ab lidhje me &quot;incidentin&quot; me Moz\u00c3\u00abn, imunitetin q\u00c3\u00ab i dha Aida, rival\u00c3\u00abt he arsyen e futjes s\u00c3\u00ab Adit n\u00c3\u00ab sht\u00c3\u00abpin\u00c3\u00ab e &quot;V\u00c3\u00abllait t\u00c3\u00ab Madh&quot;\" \/>\n<meta property=\"og:url\" content=\"https:\/\/www.visit-ulcinj.com\/blog\/2009\/03\/21\/flet-e-dashura-e-adit-banoret-po-e-lendojne-adin\/\" \/>\n<meta property=\"og:site_name\" content=\"Lajme nga Ulqini\" \/>\n<meta property=\"article:published_time\" content=\"2009-03-21T11:21:19+00:00\" \/>\n<meta property=\"article:modified_time\" content=\"2009-03-21T11:05:17+00:00\" \/>\n<meta property=\"og:image\" content=\"http:\/\/www.visit-ulcinj.com\/blog\/wp-content\/uploads\/2009\/03\/adi-buxheti.jpg\" \/>\n<meta name=\"twitter:label1\" content=\"Written by\" \/>\n\t<meta name=\"twitter:data1\" content=\"ulqini\" \/>\n\t<meta name=\"twitter:label2\" content=\"Est. reading time\" \/>\n\t<meta name=\"twitter:data2\" content=\"4 minutes\" \/>\n<script type=\"application\/ld+json\" class=\"yoast-schema-graph\">{\"@context\":\"https:\/\/schema.org\",\"@graph\":[{\"@type\":\"WebSite\",\"@id\":\"https:\/\/www.visit-ulcinj.com\/blog\/#website\",\"url\":\"https:\/\/www.visit-ulcinj.com\/blog\/\",\"name\":\"Lajme nga Ulqini\",\"description\":\"Lajme,Vijesti,Ulqini,Ulqin,Crna Gora,Mali i Zi\",\"potentialAction\":[{\"@type\":\"SearchAction\",\"target\":{\"@type\":\"EntryPoint\",\"urlTemplate\":\"https:\/\/www.visit-ulcinj.com\/blog\/?s={search_term_string}\"},\"query-input\":\"required name=search_term_string\"}],\"inLanguage\":\"en-US\"},{\"@type\":\"ImageObject\",\"inLanguage\":\"en-US\",\"@id\":\"https:\/\/www.visit-ulcinj.com\/blog\/2009\/03\/21\/flet-e-dashura-e-adit-banoret-po-e-lendojne-adin\/#primaryimage\",\"url\":\"http:\/\/www.visit-ulcinj.com\/blog\/wp-content\/uploads\/2009\/03\/adi-buxheti.jpg\",\"contentUrl\":\"http:\/\/www.visit-ulcinj.com\/blog\/wp-content\/uploads\/2009\/03\/adi-buxheti.jpg\"},{\"@type\":\"WebPage\",\"@id\":\"https:\/\/www.visit-ulcinj.com\/blog\/2009\/03\/21\/flet-e-dashura-e-adit-banoret-po-e-lendojne-adin\/#webpage\",\"url\":\"https:\/\/www.visit-ulcinj.com\/blog\/2009\/03\/21\/flet-e-dashura-e-adit-banoret-po-e-lendojne-adin\/\",\"name\":\"Flet e dashura e Adit : Banor\u00c3\u00abt po e l\u00c3\u00abndojn\u00c3\u00ab Adin | Big Brother Albania 2\",\"isPartOf\":{\"@id\":\"https:\/\/www.visit-ulcinj.com\/blog\/#website\"},\"primaryImageOfPage\":{\"@id\":\"https:\/\/www.visit-ulcinj.com\/blog\/2009\/03\/21\/flet-e-dashura-e-adit-banoret-po-e-lendojne-adin\/#primaryimage\"},\"datePublished\":\"2009-03-21T11:21:19+00:00\",\"dateModified\":\"2009-03-21T11:05:17+00:00\",\"author\":{\"@id\":\"https:\/\/www.visit-ulcinj.com\/blog\/#\/schema\/person\/dcab619c614d3038751c63bc2aadc06d\"},\"description\":\"Big Brother Albania 2 - \u00c3\u2021far\u00c3\u00ab mendon ajo p\u00c3\u00abr debatin n\u00c3\u00ab lidhje me \\\"incidentin\\\" me Moz\u00c3\u00abn, imunitetin q\u00c3\u00ab i dha Aida, rival\u00c3\u00abt he arsyen e futjes s\u00c3\u00ab Adit n\u00c3\u00ab sht\u00c3\u00abpin\u00c3\u00ab e \\\"V\u00c3\u00abllait t\u00c3\u00ab Madh\\\"\",\"breadcrumb\":{\"@id\":\"https:\/\/www.visit-ulcinj.com\/blog\/2009\/03\/21\/flet-e-dashura-e-adit-banoret-po-e-lendojne-adin\/#breadcrumb\"},\"inLanguage\":\"en-US\",\"potentialAction\":[{\"@type\":\"ReadAction\",\"target\":[\"https:\/\/www.visit-ulcinj.com\/blog\/2009\/03\/21\/flet-e-dashura-e-adit-banoret-po-e-lendojne-adin\/\"]}]},{\"@type\":\"BreadcrumbList\",\"@id\":\"https:\/\/www.visit-ulcinj.com\/blog\/2009\/03\/21\/flet-e-dashura-e-adit-banoret-po-e-lendojne-adin\/#breadcrumb\",\"itemListElement\":[{\"@type\":\"ListItem\",\"position\":1,\"name\":\"Flet e dashura e Adit : Banor\u00ebt po e l\u00ebndojn\u00eb Adin\"}]},{\"@type\":\"Person\",\"@id\":\"https:\/\/www.visit-ulcinj.com\/blog\/#\/schema\/person\/dcab619c614d3038751c63bc2aadc06d\",\"name\":\"ulqini\",\"sameAs\":[\"http:\/\/www.visit-ulcinj.com\"],\"url\":\"https:\/\/www.visit-ulcinj.com\/blog\/author\/admin\/\"}]}<\/script>\n<!-- \/ Yoast SEO plugin. -->","yoast_head_json":{"title":"Flet e dashura e Adit : Banor\u00c3\u00abt po e l\u00c3\u00abndojn\u00c3\u00ab Adin | Big Brother Albania 2","description":"Big Brother Albania 2 - \u00c3\u2021far\u00c3\u00ab mendon ajo p\u00c3\u00abr debatin n\u00c3\u00ab lidhje me \"incidentin\" me Moz\u00c3\u00abn, imunitetin q\u00c3\u00ab i dha Aida, rival\u00c3\u00abt he arsyen e futjes s\u00c3\u00ab Adit n\u00c3\u00ab sht\u00c3\u00abpin\u00c3\u00ab e \"V\u00c3\u00abllait t\u00c3\u00ab Madh\"","robots":{"index":"index","follow":"follow","max-snippet":"max-snippet:-1","max-image-preview":"max-image-preview:large","max-video-preview":"max-video-preview:-1"},"canonical":"https:\/\/www.visit-ulcinj.com\/blog\/2009\/03\/21\/flet-e-dashura-e-adit-banoret-po-e-lendojne-adin\/","og_locale":"en_US","og_type":"article","og_title":"Flet e dashura e Adit : Banor\u00c3\u00abt po e l\u00c3\u00abndojn\u00c3\u00ab Adin | Big Brother Albania 2","og_description":"Big Brother Albania 2 - \u00c3\u2021far\u00c3\u00ab mendon ajo p\u00c3\u00abr debatin n\u00c3\u00ab lidhje me \"incidentin\" me Moz\u00c3\u00abn, imunitetin q\u00c3\u00ab i dha Aida, rival\u00c3\u00abt he arsyen e futjes s\u00c3\u00ab Adit n\u00c3\u00ab sht\u00c3\u00abpin\u00c3\u00ab e \"V\u00c3\u00abllait t\u00c3\u00ab Madh\"","og_url":"https:\/\/www.visit-ulcinj.com\/blog\/2009\/03\/21\/flet-e-dashura-e-adit-banoret-po-e-lendojne-adin\/","og_site_name":"Lajme nga Ulqini","article_published_time":"2009-03-21T11:21:19+00:00","article_modified_time":"2009-03-21T11:05:17+00:00","og_image":[{"url":"http:\/\/www.visit-ulcinj.com\/blog\/wp-content\/uploads\/2009\/03\/adi-buxheti.jpg"}],"twitter_misc":{"Written by":"ulqini","Est. reading time":"4 minutes"},"schema":{"@context":"https:\/\/schema.org","@graph":[{"@type":"WebSite","@id":"https:\/\/www.visit-ulcinj.com\/blog\/#website","url":"https:\/\/www.visit-ulcinj.com\/blog\/","name":"Lajme nga Ulqini","description":"Lajme,Vijesti,Ulqini,Ulqin,Crna Gora,Mali i Zi","potentialAction":[{"@type":"SearchAction","target":{"@type":"EntryPoint","urlTemplate":"https:\/\/www.visit-ulcinj.com\/blog\/?s={search_term_string}"},"query-input":"required name=search_term_string"}],"inLanguage":"en-US"},{"@type":"ImageObject","inLanguage":"en-US","@id":"https:\/\/www.visit-ulcinj.com\/blog\/2009\/03\/21\/flet-e-dashura-e-adit-banoret-po-e-lendojne-adin\/#primaryimage","url":"http:\/\/www.visit-ulcinj.com\/blog\/wp-content\/uploads\/2009\/03\/adi-buxheti.jpg","contentUrl":"http:\/\/www.visit-ulcinj.com\/blog\/wp-content\/uploads\/2009\/03\/adi-buxheti.jpg"},{"@type":"WebPage","@id":"https:\/\/www.visit-ulcinj.com\/blog\/2009\/03\/21\/flet-e-dashura-e-adit-banoret-po-e-lendojne-adin\/#webpage","url":"https:\/\/www.visit-ulcinj.com\/blog\/2009\/03\/21\/flet-e-dashura-e-adit-banoret-po-e-lendojne-adin\/","name":"Flet e dashura e Adit : Banor\u00c3\u00abt po e l\u00c3\u00abndojn\u00c3\u00ab Adin | Big Brother Albania 2","isPartOf":{"@id":"https:\/\/www.visit-ulcinj.com\/blog\/#website"},"primaryImageOfPage":{"@id":"https:\/\/www.visit-ulcinj.com\/blog\/2009\/03\/21\/flet-e-dashura-e-adit-banoret-po-e-lendojne-adin\/#primaryimage"},"datePublished":"2009-03-21T11:21:19+00:00","dateModified":"2009-03-21T11:05:17+00:00","author":{"@id":"https:\/\/www.visit-ulcinj.com\/blog\/#\/schema\/person\/dcab619c614d3038751c63bc2aadc06d"},"description":"Big Brother Albania 2 - \u00c3\u2021far\u00c3\u00ab mendon ajo p\u00c3\u00abr debatin n\u00c3\u00ab lidhje me \"incidentin\" me Moz\u00c3\u00abn, imunitetin q\u00c3\u00ab i dha Aida, rival\u00c3\u00abt he arsyen e futjes s\u00c3\u00ab Adit n\u00c3\u00ab sht\u00c3\u00abpin\u00c3\u00ab e \"V\u00c3\u00abllait t\u00c3\u00ab Madh\"","breadcrumb":{"@id":"https:\/\/www.visit-ulcinj.com\/blog\/2009\/03\/21\/flet-e-dashura-e-adit-banoret-po-e-lendojne-adin\/#breadcrumb"},"inLanguage":"en-US","potentialAction":[{"@type":"ReadAction","target":["https:\/\/www.visit-ulcinj.com\/blog\/2009\/03\/21\/flet-e-dashura-e-adit-banoret-po-e-lendojne-adin\/"]}]},{"@type":"BreadcrumbList","@id":"https:\/\/www.visit-ulcinj.com\/blog\/2009\/03\/21\/flet-e-dashura-e-adit-banoret-po-e-lendojne-adin\/#breadcrumb","itemListElement":[{"@type":"ListItem","position":1,"name":"Flet e dashura e Adit : Banor\u00ebt po e l\u00ebndojn\u00eb Adin"}]},{"@type":"Person","@id":"https:\/\/www.visit-ulcinj.com\/blog\/#\/schema\/person\/dcab619c614d3038751c63bc2aadc06d","name":"ulqini","sameAs":["http:\/\/www.visit-ulcinj.com"],"url":"https:\/\/www.visit-ulcinj.com\/blog\/author\/admin\/"}]}},"jetpack_featured_media_url":"","jetpack_sharing_enabled":true,"jetpack_shortlink":"https:\/\/wp.me\/pe6lTn-3Vj","_links":{"self":[{"href":"https:\/\/www.visit-ulcinj.com\/blog\/wp-json\/wp\/v2\/posts\/15085"}],"collection":[{"href":"https:\/\/www.visit-ulcinj.com\/blog\/wp-json\/wp\/v2\/posts"}],"about":[{"href":"https:\/\/www.visit-ulcinj.com\/blog\/wp-json\/wp\/v2\/types\/post"}],"author":[{"embeddable":true,"href":"https:\/\/www.visit-ulcinj.com\/blog\/wp-json\/wp\/v2\/users\/1"}],"replies":[{"embeddable":true,"href":"https:\/\/www.visit-ulcinj.com\/blog\/wp-json\/wp\/v2\/comments?post=15085"}],"version-history":[{"count":0,"href":"https:\/\/www.visit-ulcinj.com\/blog\/wp-json\/wp\/v2\/posts\/15085\/revisions"}],"wp:attachment":[{"href":"https:\/\/www.visit-ulcinj.com\/blog\/wp-json\/wp\/v2\/media?parent=15085"}],"wp:term":[{"taxonomy":"category","embeddable":true,"href":"https:\/\/www.visit-ulcinj.com\/blog\/wp-json\/wp\/v2\/categories?post=15085"},{"taxonomy":"post_tag","embeddable":true,"href":"https:\/\/www.visit-ulcinj.com\/blog\/wp-json\/wp\/v2\/tags?post=15085"}],"curies":[{"name":"wp","href":"https:\/\/api.w.org\/{rel}","templated":true}]}}