{"id":15088,"date":"2009-03-21T12:11:16","date_gmt":"2009-03-21T11:11:16","guid":{"rendered":"http:\/\/www.visit-ulcinj.com\/blog\/?p=15088"},"modified":"2009-03-21T14:17:44","modified_gmt":"2009-03-21T13:17:44","slug":"artistja-e-madhe-tinka-kurti-rrefen","status":"publish","type":"post","link":"https:\/\/www.visit-ulcinj.com\/blog\/2009\/03\/21\/artistja-e-madhe-tinka-kurti-rrefen\/","title":{"rendered":"Artistja e madhe, Tinka Kurti, rr\u00ebfen"},"content":{"rendered":"<p><a href=\"http:\/\/www.visit-ulcinj.com\/blog\/wp-content\/uploads\/2009\/03\/tina-kurti.bmp\"><\/a><a href=\"http:\/\/www.visit-ulcinj.com\/blog\/wp-content\/uploads\/2009\/03\/tina-kurti.bmp\"><\/a><a href=\"http:\/\/www.visit-ulcinj.com\/blog\/wp-content\/uploads\/2009\/03\/tina-kurti1.jpg\"><img loading=\"lazy\" class=\"alignleft size-full wp-image-15128\" title=\"tina-kurti1\" src=\"http:\/\/www.visit-ulcinj.com\/blog\/wp-content\/uploads\/2009\/03\/tina-kurti1.jpg\" alt=\"tina-kurti1\" width=\"577\" height=\"465\" \/><\/a><\/p>\n<p><em>&#8220;Emancipimi \u00ebsht\u00eb i domosdosh\u00ebm. Puthjet jan\u00eb gj\u00ebja m\u00eb e bukur&#8221;<\/em><\/p>\n<p><strong>Aju ka b\u00ebr\u00eb edhe ju k u re s h t a r e n j \u00eb spektak\u00ebl q\u00eb i mbyll njer\u00ebzit n\u00eb sht\u00ebpi dhe i p\u00ebrgjon me kamera 24 or\u00eb non stop? <\/strong><\/p>\n<p>Un\u00eb personalisht shikoj shum\u00eb pak televizion, pasi nuk i kushtoj shum\u00eb v\u00ebmendje. Pasionet e mia jan\u00eb librat dhe muzika. K\u00ebt\u00eb lloj spektakli e kam par\u00eb edhe n\u00eb televizione t\u00eb huaja dhe &#8220;Big Brother&#8221; m\u00eb duket nj\u00eb show me nivel nj\u00eblloj si ata.<\/p>\n<p><strong>A ju duken banor\u00ebt t\u00eb \u00e7lir\u00ebt dhe t\u00eb v\u00ebrtet\u00eb ? <\/strong><\/p>\n<p>Cilido q\u00eb del para kamerave, e humb pak nga v\u00ebrtet\u00ebsia e tij. Edhe sinqeriteti nuk \u00ebsht\u00eb i nj\u00ebllojt\u00eb. Ka pak lustrime.<\/p>\n<p>N\u00eb nj\u00eb loj\u00eb t\u00eb till\u00eb duhet t\u00eb aktrosh, a ju duken konkurrent\u00ebt tan\u00eb aktor\u00eb t\u00eb zot\u00eb? Sigurisht q\u00eb jo t\u00eb gjith\u00eb jan\u00eb t\u00eb aft\u00eb p\u00ebr t\u00eb aktruar.<\/p>\n<p><strong>Ju si artiste si e shikoni shoq\u00ebrin\u00eb shqiptare, a ju duket v\u00ebrtet\u00eb e emancipuar? <\/strong><\/p>\n<p>Ka raste q\u00eb ky emancipim e tejkalon mas\u00ebn. Emancipimi \u00ebsht\u00eb i domosdosh\u00ebm, por \u00e7do gj\u00eb duhet t\u00eb respektoj\u00eb kufijt\u00eb. Tejkalimet jan\u00eb t\u00eb tepruara kudo.<\/p>\n<p><strong>Ju a do t\u00eb mendonit se n\u00eb rinin\u00eb tuaj do ta kishit pranuar ofert\u00ebn p\u00ebr t\u00eb hyr\u00eb n\u00eb &#8220;Big Brother&#8221;? <\/strong><\/p>\n<p>Un\u00eb kam 60 vjet karrier\u00eb dhe kur kam nisur k\u00ebt\u00eb pun\u00eb kam qen\u00eb shum\u00eb e re. S&#8217;e besoj se do t\u00eb pranoja t\u00eb merrja pjes\u00eb n\u00eb nj\u00eb &#8220;reality show&#8221;. Profesionin tim e adhuroj dhe nuk e nd\u00ebrroj me asgj\u00eb n\u00eb bot\u00eb.<\/p>\n<p><strong>A do t\u00eb kishit droj\u00eb p\u00ebr t\u00eb dh\u00ebn\u00eb para kamerave puthjen e par\u00eb? <\/strong><\/p>\n<p>Un\u00eb e kam dh\u00ebn\u00eb nj\u00eb puthje para kamerave n\u00eb vitin 1957. As at\u00ebher\u00eb e as sot nuk trembem p\u00ebr nj\u00eb puthje.<\/p>\n<p><strong>Ju jeni artistja e par\u00eb q\u00eb keni puthur para kamerave t\u00eb nj\u00eb filmi legjendarin Naim Frash\u00ebri, a mendoni se gj\u00ebrat kan\u00eb ndryshuar. Guximi juaj a mund t\u00eb krahasohet me vajzat e sotme, duke pasur parasysh koh\u00ebn q\u00eb ju e keni b\u00ebr\u00eb at\u00eb veprim ? <\/strong><\/p>\n<p>Koha ka ecur, por un\u00eb q\u00eb at\u00ebher\u00eb e kam jetuar me shum\u00eb normalitet puthjen n\u00eb filmin &#8220;Tana&#8221;. Ishte k\u00ebrkes\u00eb e regjisorit dhe un\u00eb veprova sipas skenarit. Ka ardhur gjith\u00e7ka natyrsh\u00ebm dhe nuk kam marr\u00eb asnj\u00eb lloj komenti negativ. Pavar\u00ebsisht se skena e puthjes u hoq m\u00eb von\u00eb nga filmi. At\u00ebher\u00eb kur e kam b\u00ebr\u00eb nuk m\u00eb \u00ebsht\u00eb dukur ndonj\u00eb \u00e7udi apo guxim i madh.<\/p>\n<p><strong>Adelajde ka shkaktuar polemika n\u00eb publik p\u00ebr puthjen q\u00eb i dha nj\u00eb tjet\u00ebr konkurrenti, Bjordit, si ju duket veprimi i k\u00ebtyre dy t\u00eb rinjve q\u00eb u puth\u00ebn? <\/strong><\/p>\n<p>N\u00ebse duhen, pse jo? Le t\u00eb puthen. Puthja \u00ebsht\u00eb gj\u00ebja m\u00eb e bukur.<\/p>\n<p><strong><em>Nga Olti Curri\u00a0<\/em><\/strong><\/p>\n","protected":false},"excerpt":{"rendered":"<p>&#8220;Emancipimi \u00ebsht\u00eb i domosdosh\u00ebm. Puthjet jan\u00eb gj\u00ebja m\u00eb e bukur&#8221; Aju ka b\u00ebr\u00eb edhe ju k u re s h t a r e n j \u00eb spektak\u00ebl q\u00eb i mbyll njer\u00ebzit n\u00eb sht\u00ebpi dhe i p\u00ebrgjon me kamera 24 or\u00eb non stop? Un\u00eb personalisht shikoj shum\u00eb pak televizion, pasi nuk i kushtoj shum\u00eb v\u00ebmendje. [&hellip;]<\/p>\n","protected":false},"author":1,"featured_media":0,"comment_status":"open","ping_status":"closed","sticky":false,"template":"","format":"standard","meta":{"spay_email":"","jetpack_publicize_message":"","jetpack_is_tweetstorm":false,"jetpack_publicize_feature_enabled":true},"categories":[6502],"tags":[2362,5057,6506,6516,6712,7129,6891,6693,6887,8233],"jetpack_publicize_connections":[],"yoast_head":"<!-- This site is optimized with the Yoast SEO plugin v19.1 - https:\/\/yoast.com\/wordpress\/plugins\/seo\/ -->\n<title>Artistja e madhe, Tinka Kurti, rr\u00c3\u00abfen | Big Brother Albania 2<\/title>\n<meta name=\"description\" content=\"Big Brother Albania 2 - Emancipimi \u00c3\u00absht\u00c3\u00ab i domosdosh\u00c3\u00abm. Puthjet jan\u00c3\u00ab gj\u00c3\u00abja m\u00c3\u00ab e bukur\" \/>\n<meta name=\"robots\" content=\"index, follow, max-snippet:-1, max-image-preview:large, max-video-preview:-1\" \/>\n<link rel=\"canonical\" href=\"https:\/\/www.visit-ulcinj.com\/blog\/2009\/03\/21\/artistja-e-madhe-tinka-kurti-rrefen\/\" \/>\n<meta property=\"og:locale\" content=\"en_US\" \/>\n<meta property=\"og:type\" content=\"article\" \/>\n<meta property=\"og:title\" content=\"Artistja e madhe, Tinka Kurti, rr\u00c3\u00abfen | Big Brother Albania 2\" \/>\n<meta property=\"og:description\" content=\"Big Brother Albania 2 - Emancipimi \u00c3\u00absht\u00c3\u00ab i domosdosh\u00c3\u00abm. Puthjet jan\u00c3\u00ab gj\u00c3\u00abja m\u00c3\u00ab e bukur\" \/>\n<meta property=\"og:url\" content=\"https:\/\/www.visit-ulcinj.com\/blog\/2009\/03\/21\/artistja-e-madhe-tinka-kurti-rrefen\/\" \/>\n<meta property=\"og:site_name\" content=\"Lajme nga Ulqini\" \/>\n<meta property=\"article:published_time\" content=\"2009-03-21T11:11:16+00:00\" \/>\n<meta property=\"article:modified_time\" content=\"2009-03-21T13:17:44+00:00\" \/>\n<meta property=\"og:image\" content=\"http:\/\/www.visit-ulcinj.com\/blog\/wp-content\/uploads\/2009\/03\/tina-kurti1.jpg\" \/>\n<meta name=\"twitter:label1\" content=\"Written by\" \/>\n\t<meta name=\"twitter:data1\" content=\"ulqini\" \/>\n\t<meta name=\"twitter:label2\" content=\"Est. reading time\" \/>\n\t<meta name=\"twitter:data2\" content=\"2 minutes\" \/>\n<script type=\"application\/ld+json\" class=\"yoast-schema-graph\">{\"@context\":\"https:\/\/schema.org\",\"@graph\":[{\"@type\":\"WebSite\",\"@id\":\"https:\/\/www.visit-ulcinj.com\/blog\/#website\",\"url\":\"https:\/\/www.visit-ulcinj.com\/blog\/\",\"name\":\"Lajme nga Ulqini\",\"description\":\"Lajme,Vijesti,Ulqini,Ulqin,Crna Gora,Mali i Zi\",\"potentialAction\":[{\"@type\":\"SearchAction\",\"target\":{\"@type\":\"EntryPoint\",\"urlTemplate\":\"https:\/\/www.visit-ulcinj.com\/blog\/?s={search_term_string}\"},\"query-input\":\"required name=search_term_string\"}],\"inLanguage\":\"en-US\"},{\"@type\":\"ImageObject\",\"inLanguage\":\"en-US\",\"@id\":\"https:\/\/www.visit-ulcinj.com\/blog\/2009\/03\/21\/artistja-e-madhe-tinka-kurti-rrefen\/#primaryimage\",\"url\":\"http:\/\/www.visit-ulcinj.com\/blog\/wp-content\/uploads\/2009\/03\/tina-kurti1.jpg\",\"contentUrl\":\"http:\/\/www.visit-ulcinj.com\/blog\/wp-content\/uploads\/2009\/03\/tina-kurti1.jpg\"},{\"@type\":\"WebPage\",\"@id\":\"https:\/\/www.visit-ulcinj.com\/blog\/2009\/03\/21\/artistja-e-madhe-tinka-kurti-rrefen\/#webpage\",\"url\":\"https:\/\/www.visit-ulcinj.com\/blog\/2009\/03\/21\/artistja-e-madhe-tinka-kurti-rrefen\/\",\"name\":\"Artistja e madhe, Tinka Kurti, rr\u00c3\u00abfen | Big Brother Albania 2\",\"isPartOf\":{\"@id\":\"https:\/\/www.visit-ulcinj.com\/blog\/#website\"},\"primaryImageOfPage\":{\"@id\":\"https:\/\/www.visit-ulcinj.com\/blog\/2009\/03\/21\/artistja-e-madhe-tinka-kurti-rrefen\/#primaryimage\"},\"datePublished\":\"2009-03-21T11:11:16+00:00\",\"dateModified\":\"2009-03-21T13:17:44+00:00\",\"author\":{\"@id\":\"https:\/\/www.visit-ulcinj.com\/blog\/#\/schema\/person\/dcab619c614d3038751c63bc2aadc06d\"},\"description\":\"Big Brother Albania 2 - Emancipimi \u00c3\u00absht\u00c3\u00ab i domosdosh\u00c3\u00abm. Puthjet jan\u00c3\u00ab gj\u00c3\u00abja m\u00c3\u00ab e bukur\",\"breadcrumb\":{\"@id\":\"https:\/\/www.visit-ulcinj.com\/blog\/2009\/03\/21\/artistja-e-madhe-tinka-kurti-rrefen\/#breadcrumb\"},\"inLanguage\":\"en-US\",\"potentialAction\":[{\"@type\":\"ReadAction\",\"target\":[\"https:\/\/www.visit-ulcinj.com\/blog\/2009\/03\/21\/artistja-e-madhe-tinka-kurti-rrefen\/\"]}]},{\"@type\":\"BreadcrumbList\",\"@id\":\"https:\/\/www.visit-ulcinj.com\/blog\/2009\/03\/21\/artistja-e-madhe-tinka-kurti-rrefen\/#breadcrumb\",\"itemListElement\":[{\"@type\":\"ListItem\",\"position\":1,\"name\":\"Artistja e madhe, Tinka Kurti, rr\u00ebfen\"}]},{\"@type\":\"Person\",\"@id\":\"https:\/\/www.visit-ulcinj.com\/blog\/#\/schema\/person\/dcab619c614d3038751c63bc2aadc06d\",\"name\":\"ulqini\",\"sameAs\":[\"http:\/\/www.visit-ulcinj.com\"],\"url\":\"https:\/\/www.visit-ulcinj.com\/blog\/author\/admin\/\"}]}<\/script>\n<!-- \/ Yoast SEO plugin. -->","yoast_head_json":{"title":"Artistja e madhe, Tinka Kurti, rr\u00c3\u00abfen | Big Brother Albania 2","description":"Big Brother Albania 2 - Emancipimi \u00c3\u00absht\u00c3\u00ab i domosdosh\u00c3\u00abm. Puthjet jan\u00c3\u00ab gj\u00c3\u00abja m\u00c3\u00ab e bukur","robots":{"index":"index","follow":"follow","max-snippet":"max-snippet:-1","max-image-preview":"max-image-preview:large","max-video-preview":"max-video-preview:-1"},"canonical":"https:\/\/www.visit-ulcinj.com\/blog\/2009\/03\/21\/artistja-e-madhe-tinka-kurti-rrefen\/","og_locale":"en_US","og_type":"article","og_title":"Artistja e madhe, Tinka Kurti, rr\u00c3\u00abfen | Big Brother Albania 2","og_description":"Big Brother Albania 2 - Emancipimi \u00c3\u00absht\u00c3\u00ab i domosdosh\u00c3\u00abm. Puthjet jan\u00c3\u00ab gj\u00c3\u00abja m\u00c3\u00ab e bukur","og_url":"https:\/\/www.visit-ulcinj.com\/blog\/2009\/03\/21\/artistja-e-madhe-tinka-kurti-rrefen\/","og_site_name":"Lajme nga Ulqini","article_published_time":"2009-03-21T11:11:16+00:00","article_modified_time":"2009-03-21T13:17:44+00:00","og_image":[{"url":"http:\/\/www.visit-ulcinj.com\/blog\/wp-content\/uploads\/2009\/03\/tina-kurti1.jpg"}],"twitter_misc":{"Written by":"ulqini","Est. reading time":"2 minutes"},"schema":{"@context":"https:\/\/schema.org","@graph":[{"@type":"WebSite","@id":"https:\/\/www.visit-ulcinj.com\/blog\/#website","url":"https:\/\/www.visit-ulcinj.com\/blog\/","name":"Lajme nga Ulqini","description":"Lajme,Vijesti,Ulqini,Ulqin,Crna Gora,Mali i Zi","potentialAction":[{"@type":"SearchAction","target":{"@type":"EntryPoint","urlTemplate":"https:\/\/www.visit-ulcinj.com\/blog\/?s={search_term_string}"},"query-input":"required name=search_term_string"}],"inLanguage":"en-US"},{"@type":"ImageObject","inLanguage":"en-US","@id":"https:\/\/www.visit-ulcinj.com\/blog\/2009\/03\/21\/artistja-e-madhe-tinka-kurti-rrefen\/#primaryimage","url":"http:\/\/www.visit-ulcinj.com\/blog\/wp-content\/uploads\/2009\/03\/tina-kurti1.jpg","contentUrl":"http:\/\/www.visit-ulcinj.com\/blog\/wp-content\/uploads\/2009\/03\/tina-kurti1.jpg"},{"@type":"WebPage","@id":"https:\/\/www.visit-ulcinj.com\/blog\/2009\/03\/21\/artistja-e-madhe-tinka-kurti-rrefen\/#webpage","url":"https:\/\/www.visit-ulcinj.com\/blog\/2009\/03\/21\/artistja-e-madhe-tinka-kurti-rrefen\/","name":"Artistja e madhe, Tinka Kurti, rr\u00c3\u00abfen | Big Brother Albania 2","isPartOf":{"@id":"https:\/\/www.visit-ulcinj.com\/blog\/#website"},"primaryImageOfPage":{"@id":"https:\/\/www.visit-ulcinj.com\/blog\/2009\/03\/21\/artistja-e-madhe-tinka-kurti-rrefen\/#primaryimage"},"datePublished":"2009-03-21T11:11:16+00:00","dateModified":"2009-03-21T13:17:44+00:00","author":{"@id":"https:\/\/www.visit-ulcinj.com\/blog\/#\/schema\/person\/dcab619c614d3038751c63bc2aadc06d"},"description":"Big Brother Albania 2 - Emancipimi \u00c3\u00absht\u00c3\u00ab i domosdosh\u00c3\u00abm. Puthjet jan\u00c3\u00ab gj\u00c3\u00abja m\u00c3\u00ab e bukur","breadcrumb":{"@id":"https:\/\/www.visit-ulcinj.com\/blog\/2009\/03\/21\/artistja-e-madhe-tinka-kurti-rrefen\/#breadcrumb"},"inLanguage":"en-US","potentialAction":[{"@type":"ReadAction","target":["https:\/\/www.visit-ulcinj.com\/blog\/2009\/03\/21\/artistja-e-madhe-tinka-kurti-rrefen\/"]}]},{"@type":"BreadcrumbList","@id":"https:\/\/www.visit-ulcinj.com\/blog\/2009\/03\/21\/artistja-e-madhe-tinka-kurti-rrefen\/#breadcrumb","itemListElement":[{"@type":"ListItem","position":1,"name":"Artistja e madhe, Tinka Kurti, rr\u00ebfen"}]},{"@type":"Person","@id":"https:\/\/www.visit-ulcinj.com\/blog\/#\/schema\/person\/dcab619c614d3038751c63bc2aadc06d","name":"ulqini","sameAs":["http:\/\/www.visit-ulcinj.com"],"url":"https:\/\/www.visit-ulcinj.com\/blog\/author\/admin\/"}]}},"jetpack_featured_media_url":"","jetpack_sharing_enabled":true,"jetpack_shortlink":"https:\/\/wp.me\/pe6lTn-3Vm","_links":{"self":[{"href":"https:\/\/www.visit-ulcinj.com\/blog\/wp-json\/wp\/v2\/posts\/15088"}],"collection":[{"href":"https:\/\/www.visit-ulcinj.com\/blog\/wp-json\/wp\/v2\/posts"}],"about":[{"href":"https:\/\/www.visit-ulcinj.com\/blog\/wp-json\/wp\/v2\/types\/post"}],"author":[{"embeddable":true,"href":"https:\/\/www.visit-ulcinj.com\/blog\/wp-json\/wp\/v2\/users\/1"}],"replies":[{"embeddable":true,"href":"https:\/\/www.visit-ulcinj.com\/blog\/wp-json\/wp\/v2\/comments?post=15088"}],"version-history":[{"count":0,"href":"https:\/\/www.visit-ulcinj.com\/blog\/wp-json\/wp\/v2\/posts\/15088\/revisions"}],"wp:attachment":[{"href":"https:\/\/www.visit-ulcinj.com\/blog\/wp-json\/wp\/v2\/media?parent=15088"}],"wp:term":[{"taxonomy":"category","embeddable":true,"href":"https:\/\/www.visit-ulcinj.com\/blog\/wp-json\/wp\/v2\/categories?post=15088"},{"taxonomy":"post_tag","embeddable":true,"href":"https:\/\/www.visit-ulcinj.com\/blog\/wp-json\/wp\/v2\/tags?post=15088"}],"curies":[{"name":"wp","href":"https:\/\/api.w.org\/{rel}","templated":true}]}}