{"id":1509,"date":"2008-05-09T14:57:39","date_gmt":"2008-05-09T19:57:39","guid":{"rendered":"http:\/\/www.visit-ulcinj.com\/blog\/?p=1509"},"modified":"2008-05-09T14:57:39","modified_gmt":"2008-05-09T19:57:39","slug":"turisticki-preporod-crne-gore","status":"publish","type":"post","link":"https:\/\/www.visit-ulcinj.com\/blog\/2008\/05\/09\/turisticki-preporod-crne-gore\/","title":{"rendered":"Turisti?ki preporod Crne Gore"},"content":{"rendered":"<p><a href=\"http:\/\/www.visit-ulcinj.com\/blog\/wp-content\/uploads\/2008\/05\/montenegro.jpg\"><img loading=\"lazy\" class=\"alignleft attachment wp-att-1464\" style=\"float: left;\" src=\"http:\/\/www.visit-ulcinj.com\/blog\/wp-content\/uploads\/2008\/05\/montenegro.thumbnail.jpg\" alt=\"Montenegro-Ulcinj\" width=\"163\" height=\"200\" \/><\/a>Svake nedjelje otkrijemo po neko ljetovali\u0161te koje je bilo i poznato i zaboravljeno , a koje sada ponovo razgorjieva svoj \u017ear. Danas je to Crna Gora gdje su uticajni jugoslovenski komunisti prolazili pored holovudskih zvijezda , sve dok rat nije natjerao posjetioce da pobjegnu\u2026<br \/>\n\u201cDo 80-ih godina, hiljade tursita dolaze da tu provedu sun?ano ljeto koje manje ko\u0161ta nego ljeto u Francuskoj ili Italiji. Crna gora je jo\u0161 uvijek jugoslovenska republika , evropska rodjaka koja luta : niti je potpuno na Istoku ni na Zapadu.1992., kada se Federacija raspada, hoteli se prazne. Sarajevo , Dubrovnik, etni?ki ratovi, masakri. Balkan se vi\u0161e ne mo\u017ee posje?ivati. Jedino personal Svetog Stefana odbija da zatvori svoja vrata. Ali na namje\u0161taj je pala pra\u0161ina. Kada je 2002.godine D\u017eeremi Ajrons iznajmio jedan apartman , Sveti Stefan vi\u0161e nije rasko\u0161ni hotel, a postoji opasnost da se sru\u0161i u more. Ameri?ki glumac spa\u0161ava hotel\u201d, pi\u0161e francuski list Figaro.<br \/>\nDanas, da bi vratio svojih pet zvjezdica i svoj rang, hotel se renovira.<br \/>\n\u201cNije sam. Na cijeloj obali rade bageri. U budvanskom zalivu, ni?u novi hoteli . Ju\u017enije, blizu Ulcunja, Velika pla\u017ea sa 13 kilometara sitnog pijeska, bi?e pretvorena u luksuzno kupali\u0161te. Od sticinja nezavisnosti prije dvije godine, vlada ula\u017ee u turizam , ali ne po svaku cijenu. Hoteli klubovi sa formulom \u201csve ura?unato\u201d nisu dobrodo\u0161li\u201d, navodi dalje ovaj renimirani ?asopis.<img loading=\"lazy\" class=\"alignright\" style=\"float: right;\" src=\"http:\/\/www.plusnews.fr\/mt_320\/mt-static\/FCKeditor\/UserFiles\/Image\/PRESIDENTIELLE\/070414_figaro.JPG\" alt=\"\" width=\"248\" height=\"133\" \/><br \/>\nPredrag Nenezi?, ministar turizma je ranije izjavio : \u201cNe dolazi u obzir da na\u0161u obalu okujemo betonom, mi ?emo po\u0161tovati okolinu. Posebno \u017eelimo da razvijemo privatni turizam koji vi\u0161e odgovara maloj zemlji kao \u0161to je na\u0161a.\u201d<br \/>\n\u201cDanas cijela obala na svoj na?in ima koristi od te nove turisti?ke mane.Sjede?i na terasi koja gleda na zaliv, uhvatimo sebe kako razmi\u0161ljamo o tome da ?e ova renesansa mo\u017eda zaboraviti neku skrivenu uvalu\u201d, zaklju?uje Figaro.<\/p>\n<p><strong>Izvor \/ Cafemontegro<\/strong><\/p>\n<!-- vimeo error: not a vimeo video -->\n","protected":false},"excerpt":{"rendered":"<p><img loading=\"lazy\" class=\"alignleft attachment wp-att-1464\" style=\"float: left;\" src=\"http:\/\/www.visit-ulcinj.com\/blog\/wp-content\/uploads\/2008\/05\/montenegro.thumbnail.jpg\" alt=\"Montenegro-Ulcinj\" width=\"140\" height=\"140\" \/><\/p>\n","protected":false},"author":1,"featured_media":0,"comment_status":"open","ping_status":"closed","sticky":false,"template":"","format":"standard","meta":{"spay_email":"","jetpack_publicize_message":"","jetpack_is_tweetstorm":false,"jetpack_publicize_feature_enabled":true},"categories":[12,15],"tags":[1544,45,3111,3110,3113,2448,2281,439,3112,265],"jetpack_publicize_connections":[],"yoast_head":"<!-- This site is optimized with the Yoast SEO plugin v19.1 - https:\/\/yoast.com\/wordpress\/plugins\/seo\/ -->\n<title>Turisti?ki preporod Crne Gore - Lajme nga Ulqini<\/title>\n<meta name=\"robots\" content=\"index, follow, max-snippet:-1, max-image-preview:large, max-video-preview:-1\" \/>\n<link rel=\"canonical\" href=\"https:\/\/www.visit-ulcinj.com\/blog\/2008\/05\/09\/turisticki-preporod-crne-gore\/\" \/>\n<meta property=\"og:locale\" content=\"en_US\" \/>\n<meta property=\"og:type\" content=\"article\" \/>\n<meta property=\"og:title\" content=\"Turisti?ki preporod Crne Gore - Lajme nga Ulqini\" \/>\n<meta property=\"og:url\" content=\"https:\/\/www.visit-ulcinj.com\/blog\/2008\/05\/09\/turisticki-preporod-crne-gore\/\" \/>\n<meta property=\"og:site_name\" content=\"Lajme nga Ulqini\" \/>\n<meta property=\"article:published_time\" content=\"2008-05-09T19:57:39+00:00\" \/>\n<meta property=\"og:image\" content=\"http:\/\/www.visit-ulcinj.com\/blog\/wp-content\/uploads\/2008\/05\/montenegro.thumbnail.jpg\" \/>\n<meta name=\"twitter:label1\" content=\"Written by\" \/>\n\t<meta name=\"twitter:data1\" content=\"ulqini\" \/>\n\t<meta name=\"twitter:label2\" content=\"Est. reading time\" \/>\n\t<meta name=\"twitter:data2\" content=\"2 minutes\" \/>\n<script type=\"application\/ld+json\" class=\"yoast-schema-graph\">{\"@context\":\"https:\/\/schema.org\",\"@graph\":[{\"@type\":\"WebSite\",\"@id\":\"https:\/\/www.visit-ulcinj.com\/blog\/#website\",\"url\":\"https:\/\/www.visit-ulcinj.com\/blog\/\",\"name\":\"Lajme nga Ulqini\",\"description\":\"Lajme,Vijesti,Ulqini,Ulqin,Crna Gora,Mali i Zi\",\"potentialAction\":[{\"@type\":\"SearchAction\",\"target\":{\"@type\":\"EntryPoint\",\"urlTemplate\":\"https:\/\/www.visit-ulcinj.com\/blog\/?s={search_term_string}\"},\"query-input\":\"required name=search_term_string\"}],\"inLanguage\":\"en-US\"},{\"@type\":\"ImageObject\",\"inLanguage\":\"en-US\",\"@id\":\"https:\/\/www.visit-ulcinj.com\/blog\/2008\/05\/09\/turisticki-preporod-crne-gore\/#primaryimage\",\"url\":\"http:\/\/www.visit-ulcinj.com\/blog\/wp-content\/uploads\/2008\/05\/montenegro.thumbnail.jpg\",\"contentUrl\":\"http:\/\/www.visit-ulcinj.com\/blog\/wp-content\/uploads\/2008\/05\/montenegro.thumbnail.jpg\"},{\"@type\":\"WebPage\",\"@id\":\"https:\/\/www.visit-ulcinj.com\/blog\/2008\/05\/09\/turisticki-preporod-crne-gore\/#webpage\",\"url\":\"https:\/\/www.visit-ulcinj.com\/blog\/2008\/05\/09\/turisticki-preporod-crne-gore\/\",\"name\":\"Turisti?ki preporod Crne Gore - Lajme nga Ulqini\",\"isPartOf\":{\"@id\":\"https:\/\/www.visit-ulcinj.com\/blog\/#website\"},\"primaryImageOfPage\":{\"@id\":\"https:\/\/www.visit-ulcinj.com\/blog\/2008\/05\/09\/turisticki-preporod-crne-gore\/#primaryimage\"},\"datePublished\":\"2008-05-09T19:57:39+00:00\",\"dateModified\":\"2008-05-09T19:57:39+00:00\",\"author\":{\"@id\":\"https:\/\/www.visit-ulcinj.com\/blog\/#\/schema\/person\/dcab619c614d3038751c63bc2aadc06d\"},\"breadcrumb\":{\"@id\":\"https:\/\/www.visit-ulcinj.com\/blog\/2008\/05\/09\/turisticki-preporod-crne-gore\/#breadcrumb\"},\"inLanguage\":\"en-US\",\"potentialAction\":[{\"@type\":\"ReadAction\",\"target\":[\"https:\/\/www.visit-ulcinj.com\/blog\/2008\/05\/09\/turisticki-preporod-crne-gore\/\"]}]},{\"@type\":\"BreadcrumbList\",\"@id\":\"https:\/\/www.visit-ulcinj.com\/blog\/2008\/05\/09\/turisticki-preporod-crne-gore\/#breadcrumb\",\"itemListElement\":[{\"@type\":\"ListItem\",\"position\":1,\"name\":\"Turisti?ki preporod Crne Gore\"}]},{\"@type\":\"Person\",\"@id\":\"https:\/\/www.visit-ulcinj.com\/blog\/#\/schema\/person\/dcab619c614d3038751c63bc2aadc06d\",\"name\":\"ulqini\",\"sameAs\":[\"http:\/\/www.visit-ulcinj.com\"],\"url\":\"https:\/\/www.visit-ulcinj.com\/blog\/author\/admin\/\"}]}<\/script>\n<!-- \/ Yoast SEO plugin. -->","yoast_head_json":{"title":"Turisti?ki preporod Crne Gore - Lajme nga Ulqini","robots":{"index":"index","follow":"follow","max-snippet":"max-snippet:-1","max-image-preview":"max-image-preview:large","max-video-preview":"max-video-preview:-1"},"canonical":"https:\/\/www.visit-ulcinj.com\/blog\/2008\/05\/09\/turisticki-preporod-crne-gore\/","og_locale":"en_US","og_type":"article","og_title":"Turisti?ki preporod Crne Gore - Lajme nga Ulqini","og_url":"https:\/\/www.visit-ulcinj.com\/blog\/2008\/05\/09\/turisticki-preporod-crne-gore\/","og_site_name":"Lajme nga Ulqini","article_published_time":"2008-05-09T19:57:39+00:00","og_image":[{"url":"http:\/\/www.visit-ulcinj.com\/blog\/wp-content\/uploads\/2008\/05\/montenegro.thumbnail.jpg"}],"twitter_misc":{"Written by":"ulqini","Est. reading time":"2 minutes"},"schema":{"@context":"https:\/\/schema.org","@graph":[{"@type":"WebSite","@id":"https:\/\/www.visit-ulcinj.com\/blog\/#website","url":"https:\/\/www.visit-ulcinj.com\/blog\/","name":"Lajme nga Ulqini","description":"Lajme,Vijesti,Ulqini,Ulqin,Crna Gora,Mali i Zi","potentialAction":[{"@type":"SearchAction","target":{"@type":"EntryPoint","urlTemplate":"https:\/\/www.visit-ulcinj.com\/blog\/?s={search_term_string}"},"query-input":"required name=search_term_string"}],"inLanguage":"en-US"},{"@type":"ImageObject","inLanguage":"en-US","@id":"https:\/\/www.visit-ulcinj.com\/blog\/2008\/05\/09\/turisticki-preporod-crne-gore\/#primaryimage","url":"http:\/\/www.visit-ulcinj.com\/blog\/wp-content\/uploads\/2008\/05\/montenegro.thumbnail.jpg","contentUrl":"http:\/\/www.visit-ulcinj.com\/blog\/wp-content\/uploads\/2008\/05\/montenegro.thumbnail.jpg"},{"@type":"WebPage","@id":"https:\/\/www.visit-ulcinj.com\/blog\/2008\/05\/09\/turisticki-preporod-crne-gore\/#webpage","url":"https:\/\/www.visit-ulcinj.com\/blog\/2008\/05\/09\/turisticki-preporod-crne-gore\/","name":"Turisti?ki preporod Crne Gore - Lajme nga Ulqini","isPartOf":{"@id":"https:\/\/www.visit-ulcinj.com\/blog\/#website"},"primaryImageOfPage":{"@id":"https:\/\/www.visit-ulcinj.com\/blog\/2008\/05\/09\/turisticki-preporod-crne-gore\/#primaryimage"},"datePublished":"2008-05-09T19:57:39+00:00","dateModified":"2008-05-09T19:57:39+00:00","author":{"@id":"https:\/\/www.visit-ulcinj.com\/blog\/#\/schema\/person\/dcab619c614d3038751c63bc2aadc06d"},"breadcrumb":{"@id":"https:\/\/www.visit-ulcinj.com\/blog\/2008\/05\/09\/turisticki-preporod-crne-gore\/#breadcrumb"},"inLanguage":"en-US","potentialAction":[{"@type":"ReadAction","target":["https:\/\/www.visit-ulcinj.com\/blog\/2008\/05\/09\/turisticki-preporod-crne-gore\/"]}]},{"@type":"BreadcrumbList","@id":"https:\/\/www.visit-ulcinj.com\/blog\/2008\/05\/09\/turisticki-preporod-crne-gore\/#breadcrumb","itemListElement":[{"@type":"ListItem","position":1,"name":"Turisti?ki preporod Crne Gore"}]},{"@type":"Person","@id":"https:\/\/www.visit-ulcinj.com\/blog\/#\/schema\/person\/dcab619c614d3038751c63bc2aadc06d","name":"ulqini","sameAs":["http:\/\/www.visit-ulcinj.com"],"url":"https:\/\/www.visit-ulcinj.com\/blog\/author\/admin\/"}]}},"jetpack_featured_media_url":"","jetpack_sharing_enabled":true,"jetpack_shortlink":"https:\/\/wp.me\/pe6lTn-ol","_links":{"self":[{"href":"https:\/\/www.visit-ulcinj.com\/blog\/wp-json\/wp\/v2\/posts\/1509"}],"collection":[{"href":"https:\/\/www.visit-ulcinj.com\/blog\/wp-json\/wp\/v2\/posts"}],"about":[{"href":"https:\/\/www.visit-ulcinj.com\/blog\/wp-json\/wp\/v2\/types\/post"}],"author":[{"embeddable":true,"href":"https:\/\/www.visit-ulcinj.com\/blog\/wp-json\/wp\/v2\/users\/1"}],"replies":[{"embeddable":true,"href":"https:\/\/www.visit-ulcinj.com\/blog\/wp-json\/wp\/v2\/comments?post=1509"}],"version-history":[{"count":0,"href":"https:\/\/www.visit-ulcinj.com\/blog\/wp-json\/wp\/v2\/posts\/1509\/revisions"}],"wp:attachment":[{"href":"https:\/\/www.visit-ulcinj.com\/blog\/wp-json\/wp\/v2\/media?parent=1509"}],"wp:term":[{"taxonomy":"category","embeddable":true,"href":"https:\/\/www.visit-ulcinj.com\/blog\/wp-json\/wp\/v2\/categories?post=1509"},{"taxonomy":"post_tag","embeddable":true,"href":"https:\/\/www.visit-ulcinj.com\/blog\/wp-json\/wp\/v2\/tags?post=1509"}],"curies":[{"name":"wp","href":"https:\/\/api.w.org\/{rel}","templated":true}]}}