{"id":15101,"date":"2009-03-21T12:33:18","date_gmt":"2009-03-21T11:33:18","guid":{"rendered":"http:\/\/www.visit-ulcinj.com\/blog\/?p=15101"},"modified":"2009-03-21T12:33:18","modified_gmt":"2009-03-21T11:33:18","slug":"zhuljeta-kunder-te-gjitheve","status":"publish","type":"post","link":"https:\/\/www.visit-ulcinj.com\/blog\/2009\/03\/21\/zhuljeta-kunder-te-gjitheve\/","title":{"rendered":"Zhuljeta kund\u00ebr t\u00eb gjith\u00ebve"},"content":{"rendered":"<p><em>Afrimi me Arjonin ishte nj\u00eb aleanc\u00eb p\u00ebr loj\u00eb<\/em><\/p>\n<p><em><a href=\"http:\/\/www.visit-ulcinj.com\/blog\/wp-content\/uploads\/2009\/03\/1236426180-zhuljeta.jpg\"><img loading=\"lazy\" class=\"alignleft size-full wp-image-13280\" title=\"Zhuljeta - Big Brother Albania 2 \" src=\"http:\/\/www.visit-ulcinj.com\/blog\/wp-content\/uploads\/2009\/03\/1236426180-zhuljeta.jpg\" alt=\"Zhuljeta - Big Brother Albania 2 \" width=\"300\" height=\"200\" \/><\/a><\/em><\/p>\n<p><strong>AIDA<\/strong><\/p>\n<p><strong>On<\/strong>&#8211; \u00cbsht\u00eb shum\u00eb praktike dhe i p\u00eblqen organizmi n\u00eb grup.<\/p>\n<p><strong>Off<\/strong>&#8211; Esht\u00eb tip q\u00eb hedh gurin dhe fsheh dor\u00ebn.<\/p>\n<p>Ta kisha p\u00ebrball\u00eb do t&#8217;i thosha; &#8220;S&#8217;t\u00eb eci deri n\u00eb fund, versioni Pu\u00e7i, pu\u00e7i&#8221;.<\/p>\n<p><strong>MOZA<\/strong><\/p>\n<p><strong>On<\/strong>&#8211; Ishte njeriu im i preferuar, pasi ishte e bukur jo vet\u00ebm fizikisht, por edhe n\u00eb shpirt.<\/p>\n<p><strong>Off<\/strong>&#8211; I thyente t\u00eb gjitha pasqyrat.<\/p>\n<p>Ta kisha p\u00ebrball\u00eb do t&#8217;i thosha; &#8220;Pozicionohu n\u00eb rol&#8221;.<\/p>\n<p><strong>ADELAJDA<\/strong><\/p>\n<p><strong>On<\/strong>&#8211; Momenti kur ajo flet.<\/p>\n<p><strong>Off<\/strong>&#8211; T\u00eb b\u00ebrit e provinciales interesante.<\/p>\n<p>Ta kisha p\u00ebrball\u00eb do t&#8217;i thoja; &#8220;Mbaro shkoll\u00ebn nj\u00eb her\u00eb edhe m\u00eb pas eja t\u00eb flasim bashk\u00eb&#8221;.<\/p>\n<p><strong>BIKA<\/strong><\/p>\n<p><strong>On<\/strong>&#8211; Nikoqire.<\/p>\n<p><strong>Off<\/strong>&#8211; Munges\u00eb sinqeriteti.<\/p>\n<p>Ta kisha p\u00ebrball\u00eb do t&#8217;i thosha; &#8220;Shkrepe pistolet\u00ebn&#8221;.<\/p>\n<p><strong>MESIDA<\/strong><\/p>\n<p><strong>On<\/strong>&#8211; Ishte nj\u00eb linguiste e mir\u00eb.<\/p>\n<p><strong>Off<\/strong>&#8211; Oportuniste.<\/p>\n<p>Ta kisha p\u00ebrball\u00eb do t&#8217;i thosha; &#8220;&#8216;Big Brother&#8217; nuk \u00ebsht\u00eb terapi&#8221;.<\/p>\n<p><strong>ERJOLA<\/strong><\/p>\n<p><strong>On<\/strong>&#8211; Ballokume e mir\u00eb.<\/p>\n<p><strong>Off<\/strong>&#8211; Fliste shum\u00eb<\/p>\n<p>Ta kisha p\u00ebrball\u00eb do t&#8217;i thosha; &#8220;M\u00eb p\u00eblqeu iniciativa jote&#8221;.<\/p>\n<p><strong>LIRITA<\/strong><\/p>\n<p><strong>On<\/strong>&#8211; E dashur dhe e \u00e7ilt\u00ebr<\/p>\n<p><strong>Off<\/strong>&#8211; E pap\u00ebrdorshme<\/p>\n<p>Ta kisha p\u00ebrball\u00eb do t&#8217;i thosha; &#8220;Kujdesu p\u00ebr ata q\u00eb kan\u00eb nevoj\u00eb p\u00ebr ty&#8221;.<\/p>\n<p><strong>ADI<\/strong><\/p>\n<p><strong>On<\/strong>&#8211; Humorist.<\/p>\n<p><strong>Off<\/strong>&#8211; L\u00ebsh<strong>On<\/strong> uj\u00eb n\u00ebn rrogoz.<\/p>\n<p>Ta kisha p\u00ebrball\u00eb do t&#8217;i thosha; &#8220;Eksperienca e jet\u00ebs po t\u00eb ndihmon p\u00ebr t&#8217;u p\u00ebrshtatur&#8221;.<\/p>\n<p><strong>QETSORI<\/strong><\/p>\n<p><strong>On<\/strong> -I kompletuar.<\/p>\n<p><strong>Off<\/strong>&#8211; Ir<strong>On<\/strong>ik.<\/p>\n<p>Ta kisha p\u00ebrball\u00eb do t&#8217;i thosha ; &#8220;Uroj q\u00eb t\u00eb shkosh deri n\u00eb finale&#8221;.<\/p>\n<p><strong>ARJONI<\/strong><\/p>\n<p><strong>On<\/strong>&#8211; I p\u00eblqyesh\u00ebm.<\/p>\n<p><strong>Off<\/strong>&#8211; Fodull.<\/p>\n<p>Ta kisha p\u00ebrball\u00eb do t&#8217;i thosha; &#8220;Kjo ishte loja&#8221;.<\/p>\n<p><strong>BJORDI<\/strong><\/p>\n<p><strong>On<\/strong> -I dashur, sensual, inteligjent.<\/p>\n<p><strong>Off<\/strong>&#8211; I p\u00ebrk\u00ebdhelur.<\/p>\n<p>Ta kisha p\u00ebrball\u00eb do t&#8217;i thosha; &#8220;Nuk t\u00eb kam par\u00eb kurr\u00eb si bebe&#8221;.<\/p>\n<p><strong>DRITANI<\/strong><\/p>\n<p><strong>On<\/strong>&#8211; Autoritar.<\/p>\n<p><strong>Off<\/strong>&#8211; Thashethemexhi<\/p>\n<p>Ta kisha p\u00ebrball\u00eb do t&#8217;i thosha; &#8220;M\u00eb ke zhg\u00ebnjyer&#8221;.<\/p>\n<p><strong>AGONI<\/strong><\/p>\n<p><strong>On<\/strong>&#8211; &#8220;Show Man&#8221;<\/p>\n<p><strong>Off<\/strong> &#8211; Strateg i dob\u00ebt.<\/p>\n<p>Ta kisha p\u00ebrball\u00eb do t&#8217;i thosha; &#8221; Tentoje t\u00eb luaje fort, por me mua e more reston&#8221;.<\/p>\n<p><strong>PAVLINI<\/strong><\/p>\n<p><strong>On<\/strong>&#8211; Njeri i mir\u00eb.<\/p>\n<p><strong>Off<\/strong>&#8211; Asgj\u00eb p\u00ebr t\u00eb komentuar.<\/p>\n<p>Ta kisha p\u00ebrball\u00eb do t&#8217;i thosha; &#8220;Mir\u00eb u takofshim n\u00eb Theth&#8221;.<\/p>\n<p><strong><em>Video<\/em><\/strong><\/p>\n<!--YouTube Error: bad URL entered-->\n","protected":false},"excerpt":{"rendered":"<p>Afrimi me Arjonin ishte nj\u00eb aleanc\u00eb p\u00ebr loj\u00eb AIDA On&#8211; \u00cbsht\u00eb shum\u00eb praktike dhe i p\u00eblqen organizmi n\u00eb grup. Off&#8211; Esht\u00eb tip q\u00eb hedh gurin dhe fsheh dor\u00ebn. Ta kisha p\u00ebrball\u00eb do t&#8217;i thosha; &#8220;S&#8217;t\u00eb eci deri n\u00eb fund, versioni Pu\u00e7i, pu\u00e7i&#8221;. MOZA On&#8211; Ishte njeriu im i preferuar, pasi ishte e bukur jo vet\u00ebm [&hellip;]<\/p>\n","protected":false},"author":1,"featured_media":0,"comment_status":"open","ping_status":"closed","sticky":false,"template":"","format":"standard","meta":{"spay_email":"","jetpack_publicize_message":"","jetpack_is_tweetstorm":false,"jetpack_publicize_feature_enabled":true},"categories":[6502],"tags":[6529,6551,6537,6525,6883,6516,6712,6522,6521,6544,6540,262,6891,6536,8244],"jetpack_publicize_connections":[],"yoast_head":"<!-- This site is optimized with the Yoast SEO plugin v19.1 - https:\/\/yoast.com\/wordpress\/plugins\/seo\/ -->\n<title>Zhuljeta kund\u00c3\u00abr t\u00c3\u00ab gjith\u00c3\u00abve - Big Brother Albania 2<\/title>\n<meta name=\"description\" content=\"Big Brother Albania 2 - Afrimi me Arjonin ishte nj\u00c3\u00ab aleanc\u00c3\u00ab p\u00c3\u00abr loj\u00c3\u00ab\" \/>\n<meta name=\"robots\" content=\"index, follow, max-snippet:-1, max-image-preview:large, max-video-preview:-1\" \/>\n<link rel=\"canonical\" href=\"https:\/\/www.visit-ulcinj.com\/blog\/2009\/03\/21\/zhuljeta-kunder-te-gjitheve\/\" \/>\n<meta property=\"og:locale\" content=\"en_US\" \/>\n<meta property=\"og:type\" content=\"article\" \/>\n<meta property=\"og:title\" content=\"Zhuljeta kund\u00c3\u00abr t\u00c3\u00ab gjith\u00c3\u00abve - Big Brother Albania 2\" \/>\n<meta property=\"og:description\" content=\"Big Brother Albania 2 - Afrimi me Arjonin ishte nj\u00c3\u00ab aleanc\u00c3\u00ab p\u00c3\u00abr loj\u00c3\u00ab\" \/>\n<meta property=\"og:url\" content=\"https:\/\/www.visit-ulcinj.com\/blog\/2009\/03\/21\/zhuljeta-kunder-te-gjitheve\/\" \/>\n<meta property=\"og:site_name\" content=\"Lajme nga Ulqini\" \/>\n<meta property=\"article:published_time\" content=\"2009-03-21T11:33:18+00:00\" \/>\n<meta property=\"og:image\" content=\"http:\/\/www.visit-ulcinj.com\/blog\/wp-content\/uploads\/2009\/03\/1236426180-zhuljeta.jpg\" \/>\n<meta name=\"twitter:label1\" content=\"Written by\" \/>\n\t<meta name=\"twitter:data1\" content=\"ulqini\" \/>\n\t<meta name=\"twitter:label2\" content=\"Est. reading time\" \/>\n\t<meta name=\"twitter:data2\" content=\"2 minutes\" \/>\n<script type=\"application\/ld+json\" class=\"yoast-schema-graph\">{\"@context\":\"https:\/\/schema.org\",\"@graph\":[{\"@type\":\"WebSite\",\"@id\":\"https:\/\/www.visit-ulcinj.com\/blog\/#website\",\"url\":\"https:\/\/www.visit-ulcinj.com\/blog\/\",\"name\":\"Lajme nga Ulqini\",\"description\":\"Lajme,Vijesti,Ulqini,Ulqin,Crna Gora,Mali i Zi\",\"potentialAction\":[{\"@type\":\"SearchAction\",\"target\":{\"@type\":\"EntryPoint\",\"urlTemplate\":\"https:\/\/www.visit-ulcinj.com\/blog\/?s={search_term_string}\"},\"query-input\":\"required name=search_term_string\"}],\"inLanguage\":\"en-US\"},{\"@type\":\"ImageObject\",\"inLanguage\":\"en-US\",\"@id\":\"https:\/\/www.visit-ulcinj.com\/blog\/2009\/03\/21\/zhuljeta-kunder-te-gjitheve\/#primaryimage\",\"url\":\"http:\/\/www.visit-ulcinj.com\/blog\/wp-content\/uploads\/2009\/03\/1236426180-zhuljeta.jpg\",\"contentUrl\":\"http:\/\/www.visit-ulcinj.com\/blog\/wp-content\/uploads\/2009\/03\/1236426180-zhuljeta.jpg\"},{\"@type\":\"WebPage\",\"@id\":\"https:\/\/www.visit-ulcinj.com\/blog\/2009\/03\/21\/zhuljeta-kunder-te-gjitheve\/#webpage\",\"url\":\"https:\/\/www.visit-ulcinj.com\/blog\/2009\/03\/21\/zhuljeta-kunder-te-gjitheve\/\",\"name\":\"Zhuljeta kund\u00c3\u00abr t\u00c3\u00ab gjith\u00c3\u00abve - Big Brother Albania 2\",\"isPartOf\":{\"@id\":\"https:\/\/www.visit-ulcinj.com\/blog\/#website\"},\"primaryImageOfPage\":{\"@id\":\"https:\/\/www.visit-ulcinj.com\/blog\/2009\/03\/21\/zhuljeta-kunder-te-gjitheve\/#primaryimage\"},\"datePublished\":\"2009-03-21T11:33:18+00:00\",\"dateModified\":\"2009-03-21T11:33:18+00:00\",\"author\":{\"@id\":\"https:\/\/www.visit-ulcinj.com\/blog\/#\/schema\/person\/dcab619c614d3038751c63bc2aadc06d\"},\"description\":\"Big Brother Albania 2 - Afrimi me Arjonin ishte nj\u00c3\u00ab aleanc\u00c3\u00ab p\u00c3\u00abr loj\u00c3\u00ab\",\"breadcrumb\":{\"@id\":\"https:\/\/www.visit-ulcinj.com\/blog\/2009\/03\/21\/zhuljeta-kunder-te-gjitheve\/#breadcrumb\"},\"inLanguage\":\"en-US\",\"potentialAction\":[{\"@type\":\"ReadAction\",\"target\":[\"https:\/\/www.visit-ulcinj.com\/blog\/2009\/03\/21\/zhuljeta-kunder-te-gjitheve\/\"]}]},{\"@type\":\"BreadcrumbList\",\"@id\":\"https:\/\/www.visit-ulcinj.com\/blog\/2009\/03\/21\/zhuljeta-kunder-te-gjitheve\/#breadcrumb\",\"itemListElement\":[{\"@type\":\"ListItem\",\"position\":1,\"name\":\"Zhuljeta kund\u00ebr t\u00eb gjith\u00ebve\"}]},{\"@type\":\"Person\",\"@id\":\"https:\/\/www.visit-ulcinj.com\/blog\/#\/schema\/person\/dcab619c614d3038751c63bc2aadc06d\",\"name\":\"ulqini\",\"sameAs\":[\"http:\/\/www.visit-ulcinj.com\"],\"url\":\"https:\/\/www.visit-ulcinj.com\/blog\/author\/admin\/\"}]}<\/script>\n<!-- \/ Yoast SEO plugin. -->","yoast_head_json":{"title":"Zhuljeta kund\u00c3\u00abr t\u00c3\u00ab gjith\u00c3\u00abve - Big Brother Albania 2","description":"Big Brother Albania 2 - Afrimi me Arjonin ishte nj\u00c3\u00ab aleanc\u00c3\u00ab p\u00c3\u00abr loj\u00c3\u00ab","robots":{"index":"index","follow":"follow","max-snippet":"max-snippet:-1","max-image-preview":"max-image-preview:large","max-video-preview":"max-video-preview:-1"},"canonical":"https:\/\/www.visit-ulcinj.com\/blog\/2009\/03\/21\/zhuljeta-kunder-te-gjitheve\/","og_locale":"en_US","og_type":"article","og_title":"Zhuljeta kund\u00c3\u00abr t\u00c3\u00ab gjith\u00c3\u00abve - Big Brother Albania 2","og_description":"Big Brother Albania 2 - Afrimi me Arjonin ishte nj\u00c3\u00ab aleanc\u00c3\u00ab p\u00c3\u00abr loj\u00c3\u00ab","og_url":"https:\/\/www.visit-ulcinj.com\/blog\/2009\/03\/21\/zhuljeta-kunder-te-gjitheve\/","og_site_name":"Lajme nga Ulqini","article_published_time":"2009-03-21T11:33:18+00:00","og_image":[{"url":"http:\/\/www.visit-ulcinj.com\/blog\/wp-content\/uploads\/2009\/03\/1236426180-zhuljeta.jpg"}],"twitter_misc":{"Written by":"ulqini","Est. reading time":"2 minutes"},"schema":{"@context":"https:\/\/schema.org","@graph":[{"@type":"WebSite","@id":"https:\/\/www.visit-ulcinj.com\/blog\/#website","url":"https:\/\/www.visit-ulcinj.com\/blog\/","name":"Lajme nga Ulqini","description":"Lajme,Vijesti,Ulqini,Ulqin,Crna Gora,Mali i Zi","potentialAction":[{"@type":"SearchAction","target":{"@type":"EntryPoint","urlTemplate":"https:\/\/www.visit-ulcinj.com\/blog\/?s={search_term_string}"},"query-input":"required name=search_term_string"}],"inLanguage":"en-US"},{"@type":"ImageObject","inLanguage":"en-US","@id":"https:\/\/www.visit-ulcinj.com\/blog\/2009\/03\/21\/zhuljeta-kunder-te-gjitheve\/#primaryimage","url":"http:\/\/www.visit-ulcinj.com\/blog\/wp-content\/uploads\/2009\/03\/1236426180-zhuljeta.jpg","contentUrl":"http:\/\/www.visit-ulcinj.com\/blog\/wp-content\/uploads\/2009\/03\/1236426180-zhuljeta.jpg"},{"@type":"WebPage","@id":"https:\/\/www.visit-ulcinj.com\/blog\/2009\/03\/21\/zhuljeta-kunder-te-gjitheve\/#webpage","url":"https:\/\/www.visit-ulcinj.com\/blog\/2009\/03\/21\/zhuljeta-kunder-te-gjitheve\/","name":"Zhuljeta kund\u00c3\u00abr t\u00c3\u00ab gjith\u00c3\u00abve - Big Brother Albania 2","isPartOf":{"@id":"https:\/\/www.visit-ulcinj.com\/blog\/#website"},"primaryImageOfPage":{"@id":"https:\/\/www.visit-ulcinj.com\/blog\/2009\/03\/21\/zhuljeta-kunder-te-gjitheve\/#primaryimage"},"datePublished":"2009-03-21T11:33:18+00:00","dateModified":"2009-03-21T11:33:18+00:00","author":{"@id":"https:\/\/www.visit-ulcinj.com\/blog\/#\/schema\/person\/dcab619c614d3038751c63bc2aadc06d"},"description":"Big Brother Albania 2 - Afrimi me Arjonin ishte nj\u00c3\u00ab aleanc\u00c3\u00ab p\u00c3\u00abr loj\u00c3\u00ab","breadcrumb":{"@id":"https:\/\/www.visit-ulcinj.com\/blog\/2009\/03\/21\/zhuljeta-kunder-te-gjitheve\/#breadcrumb"},"inLanguage":"en-US","potentialAction":[{"@type":"ReadAction","target":["https:\/\/www.visit-ulcinj.com\/blog\/2009\/03\/21\/zhuljeta-kunder-te-gjitheve\/"]}]},{"@type":"BreadcrumbList","@id":"https:\/\/www.visit-ulcinj.com\/blog\/2009\/03\/21\/zhuljeta-kunder-te-gjitheve\/#breadcrumb","itemListElement":[{"@type":"ListItem","position":1,"name":"Zhuljeta kund\u00ebr t\u00eb gjith\u00ebve"}]},{"@type":"Person","@id":"https:\/\/www.visit-ulcinj.com\/blog\/#\/schema\/person\/dcab619c614d3038751c63bc2aadc06d","name":"ulqini","sameAs":["http:\/\/www.visit-ulcinj.com"],"url":"https:\/\/www.visit-ulcinj.com\/blog\/author\/admin\/"}]}},"jetpack_featured_media_url":"","jetpack_sharing_enabled":true,"jetpack_shortlink":"https:\/\/wp.me\/pe6lTn-3Vz","_links":{"self":[{"href":"https:\/\/www.visit-ulcinj.com\/blog\/wp-json\/wp\/v2\/posts\/15101"}],"collection":[{"href":"https:\/\/www.visit-ulcinj.com\/blog\/wp-json\/wp\/v2\/posts"}],"about":[{"href":"https:\/\/www.visit-ulcinj.com\/blog\/wp-json\/wp\/v2\/types\/post"}],"author":[{"embeddable":true,"href":"https:\/\/www.visit-ulcinj.com\/blog\/wp-json\/wp\/v2\/users\/1"}],"replies":[{"embeddable":true,"href":"https:\/\/www.visit-ulcinj.com\/blog\/wp-json\/wp\/v2\/comments?post=15101"}],"version-history":[{"count":0,"href":"https:\/\/www.visit-ulcinj.com\/blog\/wp-json\/wp\/v2\/posts\/15101\/revisions"}],"wp:attachment":[{"href":"https:\/\/www.visit-ulcinj.com\/blog\/wp-json\/wp\/v2\/media?parent=15101"}],"wp:term":[{"taxonomy":"category","embeddable":true,"href":"https:\/\/www.visit-ulcinj.com\/blog\/wp-json\/wp\/v2\/categories?post=15101"},{"taxonomy":"post_tag","embeddable":true,"href":"https:\/\/www.visit-ulcinj.com\/blog\/wp-json\/wp\/v2\/tags?post=15101"}],"curies":[{"name":"wp","href":"https:\/\/api.w.org\/{rel}","templated":true}]}}