{"id":15107,"date":"2009-03-21T12:30:46","date_gmt":"2009-03-21T11:30:46","guid":{"rendered":"http:\/\/www.visit-ulcinj.com\/blog\/?p=15107"},"modified":"2009-03-21T12:40:14","modified_gmt":"2009-03-21T11:40:14","slug":"e-dashura-e-adit-anonime-pse","status":"publish","type":"post","link":"https:\/\/www.visit-ulcinj.com\/blog\/2009\/03\/21\/e-dashura-e-adit-anonime-pse\/","title":{"rendered":"E dashura e Adit, anonime. Pse?"},"content":{"rendered":"<p><a href=\"http:\/\/www.visit-ulcinj.com\/blog\/wp-content\/uploads\/2009\/03\/adi1.jpg\"><img loading=\"lazy\" class=\"alignleft size-full wp-image-15108\" title=\"adi-big-brother-albania-2\" src=\"http:\/\/www.visit-ulcinj.com\/blog\/wp-content\/uploads\/2009\/03\/adi1.jpg\" alt=\"adi-big-brother-albania-2\" width=\"245\" height=\"300\" \/><\/a>Edhe sa koh\u00eb e dashura 25-vje\u00e7are e Adit do t\u00eb mbetet anonime? Ka dashur t\u00eb thot\u00eb pak gj\u00ebra Adi n\u00eb lidhje me t\u00eb dashur\u00ebn e tij jasht\u00eb, por duket se kjo m\u00eb shum\u00eb se d\u00ebshira e tij, \u00ebsht\u00eb zgjedhja e vajz\u00ebs me t\u00eb cil\u00ebn ai ka rr\u00ebfyer se ka disa koh\u00eb q\u00eb \u00ebsht\u00eb i lidhur. Nuk dihet pse kaq shum\u00eb heshtje nga e dashura e<br \/>\nAdit, q\u00eb kemi m\u00ebsuar se me profesion \u00ebsht\u00eb ekonomiste. Ndoshta duhet q\u00eb ajo vet\u00eb t\u00eb b\u00ebj\u00eb p\u00ebrpara dhe t\u00eb rr\u00ebfej\u00eb p\u00ebr lidhjen e tyre, q\u00eb deri tani duket pak e mistershme. Tironsi 40-vje\u00e7ar, ndoshta duke mos gjetur nj\u00eb banor moshatar apo t\u00eb besuesh\u00ebm, ka rr\u00ebfyer shum\u00eb pak edhe p\u00ebr jet\u00ebn e tij para se t\u00eb hynte n\u00eb \u201cBig Brother\u201d. Adi nuk e ka fshehur t\u00eb shkuar\u00ebn e tij, kur tregoi edhe p\u00ebr eksperienc\u00ebn e hidhur t\u00eb burgut: jo p\u00ebr izolimin, por m\u00eb shum\u00eb p\u00ebr ndjenj\u00ebn e vetmis\u00eb q\u00eb ka p\u00ebrjetuar. Atij shum\u00eb persona iu larguan pas asaj p\u00ebrvoje dhe duket se kjo gj\u00eb e ka sh\u00ebnuar jet\u00ebn e tij. Megjithat\u00eb, Adi \u00ebsht\u00eb gati t\u00eb rifilloj\u00eb dhe t\u00eb gjith\u00eb e kan\u00eb v\u00ebrejtur se ai ka vendosur t\u00eb rikthehet, duke komunikuar me ndihm\u00ebn e nj\u00eb arme q\u00eb ai e p\u00ebrdor shum\u00eb mir\u00eb, humorit. Nuk ka nj\u00eb situat\u00eb apo dialog q\u00eb Adi t\u00eb mos fus\u00eb disa batuta t\u00eb k\u00ebndshme, t\u00eb cilat\u00ec zbusin ndjesh\u00ebm edhe ato situata q\u00eb her\u00ebher\u00eb ngjajn\u00eb t\u00eb acaruara.<\/p>\n","protected":false},"excerpt":{"rendered":"<p>Edhe sa koh\u00eb e dashura 25-vje\u00e7are e Adit do t\u00eb mbetet anonime? Ka dashur t\u00eb thot\u00eb pak gj\u00ebra Adi n\u00eb lidhje me t\u00eb dashur\u00ebn e tij jasht\u00eb, por duket se kjo m\u00eb shum\u00eb se d\u00ebshira e tij, \u00ebsht\u00eb zgjedhja e vajz\u00ebs me t\u00eb cil\u00ebn ai ka rr\u00ebfyer se ka disa koh\u00eb q\u00eb \u00ebsht\u00eb i lidhur. [&hellip;]<\/p>\n","protected":false},"author":1,"featured_media":0,"comment_status":"open","ping_status":"closed","sticky":false,"template":"","format":"standard","meta":{"spay_email":"","jetpack_publicize_message":"","jetpack_is_tweetstorm":false,"jetpack_publicize_feature_enabled":true},"categories":[6502],"tags":[1414,8245,6883,6516,6712,8230,8246,6891],"jetpack_publicize_connections":[],"yoast_head":"<!-- This site is optimized with the Yoast SEO plugin v19.1 - https:\/\/yoast.com\/wordpress\/plugins\/seo\/ -->\n<title>E dashura e Adit, anonime. Pse? | Big Brother Albania 2<\/title>\n<meta name=\"description\" content=\"Big Brother Albania 2- Edhe sa koh\u00c3\u00ab e dashura 25-vje\u00c3\u00a7are e Adit do t\u00c3\u00ab mbetet anonime? Ka dashur t\u00c3\u00ab thot\u00c3\u00ab pak gj\u00c3\u00abra Adi n\u00c3\u00ab lidhje me t\u00c3\u00ab dashur\u00c3\u00abn e tij jasht\u00c3\u00ab, por duket se kjo m\u00c3\u00ab shum\u00c3\u00ab se d\u00c3\u00abshira e tij\" \/>\n<meta name=\"robots\" content=\"index, follow, max-snippet:-1, max-image-preview:large, max-video-preview:-1\" \/>\n<link rel=\"canonical\" href=\"https:\/\/www.visit-ulcinj.com\/blog\/2009\/03\/21\/e-dashura-e-adit-anonime-pse\/\" \/>\n<meta property=\"og:locale\" content=\"en_US\" \/>\n<meta property=\"og:type\" content=\"article\" \/>\n<meta property=\"og:title\" content=\"E dashura e Adit, anonime. Pse? | Big Brother Albania 2\" \/>\n<meta property=\"og:description\" content=\"Big Brother Albania 2- Edhe sa koh\u00c3\u00ab e dashura 25-vje\u00c3\u00a7are e Adit do t\u00c3\u00ab mbetet anonime? Ka dashur t\u00c3\u00ab thot\u00c3\u00ab pak gj\u00c3\u00abra Adi n\u00c3\u00ab lidhje me t\u00c3\u00ab dashur\u00c3\u00abn e tij jasht\u00c3\u00ab, por duket se kjo m\u00c3\u00ab shum\u00c3\u00ab se d\u00c3\u00abshira e tij\" \/>\n<meta property=\"og:url\" content=\"https:\/\/www.visit-ulcinj.com\/blog\/2009\/03\/21\/e-dashura-e-adit-anonime-pse\/\" \/>\n<meta property=\"og:site_name\" content=\"Lajme nga Ulqini\" \/>\n<meta property=\"article:published_time\" content=\"2009-03-21T11:30:46+00:00\" \/>\n<meta property=\"article:modified_time\" content=\"2009-03-21T11:40:14+00:00\" \/>\n<meta property=\"og:image\" content=\"http:\/\/www.visit-ulcinj.com\/blog\/wp-content\/uploads\/2009\/03\/adi1.jpg\" \/>\n<meta name=\"twitter:label1\" content=\"Written by\" \/>\n\t<meta name=\"twitter:data1\" content=\"ulqini\" \/>\n\t<meta name=\"twitter:label2\" content=\"Est. reading time\" \/>\n\t<meta name=\"twitter:data2\" content=\"1 minute\" \/>\n<script type=\"application\/ld+json\" class=\"yoast-schema-graph\">{\"@context\":\"https:\/\/schema.org\",\"@graph\":[{\"@type\":\"WebSite\",\"@id\":\"https:\/\/www.visit-ulcinj.com\/blog\/#website\",\"url\":\"https:\/\/www.visit-ulcinj.com\/blog\/\",\"name\":\"Lajme nga Ulqini\",\"description\":\"Lajme,Vijesti,Ulqini,Ulqin,Crna Gora,Mali i Zi\",\"potentialAction\":[{\"@type\":\"SearchAction\",\"target\":{\"@type\":\"EntryPoint\",\"urlTemplate\":\"https:\/\/www.visit-ulcinj.com\/blog\/?s={search_term_string}\"},\"query-input\":\"required name=search_term_string\"}],\"inLanguage\":\"en-US\"},{\"@type\":\"ImageObject\",\"inLanguage\":\"en-US\",\"@id\":\"https:\/\/www.visit-ulcinj.com\/blog\/2009\/03\/21\/e-dashura-e-adit-anonime-pse\/#primaryimage\",\"url\":\"http:\/\/www.visit-ulcinj.com\/blog\/wp-content\/uploads\/2009\/03\/adi1.jpg\",\"contentUrl\":\"http:\/\/www.visit-ulcinj.com\/blog\/wp-content\/uploads\/2009\/03\/adi1.jpg\"},{\"@type\":\"WebPage\",\"@id\":\"https:\/\/www.visit-ulcinj.com\/blog\/2009\/03\/21\/e-dashura-e-adit-anonime-pse\/#webpage\",\"url\":\"https:\/\/www.visit-ulcinj.com\/blog\/2009\/03\/21\/e-dashura-e-adit-anonime-pse\/\",\"name\":\"E dashura e Adit, anonime. Pse? | Big Brother Albania 2\",\"isPartOf\":{\"@id\":\"https:\/\/www.visit-ulcinj.com\/blog\/#website\"},\"primaryImageOfPage\":{\"@id\":\"https:\/\/www.visit-ulcinj.com\/blog\/2009\/03\/21\/e-dashura-e-adit-anonime-pse\/#primaryimage\"},\"datePublished\":\"2009-03-21T11:30:46+00:00\",\"dateModified\":\"2009-03-21T11:40:14+00:00\",\"author\":{\"@id\":\"https:\/\/www.visit-ulcinj.com\/blog\/#\/schema\/person\/dcab619c614d3038751c63bc2aadc06d\"},\"description\":\"Big Brother Albania 2- Edhe sa koh\u00c3\u00ab e dashura 25-vje\u00c3\u00a7are e Adit do t\u00c3\u00ab mbetet anonime? Ka dashur t\u00c3\u00ab thot\u00c3\u00ab pak gj\u00c3\u00abra Adi n\u00c3\u00ab lidhje me t\u00c3\u00ab dashur\u00c3\u00abn e tij jasht\u00c3\u00ab, por duket se kjo m\u00c3\u00ab shum\u00c3\u00ab se d\u00c3\u00abshira e tij\",\"breadcrumb\":{\"@id\":\"https:\/\/www.visit-ulcinj.com\/blog\/2009\/03\/21\/e-dashura-e-adit-anonime-pse\/#breadcrumb\"},\"inLanguage\":\"en-US\",\"potentialAction\":[{\"@type\":\"ReadAction\",\"target\":[\"https:\/\/www.visit-ulcinj.com\/blog\/2009\/03\/21\/e-dashura-e-adit-anonime-pse\/\"]}]},{\"@type\":\"BreadcrumbList\",\"@id\":\"https:\/\/www.visit-ulcinj.com\/blog\/2009\/03\/21\/e-dashura-e-adit-anonime-pse\/#breadcrumb\",\"itemListElement\":[{\"@type\":\"ListItem\",\"position\":1,\"name\":\"E dashura e Adit, anonime. Pse?\"}]},{\"@type\":\"Person\",\"@id\":\"https:\/\/www.visit-ulcinj.com\/blog\/#\/schema\/person\/dcab619c614d3038751c63bc2aadc06d\",\"name\":\"ulqini\",\"sameAs\":[\"http:\/\/www.visit-ulcinj.com\"],\"url\":\"https:\/\/www.visit-ulcinj.com\/blog\/author\/admin\/\"}]}<\/script>\n<!-- \/ Yoast SEO plugin. -->","yoast_head_json":{"title":"E dashura e Adit, anonime. Pse? | Big Brother Albania 2","description":"Big Brother Albania 2- Edhe sa koh\u00c3\u00ab e dashura 25-vje\u00c3\u00a7are e Adit do t\u00c3\u00ab mbetet anonime? Ka dashur t\u00c3\u00ab thot\u00c3\u00ab pak gj\u00c3\u00abra Adi n\u00c3\u00ab lidhje me t\u00c3\u00ab dashur\u00c3\u00abn e tij jasht\u00c3\u00ab, por duket se kjo m\u00c3\u00ab shum\u00c3\u00ab se d\u00c3\u00abshira e tij","robots":{"index":"index","follow":"follow","max-snippet":"max-snippet:-1","max-image-preview":"max-image-preview:large","max-video-preview":"max-video-preview:-1"},"canonical":"https:\/\/www.visit-ulcinj.com\/blog\/2009\/03\/21\/e-dashura-e-adit-anonime-pse\/","og_locale":"en_US","og_type":"article","og_title":"E dashura e Adit, anonime. Pse? | Big Brother Albania 2","og_description":"Big Brother Albania 2- Edhe sa koh\u00c3\u00ab e dashura 25-vje\u00c3\u00a7are e Adit do t\u00c3\u00ab mbetet anonime? Ka dashur t\u00c3\u00ab thot\u00c3\u00ab pak gj\u00c3\u00abra Adi n\u00c3\u00ab lidhje me t\u00c3\u00ab dashur\u00c3\u00abn e tij jasht\u00c3\u00ab, por duket se kjo m\u00c3\u00ab shum\u00c3\u00ab se d\u00c3\u00abshira e tij","og_url":"https:\/\/www.visit-ulcinj.com\/blog\/2009\/03\/21\/e-dashura-e-adit-anonime-pse\/","og_site_name":"Lajme nga Ulqini","article_published_time":"2009-03-21T11:30:46+00:00","article_modified_time":"2009-03-21T11:40:14+00:00","og_image":[{"url":"http:\/\/www.visit-ulcinj.com\/blog\/wp-content\/uploads\/2009\/03\/adi1.jpg"}],"twitter_misc":{"Written by":"ulqini","Est. reading time":"1 minute"},"schema":{"@context":"https:\/\/schema.org","@graph":[{"@type":"WebSite","@id":"https:\/\/www.visit-ulcinj.com\/blog\/#website","url":"https:\/\/www.visit-ulcinj.com\/blog\/","name":"Lajme nga Ulqini","description":"Lajme,Vijesti,Ulqini,Ulqin,Crna Gora,Mali i Zi","potentialAction":[{"@type":"SearchAction","target":{"@type":"EntryPoint","urlTemplate":"https:\/\/www.visit-ulcinj.com\/blog\/?s={search_term_string}"},"query-input":"required name=search_term_string"}],"inLanguage":"en-US"},{"@type":"ImageObject","inLanguage":"en-US","@id":"https:\/\/www.visit-ulcinj.com\/blog\/2009\/03\/21\/e-dashura-e-adit-anonime-pse\/#primaryimage","url":"http:\/\/www.visit-ulcinj.com\/blog\/wp-content\/uploads\/2009\/03\/adi1.jpg","contentUrl":"http:\/\/www.visit-ulcinj.com\/blog\/wp-content\/uploads\/2009\/03\/adi1.jpg"},{"@type":"WebPage","@id":"https:\/\/www.visit-ulcinj.com\/blog\/2009\/03\/21\/e-dashura-e-adit-anonime-pse\/#webpage","url":"https:\/\/www.visit-ulcinj.com\/blog\/2009\/03\/21\/e-dashura-e-adit-anonime-pse\/","name":"E dashura e Adit, anonime. Pse? | Big Brother Albania 2","isPartOf":{"@id":"https:\/\/www.visit-ulcinj.com\/blog\/#website"},"primaryImageOfPage":{"@id":"https:\/\/www.visit-ulcinj.com\/blog\/2009\/03\/21\/e-dashura-e-adit-anonime-pse\/#primaryimage"},"datePublished":"2009-03-21T11:30:46+00:00","dateModified":"2009-03-21T11:40:14+00:00","author":{"@id":"https:\/\/www.visit-ulcinj.com\/blog\/#\/schema\/person\/dcab619c614d3038751c63bc2aadc06d"},"description":"Big Brother Albania 2- Edhe sa koh\u00c3\u00ab e dashura 25-vje\u00c3\u00a7are e Adit do t\u00c3\u00ab mbetet anonime? Ka dashur t\u00c3\u00ab thot\u00c3\u00ab pak gj\u00c3\u00abra Adi n\u00c3\u00ab lidhje me t\u00c3\u00ab dashur\u00c3\u00abn e tij jasht\u00c3\u00ab, por duket se kjo m\u00c3\u00ab shum\u00c3\u00ab se d\u00c3\u00abshira e tij","breadcrumb":{"@id":"https:\/\/www.visit-ulcinj.com\/blog\/2009\/03\/21\/e-dashura-e-adit-anonime-pse\/#breadcrumb"},"inLanguage":"en-US","potentialAction":[{"@type":"ReadAction","target":["https:\/\/www.visit-ulcinj.com\/blog\/2009\/03\/21\/e-dashura-e-adit-anonime-pse\/"]}]},{"@type":"BreadcrumbList","@id":"https:\/\/www.visit-ulcinj.com\/blog\/2009\/03\/21\/e-dashura-e-adit-anonime-pse\/#breadcrumb","itemListElement":[{"@type":"ListItem","position":1,"name":"E dashura e Adit, anonime. Pse?"}]},{"@type":"Person","@id":"https:\/\/www.visit-ulcinj.com\/blog\/#\/schema\/person\/dcab619c614d3038751c63bc2aadc06d","name":"ulqini","sameAs":["http:\/\/www.visit-ulcinj.com"],"url":"https:\/\/www.visit-ulcinj.com\/blog\/author\/admin\/"}]}},"jetpack_featured_media_url":"","jetpack_sharing_enabled":true,"jetpack_shortlink":"https:\/\/wp.me\/pe6lTn-3VF","_links":{"self":[{"href":"https:\/\/www.visit-ulcinj.com\/blog\/wp-json\/wp\/v2\/posts\/15107"}],"collection":[{"href":"https:\/\/www.visit-ulcinj.com\/blog\/wp-json\/wp\/v2\/posts"}],"about":[{"href":"https:\/\/www.visit-ulcinj.com\/blog\/wp-json\/wp\/v2\/types\/post"}],"author":[{"embeddable":true,"href":"https:\/\/www.visit-ulcinj.com\/blog\/wp-json\/wp\/v2\/users\/1"}],"replies":[{"embeddable":true,"href":"https:\/\/www.visit-ulcinj.com\/blog\/wp-json\/wp\/v2\/comments?post=15107"}],"version-history":[{"count":0,"href":"https:\/\/www.visit-ulcinj.com\/blog\/wp-json\/wp\/v2\/posts\/15107\/revisions"}],"wp:attachment":[{"href":"https:\/\/www.visit-ulcinj.com\/blog\/wp-json\/wp\/v2\/media?parent=15107"}],"wp:term":[{"taxonomy":"category","embeddable":true,"href":"https:\/\/www.visit-ulcinj.com\/blog\/wp-json\/wp\/v2\/categories?post=15107"},{"taxonomy":"post_tag","embeddable":true,"href":"https:\/\/www.visit-ulcinj.com\/blog\/wp-json\/wp\/v2\/tags?post=15107"}],"curies":[{"name":"wp","href":"https:\/\/api.w.org\/{rel}","templated":true}]}}