{"id":15111,"date":"2009-03-21T12:43:35","date_gmt":"2009-03-21T11:43:35","guid":{"rendered":"http:\/\/www.visit-ulcinj.com\/blog\/?p=15111"},"modified":"2009-03-21T12:43:35","modified_gmt":"2009-03-21T11:43:35","slug":"reagon-e-fejuara-e-dritanit","status":"publish","type":"post","link":"https:\/\/www.visit-ulcinj.com\/blog\/2009\/03\/21\/reagon-e-fejuara-e-dritanit\/","title":{"rendered":"Reagon e fejuara e Dritanit"},"content":{"rendered":"<p><a href=\"http:\/\/www.visit-ulcinj.com\/blog\/wp-content\/uploads\/2009\/03\/dritani-dhe-e-dashura.jpg\"><img loading=\"lazy\" class=\"alignleft size-full wp-image-15110\" title=\"dritani-dhe-e-dashura-big-brother-albania-2\" src=\"http:\/\/www.visit-ulcinj.com\/blog\/wp-content\/uploads\/2009\/03\/dritani-dhe-e-dashura.jpg\" alt=\"dritani-dhe-e-dashura-big-brother-albania-2\" width=\"118\" height=\"300\" \/><\/a>E kam lexuar mendimin e Aid\u00ebs n\u00eb lidhje me Dritanin. Nuk m\u00eb ka krijuar ndonj\u00eb p\u00ebrshtypje t\u00eb ve\u00e7ant\u00eb, p\u00ebr faktin se me Dritanin, p\u00ebr shkak t\u00eb cil\u00ebsive q\u00eb ai ka, mund t\u00eb dashurohet \u00e7do fem\u00ebr\u201d. \u00cbsht\u00eb shprehur qet\u00ebsisht e fejuara e Dritanit n\u00eb lidhje me th\u00ebnien e Aid\u00ebs, se n\u00ebse \u201cDritani do t\u00eb ishte i lir\u00eb, ajo do t\u00eb ishte dashuruar me t\u00eb\u201d. Komentin lakonik, e fejuara e Dritanit e ka b\u00ebr\u00eb me nj\u00eb buz\u00ebqeshje, por edhe duke sqaruar m\u00eb tej shkakun e qet\u00ebsis\u00eb s\u00eb saj. Sipas Ev\u00ebs, ajo th\u00ebnie e Aid\u00ebs nuk p\u00ebrb\u00ebn shqet\u00ebsim. \u201cAida \u00ebsht\u00eb nj\u00eb fem\u00ebr e hapur dhe \u00ebsht\u00eb shprehur se nuk do t\u00eb hynte kurr\u00eb n\u00eb mes t\u00eb lidhjes son\u00eb. E ka shprehur vet\u00eb nj\u00eb gj\u00eb t\u00eb till\u00eb\u201d. Por siguria m\u00eb e madhe p\u00ebr Ev\u00ebn vjen nga vet\u00eb Dritani. Duke ndjekur me v\u00ebmendje bised\u00ebn mes tij dhe Aid\u00ebs n\u00eb mesnat\u00ebn e 7 marsit, Eva thot\u00eb se Dritani kishte folur pik\u00ebrisht p\u00ebr<br \/>\nt\u00eb, duke i th\u00ebn\u00eb Aid\u00ebs se, p\u00ebrve\u00e7 fest\u00ebs s\u00eb m\u00ebsuesit, ajo dit\u00eb ishe nj\u00eb fest\u00eb e tij dhe e Ev\u00ebs, pasi b\u00ebheshin<br \/>\nplot 70 muaj q\u00eb kur ishin lidhur bashk\u00eb. \u201cE prisja t\u00eb thoshte di\u00e7ka at\u00eb dit\u00eb dhe ai m\u00eb p\u00ebrmendi\u201d, thot\u00eb Eva, e cila shpjegon se lidhja e tyre matet me muaj dhe se numri 7 ka fituar nj\u00eb simbolik\u00eb t\u00eb ve\u00e7ant\u00eb n\u00eb historin\u00eb e tyre t\u00eb dashuris\u00eb.<br \/>\nPo a e priste Eva q\u00eb Dritani t\u00eb zgjidhte si kryefamiljare Aid\u00ebn? E ulur n\u00eb studion e \u201clive show\u201d-t, t\u00eb shtun\u00ebn e kaluar, teksa Dritanit i k\u00ebrkohej t\u00eb b\u00ebnte zgjedhjen e tij p\u00ebr t\u2019ia l\u00ebn\u00eb detyr\u00ebn e kryefamiljarit nj\u00ebr\u00ebs prej<br \/>\nfemrave t\u00eb sht\u00ebpis\u00eb, ajo e kishte shqiptuar vet\u00eb e para emrin e Aid\u00ebs: \u201cE dija q\u00eb Dritani do t\u00eb zgjidhte<br \/>\nAid\u00ebn, p\u00ebr shum\u00eb arsye. Dhe jo vet\u00ebm p\u00ebr ta shp\u00ebtuar nga nominimi, por p\u00ebr t\u2019i treguar Aid\u00ebs se pavar\u00ebsisht shoq\u00ebris\u00eb, fjala vjen me Adel\u00ebn, ai \u00ebsht\u00eb i drejt\u00eb n\u00eb vendimet e tij. Kryefamiljaren mund ta b\u00ebnte shum\u00eb mir\u00eb Aida, ndoshta edhe Lirita, por asnj\u00eb tjet\u00ebr p\u00ebrve\u00e7 tyre nuk do t\u00eb ishte e zonja t\u00eb drejtonte sht\u00ebpin\u00eb\u201d.<\/p>\n","protected":false},"excerpt":{"rendered":"<p>E kam lexuar mendimin e Aid\u00ebs n\u00eb lidhje me Dritanin. Nuk m\u00eb ka krijuar ndonj\u00eb p\u00ebrshtypje t\u00eb ve\u00e7ant\u00eb, p\u00ebr faktin se me Dritanin, p\u00ebr shkak t\u00eb cil\u00ebsive q\u00eb ai ka, mund t\u00eb dashurohet \u00e7do fem\u00ebr\u201d. \u00cbsht\u00eb shprehur qet\u00ebsisht e fejuara e Dritanit n\u00eb lidhje me th\u00ebnien e Aid\u00ebs, se n\u00ebse \u201cDritani do t\u00eb ishte i [&hellip;]<\/p>\n","protected":false},"author":1,"featured_media":0,"comment_status":"open","ping_status":"closed","sticky":false,"template":"","format":"standard","meta":{"spay_email":"","jetpack_publicize_message":"","jetpack_is_tweetstorm":false,"jetpack_publicize_feature_enabled":true},"categories":[6502],"tags":[6537,5057,6506,6516,6712,7129,6521,8247,6891,6693,6887],"jetpack_publicize_connections":[],"yoast_head":"<!-- This site is optimized with the Yoast SEO plugin v19.1 - https:\/\/yoast.com\/wordpress\/plugins\/seo\/ -->\n<title>Reagon e fejuara e Dritanit | Big Brother Albania 2<\/title>\n<meta name=\"description\" content=\"Big Brother Albania 2 - E kam lexuar mendimin e Aid\u00c3\u00abs n\u00c3\u00ab lidhje me Dritanin. Nuk m\u00c3\u00ab ka krijuar ndonj\u00c3\u00ab p\u00c3\u00abrshtypje t\u00c3\u00ab ve\u00c3\u00a7ant\u00c3\u00ab, p\u00c3\u00abr faktin se me Dritanin\" \/>\n<meta name=\"robots\" content=\"index, follow, max-snippet:-1, max-image-preview:large, max-video-preview:-1\" \/>\n<link rel=\"canonical\" href=\"https:\/\/www.visit-ulcinj.com\/blog\/2009\/03\/21\/reagon-e-fejuara-e-dritanit\/\" \/>\n<meta property=\"og:locale\" content=\"en_US\" \/>\n<meta property=\"og:type\" content=\"article\" \/>\n<meta property=\"og:title\" content=\"Reagon e fejuara e Dritanit | Big Brother Albania 2\" \/>\n<meta property=\"og:description\" content=\"Big Brother Albania 2 - E kam lexuar mendimin e Aid\u00c3\u00abs n\u00c3\u00ab lidhje me Dritanin. Nuk m\u00c3\u00ab ka krijuar ndonj\u00c3\u00ab p\u00c3\u00abrshtypje t\u00c3\u00ab ve\u00c3\u00a7ant\u00c3\u00ab, p\u00c3\u00abr faktin se me Dritanin\" \/>\n<meta property=\"og:url\" content=\"https:\/\/www.visit-ulcinj.com\/blog\/2009\/03\/21\/reagon-e-fejuara-e-dritanit\/\" \/>\n<meta property=\"og:site_name\" content=\"Lajme nga Ulqini\" \/>\n<meta property=\"article:published_time\" content=\"2009-03-21T11:43:35+00:00\" \/>\n<meta property=\"og:image\" content=\"http:\/\/www.visit-ulcinj.com\/blog\/wp-content\/uploads\/2009\/03\/dritani-dhe-e-dashura.jpg\" \/>\n<meta name=\"twitter:label1\" content=\"Written by\" \/>\n\t<meta name=\"twitter:data1\" content=\"ulqini\" \/>\n\t<meta name=\"twitter:label2\" content=\"Est. reading time\" \/>\n\t<meta name=\"twitter:data2\" content=\"2 minutes\" \/>\n<script type=\"application\/ld+json\" class=\"yoast-schema-graph\">{\"@context\":\"https:\/\/schema.org\",\"@graph\":[{\"@type\":\"WebSite\",\"@id\":\"https:\/\/www.visit-ulcinj.com\/blog\/#website\",\"url\":\"https:\/\/www.visit-ulcinj.com\/blog\/\",\"name\":\"Lajme nga Ulqini\",\"description\":\"Lajme,Vijesti,Ulqini,Ulqin,Crna Gora,Mali i Zi\",\"potentialAction\":[{\"@type\":\"SearchAction\",\"target\":{\"@type\":\"EntryPoint\",\"urlTemplate\":\"https:\/\/www.visit-ulcinj.com\/blog\/?s={search_term_string}\"},\"query-input\":\"required name=search_term_string\"}],\"inLanguage\":\"en-US\"},{\"@type\":\"ImageObject\",\"inLanguage\":\"en-US\",\"@id\":\"https:\/\/www.visit-ulcinj.com\/blog\/2009\/03\/21\/reagon-e-fejuara-e-dritanit\/#primaryimage\",\"url\":\"http:\/\/www.visit-ulcinj.com\/blog\/wp-content\/uploads\/2009\/03\/dritani-dhe-e-dashura.jpg\",\"contentUrl\":\"http:\/\/www.visit-ulcinj.com\/blog\/wp-content\/uploads\/2009\/03\/dritani-dhe-e-dashura.jpg\"},{\"@type\":\"WebPage\",\"@id\":\"https:\/\/www.visit-ulcinj.com\/blog\/2009\/03\/21\/reagon-e-fejuara-e-dritanit\/#webpage\",\"url\":\"https:\/\/www.visit-ulcinj.com\/blog\/2009\/03\/21\/reagon-e-fejuara-e-dritanit\/\",\"name\":\"Reagon e fejuara e Dritanit | Big Brother Albania 2\",\"isPartOf\":{\"@id\":\"https:\/\/www.visit-ulcinj.com\/blog\/#website\"},\"primaryImageOfPage\":{\"@id\":\"https:\/\/www.visit-ulcinj.com\/blog\/2009\/03\/21\/reagon-e-fejuara-e-dritanit\/#primaryimage\"},\"datePublished\":\"2009-03-21T11:43:35+00:00\",\"dateModified\":\"2009-03-21T11:43:35+00:00\",\"author\":{\"@id\":\"https:\/\/www.visit-ulcinj.com\/blog\/#\/schema\/person\/dcab619c614d3038751c63bc2aadc06d\"},\"description\":\"Big Brother Albania 2 - E kam lexuar mendimin e Aid\u00c3\u00abs n\u00c3\u00ab lidhje me Dritanin. Nuk m\u00c3\u00ab ka krijuar ndonj\u00c3\u00ab p\u00c3\u00abrshtypje t\u00c3\u00ab ve\u00c3\u00a7ant\u00c3\u00ab, p\u00c3\u00abr faktin se me Dritanin\",\"breadcrumb\":{\"@id\":\"https:\/\/www.visit-ulcinj.com\/blog\/2009\/03\/21\/reagon-e-fejuara-e-dritanit\/#breadcrumb\"},\"inLanguage\":\"en-US\",\"potentialAction\":[{\"@type\":\"ReadAction\",\"target\":[\"https:\/\/www.visit-ulcinj.com\/blog\/2009\/03\/21\/reagon-e-fejuara-e-dritanit\/\"]}]},{\"@type\":\"BreadcrumbList\",\"@id\":\"https:\/\/www.visit-ulcinj.com\/blog\/2009\/03\/21\/reagon-e-fejuara-e-dritanit\/#breadcrumb\",\"itemListElement\":[{\"@type\":\"ListItem\",\"position\":1,\"name\":\"Reagon e fejuara e Dritanit\"}]},{\"@type\":\"Person\",\"@id\":\"https:\/\/www.visit-ulcinj.com\/blog\/#\/schema\/person\/dcab619c614d3038751c63bc2aadc06d\",\"name\":\"ulqini\",\"sameAs\":[\"http:\/\/www.visit-ulcinj.com\"],\"url\":\"https:\/\/www.visit-ulcinj.com\/blog\/author\/admin\/\"}]}<\/script>\n<!-- \/ Yoast SEO plugin. -->","yoast_head_json":{"title":"Reagon e fejuara e Dritanit | Big Brother Albania 2","description":"Big Brother Albania 2 - E kam lexuar mendimin e Aid\u00c3\u00abs n\u00c3\u00ab lidhje me Dritanin. Nuk m\u00c3\u00ab ka krijuar ndonj\u00c3\u00ab p\u00c3\u00abrshtypje t\u00c3\u00ab ve\u00c3\u00a7ant\u00c3\u00ab, p\u00c3\u00abr faktin se me Dritanin","robots":{"index":"index","follow":"follow","max-snippet":"max-snippet:-1","max-image-preview":"max-image-preview:large","max-video-preview":"max-video-preview:-1"},"canonical":"https:\/\/www.visit-ulcinj.com\/blog\/2009\/03\/21\/reagon-e-fejuara-e-dritanit\/","og_locale":"en_US","og_type":"article","og_title":"Reagon e fejuara e Dritanit | Big Brother Albania 2","og_description":"Big Brother Albania 2 - E kam lexuar mendimin e Aid\u00c3\u00abs n\u00c3\u00ab lidhje me Dritanin. Nuk m\u00c3\u00ab ka krijuar ndonj\u00c3\u00ab p\u00c3\u00abrshtypje t\u00c3\u00ab ve\u00c3\u00a7ant\u00c3\u00ab, p\u00c3\u00abr faktin se me Dritanin","og_url":"https:\/\/www.visit-ulcinj.com\/blog\/2009\/03\/21\/reagon-e-fejuara-e-dritanit\/","og_site_name":"Lajme nga Ulqini","article_published_time":"2009-03-21T11:43:35+00:00","og_image":[{"url":"http:\/\/www.visit-ulcinj.com\/blog\/wp-content\/uploads\/2009\/03\/dritani-dhe-e-dashura.jpg"}],"twitter_misc":{"Written by":"ulqini","Est. reading time":"2 minutes"},"schema":{"@context":"https:\/\/schema.org","@graph":[{"@type":"WebSite","@id":"https:\/\/www.visit-ulcinj.com\/blog\/#website","url":"https:\/\/www.visit-ulcinj.com\/blog\/","name":"Lajme nga Ulqini","description":"Lajme,Vijesti,Ulqini,Ulqin,Crna Gora,Mali i Zi","potentialAction":[{"@type":"SearchAction","target":{"@type":"EntryPoint","urlTemplate":"https:\/\/www.visit-ulcinj.com\/blog\/?s={search_term_string}"},"query-input":"required name=search_term_string"}],"inLanguage":"en-US"},{"@type":"ImageObject","inLanguage":"en-US","@id":"https:\/\/www.visit-ulcinj.com\/blog\/2009\/03\/21\/reagon-e-fejuara-e-dritanit\/#primaryimage","url":"http:\/\/www.visit-ulcinj.com\/blog\/wp-content\/uploads\/2009\/03\/dritani-dhe-e-dashura.jpg","contentUrl":"http:\/\/www.visit-ulcinj.com\/blog\/wp-content\/uploads\/2009\/03\/dritani-dhe-e-dashura.jpg"},{"@type":"WebPage","@id":"https:\/\/www.visit-ulcinj.com\/blog\/2009\/03\/21\/reagon-e-fejuara-e-dritanit\/#webpage","url":"https:\/\/www.visit-ulcinj.com\/blog\/2009\/03\/21\/reagon-e-fejuara-e-dritanit\/","name":"Reagon e fejuara e Dritanit | Big Brother Albania 2","isPartOf":{"@id":"https:\/\/www.visit-ulcinj.com\/blog\/#website"},"primaryImageOfPage":{"@id":"https:\/\/www.visit-ulcinj.com\/blog\/2009\/03\/21\/reagon-e-fejuara-e-dritanit\/#primaryimage"},"datePublished":"2009-03-21T11:43:35+00:00","dateModified":"2009-03-21T11:43:35+00:00","author":{"@id":"https:\/\/www.visit-ulcinj.com\/blog\/#\/schema\/person\/dcab619c614d3038751c63bc2aadc06d"},"description":"Big Brother Albania 2 - E kam lexuar mendimin e Aid\u00c3\u00abs n\u00c3\u00ab lidhje me Dritanin. Nuk m\u00c3\u00ab ka krijuar ndonj\u00c3\u00ab p\u00c3\u00abrshtypje t\u00c3\u00ab ve\u00c3\u00a7ant\u00c3\u00ab, p\u00c3\u00abr faktin se me Dritanin","breadcrumb":{"@id":"https:\/\/www.visit-ulcinj.com\/blog\/2009\/03\/21\/reagon-e-fejuara-e-dritanit\/#breadcrumb"},"inLanguage":"en-US","potentialAction":[{"@type":"ReadAction","target":["https:\/\/www.visit-ulcinj.com\/blog\/2009\/03\/21\/reagon-e-fejuara-e-dritanit\/"]}]},{"@type":"BreadcrumbList","@id":"https:\/\/www.visit-ulcinj.com\/blog\/2009\/03\/21\/reagon-e-fejuara-e-dritanit\/#breadcrumb","itemListElement":[{"@type":"ListItem","position":1,"name":"Reagon e fejuara e Dritanit"}]},{"@type":"Person","@id":"https:\/\/www.visit-ulcinj.com\/blog\/#\/schema\/person\/dcab619c614d3038751c63bc2aadc06d","name":"ulqini","sameAs":["http:\/\/www.visit-ulcinj.com"],"url":"https:\/\/www.visit-ulcinj.com\/blog\/author\/admin\/"}]}},"jetpack_featured_media_url":"","jetpack_sharing_enabled":true,"jetpack_shortlink":"https:\/\/wp.me\/pe6lTn-3VJ","_links":{"self":[{"href":"https:\/\/www.visit-ulcinj.com\/blog\/wp-json\/wp\/v2\/posts\/15111"}],"collection":[{"href":"https:\/\/www.visit-ulcinj.com\/blog\/wp-json\/wp\/v2\/posts"}],"about":[{"href":"https:\/\/www.visit-ulcinj.com\/blog\/wp-json\/wp\/v2\/types\/post"}],"author":[{"embeddable":true,"href":"https:\/\/www.visit-ulcinj.com\/blog\/wp-json\/wp\/v2\/users\/1"}],"replies":[{"embeddable":true,"href":"https:\/\/www.visit-ulcinj.com\/blog\/wp-json\/wp\/v2\/comments?post=15111"}],"version-history":[{"count":0,"href":"https:\/\/www.visit-ulcinj.com\/blog\/wp-json\/wp\/v2\/posts\/15111\/revisions"}],"wp:attachment":[{"href":"https:\/\/www.visit-ulcinj.com\/blog\/wp-json\/wp\/v2\/media?parent=15111"}],"wp:term":[{"taxonomy":"category","embeddable":true,"href":"https:\/\/www.visit-ulcinj.com\/blog\/wp-json\/wp\/v2\/categories?post=15111"},{"taxonomy":"post_tag","embeddable":true,"href":"https:\/\/www.visit-ulcinj.com\/blog\/wp-json\/wp\/v2\/tags?post=15111"}],"curies":[{"name":"wp","href":"https:\/\/api.w.org\/{rel}","templated":true}]}}