{"id":15137,"date":"2009-03-21T16:32:40","date_gmt":"2009-03-21T15:32:40","guid":{"rendered":"http:\/\/www.visit-ulcinj.com\/blog\/?p=15137"},"modified":"2009-03-21T16:32:40","modified_gmt":"2009-03-21T15:32:40","slug":"arbana-osmani-ju-sfidoj-te-gjitheve","status":"publish","type":"post","link":"https:\/\/www.visit-ulcinj.com\/blog\/2009\/03\/21\/arbana-osmani-ju-sfidoj-te-gjitheve\/","title":{"rendered":"Arbana Osmani: Ju sfidoj t\u00eb gjith\u00ebve.."},"content":{"rendered":"<p><a href=\"http:\/\/www.visit-ulcinj.com\/blog\/wp-content\/uploads\/2009\/03\/arbana-osmani.jpg\"><img loading=\"lazy\" class=\"alignleft size-full wp-image-15138\" title=\"arbana-osmani\" src=\"http:\/\/www.visit-ulcinj.com\/blog\/wp-content\/uploads\/2009\/03\/arbana-osmani.jpg\" alt=\"arbana-osmani\" width=\"570\" height=\"370\" \/><\/a>Bionde si kukulla dhe ish-mise me k\u00ebmb\u00ebt kilometrike. Prezantuese t\u00eb vjetra dhe ato q\u00eb sapo v\u00ebn\u00eb k\u00ebmb\u00eb n\u00eb televizione. \u201cSi\u00e7 i kam prezantuar un\u00eb ato programe, nuk do ta b\u00ebnte askush tjet\u00ebr\u201d, tregon Arbana Osmani n\u00eb nj\u00eb rr\u00ebfim aspak modest. Ama t\u00eb p\u00ebrligjur: e kush do ishte me k\u00ebmb\u00eb n\u00eb tok\u00eb n\u00ebse do pushtonte ekranin m\u00eb t\u00eb lakmuar n\u00eb vend?!<br \/>\nTakimi me t\u00eb nuk \u00ebsht\u00eb edhe aq i thjesht\u00eb. Jo sepse Arbana \u00ebsht\u00eb nj\u00eb vajz\u00eb e pasjellshme apo m\u00eb keq akoma sepse i p\u00eblqen t\u00eb b\u00ebj\u00eb t\u00eb r\u00ebnd\u00ebsishmen, si shumica e personazheve t\u00eb njohur, por sepse e ka thuajse t\u00eb pamundur t\u00eb gjej\u00eb nj\u00eb xhep koh\u00eb p\u00ebr t\u00eb na takuar. Emisioni n\u00eb radio, provat p\u00ebr \u201cSuper Model\u201d, pastaj provat p\u00ebr \u201cE diell\u201d, pastaj nj\u00eb reklam\u00eb, pastaj&#8230; \u00cbsht\u00eb gjat\u00eb gjith\u00eb koh\u00ebs n\u00eb l\u00ebvizje. Bashk\u00eb me \u201cBig Brother 2\u201d, q\u00eb do t\u00eb filloj\u00eb s\u00eb shpejti, t\u00eb gjith\u00eb spektaklet m\u00eb t\u00eb r\u00ebnd\u00ebsish\u00ebm n\u00eb \u201cTop Channel\u201d jan\u00eb n\u00eb duart e Arban\u00ebs. Mos Top-i \u00ebsht\u00eb n\u00eb kriz\u00eb me prezantueset, q\u00eb i paskan besuar asaj projektet m\u00eb t\u00eb m\u00ebdha?! Apo Arbana qenka kaq e paz\u00ebvend\u00ebsueshme?! Quajeni si t\u00eb doni, p\u00ebrfundimi ngelet po ai: Arbana Osmani ka pushtuar nj\u00eb nga ekranet m\u00eb t\u00eb m\u00ebdhenj televiziv\u00eb dhe i ka sfiduar t\u00eb gjith\u00eb, sidomos ata q\u00eb nuk kan\u00eb besuar kurr\u00eb se ajo vajza imcake q\u00eb s\u2019ta mbushte syrin do t\u00eb b\u00ebhej nj\u00eb dit\u00eb nj\u00eb nga prezantueset m\u00eb t\u00eb fuqishme, q\u00eb do t\u2019u rr\u00ebmbente kolegeve t\u00eb saj t\u00eb gjitha skenat e spektakleve m\u00eb t\u00eb reja q\u00eb kan\u00eb thithur audienc\u00ebn m\u00eb t\u00eb madhe e do t\u00eb thyente ca rregulla t\u00eb pashkruara, sipas t\u00eb cilave harroje se mund t\u00eb b\u00ebhesh prezantuese pa qen\u00eb s\u00eb paku nj\u00eb e tet\u00ebdhjet\u00eb e pa pasur ca forma trupore t\u00eb hatashme. Ajo nuk ka as nj\u00ebr\u00ebn e as tjetr\u00ebn. As k\u00ebmb\u00ebt kilometrike, as buz\u00ebt mishtore, as flok\u00ebt e verdh\u00eb e as syt\u00eb e kalt\u00ebr. Ia ka dal\u00eb mban\u00eb edhe pa t\u00eb gjitha k\u00ebto. Edhe pse p\u00ebrvoja ka treguar krejt t\u00eb kund\u00ebrt\u00ebn: se pa ato format trupore, m\u00eb mir\u00eb zgjidh nj\u00eb profesion tjet\u00ebr, edhe pse mund t\u00eb jesh e shkath\u00ebt, edhe pse mund t\u00eb flas\u00ebsh rrjedhsh\u00ebm, edhe pse mund t\u00eb kesh p\u00ebrvoj\u00eb radiofonike t\u00eb gjat\u00eb&#8230; Kamera \u00ebsht\u00eb tjet\u00ebr gj\u00eb. T\u00eb do t\u00eb bukur. A nuk ishte edhe Alketa Vejsiu nj\u00eb prezantuese shum\u00eb e mir\u00eb? A nuk kishte p\u00ebrvoj\u00ebn disavje\u00e7are n\u00eb radio dhe ishte kthyer n\u00eb imazhin e \u201cTop Albania\u201d-s? Ama dalja n\u00eb ekran (me gjith\u00eb mb\u00ebshtetjen e pakursyer t\u00eb Vera Grabock\u00ebs) e detyroi t\u00eb kalonte m\u00eb par\u00eb nga kirurgu estetik, t\u00eb limonte kurrizin e hund\u00ebs, t\u00eb b\u00ebhej bionde e m\u00eb pas t\u2019ia niste nj\u00eb karriere p\u00ebr s\u00eb mbari. Ekzakt\u00ebsisht nga e nj\u00ebjta studio radiofonike ka dal\u00eb edhe Arbana Osmani, duke kaluar n\u00ebp\u00ebr t\u00eb nj\u00ebjtat emisione e duke u njohur s\u00eb pari p\u00ebr z\u00ebrin (q\u00eb tani e p\u00ebrdor n\u00eb disa reklama) e m\u00eb pas duke u shfaqur pak nga pak n\u00eb ekran, fillimisht me emisionin \u201cSelect\u201d e m\u00eb pas me t\u00eb gjitha edicionet e \u201cTop Fest\u201d-it. Ashtu si\u00e7 qe, pa u p\u00ebrpjekur t\u00eb dukej ndryshe nga \u00e7\u2019ishte. E duket se nj\u00eb gj\u00eb t\u00eb till\u00eb nuk ka nd\u00ebr mend ta b\u00ebj\u00eb as tani. As t\u00eb ndryshoj\u00eb vazhdimisht ngjyr\u00ebn e flok\u00ebve, as t\u00eb fryj\u00eb buz\u00ebt e as t\u00eb b\u00ebj\u00eb ndonj\u00eb ndryshim tjet\u00ebr, qoft\u00eb edhe t\u00eb vock\u00ebl fare.<\/p>\n<p><strong>Pse?<\/strong><br \/>\nSepse mua m\u00eb p\u00eblqen vetja, sepse k\u00ebshtu me duan njer\u00ebzit e mi m\u00eb t\u00eb dashur, sepse e ndiej se k\u00ebshtu m\u00eb duan edhe ata q\u00eb nuk i njoh. Pastaj ca komplekse nuk i njoh fare. P\u00ebr mua ka r\u00ebnd\u00ebsi vet\u00ebm kjo: q\u00eb autor\u00ebt e programeve m\u00eb kan\u00eb besuar disa nga spektaklet m\u00eb t\u00eb r\u00ebnd\u00ebsishme dhe mendoj se ua kam shp\u00ebrblyer besimin.<\/p>\n<p><strong>Nuk t\u00eb ka shkuar ndonj\u00ebher\u00eb nd\u00ebr mend t\u00eb ndryshosh?<\/strong><br \/>\nJo, asnj\u00ebher\u00eb, dhe as besoj se do m\u00eb shkoj\u00eb ndonj\u00ebher\u00eb. Un\u00eb nuk besoj se ekrani do njer\u00ebz t\u00eb nd\u00ebrtuar. Ekrani do njer\u00ebz natyral\u00eb e mbi t\u00eb gjitha t\u00eb lexuar e t\u00eb aft\u00eb.<\/p>\n<p><strong>Po t\u00eb tjer\u00ebt ta kan\u00eb k\u00ebshilluar ndryshimin?<\/strong><br \/>\nM\u00eb ka ndodhur shpesh t\u00eb m\u00eb propozojn\u00eb nj\u00eb nd\u00ebrhyrje q\u00eb do t\u00eb m\u2019i b\u00ebnte buz\u00ebt m\u00eb t\u00eb plota apo gj\u00ebra t\u00eb tjera, por nuk kam pranuar. Ndihem kaq mir\u00eb k\u00ebshtu dhe pa gjat\u00ebsin\u00eb 1.80, edhe pa format perfekte trupore. Pa pasur asnj\u00ebr\u00ebn prej tyre, kam arritur at\u00eb q\u00eb kam dashur gjithmon\u00eb. Megjithat\u00eb kjo nuk do t\u00eb thot\u00eb se nuk kujdesem p\u00ebr veten.<\/p>\n<p><strong>Si kujdesesh?<\/strong><br \/>\nP\u00ebr shembull b\u00ebj palest\u00ebr. Edhe pse jo shum\u00eb e rregullt, p\u00ebrpiqem q\u00eb t\u00eb shkoj t\u00eb pakt\u00ebn dy her\u00eb n\u00eb jav\u00eb. B\u00ebj kujdes me ushqimin.<\/p>\n<p><strong>Q\u00eb do t\u00eb thot\u00eb?<\/strong><br \/>\nQ\u00eb do t\u00eb thot\u00eb sa m\u00eb shum\u00eb ushqime t\u00eb sh\u00ebndetshme t\u00eb tipit: sallat\u00eb, sup\u00eb, rizoto, q\u00eb zakonisht m\u00eb p\u00eblqen q\u00eb t\u2019i gatuaj edhe vet\u00eb, dhe u rri larg fast food-eve. E shkel ndonj\u00ebher\u00eb me ver\u00ebn, po&#8230;<\/p>\n<p><strong>Po qendrat estetike i frekuenton?<\/strong><br \/>\nAh, ato jo. M\u00ebrzitem shpejt dhe nuk kam nerva t\u00eb rri me or\u00eb t\u00eb t\u00ebra duke humbur koh\u00ebn me gj\u00ebra t\u00eb kota. Edhe thonjt\u00eb i lyej vet\u00eb n\u00eb sht\u00ebpi.<br \/>\n<strong><br \/>\nPo p\u00ebr sa i p\u00ebrket veshjes?<\/strong><br \/>\nKam fatin e mir\u00eb q\u00eb shoqja ime e ngusht\u00eb Rovena \u00ebsht\u00eb drejtore artistike e \u201cTop Channel\u201d-it. \u00cbsht\u00eb ajo q\u00eb kujdeset p\u00ebr veshjen time t\u00eb sken\u00ebs apo q\u00eb m\u00eb kujton t\u00eb lyej flok\u00ebt se m\u00eb ka dal\u00eb rr\u00ebnja duke m\u00eb njohur mir\u00eb e duke e ditur se pas detajeve t\u00eb tilla un\u00eb nuk jam shum\u00eb e v\u00ebmendshme.<\/p>\n<p><strong>Kush t\u00eb ka ndihmuar p\u00ebr t\u2019u b\u00ebr\u00eb prezantuese?<\/strong><br \/>\nAskush. Aq m\u00eb pak prind\u00ebrit e mi, q\u00eb s\u2019kan\u00eb pasur kurrfar\u00eb lidhje me radion apo televizionin. Gjith\u00e7ka e kam arritur vet\u00eb.<\/p>\n<p><strong>Si?<\/strong><br \/>\nPo ja, fillimisht trokita n\u00eb der\u00ebn e \u201cTop Albania Radio\u201d-s dhe k\u00ebrkova q\u00eb t\u00eb pun\u00ebsohesha aty si prezantuese e ndonj\u00eb emisioni. Dija vet\u00ebm kaq q\u00eb doja t\u00eb punoja aty. Kisha me vete pasionin dhe guximin p\u00ebr t\u2019i th\u00ebn\u00eb gj\u00ebrat ashtu si\u00e7 m\u00eb vinte.<br \/>\n<strong><br \/>\n\u00c7far\u00eb gj\u00ebrash?<\/strong><br \/>\nGj\u00ebra q\u00eb mund t\u00eb thot\u00eb nj\u00eb vajz\u00eb e vog\u00ebl. P\u00ebr shembull, kur kam hyr\u00eb p\u00ebr her\u00eb t\u00eb par\u00eb n\u00eb studio, kam th\u00ebn\u00eb: kjo perdja s\u2019m\u00eb p\u00eblqen fare. As Alketa s\u2019m\u00eb p\u00eblqen. N\u00eb fakt mua as radioja nuk m\u00eb t\u00ebrhiqte si\u00e7 m\u00eb t\u00ebrhiqte televizioni.<\/p>\n<p><strong>Por k\u00ebt\u00eb nuk e the, apo jo?<\/strong><br \/>\nJo, sepse radioja do t\u00eb m\u00eb ndihmonte p\u00ebr t\u00eb arritur televizionin dhe p\u00ebr t\u2019u b\u00ebr\u00eb prezantuese televizive. Sepse e kisha ndar\u00eb mendjen q\u00ebkur b\u00ebja spektaklet n\u00ebp\u00ebr shkall\u00ebt e pallatit, t\u00eb cilat i organizoja vet\u00eb, i prezantoja vet\u00eb dhe i fitoja po vet\u00eb, se nj\u00eb dit\u00eb do arrija t\u00eb b\u00ebhesha prezantuese prej v\u00ebrteti.<\/p>\n<p><strong>Po k\u00ebt\u00eb \u00ebnd\u00ebrr mund ta ken\u00eb me mij\u00ebra vajza t\u00eb vogla q\u00eb b\u00ebjn\u00eb spektakle me shoqet n\u00ebp\u00ebr shkall\u00ebt e pallatit&#8230;<\/strong><br \/>\nE v\u00ebrtet\u00eb, por p\u00ebr mua ishte nj\u00eb plan q\u00eb un\u00eb kisha vendosur ta realizoja me \u00e7do kusht, sepse e ndieja q\u00eb isha e aft\u00eb, nuk kisha pik\u00ebn e droj\u00ebs t\u2019i dilja kamer\u00ebs p\u00ebrpara. Por para se t\u00eb ndodhte kjo, m\u00eb duhej n\u00eb fillim radioja, q\u00eb do t\u00eb m\u00eb ndihmonte p\u00ebr t\u00eb arritur aty ku doja. Si fillim nisa t\u00eb prezantoja hit paradat e k\u00ebng\u00ebve e m\u00eb pas m\u2019u besua \u201cGoodmorning Albania\u201d.<\/p>\n<p><strong>E megjithat\u00eb dikush ka besuar tek ty.<\/strong><br \/>\nPo, sigurisht. Pa besimin e Bojken Lakos, un\u00eb nuk do isha k\u00ebtu ku jam. Dhe jo vet\u00ebm t\u00eb tij. Jeta \u00ebsht\u00eb treguar shum\u00eb bujare me mua. P\u00ebrve\u00e7 Bojkenit, dy njer\u00ebz q\u00eb kan\u00eb besuar gjithmon\u00eb tek un\u00eb dhe q\u00eb m\u00eb frym\u00ebzojn\u00eb vazhdimisht jan\u00eb Rovena (kostumografia dhe mikesha ime m\u00eb e mir\u00eb) dhe i dashuri im. E megjithat\u00eb, kur e mendoj shpesh, m\u00eb vjen \u00e7udi se si Bojkeni besoi tek un\u00eb.<\/p>\n<p><strong>Kishte ndonj\u00eb arsye p\u00ebr t\u00eb mos besuar tek ti?<\/strong><br \/>\nUn\u00eb isha nj\u00eb \u00e7erre q\u00eb nuk dija t\u00eb artikuloja mir\u00eb, e veshur keq dhe mendoja se arma m\u00eb e fuqishme q\u00eb kisha ishin gjuh\u00ebt e huaja q\u00eb dija. N\u00eb at\u00eb koh\u00eb as un\u00eb nuk do t\u2019i kisha besuar vetes.<\/p>\n<p><strong>Po tani?<\/strong><br \/>\nTani gj\u00ebrat jan\u00eb krejt ndryshe. Kam p\u00ebrvoj\u00ebn e shum\u00eb viteve dhe nj\u00eb list\u00eb programesh t\u00eb realizuara jo vet\u00ebm si prezantuese. Sepse kam k\u00ebrkuar gjithmon\u00eb t\u00eb jem n\u00eb brend\u00ebsi t\u00eb programit q\u00eb kam prezantuar dhe nuk kam qen\u00eb asnj\u00ebher\u00eb nj\u00eb prezantuese edhe kaq. N\u00eb \u201cSuper Model\u201d jam edhe prezantuese, edhe koordinatore; n\u00eb \u201cTop Fest\u201d edhe prezantuese dhe as. regjisore; n\u00eb \u201cBig Brother\u201d edhe prezantuese, edhe autore.<\/p>\n<p><strong>Mendon se ia ke z\u00ebn\u00eb rrug\u00ebn ndonj\u00eb prej kolegeve t\u00eb tua?<\/strong><br \/>\nMua dhe kolegeve t\u00eb mia shanset na u jan\u00eb dh\u00ebn\u00eb t\u00eb barabarta, n\u00eb mos atyre m\u00eb shum\u00eb. N\u00eb \u201cTop Fest 1\u201d u zgjodh Evis Mula si prezantuese kryesore dhe un\u00eb si dyt\u00ebsore. Dhe n\u00eb fund, n\u00eb finale shkova un\u00eb n\u00eb t\u00eb gjitha edicionet. M\u00eb pas un\u00eb pak pasur n\u00eb krah prezantues t\u00eb tjer\u00eb t\u00eb rinj shum\u00eb t\u00eb aft\u00eb, por ishte figura ime q\u00eb u identifikua me \u201cTop Fest\u201d-in dhe jo vet\u00ebm me t\u00eb, por me \u00e7do program tjet\u00ebr muzikor n\u00eb \u201cTop Channel\u201d. Po t\u00eb kisha dashur t\u2019i kisha z\u00ebn\u00eb rrug\u00ebn njeriu, un\u00eb nuk do isha larguar nga \u201cTop Fest\u201d-i, as nga \u201cSelect\u201d-i, as nga \u201cTop Show\u201d muzikor, por gjithmon\u00eb kam dashur t\u00eb eksperimentoj n\u00eb programe t\u00eb reja dhe t\u2019u l\u00eb shansin prezantuesve t\u00eb rinj t\u00eb gjenerojn\u00eb ide t\u00eb reja dhe forma t\u00eb ndryshme prezantimi. Dhe, ma lejoni munges\u00ebn e modestis\u00eb, n\u00eb at\u00eb koh\u00eb q\u00eb jan\u00eb b\u00ebr\u00eb, askush nuk do t\u2019i kishte prezantuar m\u00eb mir\u00eb se un\u00eb asnj\u00eb nga k\u00ebto programe.<br \/>\n<strong><br \/>\nShum\u00ebkush k\u00ebrkon t\u00eb arrij\u00eb at\u00eb q\u00eb ke arritur ti. Ka edhe nga ata q\u00eb gjejn\u00eb plot m\u00ebnyra p\u00ebr t\u2019ia arritur qoft\u00eb edhe me ndonj\u00eb prapasken\u00eb. Sa her\u00eb t\u00eb kan\u00eb thurur intriga?<\/strong><br \/>\nNdoshta kjo q\u00eb do them mund t\u00eb duket mendjemadh\u00ebsi, por m\u00eb beso, nuk \u00ebsht\u00eb ashtu aspak. E kam filluar profesionin tim q\u00eb e vog\u00ebl fare dhe jam rritur k\u00ebtyre korridoreve. Nuk ma hedh dot njeri.<\/p>\n<p><strong>Po prezanton me Adi Krast\u00ebn. \u00c7\u2019do t\u00eb thot\u00eb p\u00ebr ty?<\/strong><br \/>\nSigurisht q\u00eb kjo \u00ebsht\u00eb di\u00e7ka q\u00eb m\u00eb p\u00eblqen ve\u00e7an\u00ebrisht. Kam shum\u00eb p\u00ebr t\u00eb m\u00ebsuar prej tij.<\/p>\n<p><strong>Nuk ke frik\u00eb se mos p\u00ebrfundon duke b\u00ebr\u00eb rolin e kukull\u00ebs?<\/strong><br \/>\nJo. Sepse un\u00eb nuk jam kukull. Sepse Krasta nuk m\u00eb trajton si t\u00eb till\u00eb. Pastaj un\u00eb nuk e kam luajtur ndonj\u00ebher\u00eb k\u00ebt\u00eb rol kur kam prezantuar me partner\u00eb n\u00eb sken\u00eb.<\/p>\n<p><strong>Pse kaq e fshehur?<\/strong><br \/>\nSepse jeta ime \u00ebsht\u00eb jeta ime \u2013 nuk m\u00eb ka p\u00eblqyer p\u00ebr asnj\u00eb moment ta b\u00ebj publike, sidomos p\u00ebr hir t\u00eb njer\u00ebzve t\u00eb mi t\u00eb dashur.<\/p>\n<p><strong>\u00cbsht\u00eb e v\u00ebrtet\u00eb q\u00eb je e martuar?<\/strong><br \/>\nKjo nuk ka kurrfar\u00eb r\u00ebnd\u00ebsie. Un\u00eb jam e dashuruar. Un\u00eb bashk\u00ebjetoj q\u00eb prej 7 vjet\u00ebsh me t\u00eb dashurin tim.<br \/>\nBashk\u00ebjetesa \u00ebsht\u00eb tjet\u00ebr gj\u00eb dhe martesa \u00ebsht\u00eb tjet\u00ebr gj\u00eb.<br \/>\nN\u00eb fakt p\u00ebr mua nuk kan\u00eb asnj\u00eb dallim nj\u00ebra nga tjetra.<\/p>\n<p><strong>E megjithat\u00eb asnj\u00ebher\u00eb nuk e ke b\u00ebr\u00eb publike lidhjen t\u00ebnde e as partnerin t\u00ebnd. Pse?<\/strong><br \/>\nS\u00eb pari, sepse dua t\u00eb mbaj \u00e7do gj\u00eb timen larg syve kureshtar\u00eb dhe s\u00eb dyti, sepse un\u00eb respektoj t\u00eb drejt\u00ebn e tij p\u00ebr privat\u00ebsi. Un\u00eb nuk jam nj\u00eb personazh q\u00eb dal n\u00eb ekran me q\u00ebllimin p\u00ebr t\u2019u b\u00ebr\u00eb e famshme n\u00eb k\u00ebmbim t\u00eb jet\u00ebn sime private. Nuk e kam b\u00ebr\u00eb dhe nuk besoj se do ta b\u00ebj ndonj\u00ebher\u00eb. T\u00eb njohur m\u00eb b\u00ebn thjesht puna ime. \u00c7do gj\u00eb tjet\u00ebr q\u00eb kalon p\u00ebrtej k\u00ebsaj do t\u00eb ngelet thjesht \u00e7\u00ebshtje personale.<\/p>\n<p><strong>Ja pra, kjo \u00ebsht\u00eb Arbana!<\/strong><\/p>\n<p><strong>Gazeta Express<\/strong><\/p>\n<p><strong><br \/>\n<\/strong><\/p>\n<p><strong><!--YouTube Error: bad URL entered--><br \/>\n<\/strong><\/p>\n","protected":false},"excerpt":{"rendered":"<p>Bionde si kukulla dhe ish-mise me k\u00ebmb\u00ebt kilometrike. Prezantuese t\u00eb vjetra dhe ato q\u00eb sapo v\u00ebn\u00eb k\u00ebmb\u00eb n\u00eb televizione. \u201cSi\u00e7 i kam prezantuar un\u00eb ato programe, nuk do ta b\u00ebnte askush tjet\u00ebr\u201d, tregon Arbana Osmani n\u00eb nj\u00eb rr\u00ebfim aspak modest. Ama t\u00eb p\u00ebrligjur: e kush do ishte me k\u00ebmb\u00eb n\u00eb tok\u00eb n\u00ebse do pushtonte ekranin [&hellip;]<\/p>\n","protected":false},"author":1,"featured_media":0,"comment_status":"open","ping_status":"closed","sticky":false,"template":"","format":"standard","meta":{"spay_email":"","jetpack_publicize_message":"","jetpack_is_tweetstorm":false,"jetpack_publicize_feature_enabled":true},"categories":[1],"tags":[5080],"jetpack_publicize_connections":[],"yoast_head":"<!-- This site is optimized with the Yoast SEO plugin v19.1 - https:\/\/yoast.com\/wordpress\/plugins\/seo\/ -->\n<title>Arbana Osmani: Ju sfidoj t\u00eb gjith\u00ebve.. - Lajme nga Ulqini<\/title>\n<meta name=\"description\" content=\"Bionde si kukulla dhe ish-mise me k\u00ebmb\u00ebt kilometrike. Prezantuese t\u00eb vjetra dhe ato q\u00eb sapo v\u00ebn\u00eb k\u00ebmb\u00eb n\u00eb televizione. \u201cSi\u00e7 i kam prezantuar un\u00eb ato\" \/>\n<meta name=\"robots\" content=\"index, follow, max-snippet:-1, max-image-preview:large, max-video-preview:-1\" \/>\n<link rel=\"canonical\" href=\"https:\/\/www.visit-ulcinj.com\/blog\/2009\/03\/21\/arbana-osmani-ju-sfidoj-te-gjitheve\/\" \/>\n<meta property=\"og:locale\" content=\"en_US\" \/>\n<meta property=\"og:type\" content=\"article\" \/>\n<meta property=\"og:title\" content=\"Arbana Osmani: Ju sfidoj t\u00eb gjith\u00ebve.. - Lajme nga Ulqini\" \/>\n<meta property=\"og:description\" content=\"Bionde si kukulla dhe ish-mise me k\u00ebmb\u00ebt kilometrike. Prezantuese t\u00eb vjetra dhe ato q\u00eb sapo v\u00ebn\u00eb k\u00ebmb\u00eb n\u00eb televizione. \u201cSi\u00e7 i kam prezantuar un\u00eb ato\" \/>\n<meta property=\"og:url\" content=\"https:\/\/www.visit-ulcinj.com\/blog\/2009\/03\/21\/arbana-osmani-ju-sfidoj-te-gjitheve\/\" \/>\n<meta property=\"og:site_name\" content=\"Lajme nga Ulqini\" \/>\n<meta property=\"article:published_time\" content=\"2009-03-21T15:32:40+00:00\" \/>\n<meta property=\"og:image\" content=\"https:\/\/www.visit-ulcinj.com\/blog\/wp-content\/uploads\/2009\/03\/arbana-osmani-150x150.jpg\" \/>\n<meta name=\"twitter:label1\" content=\"Written by\" \/>\n\t<meta name=\"twitter:data1\" content=\"ulqini\" \/>\n\t<meta name=\"twitter:label2\" content=\"Est. reading time\" \/>\n\t<meta name=\"twitter:data2\" content=\"10 minutes\" \/>\n<script type=\"application\/ld+json\" class=\"yoast-schema-graph\">{\"@context\":\"https:\/\/schema.org\",\"@graph\":[{\"@type\":\"WebSite\",\"@id\":\"https:\/\/www.visit-ulcinj.com\/blog\/#website\",\"url\":\"https:\/\/www.visit-ulcinj.com\/blog\/\",\"name\":\"Lajme nga Ulqini\",\"description\":\"Lajme,Vijesti,Ulqini,Ulqin,Crna Gora,Mali i Zi\",\"potentialAction\":[{\"@type\":\"SearchAction\",\"target\":{\"@type\":\"EntryPoint\",\"urlTemplate\":\"https:\/\/www.visit-ulcinj.com\/blog\/?s={search_term_string}\"},\"query-input\":\"required name=search_term_string\"}],\"inLanguage\":\"en-US\"},{\"@type\":\"ImageObject\",\"inLanguage\":\"en-US\",\"@id\":\"https:\/\/www.visit-ulcinj.com\/blog\/2009\/03\/21\/arbana-osmani-ju-sfidoj-te-gjitheve\/#primaryimage\",\"url\":\"http:\/\/www.visit-ulcinj.com\/blog\/wp-content\/uploads\/2009\/03\/arbana-osmani.jpg\",\"contentUrl\":\"http:\/\/www.visit-ulcinj.com\/blog\/wp-content\/uploads\/2009\/03\/arbana-osmani.jpg\"},{\"@type\":\"WebPage\",\"@id\":\"https:\/\/www.visit-ulcinj.com\/blog\/2009\/03\/21\/arbana-osmani-ju-sfidoj-te-gjitheve\/#webpage\",\"url\":\"https:\/\/www.visit-ulcinj.com\/blog\/2009\/03\/21\/arbana-osmani-ju-sfidoj-te-gjitheve\/\",\"name\":\"Arbana Osmani: Ju sfidoj t\u00eb gjith\u00ebve.. - Lajme nga Ulqini\",\"isPartOf\":{\"@id\":\"https:\/\/www.visit-ulcinj.com\/blog\/#website\"},\"primaryImageOfPage\":{\"@id\":\"https:\/\/www.visit-ulcinj.com\/blog\/2009\/03\/21\/arbana-osmani-ju-sfidoj-te-gjitheve\/#primaryimage\"},\"datePublished\":\"2009-03-21T15:32:40+00:00\",\"dateModified\":\"2009-03-21T15:32:40+00:00\",\"author\":{\"@id\":\"https:\/\/www.visit-ulcinj.com\/blog\/#\/schema\/person\/dcab619c614d3038751c63bc2aadc06d\"},\"description\":\"Bionde si kukulla dhe ish-mise me k\u00ebmb\u00ebt kilometrike. Prezantuese t\u00eb vjetra dhe ato q\u00eb sapo v\u00ebn\u00eb k\u00ebmb\u00eb n\u00eb televizione. \u201cSi\u00e7 i kam prezantuar un\u00eb ato\",\"breadcrumb\":{\"@id\":\"https:\/\/www.visit-ulcinj.com\/blog\/2009\/03\/21\/arbana-osmani-ju-sfidoj-te-gjitheve\/#breadcrumb\"},\"inLanguage\":\"en-US\",\"potentialAction\":[{\"@type\":\"ReadAction\",\"target\":[\"https:\/\/www.visit-ulcinj.com\/blog\/2009\/03\/21\/arbana-osmani-ju-sfidoj-te-gjitheve\/\"]}]},{\"@type\":\"BreadcrumbList\",\"@id\":\"https:\/\/www.visit-ulcinj.com\/blog\/2009\/03\/21\/arbana-osmani-ju-sfidoj-te-gjitheve\/#breadcrumb\",\"itemListElement\":[{\"@type\":\"ListItem\",\"position\":1,\"name\":\"Arbana Osmani: Ju sfidoj t\u00eb gjith\u00ebve..\"}]},{\"@type\":\"Person\",\"@id\":\"https:\/\/www.visit-ulcinj.com\/blog\/#\/schema\/person\/dcab619c614d3038751c63bc2aadc06d\",\"name\":\"ulqini\",\"sameAs\":[\"http:\/\/www.visit-ulcinj.com\"],\"url\":\"https:\/\/www.visit-ulcinj.com\/blog\/author\/admin\/\"}]}<\/script>\n<!-- \/ Yoast SEO plugin. -->","yoast_head_json":{"title":"Arbana Osmani: Ju sfidoj t\u00eb gjith\u00ebve.. - Lajme nga Ulqini","description":"Bionde si kukulla dhe ish-mise me k\u00ebmb\u00ebt kilometrike. Prezantuese t\u00eb vjetra dhe ato q\u00eb sapo v\u00ebn\u00eb k\u00ebmb\u00eb n\u00eb televizione. \u201cSi\u00e7 i kam prezantuar un\u00eb ato","robots":{"index":"index","follow":"follow","max-snippet":"max-snippet:-1","max-image-preview":"max-image-preview:large","max-video-preview":"max-video-preview:-1"},"canonical":"https:\/\/www.visit-ulcinj.com\/blog\/2009\/03\/21\/arbana-osmani-ju-sfidoj-te-gjitheve\/","og_locale":"en_US","og_type":"article","og_title":"Arbana Osmani: Ju sfidoj t\u00eb gjith\u00ebve.. - Lajme nga Ulqini","og_description":"Bionde si kukulla dhe ish-mise me k\u00ebmb\u00ebt kilometrike. Prezantuese t\u00eb vjetra dhe ato q\u00eb sapo v\u00ebn\u00eb k\u00ebmb\u00eb n\u00eb televizione. \u201cSi\u00e7 i kam prezantuar un\u00eb ato","og_url":"https:\/\/www.visit-ulcinj.com\/blog\/2009\/03\/21\/arbana-osmani-ju-sfidoj-te-gjitheve\/","og_site_name":"Lajme nga Ulqini","article_published_time":"2009-03-21T15:32:40+00:00","og_image":[{"url":"https:\/\/www.visit-ulcinj.com\/blog\/wp-content\/uploads\/2009\/03\/arbana-osmani-150x150.jpg"}],"twitter_misc":{"Written by":"ulqini","Est. reading time":"10 minutes"},"schema":{"@context":"https:\/\/schema.org","@graph":[{"@type":"WebSite","@id":"https:\/\/www.visit-ulcinj.com\/blog\/#website","url":"https:\/\/www.visit-ulcinj.com\/blog\/","name":"Lajme nga Ulqini","description":"Lajme,Vijesti,Ulqini,Ulqin,Crna Gora,Mali i Zi","potentialAction":[{"@type":"SearchAction","target":{"@type":"EntryPoint","urlTemplate":"https:\/\/www.visit-ulcinj.com\/blog\/?s={search_term_string}"},"query-input":"required name=search_term_string"}],"inLanguage":"en-US"},{"@type":"ImageObject","inLanguage":"en-US","@id":"https:\/\/www.visit-ulcinj.com\/blog\/2009\/03\/21\/arbana-osmani-ju-sfidoj-te-gjitheve\/#primaryimage","url":"http:\/\/www.visit-ulcinj.com\/blog\/wp-content\/uploads\/2009\/03\/arbana-osmani.jpg","contentUrl":"http:\/\/www.visit-ulcinj.com\/blog\/wp-content\/uploads\/2009\/03\/arbana-osmani.jpg"},{"@type":"WebPage","@id":"https:\/\/www.visit-ulcinj.com\/blog\/2009\/03\/21\/arbana-osmani-ju-sfidoj-te-gjitheve\/#webpage","url":"https:\/\/www.visit-ulcinj.com\/blog\/2009\/03\/21\/arbana-osmani-ju-sfidoj-te-gjitheve\/","name":"Arbana Osmani: Ju sfidoj t\u00eb gjith\u00ebve.. - Lajme nga Ulqini","isPartOf":{"@id":"https:\/\/www.visit-ulcinj.com\/blog\/#website"},"primaryImageOfPage":{"@id":"https:\/\/www.visit-ulcinj.com\/blog\/2009\/03\/21\/arbana-osmani-ju-sfidoj-te-gjitheve\/#primaryimage"},"datePublished":"2009-03-21T15:32:40+00:00","dateModified":"2009-03-21T15:32:40+00:00","author":{"@id":"https:\/\/www.visit-ulcinj.com\/blog\/#\/schema\/person\/dcab619c614d3038751c63bc2aadc06d"},"description":"Bionde si kukulla dhe ish-mise me k\u00ebmb\u00ebt kilometrike. Prezantuese t\u00eb vjetra dhe ato q\u00eb sapo v\u00ebn\u00eb k\u00ebmb\u00eb n\u00eb televizione. \u201cSi\u00e7 i kam prezantuar un\u00eb ato","breadcrumb":{"@id":"https:\/\/www.visit-ulcinj.com\/blog\/2009\/03\/21\/arbana-osmani-ju-sfidoj-te-gjitheve\/#breadcrumb"},"inLanguage":"en-US","potentialAction":[{"@type":"ReadAction","target":["https:\/\/www.visit-ulcinj.com\/blog\/2009\/03\/21\/arbana-osmani-ju-sfidoj-te-gjitheve\/"]}]},{"@type":"BreadcrumbList","@id":"https:\/\/www.visit-ulcinj.com\/blog\/2009\/03\/21\/arbana-osmani-ju-sfidoj-te-gjitheve\/#breadcrumb","itemListElement":[{"@type":"ListItem","position":1,"name":"Arbana Osmani: Ju sfidoj t\u00eb gjith\u00ebve.."}]},{"@type":"Person","@id":"https:\/\/www.visit-ulcinj.com\/blog\/#\/schema\/person\/dcab619c614d3038751c63bc2aadc06d","name":"ulqini","sameAs":["http:\/\/www.visit-ulcinj.com"],"url":"https:\/\/www.visit-ulcinj.com\/blog\/author\/admin\/"}]}},"jetpack_featured_media_url":"","jetpack_sharing_enabled":true,"jetpack_shortlink":"https:\/\/wp.me\/pe6lTn-3W9","_links":{"self":[{"href":"https:\/\/www.visit-ulcinj.com\/blog\/wp-json\/wp\/v2\/posts\/15137"}],"collection":[{"href":"https:\/\/www.visit-ulcinj.com\/blog\/wp-json\/wp\/v2\/posts"}],"about":[{"href":"https:\/\/www.visit-ulcinj.com\/blog\/wp-json\/wp\/v2\/types\/post"}],"author":[{"embeddable":true,"href":"https:\/\/www.visit-ulcinj.com\/blog\/wp-json\/wp\/v2\/users\/1"}],"replies":[{"embeddable":true,"href":"https:\/\/www.visit-ulcinj.com\/blog\/wp-json\/wp\/v2\/comments?post=15137"}],"version-history":[{"count":0,"href":"https:\/\/www.visit-ulcinj.com\/blog\/wp-json\/wp\/v2\/posts\/15137\/revisions"}],"wp:attachment":[{"href":"https:\/\/www.visit-ulcinj.com\/blog\/wp-json\/wp\/v2\/media?parent=15137"}],"wp:term":[{"taxonomy":"category","embeddable":true,"href":"https:\/\/www.visit-ulcinj.com\/blog\/wp-json\/wp\/v2\/categories?post=15137"},{"taxonomy":"post_tag","embeddable":true,"href":"https:\/\/www.visit-ulcinj.com\/blog\/wp-json\/wp\/v2\/tags?post=15137"}],"curies":[{"name":"wp","href":"https:\/\/api.w.org\/{rel}","templated":true}]}}