{"id":1514,"date":"2008-05-10T01:25:55","date_gmt":"2008-05-10T06:25:55","guid":{"rendered":"http:\/\/www.visit-ulcinj.com\/blog\/?p=1514"},"modified":"2008-05-10T01:27:20","modified_gmt":"2008-05-10T06:27:20","slug":"nis-gjahu-per-kosovaret-per-sezonin-veror","status":"publish","type":"post","link":"https:\/\/www.visit-ulcinj.com\/blog\/2008\/05\/10\/nis-gjahu-per-kosovaret-per-sezonin-veror\/","title":{"rendered":"Nis gjahu p\u00ebr kosovar\u00ebt p\u00ebr sezonin veror"},"content":{"rendered":"<p><a href=\"http:\/\/www.visit-ulcinj.com\/blog\/wp-content\/uploads\/2008\/03\/g_2006_08_006774.jpg\"><img loading=\"lazy\" class=\"alignleft attachment wp-att-844\" style=\"float: left;\" src=\"http:\/\/www.visit-ulcinj.com\/blog\/wp-content\/uploads\/2008\/03\/g_2006_08_006774.thumbnail.jpg\" alt=\"Copakabana beach ulcinj(2)\" width=\"200\" height=\"133\" \/><\/a>Shqip\u00ebria edhe Mali i Zi kan\u00eb publikuar ofert\u00ebn e tyre turistike p\u00ebr kosovar\u00ebt gjat\u00eb sezonit veror.Kjo u mund\u00ebsua n\u00eb panairin e turizmit, mod\u00ebs dhe edukimit t\u00eb organizuar nga CEO.<br \/>\nPrishtin\u00eb, 7 maj \u2014Shqip\u00ebria dhe Ulqini kan\u00eb nisur gar\u00ebn t\u00eb m\u00ebrkur\u00ebn n\u00eb Prishtin\u00eb p\u00ebr t\u00eb t\u00ebrhequr sa m\u00eb shum\u00eb kosovar\u00eb gjat\u00eb sezonit turistik. T\u00eb dyja pal\u00ebt jan\u00eb munduar t&#8217;i zbusin dob\u00ebsit\u00eb e tyre karshi kosovar\u00ebve. Shqip\u00ebria duke premtuar rrug\u00eb m\u00eb t\u00eb mira,m\u00eb shum\u00eb rrym\u00eb dhe p\u00ebrvoj\u00eb,nd\u00ebrsa Ulqini me urimin q\u00eb Mali i Zi ta njoh\u00eb pavar\u00ebsin\u00eb e Kosov\u00ebs ose t\u00eb pakt\u00ebn kjo mosnjohje t\u00eb mos ndikoj\u00eb n\u00eb irritimin e kosovar\u00ebve q\u00eb ata ta nd\u00ebrrojn\u00eb destinimin tradicional turistik.<br \/>\nKjo \u00ebsht\u00eb mund\u00ebsuar n\u00eb panairin e organizuar nga kompania Congress Event Organization, q\u00eb kishte t\u00eb b\u00ebnte me reklamimin e atraksioneve turistike, edukimit dhe mod\u00ebs. &#8220;Viti 2008 e gjen Shqip\u00ebrin\u00eb m\u00eb t\u00eb organizuar n\u00eb fush\u00ebn e turizmit,me m\u00eb shum\u00eb rrug\u00eb, me m\u00eb shum\u00eb rrym\u00eb, me m\u00eb eksperienc\u00eb, por n\u00eb t\u00eb nj\u00ebjt\u00ebn koh\u00eb m\u00eb t\u00eb dashur dhe m\u00eb t\u00eb kompletuar&#8221;, tha Robert Dumi,drejtor i Entit t\u00eb Turizmit Shqiptar. Ai e pranon faktin q\u00eb ka edhe shum\u00eb p\u00ebr t&#8217;u b\u00ebr\u00eb, mir\u00ebpo shteti shqiptar \u00ebsht\u00eb duke punuar q\u00eb t\u00eb plot\u00ebsoj\u00eb k\u00ebrkesat gjithnj\u00eb n\u00eb rritje t\u00eb turizmit t\u00eb t\u00eb gjith\u00eb turist\u00ebve, e ve\u00e7an\u00ebrisht atyre t\u00eb Kosov\u00ebs.<a href=\"http:\/\/www.visit-ulcinj.com\/blog\/wp-content\/uploads\/2008\/02\/copakabana.jpg\"><img loading=\"lazy\" class=\"alignright attachment wp-att-670\" style=\"float: right;\" src=\"http:\/\/www.visit-ulcinj.com\/blog\/wp-content\/uploads\/2008\/02\/copakabana.thumbnail.jpg\" alt=\"copakabana beach\" width=\"200\" height=\"150\" \/><\/a><br \/>\nN\u00eb an\u00ebn tjet\u00ebr, kryetari i Komun\u00ebs s\u00eb Ulqinit, G\u00ebzim Hajdinaga, tha se pavar\u00ebsia e shqiptar\u00ebve \u00ebsht\u00eb me r\u00ebnd\u00ebsi, sepse pavar\u00ebsia e Malit t\u00eb Zi ka hapur rrug\u00ebn edhe p\u00ebr pavar\u00ebsin\u00eb e Kosov\u00ebs.&#8221;Ulqini \u00ebsht\u00eb m\u00eb i p\u00ebrgatitur se kurr\u00eb p\u00ebr turizmin dhe besojm\u00eb se jan\u00eb b\u00ebr\u00eb t\u00eb gjitha p\u00ebrgatitjet p\u00ebr pritjen e fluksit t\u00eb qytetar\u00ebve p\u00ebr pushime. Sezoni i vitit 2007 ka qen\u00eb rekord n\u00eb 15 vitet e fundit, besojm\u00eb se 2008- ta do t\u00eb jet\u00eb edhe m\u00eb e suksesshme&#8221;, tha ai, duke shtuar se numri m\u00eb i madh i turist\u00ebve jan\u00eb nga Kosova. Bekim Xhafa nga CEO tregoi se panairet e tilla jan\u00eb b\u00ebr\u00eb me q\u00ebllim q\u00eb qytetar\u00ebve t\u00eb Prishtin\u00ebs t&#8217;u ofrohet nj\u00eb zgjidhje sa m\u00eb e madhe n\u00eb t\u00eb nj\u00ebjt\u00ebn koh\u00eb.N\u00eb hapje t\u00eb tij kan\u00eb marr\u00eb pjes\u00eb edhe udh\u00ebheq\u00ebs komunal\u00eb.Kryetari i Prishtin\u00ebs, Isa Mustafa, tha se \u00ebsht\u00eb e r\u00ebnd\u00ebsishme q\u00eb ky panair t\u00eb jet\u00eb nj\u00eb nism\u00eb e mir\u00eb e panaireve q\u00eb Prishtina n\u00eb t\u00eb ardhmen t\u00eb ofroj\u00eb kushte edhe m\u00eb t\u00eb mira p\u00ebr organizime t\u00eb tilla.&#8221;Prishtina n\u00eb t\u00eb ardhmen duhet t\u00eb krijoj\u00eb kushte edhe m\u00eb t\u00eb mira p\u00ebr organizimin e panaireve, p\u00ebr t\u00eb tubuar sa m\u00eb shum\u00eb organizata, firma dhe kompani t\u00eb interesuara nga Kosova e rajoni, q\u00eb t\u00eb prezantojn\u00eb produktet e tyre&#8221;, tha ai.N\u00eb k\u00ebt\u00eb panair jan\u00eb paraqitur kompani t\u00eb ndryshme t\u00eb mod\u00ebs e bukuris\u00eb, ata t\u00eb universiteteve private t\u00eb Kosov\u00ebs, Maqedonis\u00eb dhe Shqip\u00ebris\u00eb, nd\u00ebrsa risi e k\u00ebtij panairi ishte pjes\u00ebmarrja e Akademis\u00eb s\u00eb Sh\u00ebrbimit Policor t\u00eb Kosov\u00ebs dhe Akademia e Trupave Mbrojt\u00ebse t\u00eb Kosov\u00ebs.Edhe ministri i Arsimit, Shkenc\u00ebs dhe Teknologjis\u00eb, Enver Hoxhaj, tha se ky panair tregon q\u00eb edukimin dhe arsimin nuk duhet shikuar vet\u00ebm si fenomen brenda objekteve shkollore, por duhet ta shikojm\u00eb edhe jasht\u00eb k\u00ebtyre objekteve. Ai tha se arsimin nuk duhet ta shohim si nj\u00eb proces i cili i referohet vet\u00ebm gjenerat\u00ebs s\u00eb re, atyre q\u00eb jan\u00eb n\u00eb shkolla fillore, t\u00eb mesme dhe arsimin e lart\u00eb, por si nj\u00eb proces i cili u referohet t\u00eb gjith\u00ebve, t\u00eb gjitha moshave.<br \/>\n<strong> Gazeta Express<\/strong><\/p>\n<!-- vimeo error: not a vimeo video -->\n","protected":false},"excerpt":{"rendered":"<p><img loading=\"lazy\" class=\"alignleft attachment wp-att-844\" style=\"float: left;\" src=\"http:\/\/www.visit-ulcinj.com\/blog\/wp-content\/uploads\/2008\/03\/g_2006_08_006774.thumbnail.jpg\" alt=\"Copakabana beach ulcinj(2)\" width=\"140\" height=\"140\" \/><\/p>\n","protected":false},"author":1,"featured_media":0,"comment_status":"open","ping_status":"closed","sticky":false,"template":"","format":"standard","meta":{"spay_email":"","jetpack_publicize_message":"","jetpack_is_tweetstorm":false,"jetpack_publicize_feature_enabled":true},"categories":[12,15],"tags":[325,40],"jetpack_publicize_connections":[],"yoast_head":"<!-- This site is optimized with the Yoast SEO plugin v19.1 - https:\/\/yoast.com\/wordpress\/plugins\/seo\/ -->\n<title>Nis gjahu p\u00ebr kosovar\u00ebt p\u00ebr sezonin veror - Lajme nga Ulqini<\/title>\n<meta name=\"robots\" content=\"index, follow, max-snippet:-1, max-image-preview:large, max-video-preview:-1\" \/>\n<link rel=\"canonical\" href=\"https:\/\/www.visit-ulcinj.com\/blog\/2008\/05\/10\/nis-gjahu-per-kosovaret-per-sezonin-veror\/\" \/>\n<meta property=\"og:locale\" content=\"en_US\" \/>\n<meta property=\"og:type\" content=\"article\" \/>\n<meta property=\"og:title\" content=\"Nis gjahu p\u00ebr kosovar\u00ebt p\u00ebr sezonin veror - Lajme nga Ulqini\" \/>\n<meta property=\"og:url\" content=\"https:\/\/www.visit-ulcinj.com\/blog\/2008\/05\/10\/nis-gjahu-per-kosovaret-per-sezonin-veror\/\" \/>\n<meta property=\"og:site_name\" content=\"Lajme nga Ulqini\" \/>\n<meta property=\"article:published_time\" content=\"2008-05-10T06:25:55+00:00\" \/>\n<meta property=\"article:modified_time\" content=\"2008-05-10T06:27:20+00:00\" \/>\n<meta property=\"og:image\" content=\"http:\/\/www.visit-ulcinj.com\/blog\/wp-content\/uploads\/2008\/03\/g_2006_08_006774.thumbnail.jpg\" \/>\n<meta name=\"twitter:label1\" content=\"Written by\" \/>\n\t<meta name=\"twitter:data1\" content=\"ulqini\" \/>\n\t<meta name=\"twitter:label2\" content=\"Est. reading time\" \/>\n\t<meta name=\"twitter:data2\" content=\"3 minutes\" \/>\n<script type=\"application\/ld+json\" class=\"yoast-schema-graph\">{\"@context\":\"https:\/\/schema.org\",\"@graph\":[{\"@type\":\"WebSite\",\"@id\":\"https:\/\/www.visit-ulcinj.com\/blog\/#website\",\"url\":\"https:\/\/www.visit-ulcinj.com\/blog\/\",\"name\":\"Lajme nga Ulqini\",\"description\":\"Lajme,Vijesti,Ulqini,Ulqin,Crna Gora,Mali i Zi\",\"potentialAction\":[{\"@type\":\"SearchAction\",\"target\":{\"@type\":\"EntryPoint\",\"urlTemplate\":\"https:\/\/www.visit-ulcinj.com\/blog\/?s={search_term_string}\"},\"query-input\":\"required name=search_term_string\"}],\"inLanguage\":\"en-US\"},{\"@type\":\"ImageObject\",\"inLanguage\":\"en-US\",\"@id\":\"https:\/\/www.visit-ulcinj.com\/blog\/2008\/05\/10\/nis-gjahu-per-kosovaret-per-sezonin-veror\/#primaryimage\",\"url\":\"http:\/\/www.visit-ulcinj.com\/blog\/wp-content\/uploads\/2008\/03\/g_2006_08_006774.thumbnail.jpg\",\"contentUrl\":\"http:\/\/www.visit-ulcinj.com\/blog\/wp-content\/uploads\/2008\/03\/g_2006_08_006774.thumbnail.jpg\"},{\"@type\":\"WebPage\",\"@id\":\"https:\/\/www.visit-ulcinj.com\/blog\/2008\/05\/10\/nis-gjahu-per-kosovaret-per-sezonin-veror\/#webpage\",\"url\":\"https:\/\/www.visit-ulcinj.com\/blog\/2008\/05\/10\/nis-gjahu-per-kosovaret-per-sezonin-veror\/\",\"name\":\"Nis gjahu p\u00ebr kosovar\u00ebt p\u00ebr sezonin veror - Lajme nga Ulqini\",\"isPartOf\":{\"@id\":\"https:\/\/www.visit-ulcinj.com\/blog\/#website\"},\"primaryImageOfPage\":{\"@id\":\"https:\/\/www.visit-ulcinj.com\/blog\/2008\/05\/10\/nis-gjahu-per-kosovaret-per-sezonin-veror\/#primaryimage\"},\"datePublished\":\"2008-05-10T06:25:55+00:00\",\"dateModified\":\"2008-05-10T06:27:20+00:00\",\"author\":{\"@id\":\"https:\/\/www.visit-ulcinj.com\/blog\/#\/schema\/person\/dcab619c614d3038751c63bc2aadc06d\"},\"breadcrumb\":{\"@id\":\"https:\/\/www.visit-ulcinj.com\/blog\/2008\/05\/10\/nis-gjahu-per-kosovaret-per-sezonin-veror\/#breadcrumb\"},\"inLanguage\":\"en-US\",\"potentialAction\":[{\"@type\":\"ReadAction\",\"target\":[\"https:\/\/www.visit-ulcinj.com\/blog\/2008\/05\/10\/nis-gjahu-per-kosovaret-per-sezonin-veror\/\"]}]},{\"@type\":\"BreadcrumbList\",\"@id\":\"https:\/\/www.visit-ulcinj.com\/blog\/2008\/05\/10\/nis-gjahu-per-kosovaret-per-sezonin-veror\/#breadcrumb\",\"itemListElement\":[{\"@type\":\"ListItem\",\"position\":1,\"name\":\"Nis gjahu p\u00ebr kosovar\u00ebt p\u00ebr sezonin veror\"}]},{\"@type\":\"Person\",\"@id\":\"https:\/\/www.visit-ulcinj.com\/blog\/#\/schema\/person\/dcab619c614d3038751c63bc2aadc06d\",\"name\":\"ulqini\",\"sameAs\":[\"http:\/\/www.visit-ulcinj.com\"],\"url\":\"https:\/\/www.visit-ulcinj.com\/blog\/author\/admin\/\"}]}<\/script>\n<!-- \/ Yoast SEO plugin. -->","yoast_head_json":{"title":"Nis gjahu p\u00ebr kosovar\u00ebt p\u00ebr sezonin veror - Lajme nga Ulqini","robots":{"index":"index","follow":"follow","max-snippet":"max-snippet:-1","max-image-preview":"max-image-preview:large","max-video-preview":"max-video-preview:-1"},"canonical":"https:\/\/www.visit-ulcinj.com\/blog\/2008\/05\/10\/nis-gjahu-per-kosovaret-per-sezonin-veror\/","og_locale":"en_US","og_type":"article","og_title":"Nis gjahu p\u00ebr kosovar\u00ebt p\u00ebr sezonin veror - Lajme nga Ulqini","og_url":"https:\/\/www.visit-ulcinj.com\/blog\/2008\/05\/10\/nis-gjahu-per-kosovaret-per-sezonin-veror\/","og_site_name":"Lajme nga Ulqini","article_published_time":"2008-05-10T06:25:55+00:00","article_modified_time":"2008-05-10T06:27:20+00:00","og_image":[{"url":"http:\/\/www.visit-ulcinj.com\/blog\/wp-content\/uploads\/2008\/03\/g_2006_08_006774.thumbnail.jpg"}],"twitter_misc":{"Written by":"ulqini","Est. reading time":"3 minutes"},"schema":{"@context":"https:\/\/schema.org","@graph":[{"@type":"WebSite","@id":"https:\/\/www.visit-ulcinj.com\/blog\/#website","url":"https:\/\/www.visit-ulcinj.com\/blog\/","name":"Lajme nga Ulqini","description":"Lajme,Vijesti,Ulqini,Ulqin,Crna Gora,Mali i Zi","potentialAction":[{"@type":"SearchAction","target":{"@type":"EntryPoint","urlTemplate":"https:\/\/www.visit-ulcinj.com\/blog\/?s={search_term_string}"},"query-input":"required name=search_term_string"}],"inLanguage":"en-US"},{"@type":"ImageObject","inLanguage":"en-US","@id":"https:\/\/www.visit-ulcinj.com\/blog\/2008\/05\/10\/nis-gjahu-per-kosovaret-per-sezonin-veror\/#primaryimage","url":"http:\/\/www.visit-ulcinj.com\/blog\/wp-content\/uploads\/2008\/03\/g_2006_08_006774.thumbnail.jpg","contentUrl":"http:\/\/www.visit-ulcinj.com\/blog\/wp-content\/uploads\/2008\/03\/g_2006_08_006774.thumbnail.jpg"},{"@type":"WebPage","@id":"https:\/\/www.visit-ulcinj.com\/blog\/2008\/05\/10\/nis-gjahu-per-kosovaret-per-sezonin-veror\/#webpage","url":"https:\/\/www.visit-ulcinj.com\/blog\/2008\/05\/10\/nis-gjahu-per-kosovaret-per-sezonin-veror\/","name":"Nis gjahu p\u00ebr kosovar\u00ebt p\u00ebr sezonin veror - Lajme nga Ulqini","isPartOf":{"@id":"https:\/\/www.visit-ulcinj.com\/blog\/#website"},"primaryImageOfPage":{"@id":"https:\/\/www.visit-ulcinj.com\/blog\/2008\/05\/10\/nis-gjahu-per-kosovaret-per-sezonin-veror\/#primaryimage"},"datePublished":"2008-05-10T06:25:55+00:00","dateModified":"2008-05-10T06:27:20+00:00","author":{"@id":"https:\/\/www.visit-ulcinj.com\/blog\/#\/schema\/person\/dcab619c614d3038751c63bc2aadc06d"},"breadcrumb":{"@id":"https:\/\/www.visit-ulcinj.com\/blog\/2008\/05\/10\/nis-gjahu-per-kosovaret-per-sezonin-veror\/#breadcrumb"},"inLanguage":"en-US","potentialAction":[{"@type":"ReadAction","target":["https:\/\/www.visit-ulcinj.com\/blog\/2008\/05\/10\/nis-gjahu-per-kosovaret-per-sezonin-veror\/"]}]},{"@type":"BreadcrumbList","@id":"https:\/\/www.visit-ulcinj.com\/blog\/2008\/05\/10\/nis-gjahu-per-kosovaret-per-sezonin-veror\/#breadcrumb","itemListElement":[{"@type":"ListItem","position":1,"name":"Nis gjahu p\u00ebr kosovar\u00ebt p\u00ebr sezonin veror"}]},{"@type":"Person","@id":"https:\/\/www.visit-ulcinj.com\/blog\/#\/schema\/person\/dcab619c614d3038751c63bc2aadc06d","name":"ulqini","sameAs":["http:\/\/www.visit-ulcinj.com"],"url":"https:\/\/www.visit-ulcinj.com\/blog\/author\/admin\/"}]}},"jetpack_featured_media_url":"","jetpack_sharing_enabled":true,"jetpack_shortlink":"https:\/\/wp.me\/pe6lTn-oq","_links":{"self":[{"href":"https:\/\/www.visit-ulcinj.com\/blog\/wp-json\/wp\/v2\/posts\/1514"}],"collection":[{"href":"https:\/\/www.visit-ulcinj.com\/blog\/wp-json\/wp\/v2\/posts"}],"about":[{"href":"https:\/\/www.visit-ulcinj.com\/blog\/wp-json\/wp\/v2\/types\/post"}],"author":[{"embeddable":true,"href":"https:\/\/www.visit-ulcinj.com\/blog\/wp-json\/wp\/v2\/users\/1"}],"replies":[{"embeddable":true,"href":"https:\/\/www.visit-ulcinj.com\/blog\/wp-json\/wp\/v2\/comments?post=1514"}],"version-history":[{"count":0,"href":"https:\/\/www.visit-ulcinj.com\/blog\/wp-json\/wp\/v2\/posts\/1514\/revisions"}],"wp:attachment":[{"href":"https:\/\/www.visit-ulcinj.com\/blog\/wp-json\/wp\/v2\/media?parent=1514"}],"wp:term":[{"taxonomy":"category","embeddable":true,"href":"https:\/\/www.visit-ulcinj.com\/blog\/wp-json\/wp\/v2\/categories?post=1514"},{"taxonomy":"post_tag","embeddable":true,"href":"https:\/\/www.visit-ulcinj.com\/blog\/wp-json\/wp\/v2\/tags?post=1514"}],"curies":[{"name":"wp","href":"https:\/\/api.w.org\/{rel}","templated":true}]}}