{"id":15147,"date":"2009-03-21T18:49:18","date_gmt":"2009-03-21T17:49:18","guid":{"rendered":"http:\/\/www.visit-ulcinj.com\/blog\/?p=15147"},"modified":"2009-03-21T18:49:18","modified_gmt":"2009-03-21T17:49:18","slug":"lorik-cana-tani-provon-edhe-ne-fushen-e-modes","status":"publish","type":"post","link":"https:\/\/www.visit-ulcinj.com\/blog\/2009\/03\/21\/lorik-cana-tani-provon-edhe-ne-fushen-e-modes\/","title":{"rendered":"Lorik Cana tani provon edhe n\u00eb fush\u00ebn e mod\u00ebs"},"content":{"rendered":"<p><a href=\"http:\/\/www.visit-ulcinj.com\/blog\/wp-content\/uploads\/2009\/03\/lorik-cana-top-model-ne-franc.jpg\"><img loading=\"lazy\" class=\"alignleft size-full wp-image-15148\" title=\"lorik-cana-top-model-ne-franc\" src=\"http:\/\/www.visit-ulcinj.com\/blog\/wp-content\/uploads\/2009\/03\/lorik-cana-top-model-ne-franc.jpg\" alt=\"lorik-cana-top-model-ne-franc\" width=\"570\" height=\"848\" \/><\/a>Futbollisti i Komb\u00ebtares shqiptare dhe kapiteni i Olimpikut t\u00eb Marsej\u00ebs, Lorik Cana shpreson q\u00eb n\u00eb t\u00eb ardhmen t\u00eb provoj\u00eb nj\u00eb karrier\u00eb t\u00eb re n\u00eb bot\u00ebn e mod\u00ebs. Mesfushori shqiptar \u00ebsht\u00eb aktualisht imazh i firm\u00ebs belge \u201cBikembergs\u201d, por d\u00ebshiron t\u00eb punoj\u00eb me sht\u00ebpin\u00eb e mod\u00ebs Marite dhe Fransua Zhirbo, pasi adhuron pun\u00ebt e tyre. Megjithat\u00eb, Cana nuk ka nd\u00ebrmend t\u2019i p\u00ebrkushtohet rregullisht k\u00ebtij profesioni, edhe pse \u00ebsht\u00eb ftuar n\u00eb Milano p\u00ebr t\u00eb marr\u00eb pjes\u00eb n\u00eb nj\u00eb sfilat\u00eb.<\/p>\n<p>Lorik Cana \u00ebsht\u00eb futbollisti i kat\u00ebrt m\u00eb i paguar n\u00eb Olympique Marseille. K\u00ebt\u00eb statistik\u00eb e ka nxjerr\u00eb e p\u00ebrditshmja franceze \u201cLe Parisien\u201d, e cila ka publikuar list\u00ebn e futbollist\u00ebve m\u00eb t\u00eb paguar n\u00eb kampionatin francez, respektivisht t\u00eb 5 futbollist\u00ebve m\u00eb t\u00eb paguar t\u00eb \u00e7do klubi. Sipas k\u00ebsaj t\u00eb p\u00ebrditshmeje, mesfushori kosovar merr 189 mij\u00eb euro n\u00eb muaj, nd\u00ebrsa paga vjetore i bie mbi 2 milion\u00eb euro.<\/p>\n<p>Nd\u00ebrkoh\u00eb q\u00eb p\u00ebr Can\u00ebn jan\u00eb interesuar edhe drejtuesit e Hamburgut, t\u00eb cil\u00ebt kan\u00eb p\u00ebrgatitur nj\u00eb ofert\u00eb prej 15 milion\u00eb eurosh p\u00ebr ta transferuar mesfushorin kosovar Lorik Cana. Sipas mediave franceze, p\u00ebrkund\u00ebr ofert\u00ebs s\u00eb majme, Marseja nuk do ta l\u00ebshoj\u00eb simbolin e ekipit nga Velodrome. Lorik Cana e fsheh n\u00eb p\u00ebll\u00ebmb\u00eb bukurin\u00eb e tij. Cana, 25- vje\u00e7ari shqiptar p\u00ebrballet me nj\u00eb bukuri t\u00eb hatashme, nj\u00eb trup prej 1m 86 cm dhe pesh\u00eb prej 86 kg.<\/p>\n\n<!--YouTube Error: bad URL entered-->\n","protected":false},"excerpt":{"rendered":"<p>Futbollisti i Komb\u00ebtares shqiptare dhe kapiteni i Olimpikut t\u00eb Marsej\u00ebs, Lorik Cana shpreson q\u00eb n\u00eb t\u00eb ardhmen t\u00eb provoj\u00eb nj\u00eb karrier\u00eb t\u00eb re n\u00eb bot\u00ebn e mod\u00ebs. Mesfushori shqiptar \u00ebsht\u00eb aktualisht imazh i firm\u00ebs belge \u201cBikembergs\u201d, por d\u00ebshiron t\u00eb punoj\u00eb me sht\u00ebpin\u00eb e mod\u00ebs Marite dhe Fransua Zhirbo, pasi adhuron pun\u00ebt e tyre. Megjithat\u00eb, Cana [&hellip;]<\/p>\n","protected":false},"author":1,"featured_media":0,"comment_status":"open","ping_status":"closed","sticky":false,"template":"","format":"standard","meta":{"spay_email":"","jetpack_publicize_message":"","jetpack_is_tweetstorm":false,"jetpack_publicize_feature_enabled":true},"categories":[1],"tags":[4946,8252,8251],"jetpack_publicize_connections":[],"yoast_head":"<!-- This site is optimized with the Yoast SEO plugin v19.1 - https:\/\/yoast.com\/wordpress\/plugins\/seo\/ -->\n<title>Lorik Cana tani provon edhe n\u00eb fush\u00ebn e mod\u00ebs - Lajme nga Ulqini<\/title>\n<meta name=\"description\" content=\"Futbollisti i Komb\u00ebtares shqiptare dhe kapiteni i Olimpikut t\u00eb Marsej\u00ebs, Lorik Cana shpreson q\u00eb n\u00eb t\u00eb ardhmen t\u00eb provoj\u00eb nj\u00eb karrier\u00eb t\u00eb re n\u00eb bot\u00ebn e\" \/>\n<meta name=\"robots\" content=\"index, follow, max-snippet:-1, max-image-preview:large, max-video-preview:-1\" \/>\n<link rel=\"canonical\" href=\"https:\/\/www.visit-ulcinj.com\/blog\/2009\/03\/21\/lorik-cana-tani-provon-edhe-ne-fushen-e-modes\/\" \/>\n<meta property=\"og:locale\" content=\"en_US\" \/>\n<meta property=\"og:type\" content=\"article\" \/>\n<meta property=\"og:title\" content=\"Lorik Cana tani provon edhe n\u00eb fush\u00ebn e mod\u00ebs - Lajme nga Ulqini\" \/>\n<meta property=\"og:description\" content=\"Futbollisti i Komb\u00ebtares shqiptare dhe kapiteni i Olimpikut t\u00eb Marsej\u00ebs, Lorik Cana shpreson q\u00eb n\u00eb t\u00eb ardhmen t\u00eb provoj\u00eb nj\u00eb karrier\u00eb t\u00eb re n\u00eb bot\u00ebn e\" \/>\n<meta property=\"og:url\" content=\"https:\/\/www.visit-ulcinj.com\/blog\/2009\/03\/21\/lorik-cana-tani-provon-edhe-ne-fushen-e-modes\/\" \/>\n<meta property=\"og:site_name\" content=\"Lajme nga Ulqini\" \/>\n<meta property=\"article:published_time\" content=\"2009-03-21T17:49:18+00:00\" \/>\n<meta property=\"og:image\" content=\"https:\/\/www.visit-ulcinj.com\/blog\/wp-content\/uploads\/2009\/03\/lorik-cana-top-model-ne-franc-150x150.jpg\" \/>\n<meta name=\"twitter:label1\" content=\"Written by\" \/>\n\t<meta name=\"twitter:data1\" content=\"ulqini\" \/>\n\t<meta name=\"twitter:label2\" content=\"Est. reading time\" \/>\n\t<meta name=\"twitter:data2\" content=\"1 minute\" \/>\n<script type=\"application\/ld+json\" class=\"yoast-schema-graph\">{\"@context\":\"https:\/\/schema.org\",\"@graph\":[{\"@type\":\"WebSite\",\"@id\":\"https:\/\/www.visit-ulcinj.com\/blog\/#website\",\"url\":\"https:\/\/www.visit-ulcinj.com\/blog\/\",\"name\":\"Lajme nga Ulqini\",\"description\":\"Lajme,Vijesti,Ulqini,Ulqin,Crna Gora,Mali i Zi\",\"potentialAction\":[{\"@type\":\"SearchAction\",\"target\":{\"@type\":\"EntryPoint\",\"urlTemplate\":\"https:\/\/www.visit-ulcinj.com\/blog\/?s={search_term_string}\"},\"query-input\":\"required name=search_term_string\"}],\"inLanguage\":\"en-US\"},{\"@type\":\"ImageObject\",\"inLanguage\":\"en-US\",\"@id\":\"https:\/\/www.visit-ulcinj.com\/blog\/2009\/03\/21\/lorik-cana-tani-provon-edhe-ne-fushen-e-modes\/#primaryimage\",\"url\":\"http:\/\/www.visit-ulcinj.com\/blog\/wp-content\/uploads\/2009\/03\/lorik-cana-top-model-ne-franc.jpg\",\"contentUrl\":\"http:\/\/www.visit-ulcinj.com\/blog\/wp-content\/uploads\/2009\/03\/lorik-cana-top-model-ne-franc.jpg\"},{\"@type\":\"WebPage\",\"@id\":\"https:\/\/www.visit-ulcinj.com\/blog\/2009\/03\/21\/lorik-cana-tani-provon-edhe-ne-fushen-e-modes\/#webpage\",\"url\":\"https:\/\/www.visit-ulcinj.com\/blog\/2009\/03\/21\/lorik-cana-tani-provon-edhe-ne-fushen-e-modes\/\",\"name\":\"Lorik Cana tani provon edhe n\u00eb fush\u00ebn e mod\u00ebs - Lajme nga Ulqini\",\"isPartOf\":{\"@id\":\"https:\/\/www.visit-ulcinj.com\/blog\/#website\"},\"primaryImageOfPage\":{\"@id\":\"https:\/\/www.visit-ulcinj.com\/blog\/2009\/03\/21\/lorik-cana-tani-provon-edhe-ne-fushen-e-modes\/#primaryimage\"},\"datePublished\":\"2009-03-21T17:49:18+00:00\",\"dateModified\":\"2009-03-21T17:49:18+00:00\",\"author\":{\"@id\":\"https:\/\/www.visit-ulcinj.com\/blog\/#\/schema\/person\/dcab619c614d3038751c63bc2aadc06d\"},\"description\":\"Futbollisti i Komb\u00ebtares shqiptare dhe kapiteni i Olimpikut t\u00eb Marsej\u00ebs, Lorik Cana shpreson q\u00eb n\u00eb t\u00eb ardhmen t\u00eb provoj\u00eb nj\u00eb karrier\u00eb t\u00eb re n\u00eb bot\u00ebn e\",\"breadcrumb\":{\"@id\":\"https:\/\/www.visit-ulcinj.com\/blog\/2009\/03\/21\/lorik-cana-tani-provon-edhe-ne-fushen-e-modes\/#breadcrumb\"},\"inLanguage\":\"en-US\",\"potentialAction\":[{\"@type\":\"ReadAction\",\"target\":[\"https:\/\/www.visit-ulcinj.com\/blog\/2009\/03\/21\/lorik-cana-tani-provon-edhe-ne-fushen-e-modes\/\"]}]},{\"@type\":\"BreadcrumbList\",\"@id\":\"https:\/\/www.visit-ulcinj.com\/blog\/2009\/03\/21\/lorik-cana-tani-provon-edhe-ne-fushen-e-modes\/#breadcrumb\",\"itemListElement\":[{\"@type\":\"ListItem\",\"position\":1,\"name\":\"Lorik Cana tani provon edhe n\u00eb fush\u00ebn e mod\u00ebs\"}]},{\"@type\":\"Person\",\"@id\":\"https:\/\/www.visit-ulcinj.com\/blog\/#\/schema\/person\/dcab619c614d3038751c63bc2aadc06d\",\"name\":\"ulqini\",\"sameAs\":[\"http:\/\/www.visit-ulcinj.com\"],\"url\":\"https:\/\/www.visit-ulcinj.com\/blog\/author\/admin\/\"}]}<\/script>\n<!-- \/ Yoast SEO plugin. -->","yoast_head_json":{"title":"Lorik Cana tani provon edhe n\u00eb fush\u00ebn e mod\u00ebs - Lajme nga Ulqini","description":"Futbollisti i Komb\u00ebtares shqiptare dhe kapiteni i Olimpikut t\u00eb Marsej\u00ebs, Lorik Cana shpreson q\u00eb n\u00eb t\u00eb ardhmen t\u00eb provoj\u00eb nj\u00eb karrier\u00eb t\u00eb re n\u00eb bot\u00ebn e","robots":{"index":"index","follow":"follow","max-snippet":"max-snippet:-1","max-image-preview":"max-image-preview:large","max-video-preview":"max-video-preview:-1"},"canonical":"https:\/\/www.visit-ulcinj.com\/blog\/2009\/03\/21\/lorik-cana-tani-provon-edhe-ne-fushen-e-modes\/","og_locale":"en_US","og_type":"article","og_title":"Lorik Cana tani provon edhe n\u00eb fush\u00ebn e mod\u00ebs - Lajme nga Ulqini","og_description":"Futbollisti i Komb\u00ebtares shqiptare dhe kapiteni i Olimpikut t\u00eb Marsej\u00ebs, Lorik Cana shpreson q\u00eb n\u00eb t\u00eb ardhmen t\u00eb provoj\u00eb nj\u00eb karrier\u00eb t\u00eb re n\u00eb bot\u00ebn e","og_url":"https:\/\/www.visit-ulcinj.com\/blog\/2009\/03\/21\/lorik-cana-tani-provon-edhe-ne-fushen-e-modes\/","og_site_name":"Lajme nga Ulqini","article_published_time":"2009-03-21T17:49:18+00:00","og_image":[{"url":"https:\/\/www.visit-ulcinj.com\/blog\/wp-content\/uploads\/2009\/03\/lorik-cana-top-model-ne-franc-150x150.jpg"}],"twitter_misc":{"Written by":"ulqini","Est. reading time":"1 minute"},"schema":{"@context":"https:\/\/schema.org","@graph":[{"@type":"WebSite","@id":"https:\/\/www.visit-ulcinj.com\/blog\/#website","url":"https:\/\/www.visit-ulcinj.com\/blog\/","name":"Lajme nga Ulqini","description":"Lajme,Vijesti,Ulqini,Ulqin,Crna Gora,Mali i Zi","potentialAction":[{"@type":"SearchAction","target":{"@type":"EntryPoint","urlTemplate":"https:\/\/www.visit-ulcinj.com\/blog\/?s={search_term_string}"},"query-input":"required name=search_term_string"}],"inLanguage":"en-US"},{"@type":"ImageObject","inLanguage":"en-US","@id":"https:\/\/www.visit-ulcinj.com\/blog\/2009\/03\/21\/lorik-cana-tani-provon-edhe-ne-fushen-e-modes\/#primaryimage","url":"http:\/\/www.visit-ulcinj.com\/blog\/wp-content\/uploads\/2009\/03\/lorik-cana-top-model-ne-franc.jpg","contentUrl":"http:\/\/www.visit-ulcinj.com\/blog\/wp-content\/uploads\/2009\/03\/lorik-cana-top-model-ne-franc.jpg"},{"@type":"WebPage","@id":"https:\/\/www.visit-ulcinj.com\/blog\/2009\/03\/21\/lorik-cana-tani-provon-edhe-ne-fushen-e-modes\/#webpage","url":"https:\/\/www.visit-ulcinj.com\/blog\/2009\/03\/21\/lorik-cana-tani-provon-edhe-ne-fushen-e-modes\/","name":"Lorik Cana tani provon edhe n\u00eb fush\u00ebn e mod\u00ebs - Lajme nga Ulqini","isPartOf":{"@id":"https:\/\/www.visit-ulcinj.com\/blog\/#website"},"primaryImageOfPage":{"@id":"https:\/\/www.visit-ulcinj.com\/blog\/2009\/03\/21\/lorik-cana-tani-provon-edhe-ne-fushen-e-modes\/#primaryimage"},"datePublished":"2009-03-21T17:49:18+00:00","dateModified":"2009-03-21T17:49:18+00:00","author":{"@id":"https:\/\/www.visit-ulcinj.com\/blog\/#\/schema\/person\/dcab619c614d3038751c63bc2aadc06d"},"description":"Futbollisti i Komb\u00ebtares shqiptare dhe kapiteni i Olimpikut t\u00eb Marsej\u00ebs, Lorik Cana shpreson q\u00eb n\u00eb t\u00eb ardhmen t\u00eb provoj\u00eb nj\u00eb karrier\u00eb t\u00eb re n\u00eb bot\u00ebn e","breadcrumb":{"@id":"https:\/\/www.visit-ulcinj.com\/blog\/2009\/03\/21\/lorik-cana-tani-provon-edhe-ne-fushen-e-modes\/#breadcrumb"},"inLanguage":"en-US","potentialAction":[{"@type":"ReadAction","target":["https:\/\/www.visit-ulcinj.com\/blog\/2009\/03\/21\/lorik-cana-tani-provon-edhe-ne-fushen-e-modes\/"]}]},{"@type":"BreadcrumbList","@id":"https:\/\/www.visit-ulcinj.com\/blog\/2009\/03\/21\/lorik-cana-tani-provon-edhe-ne-fushen-e-modes\/#breadcrumb","itemListElement":[{"@type":"ListItem","position":1,"name":"Lorik Cana tani provon edhe n\u00eb fush\u00ebn e mod\u00ebs"}]},{"@type":"Person","@id":"https:\/\/www.visit-ulcinj.com\/blog\/#\/schema\/person\/dcab619c614d3038751c63bc2aadc06d","name":"ulqini","sameAs":["http:\/\/www.visit-ulcinj.com"],"url":"https:\/\/www.visit-ulcinj.com\/blog\/author\/admin\/"}]}},"jetpack_featured_media_url":"","jetpack_sharing_enabled":true,"jetpack_shortlink":"https:\/\/wp.me\/pe6lTn-3Wj","_links":{"self":[{"href":"https:\/\/www.visit-ulcinj.com\/blog\/wp-json\/wp\/v2\/posts\/15147"}],"collection":[{"href":"https:\/\/www.visit-ulcinj.com\/blog\/wp-json\/wp\/v2\/posts"}],"about":[{"href":"https:\/\/www.visit-ulcinj.com\/blog\/wp-json\/wp\/v2\/types\/post"}],"author":[{"embeddable":true,"href":"https:\/\/www.visit-ulcinj.com\/blog\/wp-json\/wp\/v2\/users\/1"}],"replies":[{"embeddable":true,"href":"https:\/\/www.visit-ulcinj.com\/blog\/wp-json\/wp\/v2\/comments?post=15147"}],"version-history":[{"count":0,"href":"https:\/\/www.visit-ulcinj.com\/blog\/wp-json\/wp\/v2\/posts\/15147\/revisions"}],"wp:attachment":[{"href":"https:\/\/www.visit-ulcinj.com\/blog\/wp-json\/wp\/v2\/media?parent=15147"}],"wp:term":[{"taxonomy":"category","embeddable":true,"href":"https:\/\/www.visit-ulcinj.com\/blog\/wp-json\/wp\/v2\/categories?post=15147"},{"taxonomy":"post_tag","embeddable":true,"href":"https:\/\/www.visit-ulcinj.com\/blog\/wp-json\/wp\/v2\/tags?post=15147"}],"curies":[{"name":"wp","href":"https:\/\/api.w.org\/{rel}","templated":true}]}}