{"id":15157,"date":"2009-03-21T20:33:56","date_gmt":"2009-03-21T19:33:56","guid":{"rendered":"http:\/\/www.visit-ulcinj.com\/blog\/?p=15157"},"modified":"2009-03-21T20:35:57","modified_gmt":"2009-03-21T19:35:57","slug":"dy-dekada-te-politikes-se-deshtuar","status":"publish","type":"post","link":"https:\/\/www.visit-ulcinj.com\/blog\/2009\/03\/21\/dy-dekada-te-politikes-se-deshtuar\/","title":{"rendered":"Dy dekada t\u00eb Politik\u00ebs s\u00eb d\u00ebshtuar!"},"content":{"rendered":"<p><strong><a href=\"http:\/\/www.visit-ulcinj.com\/blog\/wp-content\/uploads\/2009\/03\/naser-cobaj.jpg\"><img loading=\"lazy\" class=\"alignleft size-full wp-image-15159\" title=\"naser-cobaj\" src=\"http:\/\/www.visit-ulcinj.com\/blog\/wp-content\/uploads\/2009\/03\/naser-cobaj.jpg\" alt=\"naser-cobaj\" width=\"350\" height=\"285\" \/><\/a>Pse d\u00ebshtoi koalicioni?<\/strong><\/p>\n<p>Mbas dy muaj tentimeve p\u00ebr t\u00eb bashkuar subjektet politike, t\u00eb cil\u00ebt jan\u00eb opozit\u00eb e pushtetit aktual, erdhi edhe dita e fundit p\u00ebr dor\u00ebzimin e listave zgjedhore.\u00a0 Kjo dit\u00eb e mbushur me tensione, dhe me shpres\u00eb, se arsyeja do t\u00eb mbizot\u00ebroj egon, u mbyll\u00eb me d\u00ebshtimin e saj t\u00eb plot\u00eb.\u00a0 P\u00ebr nj\u00eb moment e ndijeva vehten si studenti i pa p\u00ebrgaditur q\u00eb del nga provimi, dhe vet\u00eb fakti se akti u kry, \u00ebsht\u00eb nj\u00eb leht\u00ebsim mental, duke mos menduar n\u00eb rezultat.\u00a0 Por r\u00ebnd\u00ebsia e k\u00ebsaj dite, ma kujtoj nj\u00eb konkludim t\u00eb Profesor Esat Stavilecit, ku p\u00ebr ne thot\u00eb se kemi \u201cnj\u00eb komunitet shqiptar n\u00eb Mal t\u00eb Zi, komb\u00ebtarisht t\u00eb paemancipuar\u201d, dhe menj\u00ebher si kund\u00ebrp\u00ebrgjigje m\u00eb kujtohet kalimthi arsimtari im i gjeografis\u00eb Idriz Kallaba, n\u00eb shkoll\u00ebn fillore q\u00eb na m\u00ebsonte p\u00ebr shtetin am\u00eb Shqip\u00ebrin\u00eb, me aq\u00eb dashuri dhe optimiz\u00ebm, na thonte se Shqip\u00ebria do t\u00eb zhvillohet me hapa t\u00eb shpejt\u00eb dhe t\u00eb sigurt, e do t\u00eb b\u00ebhet si Zvic\u00ebrra. Thash me vehte nj\u00eb realitet antagonist!<\/p>\n<p>Koh\u00ebt kaluan, dhe d\u00ebshira e past\u00ebrt e edukatorit tim, q\u00eb ka mbjedh\u00eb atdhe dashuri, nuk u realizua.\u00a0 Zhvillimet politike n\u00eb Shqip\u00ebri\u00a0 nxorr\u00ebn\u00a0 n\u00eb drit\u00eb mentalitetin\u00a0 dhe mos-aft\u00ebsin\u00eb ton\u00eb p\u00ebr t\u00eb udh\u00ebhequr vet\u00ebvehten p\u00ebrmes nj\u00eb sistemi shoq\u00ebror demokratik.\u00a0 Kjo pasoj\u00eb, n\u00eb m\u00ebnyr\u00eb t\u00eb natyr\u00ebshme u reflekua dhe ndikoj n\u00eb zhvillimet dhe pjekurin\u00eb politike t\u00eb shqiptar\u00ebve jasht\u00eb kufijve t\u00eb shtetit am\u00eb, duke mos numruar suksesin e Kosov\u00ebs, i cili \u00ebshte prodhim i gjeopolitik\u00ebs amerikane.<\/p>\n<p>Pra si rezultat i munges\u00ebs s\u00eb nj\u00eb platforme t\u00eb qart\u00eb komb\u00ebtare p\u00ebr t\u00eb jet\u00ebsuar konceptin e nenit 8 t\u00eb kushtetut\u00ebs, shqiptar\u00ebt u lan\u00eb n\u00eb m\u00ebshir\u00ebn e vet\u00ebvehtes, si nj\u00eb trup pa kok\u00eb. Kjo situat\u00eb m\u00eb s\u00eb shumti i goditi shqiptar\u00ebt e Malit t\u00eb Zi, t\u00eb cil\u00ebt u b\u00ebn viktim e projekteve institucionale t\u00eb grabitjeve t\u00eb pasurive natyrore, t\u00eb shkatrrimeve ekonomike p\u00ebrmes falimetimeve t\u00eb dhunuara t\u00eb nd\u00ebrmarrjeve rentabile, dhe mos pun\u00ebsimin e kuadrove shqiptare n\u00eb organet dhe nd\u00ebrmarrjet shtet\u00ebrore n\u00eb baz\u00eb t\u00eb p\u00ebrb\u00ebrjes proporcionale t\u00eb popull\u00ebsis\u00eb.<\/p>\n<p>E t\u00ebr\u00eb kjo ndodh\u00eb n\u00eb dy dekadat e fundit, kur Mali i Zi \u00ebsht\u00eb shtet demokratik, reklamon kushtetuta dhe ligje bashk\u00ebkohore, por pa implementimin e tyre, dhe ajo q\u00eb k\u00ebtij shtet i zbardh\u00eb faqen para nd\u00ebrkomb\u00ebtar\u00ebve, \u00ebsht\u00eb se shqiptar\u00ebt kan\u00eb p\u00ebrfaq\u00ebsuesit e vet\u00eb politik.<\/p>\n<p>K\u00ebshtu para dy dekadave fillon saga e shqiptar\u00ebve n\u00eb Mal t\u00eb Zi, me kuadro pa p\u00ebrvoj politiko-administrative, por me nj\u00eb patriotiz\u00ebm t\u00eb sh\u00ebndosh\u00ebt, i cili shum\u00eb shpejt\u00eb kthehet n\u00eb paranoj\u00eb, dhe menj\u00ebher fillojn\u00eb likfidimet politike, dhe mosbesimi n\u00eb bashk\u00ebpuntor, q\u00eb rezulton n\u00eb krijimin e individit si mit i simbolit t\u00eb shp\u00ebtimtarit t\u00eb kombit.\u00a0 Pastaj vijn\u00eb takimet me grupin e Lordit Karrington, ku shihet se nuk ka definim t\u00eb k\u00ebrkesave, pastaj\u00a0 tryezat e rrumbullakta me pushtetin, t\u00eb nd\u00ebrmjet\u00ebsuar nga organizata PER \u2013 n\u00ebn drejtimin e Alan Kasof, ku p\u00ebrs\u00ebri shqiptar\u00ebt nuk kan\u00eb k\u00ebrkesa p\u00ebr zgjedhjen e statutit t\u00eb shqiptar\u00ebve, por ato treten si t\u00eb hutuar pas\u00a0 k\u00ebrkesave materiale p\u00ebr nj\u00eb maternitet, nj\u00eb fakultet, apo \u00e7eljen e nj\u00eb pike kufitare, duke harruar kolonizimin, privatizimin, pun\u00ebsimin, emigrimin, programet shkollore n\u00eb shkolla fillore dhe ato t\u00eb mesme, pra duke harruar se hapi i par\u00eb \u00ebsht\u00eb ai i definimit t\u00eb nj\u00eb statuti ku do t\u00eb definonte metod\u00ebn e ruajtjes s\u00eb pasuris\u00eb dhe shfryt\u00ebzimin e saj, ruajtjen nga asimilimi dhe migrimi, ruajtjen nga ndyshimi i demografis\u00eb dhe ruajtjen e kultur\u00ebs dhe gjuh\u00ebs n\u00eb trevat tona autoktone.<\/p>\n<p>K\u00ebshtu kaloi koha dhe erdhi afati i zgjedhjeve parlamentare, i cili subjektet tona i gjeti t\u00eb disorijentuara.\u00a0 Nj\u00ebri deputet kishte uzurpuar per 10 jav\u00eb Koh\u00ebn Javore me artikujt, ku vehten e paraqet si krijuesi i gjith\u00ebsis\u00eb s\u00eb shqiptar\u00ebve n\u00eb Mal t\u00eb Zi. Kryetari i Kuvendit t\u00eb Ulqinit referohet n\u00eb \u00e7do shkrim apo bised\u00eb, Librit t\u00eb Shenj\u00ebt, q\u00eb tregon shkall\u00ebn e frig\u00ebs dhe shpres\u00ebs se me k\u00ebto citime do t\u00eb jet\u00eb i kurr\u00ebsyer nga \u201cgjynahet\u201d, sidomos t\u00eb dy viteve t\u00eb fundit,\u00a0 n\u00eb jet\u00ebn e amshuar, dhe s\u00eb fundi deputeti i Lidhjes Demokratike i cili n\u00eb form\u00ebn despotiane, i thot\u00eb k\u00ebrkes\u00ebs s\u00eb Deg\u00ebs s\u00eb An\u00ebs s\u00eb Malit, \u201cEdhe nj\u00eb k\u00ebt\u00eb her\u00eb, un\u00eb i pari!\u201d, edhe pse t\u00eb gjith\u00eb grupacionet nga kjo krahin\u00eb than\u00eb haptazi se nuk do t\u00eb prodhojm\u00eb kandidat tjet\u00ebr, por do t\u00eb p\u00ebrkrahim nj\u00eb kandidat t\u00eb pranuesh\u00ebm p\u00ebr An\u00eb t\u00eb Malit, si ate t\u00eb Mehmet Tafic\u00ebs, Saubih Mehmetit apo Kadri Sinanit.<\/p>\n<p>Nd\u00ebrsa\u00a0 n\u00eb Mal\u00ebsi, edhe pas premtimeve nga ASH se do t\u00eb b\u00ebhet percaktimi i kandidatit n\u00eb m\u00ebnyr\u00eb demokratike, vjen deri te zbulimi i teorive t\u00eb reja matematikore, por q\u00eb n\u00eb zhargonin e teorive politike, nuk \u00ebsht\u00eb absurditet q\u00eb pesha e numrit 6 t\u00eb jet\u00eb m\u00eb e r\u00ebnd se definimi sasior i numrit 7.\u00a0\u00a0 P\u00ebr k\u00ebt\u00eb konkludim politik, q\u00eb bie ndesh me normat demokratike, por q\u00eb arsyetohet me procedur\u00ebn e montuar ligjore, shpresojm\u00eb q\u00eb nj\u00eb dit\u00eb zoti Camaj, si ushtrues detyre i Kryetarit t\u00eb ASH-s\u00eb do t\u00eb na jap spjegime publike.<\/p>\n<p>Poashtu p\u00ebr interes t\u00eb opinionit publik duhet\u00a0 t\u00eb analizohet edhe tentimi i ASH-s\u00eb q\u00eb t\u00eb lidhin koalicion me\u00a0 subjektet shqiptare, pa p\u00ebrcaktuar kandidatin, e q\u00eb i ngjan\u00eb treg\u00ebtis\u00eb me \u201cmic\u00eb n\u00eb thes\u201d, ku propozimi ishte jasht\u00eb balanceve t\u00eb realitetit politik, duke i ruajtur kryevendin nj\u00eb force t\u00eb konsumuar, kurse vendin e dyt\u00eb ASH-s\u00eb, q\u00eb n\u00eb shikimin par\u00eb \u00ebsht\u00eb nj\u00eb propozim i drejt\u00eb, se rrespekton \u201cmosh\u00ebn\u201d, konfesionin dhe p\u00ebrfaq\u00ebsimin rajonal, por jo realitetin politik.<\/p>\n<p><strong>Pse u ngut zoti Camaj me propozimin e tij n\u00eb mbledhjen e Ulqinit? <\/strong><\/p>\n<p>Spekulimet mund t\u00eb jen\u00eb t\u00eb shumta, por faktet q\u00ebndrojn\u00eb se nj\u00eb propozim i till\u00eb ishte jasht\u00eb realiteti n\u00eb teren.\u00a0 P\u00ebr ne, dhe p\u00ebr shumic\u00ebn pjes\u00ebmarr\u00ebse n\u00eb mbledhje, nuk kishte mund\u00ebsi t\u00eb injorohet, organizimi, aft\u00ebsia profesionale dhe energjia e Forc\u00ebs s\u00eb Re Demokratike, q\u00eb i takonte t\u00eb udh\u00ebhiqte list\u00ebn pa kompromis, kurse vendi i dyt\u00eb i takonte Mal\u00ebsis\u00eb, nd\u00ebrsa vendi i tret\u00eb i takonte kandidatit nga Ana e Malit, i cili duhet t\u00eb kishte p\u00ebrkrahjen e Deg\u00ebs s\u00eb LD p\u00ebr An\u00eb t\u00eb Malit, PPD-s\u00eb, BDSH-s\u00eb dhe intelektualve t\u00eb pavarur.\u00a0 Ky opcion ishte i vet\u00ebmi i pranuesh\u00ebm p\u00ebr shumic\u00ebn, q\u00eb siguronte 3 mandate t\u00eb sigurta, dhe nj\u00ebkoh\u00ebsiht do t\u00eb ishte nj\u00eb konsolidim, q\u00eb do t\u00eb \u00e7elte rrug\u00ebn p\u00ebr shkrirjen n\u00eb nj\u00eb subjekt politik gjat\u00eb dy viteve t\u00eb ardh\u00ebshme, dhe pregaditjeve per zgjedhjet e ardh\u00ebshme lokale.<\/p>\n<p>Por e gjith\u00eb kjo d\u00ebshtoj, ndoshta pse zoti Bardhi, ishte irituar nga diaspora, q\u00eb shum\u00eb her\u00eb na b\u00ebnte apel q\u00eb ta l\u00ebm rehat, e t\u00eb merremi me mbledhjen e ndihmave humanitare, deri sa ai t\u00eb zgjedh \u00e7\u00ebshtjen shqiptare, se \u00ebsht\u00eb nj\u00eb projek madhore, ku edhe k\u00ebt\u00eb rrall\u00eb duhet ndihma e tij, se pa angazhimin e tij, si dikur n\u00eb vitet 90-ta kur ishte n\u00eb ball\u00eb t\u00eb t\u00eb gjitha fronteve, kryetar partie, kryetar komune dhe deputet, e p\u00ebr ate se nuk kishte mund\u00ebsi t\u00eb ishte edhe z\u00ebv\u00ebnd\u00ebs minist\u00ebr n\u00eb arsim dhe Minist\u00ebr p\u00ebr Pakica, ato dy poste i dogji, e vazhdoj t\u00eb akuzoj Gjergj Dakun, Bajram Rexh\u00ebn dhe t\u00eb gjith\u00eb q\u00eb nuk u pajtuan me te, si Emin Halili, Basri \u00c7apriqi, Ali Sal\u00ebn, e edhe ne n\u00eb diaspor\u00eb si puntor\u00eb t\u00eb UDB-s\u00eb.\u00a0 Kurse tani neve si Anamalas na quan \u201ct\u00eb pangritur\u201d, apo n\u00eb tubimet publike thot\u00eb se m\u00eb kan\u00eb trath\u00ebtuar Anamal\u00ebsit, kurse diaspora punon n\u00eb projektet e organeve sekrete p\u00ebr t\u00eb m\u00eb eliminuar.<\/p>\n<p>Ndoshta zoti Bardhi ne e kemi tradh\u00ebtuar aspirat\u00ebn tuaj p\u00ebr sundim, por kurr\u00eb idealet tuaja p\u00ebr ruajtjen e identitetit ton\u00eb etnik, dhe un\u00eb jam i sigurt q\u00eb edhe ju pajtoheni me mua, por egoja dhe d\u00ebshira p\u00ebr titull t\u00eb perjetsh\u00ebm ju kan\u00eb verbuar p\u00ebr nj\u00eb moment.\u00a0 Dhe, edhe k\u00ebsaj here jeni duke vazhduar me avazin e vjet\u00ebr, ku m\u00eb s\u00eb miri e spjegon profesor Stavileci, i cili thot\u00eb \u201cN\u00eb fjal\u00ebt dhe fjalit\u00eb tona ende ka shum\u00eb porosi folklorike.\u201d<\/p>\n<p>Un\u00eb e vler\u00ebsoj aft\u00ebsin\u00eb tuaj sofiste, \u201cq\u00eb e bardha \u00ebsht\u00eb e zez\u00eb, dhe e zeza e bardh\u00eb\u201d, por kam nj\u00eb shpres\u00eb t\u00eb vog\u00ebl, q\u00eb intelektual\u00ebt ton\u00eb t\u00eb druajtur, do t\u00eb dalin e t\u00eb bisedojn\u00eb me popullin, q\u00eb \u00ebsht\u00eb i past\u00ebr por i manipuluar me patriotiz\u00ebm rromatik, dhe i kusht\u00ebzuar p\u00ebr nj\u00eb vend pune, nj\u00eb thes mielli, apo nj\u00eb premtim q\u00eb i jep shpres\u00eb.<\/p>\n<p><strong>Naser \u00c7obaj,<\/p>\n<p>N\u00ebnkryetar i L\u00ebvizjes Atdheu na Bashkon\u00a0 &#8211;\u00a0\u00a0 Kryetar i Komisionit Politik i LAB<\/strong><\/p>\n<p><strong>New York\u00a0 m\u00eb, 18 mars 2009<\/strong><\/p>\n<p><strong>MALESIA.ORG<\/strong><\/p>\n","protected":false},"excerpt":{"rendered":"<p>Pse d\u00ebshtoi koalicioni? Mbas dy muaj tentimeve p\u00ebr t\u00eb bashkuar subjektet politike, t\u00eb cil\u00ebt jan\u00eb opozit\u00eb e pushtetit aktual, erdhi edhe dita e fundit p\u00ebr dor\u00ebzimin e listave zgjedhore.\u00a0 Kjo dit\u00eb e mbushur me tensione, dhe me shpres\u00eb, se arsyeja do t\u00eb mbizot\u00ebroj egon, u mbyll\u00eb me d\u00ebshtimin e saj t\u00eb plot\u00eb.\u00a0 P\u00ebr nj\u00eb moment [&hellip;]<\/p>\n","protected":false},"author":1,"featured_media":0,"comment_status":"open","ping_status":"closed","sticky":false,"template":"","format":"standard","meta":{"spay_email":"","jetpack_publicize_message":"","jetpack_is_tweetstorm":false,"jetpack_publicize_feature_enabled":true},"categories":[6],"tags":[8265,8263,951,8272,8266,3863,8262,8270,8268,1082,8269,8273,8271,8267,8264],"jetpack_publicize_connections":[],"yoast_head":"<!-- This site is optimized with the Yoast SEO plugin v19.1 - https:\/\/yoast.com\/wordpress\/plugins\/seo\/ -->\n<title>Dy dekada t\u00eb Politik\u00ebs s\u00eb d\u00ebshtuar! - Lajme nga Ulqini<\/title>\n<meta name=\"description\" content=\"Pse d\u00ebshtoi koalicioni? Mbas dy muaj tentimeve p\u00ebr t\u00eb bashkuar subjektet politike, t\u00eb cil\u00ebt jan\u00eb opozit\u00eb e pushtetit aktual, erdhi edhe dita e fundit p\u00ebr\" \/>\n<meta name=\"robots\" content=\"index, follow, max-snippet:-1, max-image-preview:large, max-video-preview:-1\" \/>\n<link rel=\"canonical\" href=\"https:\/\/www.visit-ulcinj.com\/blog\/2009\/03\/21\/dy-dekada-te-politikes-se-deshtuar\/\" \/>\n<meta property=\"og:locale\" content=\"en_US\" \/>\n<meta property=\"og:type\" content=\"article\" \/>\n<meta property=\"og:title\" content=\"Dy dekada t\u00eb Politik\u00ebs s\u00eb d\u00ebshtuar! - Lajme nga Ulqini\" \/>\n<meta property=\"og:description\" content=\"Pse d\u00ebshtoi koalicioni? Mbas dy muaj tentimeve p\u00ebr t\u00eb bashkuar subjektet politike, t\u00eb cil\u00ebt jan\u00eb opozit\u00eb e pushtetit aktual, erdhi edhe dita e fundit p\u00ebr\" \/>\n<meta property=\"og:url\" content=\"https:\/\/www.visit-ulcinj.com\/blog\/2009\/03\/21\/dy-dekada-te-politikes-se-deshtuar\/\" \/>\n<meta property=\"og:site_name\" content=\"Lajme nga Ulqini\" \/>\n<meta property=\"article:published_time\" content=\"2009-03-21T19:33:56+00:00\" \/>\n<meta property=\"article:modified_time\" content=\"2009-03-21T19:35:57+00:00\" \/>\n<meta property=\"og:image\" content=\"http:\/\/www.visit-ulcinj.com\/blog\/wp-content\/uploads\/2009\/03\/naser-cobaj.jpg\" \/>\n<meta name=\"twitter:label1\" content=\"Written by\" \/>\n\t<meta name=\"twitter:data1\" content=\"ulqini\" \/>\n\t<meta name=\"twitter:label2\" content=\"Est. reading time\" \/>\n\t<meta name=\"twitter:data2\" content=\"8 minutes\" \/>\n<script type=\"application\/ld+json\" class=\"yoast-schema-graph\">{\"@context\":\"https:\/\/schema.org\",\"@graph\":[{\"@type\":\"WebSite\",\"@id\":\"https:\/\/www.visit-ulcinj.com\/blog\/#website\",\"url\":\"https:\/\/www.visit-ulcinj.com\/blog\/\",\"name\":\"Lajme nga Ulqini\",\"description\":\"Lajme,Vijesti,Ulqini,Ulqin,Crna Gora,Mali i Zi\",\"potentialAction\":[{\"@type\":\"SearchAction\",\"target\":{\"@type\":\"EntryPoint\",\"urlTemplate\":\"https:\/\/www.visit-ulcinj.com\/blog\/?s={search_term_string}\"},\"query-input\":\"required name=search_term_string\"}],\"inLanguage\":\"en-US\"},{\"@type\":\"ImageObject\",\"inLanguage\":\"en-US\",\"@id\":\"https:\/\/www.visit-ulcinj.com\/blog\/2009\/03\/21\/dy-dekada-te-politikes-se-deshtuar\/#primaryimage\",\"url\":\"https:\/\/www.visit-ulcinj.com\/blog\/wp-content\/uploads\/2009\/03\/naser-cobaj.jpg\",\"contentUrl\":\"https:\/\/www.visit-ulcinj.com\/blog\/wp-content\/uploads\/2009\/03\/naser-cobaj.jpg\",\"width\":\"318\",\"height\":\"238\"},{\"@type\":\"WebPage\",\"@id\":\"https:\/\/www.visit-ulcinj.com\/blog\/2009\/03\/21\/dy-dekada-te-politikes-se-deshtuar\/#webpage\",\"url\":\"https:\/\/www.visit-ulcinj.com\/blog\/2009\/03\/21\/dy-dekada-te-politikes-se-deshtuar\/\",\"name\":\"Dy dekada t\u00eb Politik\u00ebs s\u00eb d\u00ebshtuar! - Lajme nga Ulqini\",\"isPartOf\":{\"@id\":\"https:\/\/www.visit-ulcinj.com\/blog\/#website\"},\"primaryImageOfPage\":{\"@id\":\"https:\/\/www.visit-ulcinj.com\/blog\/2009\/03\/21\/dy-dekada-te-politikes-se-deshtuar\/#primaryimage\"},\"datePublished\":\"2009-03-21T19:33:56+00:00\",\"dateModified\":\"2009-03-21T19:35:57+00:00\",\"author\":{\"@id\":\"https:\/\/www.visit-ulcinj.com\/blog\/#\/schema\/person\/dcab619c614d3038751c63bc2aadc06d\"},\"description\":\"Pse d\u00ebshtoi koalicioni? Mbas dy muaj tentimeve p\u00ebr t\u00eb bashkuar subjektet politike, t\u00eb cil\u00ebt jan\u00eb opozit\u00eb e pushtetit aktual, erdhi edhe dita e fundit p\u00ebr\",\"breadcrumb\":{\"@id\":\"https:\/\/www.visit-ulcinj.com\/blog\/2009\/03\/21\/dy-dekada-te-politikes-se-deshtuar\/#breadcrumb\"},\"inLanguage\":\"en-US\",\"potentialAction\":[{\"@type\":\"ReadAction\",\"target\":[\"https:\/\/www.visit-ulcinj.com\/blog\/2009\/03\/21\/dy-dekada-te-politikes-se-deshtuar\/\"]}]},{\"@type\":\"BreadcrumbList\",\"@id\":\"https:\/\/www.visit-ulcinj.com\/blog\/2009\/03\/21\/dy-dekada-te-politikes-se-deshtuar\/#breadcrumb\",\"itemListElement\":[{\"@type\":\"ListItem\",\"position\":1,\"name\":\"Dy dekada t\u00eb Politik\u00ebs s\u00eb d\u00ebshtuar!\"}]},{\"@type\":\"Person\",\"@id\":\"https:\/\/www.visit-ulcinj.com\/blog\/#\/schema\/person\/dcab619c614d3038751c63bc2aadc06d\",\"name\":\"ulqini\",\"sameAs\":[\"http:\/\/www.visit-ulcinj.com\"],\"url\":\"https:\/\/www.visit-ulcinj.com\/blog\/author\/admin\/\"}]}<\/script>\n<!-- \/ Yoast SEO plugin. -->","yoast_head_json":{"title":"Dy dekada t\u00eb Politik\u00ebs s\u00eb d\u00ebshtuar! - Lajme nga Ulqini","description":"Pse d\u00ebshtoi koalicioni? Mbas dy muaj tentimeve p\u00ebr t\u00eb bashkuar subjektet politike, t\u00eb cil\u00ebt jan\u00eb opozit\u00eb e pushtetit aktual, erdhi edhe dita e fundit p\u00ebr","robots":{"index":"index","follow":"follow","max-snippet":"max-snippet:-1","max-image-preview":"max-image-preview:large","max-video-preview":"max-video-preview:-1"},"canonical":"https:\/\/www.visit-ulcinj.com\/blog\/2009\/03\/21\/dy-dekada-te-politikes-se-deshtuar\/","og_locale":"en_US","og_type":"article","og_title":"Dy dekada t\u00eb Politik\u00ebs s\u00eb d\u00ebshtuar! - Lajme nga Ulqini","og_description":"Pse d\u00ebshtoi koalicioni? Mbas dy muaj tentimeve p\u00ebr t\u00eb bashkuar subjektet politike, t\u00eb cil\u00ebt jan\u00eb opozit\u00eb e pushtetit aktual, erdhi edhe dita e fundit p\u00ebr","og_url":"https:\/\/www.visit-ulcinj.com\/blog\/2009\/03\/21\/dy-dekada-te-politikes-se-deshtuar\/","og_site_name":"Lajme nga Ulqini","article_published_time":"2009-03-21T19:33:56+00:00","article_modified_time":"2009-03-21T19:35:57+00:00","og_image":[{"url":"http:\/\/www.visit-ulcinj.com\/blog\/wp-content\/uploads\/2009\/03\/naser-cobaj.jpg"}],"twitter_misc":{"Written by":"ulqini","Est. reading time":"8 minutes"},"schema":{"@context":"https:\/\/schema.org","@graph":[{"@type":"WebSite","@id":"https:\/\/www.visit-ulcinj.com\/blog\/#website","url":"https:\/\/www.visit-ulcinj.com\/blog\/","name":"Lajme nga Ulqini","description":"Lajme,Vijesti,Ulqini,Ulqin,Crna Gora,Mali i Zi","potentialAction":[{"@type":"SearchAction","target":{"@type":"EntryPoint","urlTemplate":"https:\/\/www.visit-ulcinj.com\/blog\/?s={search_term_string}"},"query-input":"required name=search_term_string"}],"inLanguage":"en-US"},{"@type":"ImageObject","inLanguage":"en-US","@id":"https:\/\/www.visit-ulcinj.com\/blog\/2009\/03\/21\/dy-dekada-te-politikes-se-deshtuar\/#primaryimage","url":"https:\/\/www.visit-ulcinj.com\/blog\/wp-content\/uploads\/2009\/03\/naser-cobaj.jpg","contentUrl":"https:\/\/www.visit-ulcinj.com\/blog\/wp-content\/uploads\/2009\/03\/naser-cobaj.jpg","width":"318","height":"238"},{"@type":"WebPage","@id":"https:\/\/www.visit-ulcinj.com\/blog\/2009\/03\/21\/dy-dekada-te-politikes-se-deshtuar\/#webpage","url":"https:\/\/www.visit-ulcinj.com\/blog\/2009\/03\/21\/dy-dekada-te-politikes-se-deshtuar\/","name":"Dy dekada t\u00eb Politik\u00ebs s\u00eb d\u00ebshtuar! - Lajme nga Ulqini","isPartOf":{"@id":"https:\/\/www.visit-ulcinj.com\/blog\/#website"},"primaryImageOfPage":{"@id":"https:\/\/www.visit-ulcinj.com\/blog\/2009\/03\/21\/dy-dekada-te-politikes-se-deshtuar\/#primaryimage"},"datePublished":"2009-03-21T19:33:56+00:00","dateModified":"2009-03-21T19:35:57+00:00","author":{"@id":"https:\/\/www.visit-ulcinj.com\/blog\/#\/schema\/person\/dcab619c614d3038751c63bc2aadc06d"},"description":"Pse d\u00ebshtoi koalicioni? Mbas dy muaj tentimeve p\u00ebr t\u00eb bashkuar subjektet politike, t\u00eb cil\u00ebt jan\u00eb opozit\u00eb e pushtetit aktual, erdhi edhe dita e fundit p\u00ebr","breadcrumb":{"@id":"https:\/\/www.visit-ulcinj.com\/blog\/2009\/03\/21\/dy-dekada-te-politikes-se-deshtuar\/#breadcrumb"},"inLanguage":"en-US","potentialAction":[{"@type":"ReadAction","target":["https:\/\/www.visit-ulcinj.com\/blog\/2009\/03\/21\/dy-dekada-te-politikes-se-deshtuar\/"]}]},{"@type":"BreadcrumbList","@id":"https:\/\/www.visit-ulcinj.com\/blog\/2009\/03\/21\/dy-dekada-te-politikes-se-deshtuar\/#breadcrumb","itemListElement":[{"@type":"ListItem","position":1,"name":"Dy dekada t\u00eb Politik\u00ebs s\u00eb d\u00ebshtuar!"}]},{"@type":"Person","@id":"https:\/\/www.visit-ulcinj.com\/blog\/#\/schema\/person\/dcab619c614d3038751c63bc2aadc06d","name":"ulqini","sameAs":["http:\/\/www.visit-ulcinj.com"],"url":"https:\/\/www.visit-ulcinj.com\/blog\/author\/admin\/"}]}},"jetpack_featured_media_url":"","jetpack_sharing_enabled":true,"jetpack_shortlink":"https:\/\/wp.me\/pe6lTn-3Wt","_links":{"self":[{"href":"https:\/\/www.visit-ulcinj.com\/blog\/wp-json\/wp\/v2\/posts\/15157"}],"collection":[{"href":"https:\/\/www.visit-ulcinj.com\/blog\/wp-json\/wp\/v2\/posts"}],"about":[{"href":"https:\/\/www.visit-ulcinj.com\/blog\/wp-json\/wp\/v2\/types\/post"}],"author":[{"embeddable":true,"href":"https:\/\/www.visit-ulcinj.com\/blog\/wp-json\/wp\/v2\/users\/1"}],"replies":[{"embeddable":true,"href":"https:\/\/www.visit-ulcinj.com\/blog\/wp-json\/wp\/v2\/comments?post=15157"}],"version-history":[{"count":0,"href":"https:\/\/www.visit-ulcinj.com\/blog\/wp-json\/wp\/v2\/posts\/15157\/revisions"}],"wp:attachment":[{"href":"https:\/\/www.visit-ulcinj.com\/blog\/wp-json\/wp\/v2\/media?parent=15157"}],"wp:term":[{"taxonomy":"category","embeddable":true,"href":"https:\/\/www.visit-ulcinj.com\/blog\/wp-json\/wp\/v2\/categories?post=15157"},{"taxonomy":"post_tag","embeddable":true,"href":"https:\/\/www.visit-ulcinj.com\/blog\/wp-json\/wp\/v2\/tags?post=15157"}],"curies":[{"name":"wp","href":"https:\/\/api.w.org\/{rel}","templated":true}]}}