{"id":15190,"date":"2009-03-22T16:05:52","date_gmt":"2009-03-22T15:05:52","guid":{"rendered":"http:\/\/www.visit-ulcinj.com\/blog\/?p=15190"},"modified":"2009-03-22T16:05:52","modified_gmt":"2009-03-22T15:05:52","slug":"arjon-nuk-mund-ta-kuptosh-nese-nuk-e-perjeton","status":"publish","type":"post","link":"https:\/\/www.visit-ulcinj.com\/blog\/2009\/03\/22\/arjon-nuk-mund-ta-kuptosh-nese-nuk-e-perjeton\/","title":{"rendered":"Arjon : Nuk mund ta kuptosh n\u00ebse nuk e p\u00ebrjeton"},"content":{"rendered":"<p><em><span class=\"newsdate\"><a href=\"http:\/\/www.visit-ulcinj.com\/blog\/wp-content\/uploads\/2009\/03\/per-prinderit.jpg\"><img loading=\"lazy\" class=\"alignleft size-full wp-image-15191\" title=\"per-prinderit-big-brother-albania-2\" src=\"http:\/\/www.visit-ulcinj.com\/blog\/wp-content\/uploads\/2009\/03\/per-prinderit.jpg\" alt=\"per-prinderit-big-brother-albania-2\" width=\"300\" height=\"205\" \/><\/a>21\/03\/09 00:23<\/span><\/em><\/p>\n<p>Arjoni dhe Mesida diskutojn\u00eb p\u00ebr letr\u00ebn q\u00eb babai i kishte d\u00ebrguar Bjordit. Arjoni fillon t\u00eb diskutoj\u00eb p\u00ebr shprehjen q\u00eb tha Bjordi se nuk e ndjen t\u00eb nevojshme prezenc\u00ebn e t\u00eb atit. Ai mendon se kjo nuk mund t\u00eb jet\u00eb e v\u00ebrtet\u00eb, pasi n\u00eb ato momente imagjinoi sikur t\u00eb mos kishte nj\u00eb nga prind\u00ebrit e tij dhe n\u00eb asnj\u00eb moment nuk e ndjeu t\u00eb panevojshme prezenc\u00ebn e ndonj\u00ebrit prej tyre. Arjoni thot\u00eb se sado q\u00eb t\u00eb mund t\u00eb vihet n\u00eb pozit\u00ebn e tij ose dhe t\u00eb Mesid\u00ebs, nuk mund ta konceptoj\u00eb e pranoj\u00eb k\u00ebt\u00eb. Mesida mundohet ta spjegoj\u00eb m\u00ebnyr\u00ebn se si e ka ndjer\u00eb Bjordi ose ajo jet\u00ebn pa ta. Ajo i thot\u00eb se sado q\u00eb t\u00eb tjer\u00ebt t\u00eb mundohen ta imagjinojn\u00eb, kurr\u00eb nuk mund ta kuptojn\u00eb pasi nuk e kan\u00eb provuar ndjesin\u00eb e mos patjes s\u00eb nj\u00ebrit prind. Mesida mendon se n\u00ebse nuk jan\u00eb rritur me t\u00eb, at\u00ebher\u00eb nuk ia ndjejn\u00eb nevoj\u00ebn. Ajo, duke iu dridhur z\u00ebri, tregon se kur kan\u00eb q\u00ebn\u00eb t\u00eb vegj\u00ebl, at\u00ebher\u00eb kur kan\u00eb patur nevoj\u00ebn e t\u00eb dy prind\u00ebrve, ata nuk kan\u00eb q\u00ebn\u00eb dhe vet\u00ebm nj\u00ebri prind u ka q\u00ebndruar af\u00ebr. Tani q\u00eb jan\u00eb t\u00eb rritur mund t\u00eb b\u00ebjn\u00eb edhe pa ta. P\u00ebr Mesid\u00ebn, ata mund t\u00eb b\u00ebhen prind\u00ebrit m\u00eb t\u00eb mir\u00eb n\u00eb t\u00eb ardhmen ose edhe vet\u00ebm miq shum\u00eb t\u00eb mir\u00eb, por tani p\u00ebr tani, ngelen t\u00eb larg\u00ebt. Arjoni thot\u00eb se me prind\u00ebrit e tij ka nj\u00eb marr\u00ebdh\u00ebnie simbiotike dhe mendon se edhe kur t\u00eb jet\u00eb 40-vjec ka p\u00ebr t\u00eb patur nevoj\u00ebn e tyre.<\/p>\n","protected":false},"excerpt":{"rendered":"<p>21\/03\/09 00:23 Arjoni dhe Mesida diskutojn\u00eb p\u00ebr letr\u00ebn q\u00eb babai i kishte d\u00ebrguar Bjordit. Arjoni fillon t\u00eb diskutoj\u00eb p\u00ebr shprehjen q\u00eb tha Bjordi se nuk e ndjen t\u00eb nevojshme prezenc\u00ebn e t\u00eb atit. Ai mendon se kjo nuk mund t\u00eb jet\u00eb e v\u00ebrtet\u00eb, pasi n\u00eb ato momente imagjinoi sikur t\u00eb mos kishte nj\u00eb nga prind\u00ebrit [&hellip;]<\/p>\n","protected":false},"author":1,"featured_media":0,"comment_status":"open","ping_status":"closed","sticky":false,"template":"","format":"standard","meta":{"spay_email":"","jetpack_publicize_message":"","jetpack_is_tweetstorm":false,"jetpack_publicize_feature_enabled":true},"categories":[6502],"tags":[6525,6883,6516,6712,6522,7364,6891],"jetpack_publicize_connections":[],"yoast_head":"<!-- This site is optimized with the Yoast SEO plugin v19.1 - https:\/\/yoast.com\/wordpress\/plugins\/seo\/ -->\n<title>Arjon : Nuk mund ta kuptosh n\u00c3\u00abse nuk e p\u00c3\u00abrjeton | Big Brother Albania 2<\/title>\n<meta name=\"description\" content=\"Big Brother Albania 2 - Arjoni dhe Mesida diskutojn\u00c3\u00ab p\u00c3\u00abr letr\u00c3\u00abn q\u00c3\u00ab babai i kishte d\u00c3\u00abrguar Bjordit.\" \/>\n<meta name=\"robots\" content=\"index, follow, max-snippet:-1, max-image-preview:large, max-video-preview:-1\" \/>\n<link rel=\"canonical\" href=\"https:\/\/www.visit-ulcinj.com\/blog\/2009\/03\/22\/arjon-nuk-mund-ta-kuptosh-nese-nuk-e-perjeton\/\" \/>\n<meta property=\"og:locale\" content=\"en_US\" \/>\n<meta property=\"og:type\" content=\"article\" \/>\n<meta property=\"og:title\" content=\"Arjon : Nuk mund ta kuptosh n\u00c3\u00abse nuk e p\u00c3\u00abrjeton | Big Brother Albania 2\" \/>\n<meta property=\"og:description\" content=\"Big Brother Albania 2 - Arjoni dhe Mesida diskutojn\u00c3\u00ab p\u00c3\u00abr letr\u00c3\u00abn q\u00c3\u00ab babai i kishte d\u00c3\u00abrguar Bjordit.\" \/>\n<meta property=\"og:url\" content=\"https:\/\/www.visit-ulcinj.com\/blog\/2009\/03\/22\/arjon-nuk-mund-ta-kuptosh-nese-nuk-e-perjeton\/\" \/>\n<meta property=\"og:site_name\" content=\"Lajme nga Ulqini\" \/>\n<meta property=\"article:published_time\" content=\"2009-03-22T15:05:52+00:00\" \/>\n<meta property=\"og:image\" content=\"http:\/\/www.visit-ulcinj.com\/blog\/wp-content\/uploads\/2009\/03\/per-prinderit.jpg\" \/>\n<meta name=\"twitter:label1\" content=\"Written by\" \/>\n\t<meta name=\"twitter:data1\" content=\"ulqini\" \/>\n\t<meta name=\"twitter:label2\" content=\"Est. reading time\" \/>\n\t<meta name=\"twitter:data2\" content=\"1 minute\" \/>\n<script type=\"application\/ld+json\" class=\"yoast-schema-graph\">{\"@context\":\"https:\/\/schema.org\",\"@graph\":[{\"@type\":\"WebSite\",\"@id\":\"https:\/\/www.visit-ulcinj.com\/blog\/#website\",\"url\":\"https:\/\/www.visit-ulcinj.com\/blog\/\",\"name\":\"Lajme nga Ulqini\",\"description\":\"Lajme,Vijesti,Ulqini,Ulqin,Crna Gora,Mali i Zi\",\"potentialAction\":[{\"@type\":\"SearchAction\",\"target\":{\"@type\":\"EntryPoint\",\"urlTemplate\":\"https:\/\/www.visit-ulcinj.com\/blog\/?s={search_term_string}\"},\"query-input\":\"required name=search_term_string\"}],\"inLanguage\":\"en-US\"},{\"@type\":\"ImageObject\",\"inLanguage\":\"en-US\",\"@id\":\"https:\/\/www.visit-ulcinj.com\/blog\/2009\/03\/22\/arjon-nuk-mund-ta-kuptosh-nese-nuk-e-perjeton\/#primaryimage\",\"url\":\"http:\/\/www.visit-ulcinj.com\/blog\/wp-content\/uploads\/2009\/03\/per-prinderit.jpg\",\"contentUrl\":\"http:\/\/www.visit-ulcinj.com\/blog\/wp-content\/uploads\/2009\/03\/per-prinderit.jpg\"},{\"@type\":\"WebPage\",\"@id\":\"https:\/\/www.visit-ulcinj.com\/blog\/2009\/03\/22\/arjon-nuk-mund-ta-kuptosh-nese-nuk-e-perjeton\/#webpage\",\"url\":\"https:\/\/www.visit-ulcinj.com\/blog\/2009\/03\/22\/arjon-nuk-mund-ta-kuptosh-nese-nuk-e-perjeton\/\",\"name\":\"Arjon : Nuk mund ta kuptosh n\u00c3\u00abse nuk e p\u00c3\u00abrjeton | Big Brother Albania 2\",\"isPartOf\":{\"@id\":\"https:\/\/www.visit-ulcinj.com\/blog\/#website\"},\"primaryImageOfPage\":{\"@id\":\"https:\/\/www.visit-ulcinj.com\/blog\/2009\/03\/22\/arjon-nuk-mund-ta-kuptosh-nese-nuk-e-perjeton\/#primaryimage\"},\"datePublished\":\"2009-03-22T15:05:52+00:00\",\"dateModified\":\"2009-03-22T15:05:52+00:00\",\"author\":{\"@id\":\"https:\/\/www.visit-ulcinj.com\/blog\/#\/schema\/person\/dcab619c614d3038751c63bc2aadc06d\"},\"description\":\"Big Brother Albania 2 - Arjoni dhe Mesida diskutojn\u00c3\u00ab p\u00c3\u00abr letr\u00c3\u00abn q\u00c3\u00ab babai i kishte d\u00c3\u00abrguar Bjordit.\",\"breadcrumb\":{\"@id\":\"https:\/\/www.visit-ulcinj.com\/blog\/2009\/03\/22\/arjon-nuk-mund-ta-kuptosh-nese-nuk-e-perjeton\/#breadcrumb\"},\"inLanguage\":\"en-US\",\"potentialAction\":[{\"@type\":\"ReadAction\",\"target\":[\"https:\/\/www.visit-ulcinj.com\/blog\/2009\/03\/22\/arjon-nuk-mund-ta-kuptosh-nese-nuk-e-perjeton\/\"]}]},{\"@type\":\"BreadcrumbList\",\"@id\":\"https:\/\/www.visit-ulcinj.com\/blog\/2009\/03\/22\/arjon-nuk-mund-ta-kuptosh-nese-nuk-e-perjeton\/#breadcrumb\",\"itemListElement\":[{\"@type\":\"ListItem\",\"position\":1,\"name\":\"Arjon : Nuk mund ta kuptosh n\u00ebse nuk e p\u00ebrjeton\"}]},{\"@type\":\"Person\",\"@id\":\"https:\/\/www.visit-ulcinj.com\/blog\/#\/schema\/person\/dcab619c614d3038751c63bc2aadc06d\",\"name\":\"ulqini\",\"sameAs\":[\"http:\/\/www.visit-ulcinj.com\"],\"url\":\"https:\/\/www.visit-ulcinj.com\/blog\/author\/admin\/\"}]}<\/script>\n<!-- \/ Yoast SEO plugin. -->","yoast_head_json":{"title":"Arjon : Nuk mund ta kuptosh n\u00c3\u00abse nuk e p\u00c3\u00abrjeton | Big Brother Albania 2","description":"Big Brother Albania 2 - Arjoni dhe Mesida diskutojn\u00c3\u00ab p\u00c3\u00abr letr\u00c3\u00abn q\u00c3\u00ab babai i kishte d\u00c3\u00abrguar Bjordit.","robots":{"index":"index","follow":"follow","max-snippet":"max-snippet:-1","max-image-preview":"max-image-preview:large","max-video-preview":"max-video-preview:-1"},"canonical":"https:\/\/www.visit-ulcinj.com\/blog\/2009\/03\/22\/arjon-nuk-mund-ta-kuptosh-nese-nuk-e-perjeton\/","og_locale":"en_US","og_type":"article","og_title":"Arjon : Nuk mund ta kuptosh n\u00c3\u00abse nuk e p\u00c3\u00abrjeton | Big Brother Albania 2","og_description":"Big Brother Albania 2 - Arjoni dhe Mesida diskutojn\u00c3\u00ab p\u00c3\u00abr letr\u00c3\u00abn q\u00c3\u00ab babai i kishte d\u00c3\u00abrguar Bjordit.","og_url":"https:\/\/www.visit-ulcinj.com\/blog\/2009\/03\/22\/arjon-nuk-mund-ta-kuptosh-nese-nuk-e-perjeton\/","og_site_name":"Lajme nga Ulqini","article_published_time":"2009-03-22T15:05:52+00:00","og_image":[{"url":"http:\/\/www.visit-ulcinj.com\/blog\/wp-content\/uploads\/2009\/03\/per-prinderit.jpg"}],"twitter_misc":{"Written by":"ulqini","Est. reading time":"1 minute"},"schema":{"@context":"https:\/\/schema.org","@graph":[{"@type":"WebSite","@id":"https:\/\/www.visit-ulcinj.com\/blog\/#website","url":"https:\/\/www.visit-ulcinj.com\/blog\/","name":"Lajme nga Ulqini","description":"Lajme,Vijesti,Ulqini,Ulqin,Crna Gora,Mali i Zi","potentialAction":[{"@type":"SearchAction","target":{"@type":"EntryPoint","urlTemplate":"https:\/\/www.visit-ulcinj.com\/blog\/?s={search_term_string}"},"query-input":"required name=search_term_string"}],"inLanguage":"en-US"},{"@type":"ImageObject","inLanguage":"en-US","@id":"https:\/\/www.visit-ulcinj.com\/blog\/2009\/03\/22\/arjon-nuk-mund-ta-kuptosh-nese-nuk-e-perjeton\/#primaryimage","url":"http:\/\/www.visit-ulcinj.com\/blog\/wp-content\/uploads\/2009\/03\/per-prinderit.jpg","contentUrl":"http:\/\/www.visit-ulcinj.com\/blog\/wp-content\/uploads\/2009\/03\/per-prinderit.jpg"},{"@type":"WebPage","@id":"https:\/\/www.visit-ulcinj.com\/blog\/2009\/03\/22\/arjon-nuk-mund-ta-kuptosh-nese-nuk-e-perjeton\/#webpage","url":"https:\/\/www.visit-ulcinj.com\/blog\/2009\/03\/22\/arjon-nuk-mund-ta-kuptosh-nese-nuk-e-perjeton\/","name":"Arjon : Nuk mund ta kuptosh n\u00c3\u00abse nuk e p\u00c3\u00abrjeton | Big Brother Albania 2","isPartOf":{"@id":"https:\/\/www.visit-ulcinj.com\/blog\/#website"},"primaryImageOfPage":{"@id":"https:\/\/www.visit-ulcinj.com\/blog\/2009\/03\/22\/arjon-nuk-mund-ta-kuptosh-nese-nuk-e-perjeton\/#primaryimage"},"datePublished":"2009-03-22T15:05:52+00:00","dateModified":"2009-03-22T15:05:52+00:00","author":{"@id":"https:\/\/www.visit-ulcinj.com\/blog\/#\/schema\/person\/dcab619c614d3038751c63bc2aadc06d"},"description":"Big Brother Albania 2 - Arjoni dhe Mesida diskutojn\u00c3\u00ab p\u00c3\u00abr letr\u00c3\u00abn q\u00c3\u00ab babai i kishte d\u00c3\u00abrguar Bjordit.","breadcrumb":{"@id":"https:\/\/www.visit-ulcinj.com\/blog\/2009\/03\/22\/arjon-nuk-mund-ta-kuptosh-nese-nuk-e-perjeton\/#breadcrumb"},"inLanguage":"en-US","potentialAction":[{"@type":"ReadAction","target":["https:\/\/www.visit-ulcinj.com\/blog\/2009\/03\/22\/arjon-nuk-mund-ta-kuptosh-nese-nuk-e-perjeton\/"]}]},{"@type":"BreadcrumbList","@id":"https:\/\/www.visit-ulcinj.com\/blog\/2009\/03\/22\/arjon-nuk-mund-ta-kuptosh-nese-nuk-e-perjeton\/#breadcrumb","itemListElement":[{"@type":"ListItem","position":1,"name":"Arjon : Nuk mund ta kuptosh n\u00ebse nuk e p\u00ebrjeton"}]},{"@type":"Person","@id":"https:\/\/www.visit-ulcinj.com\/blog\/#\/schema\/person\/dcab619c614d3038751c63bc2aadc06d","name":"ulqini","sameAs":["http:\/\/www.visit-ulcinj.com"],"url":"https:\/\/www.visit-ulcinj.com\/blog\/author\/admin\/"}]}},"jetpack_featured_media_url":"","jetpack_sharing_enabled":true,"jetpack_shortlink":"https:\/\/wp.me\/pe6lTn-3X0","_links":{"self":[{"href":"https:\/\/www.visit-ulcinj.com\/blog\/wp-json\/wp\/v2\/posts\/15190"}],"collection":[{"href":"https:\/\/www.visit-ulcinj.com\/blog\/wp-json\/wp\/v2\/posts"}],"about":[{"href":"https:\/\/www.visit-ulcinj.com\/blog\/wp-json\/wp\/v2\/types\/post"}],"author":[{"embeddable":true,"href":"https:\/\/www.visit-ulcinj.com\/blog\/wp-json\/wp\/v2\/users\/1"}],"replies":[{"embeddable":true,"href":"https:\/\/www.visit-ulcinj.com\/blog\/wp-json\/wp\/v2\/comments?post=15190"}],"version-history":[{"count":0,"href":"https:\/\/www.visit-ulcinj.com\/blog\/wp-json\/wp\/v2\/posts\/15190\/revisions"}],"wp:attachment":[{"href":"https:\/\/www.visit-ulcinj.com\/blog\/wp-json\/wp\/v2\/media?parent=15190"}],"wp:term":[{"taxonomy":"category","embeddable":true,"href":"https:\/\/www.visit-ulcinj.com\/blog\/wp-json\/wp\/v2\/categories?post=15190"},{"taxonomy":"post_tag","embeddable":true,"href":"https:\/\/www.visit-ulcinj.com\/blog\/wp-json\/wp\/v2\/tags?post=15190"}],"curies":[{"name":"wp","href":"https:\/\/api.w.org\/{rel}","templated":true}]}}