{"id":15193,"date":"2009-03-22T16:08:15","date_gmt":"2009-03-22T15:08:15","guid":{"rendered":"http:\/\/www.visit-ulcinj.com\/blog\/?p=15193"},"modified":"2009-03-22T16:08:15","modified_gmt":"2009-03-22T15:08:15","slug":"vajzat-shohin-tanin-fitues","status":"publish","type":"post","link":"https:\/\/www.visit-ulcinj.com\/blog\/2009\/03\/22\/vajzat-shohin-tanin-fitues\/","title":{"rendered":"Vajzat shohin Tanin fitues"},"content":{"rendered":"<p><em><span class=\"newsdate\"><a href=\"http:\/\/www.visit-ulcinj.com\/blog\/wp-content\/uploads\/2009\/03\/per-finalen.jpg\"><img loading=\"lazy\" class=\"alignleft size-full wp-image-15194\" title=\"per-finalen-big-brother-albania-2\" src=\"http:\/\/www.visit-ulcinj.com\/blog\/wp-content\/uploads\/2009\/03\/per-finalen.jpg\" alt=\"per-finalen-big-brother-albania-2\" width=\"300\" height=\"205\" \/><\/a>21\/03\/09 01:36<\/span><\/em><\/p>\n<p>Arjoni ankohet se asnj\u00eb nga banor\u00ebt pak m\u00eb par\u00eb nuk tha se ai do t\u00eb jet\u00eb nj\u00eb finalist, p\u00ebrvec Adel\u00ebs. Ai v\u00eb n\u00eb dukje se shum\u00eb mendonin se fitoren do ta kishte Dritani por kjo gj\u00eb nuk i p\u00eblqeu aspak pasi u kujton banor\u00ebve se fituesi i edicionit t\u00eb kaluar kishte t\u00eb nj\u00ebjt\u00ebn sjellje si ai dhe sipas Arjonit nuk mund t\u00eb fitoj\u00eb dy her\u00eb Dritani. Bjordi mendon se do jet\u00eb nj\u00eb situat\u00eb shum\u00eb e cuditshme kur t\u00eb shohin nat\u00ebn e finales nga studioja. Sipas Mesid\u00ebs, ajo do t\u00eb ket\u00eb nj\u00eb buz\u00ebqeshje false n\u00ebse fiton dikush q\u00eb ajo ka antipati por Arjoni mendon se n\u00eb momentin q\u00eb do dalin, antipatit\u00eb do t\u00eb shuhen sepse do mendojn\u00eb se kjo ishte vec nj\u00eb loj\u00eb.<\/p>\n","protected":false},"excerpt":{"rendered":"<p>21\/03\/09 01:36 Arjoni ankohet se asnj\u00eb nga banor\u00ebt pak m\u00eb par\u00eb nuk tha se ai do t\u00eb jet\u00eb nj\u00eb finalist, p\u00ebrvec Adel\u00ebs. Ai v\u00eb n\u00eb dukje se shum\u00eb mendonin se fitoren do ta kishte Dritani por kjo gj\u00eb nuk i p\u00eblqeu aspak pasi u kujton banor\u00ebve se fituesi i edicionit t\u00eb kaluar kishte t\u00eb nj\u00ebjt\u00ebn [&hellip;]<\/p>\n","protected":false},"author":1,"featured_media":0,"comment_status":"open","ping_status":"closed","sticky":false,"template":"","format":"standard","meta":{"spay_email":"","jetpack_publicize_message":"","jetpack_is_tweetstorm":false,"jetpack_publicize_feature_enabled":true},"categories":[6502],"tags":[6529,6537,6525,6883,6516,6712,6521,7364,6891],"jetpack_publicize_connections":[],"yoast_head":"<!-- This site is optimized with the Yoast SEO plugin v19.1 - https:\/\/yoast.com\/wordpress\/plugins\/seo\/ -->\n<title>Vajzat shohin Tanin fitues | Big Brother Albania 2<\/title>\n<meta name=\"description\" content=\"Big Brother Albania 2 - Arjoni ankohet se asnj\u00c3\u00ab nga banor\u00c3\u00abt pak m\u00c3\u00ab par\u00c3\u00ab nuk tha se ai do t\u00c3\u00ab jet\u00c3\u00ab nj\u00c3\u00ab finalist, p\u00c3\u00abrvec Adel\u00c3\u00abs\" \/>\n<meta name=\"robots\" content=\"index, follow, max-snippet:-1, max-image-preview:large, max-video-preview:-1\" \/>\n<link rel=\"canonical\" href=\"https:\/\/www.visit-ulcinj.com\/blog\/2009\/03\/22\/vajzat-shohin-tanin-fitues\/\" \/>\n<meta property=\"og:locale\" content=\"en_US\" \/>\n<meta property=\"og:type\" content=\"article\" \/>\n<meta property=\"og:title\" content=\"Vajzat shohin Tanin fitues | Big Brother Albania 2\" \/>\n<meta property=\"og:description\" content=\"Big Brother Albania 2 - Arjoni ankohet se asnj\u00c3\u00ab nga banor\u00c3\u00abt pak m\u00c3\u00ab par\u00c3\u00ab nuk tha se ai do t\u00c3\u00ab jet\u00c3\u00ab nj\u00c3\u00ab finalist, p\u00c3\u00abrvec Adel\u00c3\u00abs\" \/>\n<meta property=\"og:url\" content=\"https:\/\/www.visit-ulcinj.com\/blog\/2009\/03\/22\/vajzat-shohin-tanin-fitues\/\" \/>\n<meta property=\"og:site_name\" content=\"Lajme nga Ulqini\" \/>\n<meta property=\"article:published_time\" content=\"2009-03-22T15:08:15+00:00\" \/>\n<meta property=\"og:image\" content=\"http:\/\/www.visit-ulcinj.com\/blog\/wp-content\/uploads\/2009\/03\/per-finalen.jpg\" \/>\n<meta name=\"twitter:label1\" content=\"Written by\" \/>\n\t<meta name=\"twitter:data1\" content=\"ulqini\" \/>\n\t<meta name=\"twitter:label2\" content=\"Est. reading time\" \/>\n\t<meta name=\"twitter:data2\" content=\"1 minute\" \/>\n<script type=\"application\/ld+json\" class=\"yoast-schema-graph\">{\"@context\":\"https:\/\/schema.org\",\"@graph\":[{\"@type\":\"WebSite\",\"@id\":\"https:\/\/www.visit-ulcinj.com\/blog\/#website\",\"url\":\"https:\/\/www.visit-ulcinj.com\/blog\/\",\"name\":\"Lajme nga Ulqini\",\"description\":\"Lajme,Vijesti,Ulqini,Ulqin,Crna Gora,Mali i Zi\",\"potentialAction\":[{\"@type\":\"SearchAction\",\"target\":{\"@type\":\"EntryPoint\",\"urlTemplate\":\"https:\/\/www.visit-ulcinj.com\/blog\/?s={search_term_string}\"},\"query-input\":\"required name=search_term_string\"}],\"inLanguage\":\"en-US\"},{\"@type\":\"ImageObject\",\"inLanguage\":\"en-US\",\"@id\":\"https:\/\/www.visit-ulcinj.com\/blog\/2009\/03\/22\/vajzat-shohin-tanin-fitues\/#primaryimage\",\"url\":\"http:\/\/www.visit-ulcinj.com\/blog\/wp-content\/uploads\/2009\/03\/per-finalen.jpg\",\"contentUrl\":\"http:\/\/www.visit-ulcinj.com\/blog\/wp-content\/uploads\/2009\/03\/per-finalen.jpg\"},{\"@type\":\"WebPage\",\"@id\":\"https:\/\/www.visit-ulcinj.com\/blog\/2009\/03\/22\/vajzat-shohin-tanin-fitues\/#webpage\",\"url\":\"https:\/\/www.visit-ulcinj.com\/blog\/2009\/03\/22\/vajzat-shohin-tanin-fitues\/\",\"name\":\"Vajzat shohin Tanin fitues | Big Brother Albania 2\",\"isPartOf\":{\"@id\":\"https:\/\/www.visit-ulcinj.com\/blog\/#website\"},\"primaryImageOfPage\":{\"@id\":\"https:\/\/www.visit-ulcinj.com\/blog\/2009\/03\/22\/vajzat-shohin-tanin-fitues\/#primaryimage\"},\"datePublished\":\"2009-03-22T15:08:15+00:00\",\"dateModified\":\"2009-03-22T15:08:15+00:00\",\"author\":{\"@id\":\"https:\/\/www.visit-ulcinj.com\/blog\/#\/schema\/person\/dcab619c614d3038751c63bc2aadc06d\"},\"description\":\"Big Brother Albania 2 - Arjoni ankohet se asnj\u00c3\u00ab nga banor\u00c3\u00abt pak m\u00c3\u00ab par\u00c3\u00ab nuk tha se ai do t\u00c3\u00ab jet\u00c3\u00ab nj\u00c3\u00ab finalist, p\u00c3\u00abrvec Adel\u00c3\u00abs\",\"breadcrumb\":{\"@id\":\"https:\/\/www.visit-ulcinj.com\/blog\/2009\/03\/22\/vajzat-shohin-tanin-fitues\/#breadcrumb\"},\"inLanguage\":\"en-US\",\"potentialAction\":[{\"@type\":\"ReadAction\",\"target\":[\"https:\/\/www.visit-ulcinj.com\/blog\/2009\/03\/22\/vajzat-shohin-tanin-fitues\/\"]}]},{\"@type\":\"BreadcrumbList\",\"@id\":\"https:\/\/www.visit-ulcinj.com\/blog\/2009\/03\/22\/vajzat-shohin-tanin-fitues\/#breadcrumb\",\"itemListElement\":[{\"@type\":\"ListItem\",\"position\":1,\"name\":\"Vajzat shohin Tanin fitues\"}]},{\"@type\":\"Person\",\"@id\":\"https:\/\/www.visit-ulcinj.com\/blog\/#\/schema\/person\/dcab619c614d3038751c63bc2aadc06d\",\"name\":\"ulqini\",\"sameAs\":[\"http:\/\/www.visit-ulcinj.com\"],\"url\":\"https:\/\/www.visit-ulcinj.com\/blog\/author\/admin\/\"}]}<\/script>\n<!-- \/ Yoast SEO plugin. -->","yoast_head_json":{"title":"Vajzat shohin Tanin fitues | Big Brother Albania 2","description":"Big Brother Albania 2 - Arjoni ankohet se asnj\u00c3\u00ab nga banor\u00c3\u00abt pak m\u00c3\u00ab par\u00c3\u00ab nuk tha se ai do t\u00c3\u00ab jet\u00c3\u00ab nj\u00c3\u00ab finalist, p\u00c3\u00abrvec Adel\u00c3\u00abs","robots":{"index":"index","follow":"follow","max-snippet":"max-snippet:-1","max-image-preview":"max-image-preview:large","max-video-preview":"max-video-preview:-1"},"canonical":"https:\/\/www.visit-ulcinj.com\/blog\/2009\/03\/22\/vajzat-shohin-tanin-fitues\/","og_locale":"en_US","og_type":"article","og_title":"Vajzat shohin Tanin fitues | Big Brother Albania 2","og_description":"Big Brother Albania 2 - Arjoni ankohet se asnj\u00c3\u00ab nga banor\u00c3\u00abt pak m\u00c3\u00ab par\u00c3\u00ab nuk tha se ai do t\u00c3\u00ab jet\u00c3\u00ab nj\u00c3\u00ab finalist, p\u00c3\u00abrvec Adel\u00c3\u00abs","og_url":"https:\/\/www.visit-ulcinj.com\/blog\/2009\/03\/22\/vajzat-shohin-tanin-fitues\/","og_site_name":"Lajme nga Ulqini","article_published_time":"2009-03-22T15:08:15+00:00","og_image":[{"url":"http:\/\/www.visit-ulcinj.com\/blog\/wp-content\/uploads\/2009\/03\/per-finalen.jpg"}],"twitter_misc":{"Written by":"ulqini","Est. reading time":"1 minute"},"schema":{"@context":"https:\/\/schema.org","@graph":[{"@type":"WebSite","@id":"https:\/\/www.visit-ulcinj.com\/blog\/#website","url":"https:\/\/www.visit-ulcinj.com\/blog\/","name":"Lajme nga Ulqini","description":"Lajme,Vijesti,Ulqini,Ulqin,Crna Gora,Mali i Zi","potentialAction":[{"@type":"SearchAction","target":{"@type":"EntryPoint","urlTemplate":"https:\/\/www.visit-ulcinj.com\/blog\/?s={search_term_string}"},"query-input":"required name=search_term_string"}],"inLanguage":"en-US"},{"@type":"ImageObject","inLanguage":"en-US","@id":"https:\/\/www.visit-ulcinj.com\/blog\/2009\/03\/22\/vajzat-shohin-tanin-fitues\/#primaryimage","url":"http:\/\/www.visit-ulcinj.com\/blog\/wp-content\/uploads\/2009\/03\/per-finalen.jpg","contentUrl":"http:\/\/www.visit-ulcinj.com\/blog\/wp-content\/uploads\/2009\/03\/per-finalen.jpg"},{"@type":"WebPage","@id":"https:\/\/www.visit-ulcinj.com\/blog\/2009\/03\/22\/vajzat-shohin-tanin-fitues\/#webpage","url":"https:\/\/www.visit-ulcinj.com\/blog\/2009\/03\/22\/vajzat-shohin-tanin-fitues\/","name":"Vajzat shohin Tanin fitues | Big Brother Albania 2","isPartOf":{"@id":"https:\/\/www.visit-ulcinj.com\/blog\/#website"},"primaryImageOfPage":{"@id":"https:\/\/www.visit-ulcinj.com\/blog\/2009\/03\/22\/vajzat-shohin-tanin-fitues\/#primaryimage"},"datePublished":"2009-03-22T15:08:15+00:00","dateModified":"2009-03-22T15:08:15+00:00","author":{"@id":"https:\/\/www.visit-ulcinj.com\/blog\/#\/schema\/person\/dcab619c614d3038751c63bc2aadc06d"},"description":"Big Brother Albania 2 - Arjoni ankohet se asnj\u00c3\u00ab nga banor\u00c3\u00abt pak m\u00c3\u00ab par\u00c3\u00ab nuk tha se ai do t\u00c3\u00ab jet\u00c3\u00ab nj\u00c3\u00ab finalist, p\u00c3\u00abrvec Adel\u00c3\u00abs","breadcrumb":{"@id":"https:\/\/www.visit-ulcinj.com\/blog\/2009\/03\/22\/vajzat-shohin-tanin-fitues\/#breadcrumb"},"inLanguage":"en-US","potentialAction":[{"@type":"ReadAction","target":["https:\/\/www.visit-ulcinj.com\/blog\/2009\/03\/22\/vajzat-shohin-tanin-fitues\/"]}]},{"@type":"BreadcrumbList","@id":"https:\/\/www.visit-ulcinj.com\/blog\/2009\/03\/22\/vajzat-shohin-tanin-fitues\/#breadcrumb","itemListElement":[{"@type":"ListItem","position":1,"name":"Vajzat shohin Tanin fitues"}]},{"@type":"Person","@id":"https:\/\/www.visit-ulcinj.com\/blog\/#\/schema\/person\/dcab619c614d3038751c63bc2aadc06d","name":"ulqini","sameAs":["http:\/\/www.visit-ulcinj.com"],"url":"https:\/\/www.visit-ulcinj.com\/blog\/author\/admin\/"}]}},"jetpack_featured_media_url":"","jetpack_sharing_enabled":true,"jetpack_shortlink":"https:\/\/wp.me\/pe6lTn-3X3","_links":{"self":[{"href":"https:\/\/www.visit-ulcinj.com\/blog\/wp-json\/wp\/v2\/posts\/15193"}],"collection":[{"href":"https:\/\/www.visit-ulcinj.com\/blog\/wp-json\/wp\/v2\/posts"}],"about":[{"href":"https:\/\/www.visit-ulcinj.com\/blog\/wp-json\/wp\/v2\/types\/post"}],"author":[{"embeddable":true,"href":"https:\/\/www.visit-ulcinj.com\/blog\/wp-json\/wp\/v2\/users\/1"}],"replies":[{"embeddable":true,"href":"https:\/\/www.visit-ulcinj.com\/blog\/wp-json\/wp\/v2\/comments?post=15193"}],"version-history":[{"count":0,"href":"https:\/\/www.visit-ulcinj.com\/blog\/wp-json\/wp\/v2\/posts\/15193\/revisions"}],"wp:attachment":[{"href":"https:\/\/www.visit-ulcinj.com\/blog\/wp-json\/wp\/v2\/media?parent=15193"}],"wp:term":[{"taxonomy":"category","embeddable":true,"href":"https:\/\/www.visit-ulcinj.com\/blog\/wp-json\/wp\/v2\/categories?post=15193"},{"taxonomy":"post_tag","embeddable":true,"href":"https:\/\/www.visit-ulcinj.com\/blog\/wp-json\/wp\/v2\/tags?post=15193"}],"curies":[{"name":"wp","href":"https:\/\/api.w.org\/{rel}","templated":true}]}}