{"id":15199,"date":"2009-03-22T16:12:43","date_gmt":"2009-03-22T15:12:43","guid":{"rendered":"http:\/\/www.visit-ulcinj.com\/blog\/?p=15199"},"modified":"2009-03-22T16:12:43","modified_gmt":"2009-03-22T15:12:43","slug":"mesida-kam-shume-emocione","status":"publish","type":"post","link":"https:\/\/www.visit-ulcinj.com\/blog\/2009\/03\/22\/mesida-kam-shume-emocione\/","title":{"rendered":"Mesida : Kam shum\u00eb emocione"},"content":{"rendered":"<p>\u00a0<\/p>\n<div id=\"content\"><em><span class=\"newsdate\"><a href=\"http:\/\/www.visit-ulcinj.com\/blog\/wp-content\/uploads\/2009\/03\/per-largiminmesidaarjon.jpg\"><img loading=\"lazy\" class=\"alignleft size-full wp-image-15200\" title=\"per-largiminmesidaarjon-big-brother-albania-2\" src=\"http:\/\/www.visit-ulcinj.com\/blog\/wp-content\/uploads\/2009\/03\/per-largiminmesidaarjon.jpg\" alt=\"per-largiminmesidaarjon-big-brother-albania-2\" width=\"300\" height=\"205\" \/><\/a>21\/03\/09 10:17<\/span><\/em><\/p>\n<p>Mesida i tregon Arjonit se i vjen keq n\u00ebse del se n\u00eb sht\u00ebpi do l\u00ebr\u00eb disa persona t\u00eb cil\u00ebt i p\u00eblqejn\u00eb.\u00a0Ajo thot\u00eb se do ua ndjej\u00eb munges\u00ebn sa do q\u00eb vet\u00ebm tre jav\u00eb ka brenda dhe e tremb fakti se ambienti jasht\u00eb sht\u00ebpis\u00eb i duket i panjohur. Mesida shpreh se ndjen shum\u00eb emocione por p\u00ebr Arjonin i ndodh k\u00ebshtu se \u00ebsht\u00eb hera e par\u00eb n\u00eb k\u00ebt\u00eb pozit\u00eb sepse ai q\u00eb e ka p\u00ebr her\u00eb t\u00eb tret\u00eb nuk ndjen fare emocione. Arjoni i thot\u00eb se n\u00eb momentin kur Arbana t\u00eb jap\u00eb vendimin se cili do t\u00eb dal\u00eb, n\u00eb kraharor do t\u00eb ndjej\u00eb nj\u00eb shtr\u00ebngim. Ai imagjinon sken\u00ebn dhe tregon se i pari do t\u00eb jet\u00eb Sori q\u00eb do t\u00eb vazhdoj\u00eb loj\u00ebn, pastaj Aida dhe n\u00eb fund do t\u00eb ngelen ata t\u00eb dy ku ai do t\u00eb l\u00ebr\u00eb sht\u00ebpin\u00eb. Mesida i thot\u00eb se ai nuk ka p\u00ebr t\u00eb dal\u00eb, pasi ka ende p\u00ebr t\u00eb dh\u00ebn\u00eb. Ata fillojn\u00eb t\u00eb flasin p\u00ebr momentet m\u00eb t\u00eb bukura q\u00eb kan\u00eb kaluar dhe q\u00eb do t\u2019u tregojn\u00eb n\u00eb klip.<\/p><\/div>\n<div><\/div>\n","protected":false},"excerpt":{"rendered":"<p>\u00a0 21\/03\/09 10:17 Mesida i tregon Arjonit se i vjen keq n\u00ebse del se n\u00eb sht\u00ebpi do l\u00ebr\u00eb disa persona t\u00eb cil\u00ebt i p\u00eblqejn\u00eb.\u00a0Ajo thot\u00eb se do ua ndjej\u00eb munges\u00ebn sa do q\u00eb vet\u00ebm tre jav\u00eb ka brenda dhe e tremb fakti se ambienti jasht\u00eb sht\u00ebpis\u00eb i duket i panjohur. Mesida shpreh se ndjen shum\u00eb [&hellip;]<\/p>\n","protected":false},"author":1,"featured_media":0,"comment_status":"open","ping_status":"closed","sticky":false,"template":"","format":"standard","meta":{"spay_email":"","jetpack_publicize_message":"","jetpack_is_tweetstorm":false,"jetpack_publicize_feature_enabled":true},"categories":[6502],"tags":[6883,6516,6712,8281,7364,8280,6891],"jetpack_publicize_connections":[],"yoast_head":"<!-- This site is optimized with the Yoast SEO plugin v19.1 - https:\/\/yoast.com\/wordpress\/plugins\/seo\/ -->\n<title>Mesida : Kam shum\u00c3\u00ab emocione | Big Brother Albania 2<\/title>\n<meta name=\"description\" content=\"Big Brother Albania 2 - Mesida i tregon Arjonit se i vjen keq n\u00c3\u00abse del se n\u00c3\u00ab sht\u00c3\u00abpi do l\u00c3\u00abr\u00c3\u00ab disa persona t\u00c3\u00ab cil\u00c3\u00abt i p\u00c3\u00ablqejn\u00c3\u00ab.\" \/>\n<meta name=\"robots\" content=\"index, follow, max-snippet:-1, max-image-preview:large, max-video-preview:-1\" \/>\n<link rel=\"canonical\" href=\"https:\/\/www.visit-ulcinj.com\/blog\/2009\/03\/22\/mesida-kam-shume-emocione\/\" \/>\n<meta property=\"og:locale\" content=\"en_US\" \/>\n<meta property=\"og:type\" content=\"article\" \/>\n<meta property=\"og:title\" content=\"Mesida : Kam shum\u00c3\u00ab emocione | Big Brother Albania 2\" \/>\n<meta property=\"og:description\" content=\"Big Brother Albania 2 - Mesida i tregon Arjonit se i vjen keq n\u00c3\u00abse del se n\u00c3\u00ab sht\u00c3\u00abpi do l\u00c3\u00abr\u00c3\u00ab disa persona t\u00c3\u00ab cil\u00c3\u00abt i p\u00c3\u00ablqejn\u00c3\u00ab.\" \/>\n<meta property=\"og:url\" content=\"https:\/\/www.visit-ulcinj.com\/blog\/2009\/03\/22\/mesida-kam-shume-emocione\/\" \/>\n<meta property=\"og:site_name\" content=\"Lajme nga Ulqini\" \/>\n<meta property=\"article:published_time\" content=\"2009-03-22T15:12:43+00:00\" \/>\n<meta property=\"og:image\" content=\"http:\/\/www.visit-ulcinj.com\/blog\/wp-content\/uploads\/2009\/03\/per-largiminmesidaarjon.jpg\" \/>\n<meta name=\"twitter:label1\" content=\"Written by\" \/>\n\t<meta name=\"twitter:data1\" content=\"ulqini\" \/>\n\t<meta name=\"twitter:label2\" content=\"Est. reading time\" \/>\n\t<meta name=\"twitter:data2\" content=\"1 minute\" \/>\n<script type=\"application\/ld+json\" class=\"yoast-schema-graph\">{\"@context\":\"https:\/\/schema.org\",\"@graph\":[{\"@type\":\"WebSite\",\"@id\":\"https:\/\/www.visit-ulcinj.com\/blog\/#website\",\"url\":\"https:\/\/www.visit-ulcinj.com\/blog\/\",\"name\":\"Lajme nga Ulqini\",\"description\":\"Lajme,Vijesti,Ulqini,Ulqin,Crna Gora,Mali i Zi\",\"potentialAction\":[{\"@type\":\"SearchAction\",\"target\":{\"@type\":\"EntryPoint\",\"urlTemplate\":\"https:\/\/www.visit-ulcinj.com\/blog\/?s={search_term_string}\"},\"query-input\":\"required name=search_term_string\"}],\"inLanguage\":\"en-US\"},{\"@type\":\"ImageObject\",\"inLanguage\":\"en-US\",\"@id\":\"https:\/\/www.visit-ulcinj.com\/blog\/2009\/03\/22\/mesida-kam-shume-emocione\/#primaryimage\",\"url\":\"http:\/\/www.visit-ulcinj.com\/blog\/wp-content\/uploads\/2009\/03\/per-largiminmesidaarjon.jpg\",\"contentUrl\":\"http:\/\/www.visit-ulcinj.com\/blog\/wp-content\/uploads\/2009\/03\/per-largiminmesidaarjon.jpg\"},{\"@type\":\"WebPage\",\"@id\":\"https:\/\/www.visit-ulcinj.com\/blog\/2009\/03\/22\/mesida-kam-shume-emocione\/#webpage\",\"url\":\"https:\/\/www.visit-ulcinj.com\/blog\/2009\/03\/22\/mesida-kam-shume-emocione\/\",\"name\":\"Mesida : Kam shum\u00c3\u00ab emocione | Big Brother Albania 2\",\"isPartOf\":{\"@id\":\"https:\/\/www.visit-ulcinj.com\/blog\/#website\"},\"primaryImageOfPage\":{\"@id\":\"https:\/\/www.visit-ulcinj.com\/blog\/2009\/03\/22\/mesida-kam-shume-emocione\/#primaryimage\"},\"datePublished\":\"2009-03-22T15:12:43+00:00\",\"dateModified\":\"2009-03-22T15:12:43+00:00\",\"author\":{\"@id\":\"https:\/\/www.visit-ulcinj.com\/blog\/#\/schema\/person\/dcab619c614d3038751c63bc2aadc06d\"},\"description\":\"Big Brother Albania 2 - Mesida i tregon Arjonit se i vjen keq n\u00c3\u00abse del se n\u00c3\u00ab sht\u00c3\u00abpi do l\u00c3\u00abr\u00c3\u00ab disa persona t\u00c3\u00ab cil\u00c3\u00abt i p\u00c3\u00ablqejn\u00c3\u00ab.\",\"breadcrumb\":{\"@id\":\"https:\/\/www.visit-ulcinj.com\/blog\/2009\/03\/22\/mesida-kam-shume-emocione\/#breadcrumb\"},\"inLanguage\":\"en-US\",\"potentialAction\":[{\"@type\":\"ReadAction\",\"target\":[\"https:\/\/www.visit-ulcinj.com\/blog\/2009\/03\/22\/mesida-kam-shume-emocione\/\"]}]},{\"@type\":\"BreadcrumbList\",\"@id\":\"https:\/\/www.visit-ulcinj.com\/blog\/2009\/03\/22\/mesida-kam-shume-emocione\/#breadcrumb\",\"itemListElement\":[{\"@type\":\"ListItem\",\"position\":1,\"name\":\"Mesida : Kam shum\u00eb emocione\"}]},{\"@type\":\"Person\",\"@id\":\"https:\/\/www.visit-ulcinj.com\/blog\/#\/schema\/person\/dcab619c614d3038751c63bc2aadc06d\",\"name\":\"ulqini\",\"sameAs\":[\"http:\/\/www.visit-ulcinj.com\"],\"url\":\"https:\/\/www.visit-ulcinj.com\/blog\/author\/admin\/\"}]}<\/script>\n<!-- \/ Yoast SEO plugin. -->","yoast_head_json":{"title":"Mesida : Kam shum\u00c3\u00ab emocione | Big Brother Albania 2","description":"Big Brother Albania 2 - Mesida i tregon Arjonit se i vjen keq n\u00c3\u00abse del se n\u00c3\u00ab sht\u00c3\u00abpi do l\u00c3\u00abr\u00c3\u00ab disa persona t\u00c3\u00ab cil\u00c3\u00abt i p\u00c3\u00ablqejn\u00c3\u00ab.","robots":{"index":"index","follow":"follow","max-snippet":"max-snippet:-1","max-image-preview":"max-image-preview:large","max-video-preview":"max-video-preview:-1"},"canonical":"https:\/\/www.visit-ulcinj.com\/blog\/2009\/03\/22\/mesida-kam-shume-emocione\/","og_locale":"en_US","og_type":"article","og_title":"Mesida : Kam shum\u00c3\u00ab emocione | Big Brother Albania 2","og_description":"Big Brother Albania 2 - Mesida i tregon Arjonit se i vjen keq n\u00c3\u00abse del se n\u00c3\u00ab sht\u00c3\u00abpi do l\u00c3\u00abr\u00c3\u00ab disa persona t\u00c3\u00ab cil\u00c3\u00abt i p\u00c3\u00ablqejn\u00c3\u00ab.","og_url":"https:\/\/www.visit-ulcinj.com\/blog\/2009\/03\/22\/mesida-kam-shume-emocione\/","og_site_name":"Lajme nga Ulqini","article_published_time":"2009-03-22T15:12:43+00:00","og_image":[{"url":"http:\/\/www.visit-ulcinj.com\/blog\/wp-content\/uploads\/2009\/03\/per-largiminmesidaarjon.jpg"}],"twitter_misc":{"Written by":"ulqini","Est. reading time":"1 minute"},"schema":{"@context":"https:\/\/schema.org","@graph":[{"@type":"WebSite","@id":"https:\/\/www.visit-ulcinj.com\/blog\/#website","url":"https:\/\/www.visit-ulcinj.com\/blog\/","name":"Lajme nga Ulqini","description":"Lajme,Vijesti,Ulqini,Ulqin,Crna Gora,Mali i Zi","potentialAction":[{"@type":"SearchAction","target":{"@type":"EntryPoint","urlTemplate":"https:\/\/www.visit-ulcinj.com\/blog\/?s={search_term_string}"},"query-input":"required name=search_term_string"}],"inLanguage":"en-US"},{"@type":"ImageObject","inLanguage":"en-US","@id":"https:\/\/www.visit-ulcinj.com\/blog\/2009\/03\/22\/mesida-kam-shume-emocione\/#primaryimage","url":"http:\/\/www.visit-ulcinj.com\/blog\/wp-content\/uploads\/2009\/03\/per-largiminmesidaarjon.jpg","contentUrl":"http:\/\/www.visit-ulcinj.com\/blog\/wp-content\/uploads\/2009\/03\/per-largiminmesidaarjon.jpg"},{"@type":"WebPage","@id":"https:\/\/www.visit-ulcinj.com\/blog\/2009\/03\/22\/mesida-kam-shume-emocione\/#webpage","url":"https:\/\/www.visit-ulcinj.com\/blog\/2009\/03\/22\/mesida-kam-shume-emocione\/","name":"Mesida : Kam shum\u00c3\u00ab emocione | Big Brother Albania 2","isPartOf":{"@id":"https:\/\/www.visit-ulcinj.com\/blog\/#website"},"primaryImageOfPage":{"@id":"https:\/\/www.visit-ulcinj.com\/blog\/2009\/03\/22\/mesida-kam-shume-emocione\/#primaryimage"},"datePublished":"2009-03-22T15:12:43+00:00","dateModified":"2009-03-22T15:12:43+00:00","author":{"@id":"https:\/\/www.visit-ulcinj.com\/blog\/#\/schema\/person\/dcab619c614d3038751c63bc2aadc06d"},"description":"Big Brother Albania 2 - Mesida i tregon Arjonit se i vjen keq n\u00c3\u00abse del se n\u00c3\u00ab sht\u00c3\u00abpi do l\u00c3\u00abr\u00c3\u00ab disa persona t\u00c3\u00ab cil\u00c3\u00abt i p\u00c3\u00ablqejn\u00c3\u00ab.","breadcrumb":{"@id":"https:\/\/www.visit-ulcinj.com\/blog\/2009\/03\/22\/mesida-kam-shume-emocione\/#breadcrumb"},"inLanguage":"en-US","potentialAction":[{"@type":"ReadAction","target":["https:\/\/www.visit-ulcinj.com\/blog\/2009\/03\/22\/mesida-kam-shume-emocione\/"]}]},{"@type":"BreadcrumbList","@id":"https:\/\/www.visit-ulcinj.com\/blog\/2009\/03\/22\/mesida-kam-shume-emocione\/#breadcrumb","itemListElement":[{"@type":"ListItem","position":1,"name":"Mesida : Kam shum\u00eb emocione"}]},{"@type":"Person","@id":"https:\/\/www.visit-ulcinj.com\/blog\/#\/schema\/person\/dcab619c614d3038751c63bc2aadc06d","name":"ulqini","sameAs":["http:\/\/www.visit-ulcinj.com"],"url":"https:\/\/www.visit-ulcinj.com\/blog\/author\/admin\/"}]}},"jetpack_featured_media_url":"","jetpack_sharing_enabled":true,"jetpack_shortlink":"https:\/\/wp.me\/pe6lTn-3X9","_links":{"self":[{"href":"https:\/\/www.visit-ulcinj.com\/blog\/wp-json\/wp\/v2\/posts\/15199"}],"collection":[{"href":"https:\/\/www.visit-ulcinj.com\/blog\/wp-json\/wp\/v2\/posts"}],"about":[{"href":"https:\/\/www.visit-ulcinj.com\/blog\/wp-json\/wp\/v2\/types\/post"}],"author":[{"embeddable":true,"href":"https:\/\/www.visit-ulcinj.com\/blog\/wp-json\/wp\/v2\/users\/1"}],"replies":[{"embeddable":true,"href":"https:\/\/www.visit-ulcinj.com\/blog\/wp-json\/wp\/v2\/comments?post=15199"}],"version-history":[{"count":0,"href":"https:\/\/www.visit-ulcinj.com\/blog\/wp-json\/wp\/v2\/posts\/15199\/revisions"}],"wp:attachment":[{"href":"https:\/\/www.visit-ulcinj.com\/blog\/wp-json\/wp\/v2\/media?parent=15199"}],"wp:term":[{"taxonomy":"category","embeddable":true,"href":"https:\/\/www.visit-ulcinj.com\/blog\/wp-json\/wp\/v2\/categories?post=15199"},{"taxonomy":"post_tag","embeddable":true,"href":"https:\/\/www.visit-ulcinj.com\/blog\/wp-json\/wp\/v2\/tags?post=15199"}],"curies":[{"name":"wp","href":"https:\/\/api.w.org\/{rel}","templated":true}]}}