{"id":15202,"date":"2009-03-22T16:14:47","date_gmt":"2009-03-22T15:14:47","guid":{"rendered":"http:\/\/www.visit-ulcinj.com\/blog\/?p=15202"},"modified":"2009-03-22T16:14:47","modified_gmt":"2009-03-22T15:14:47","slug":"adi-dhe-bjordi-nuk-duhet-te-dalim-te-dy-bashke","status":"publish","type":"post","link":"https:\/\/www.visit-ulcinj.com\/blog\/2009\/03\/22\/adi-dhe-bjordi-nuk-duhet-te-dalim-te-dy-bashke\/","title":{"rendered":"Adi dhe Bjordi : Nuk duhet t\u00eb dalim t\u00eb dy bashk\u00eb"},"content":{"rendered":"<p><em><span class=\"newsdate\"><a href=\"http:\/\/www.visit-ulcinj.com\/blog\/wp-content\/uploads\/2009\/03\/per-nominimetbjordiadi.jpg\"><img loading=\"lazy\" class=\"alignleft size-full wp-image-15203\" title=\"per-nominimetbjordiadi\" src=\"http:\/\/www.visit-ulcinj.com\/blog\/wp-content\/uploads\/2009\/03\/per-nominimetbjordiadi.jpg\" alt=\"per-nominimetbjordiadi\" width=\"300\" height=\"205\" \/><\/a>21\/03\/09 11:37<\/span><\/em><\/p>\n<p>Bjordi dhe Adi flasin p\u00ebr nominimet. Bjordi i shpreh d\u00ebshir\u00ebn se nuk d\u00ebshiron q\u00eb Adin ta shoh\u00eb n\u00eb nominim por mendon se vet\u00eb k\u00ebt\u00eb her\u00eb ehde mund t\u00eb rrezikoj\u00eb. Adi i thot\u00eb q\u00eb t\u00eb mos i mendoj\u00eb k\u00ebto dhe do t\u00eb b\u00ebhet ashtu sic \u00ebsht\u00eb e shkruar. Ai i thot\u00eb se duhet q\u00eb gjysm\u00ebn e loj\u00ebs ta kap\u00ebsh me fuqit\u00eb e tua nd\u00ebrsa gjysm\u00ebn tjet\u00ebr me fuqin\u00eb e publikut pasi n\u00eb fund t\u00eb fundit \u00ebsht\u00eb ai q\u00eb e ka n\u00eb dor\u00eb. Adi jep mendimin se ata t\u00eb dy duhet t\u00eb dalin n\u00eb nominim me njer\u00ebz q\u00eb duan t\u00eb kualifikohen, pasi jan\u00eb personazhe t\u00eb fort\u00eb por do t\u00eb ishte e mira q\u00eb t\u00eb mos dilnin t\u00eb dy p\u00ebrnj\u00ebher\u00eb. Bjordi e pyet se cili mendon se rrezikon sot t\u00eb dal\u00eb. Adi i p\u00ebrgjigjet se loja do t\u00eb b\u00ebhet midis dy vajzave, Aid\u00ebs dhe Mesid\u00ebs nd\u00ebrsa Bjordi thot\u00eb se me parashikimin e tij q\u00eb nuk i ka gabuar asnj\u00ebher\u00eb, mendon se do t\u00eb dal\u00eb Mesida.<\/p>\n","protected":false},"excerpt":{"rendered":"<p>21\/03\/09 11:37 Bjordi dhe Adi flasin p\u00ebr nominimet. Bjordi i shpreh d\u00ebshir\u00ebn se nuk d\u00ebshiron q\u00eb Adin ta shoh\u00eb n\u00eb nominim por mendon se vet\u00eb k\u00ebt\u00eb her\u00eb ehde mund t\u00eb rrezikoj\u00eb. Adi i thot\u00eb q\u00eb t\u00eb mos i mendoj\u00eb k\u00ebto dhe do t\u00eb b\u00ebhet ashtu sic \u00ebsht\u00eb e shkruar. Ai i thot\u00eb se duhet q\u00eb [&hellip;]<\/p>\n","protected":false},"author":1,"featured_media":0,"comment_status":"open","ping_status":"closed","sticky":false,"template":"","format":"standard","meta":{"spay_email":"","jetpack_publicize_message":"","jetpack_is_tweetstorm":false,"jetpack_publicize_feature_enabled":true},"categories":[6502],"tags":[1414,6525,6883,6516,6712,6522,6542,7364,6900,6891],"jetpack_publicize_connections":[],"yoast_head":"<!-- This site is optimized with the Yoast SEO plugin v19.1 - https:\/\/yoast.com\/wordpress\/plugins\/seo\/ -->\n<title>Adi dhe Bjordi : Nuk duhet t\u00c3\u00ab dalim t\u00c3\u00ab dy bashk\u00c3\u00ab | Big Brother Albania 2<\/title>\n<meta name=\"description\" content=\"Big Brother Albania 2 - Bjordi dhe Adi flasin p\u00c3\u00abr nominimet. Bjordi i shpreh d\u00c3\u00abshir\u00c3\u00abn se nuk d\u00c3\u00abshiron q\u00c3\u00ab Adin ta shoh\u00c3\u00ab n\u00c3\u00ab nominim por mendon se vet\u00c3\u00ab k\u00c3\u00abt\u00c3\u00ab her\u00c3\u00ab ehde mund t\u00c3\u00ab rrezikoj\u00c3\u00ab.\" \/>\n<meta name=\"robots\" content=\"index, follow, max-snippet:-1, max-image-preview:large, max-video-preview:-1\" \/>\n<link rel=\"canonical\" href=\"https:\/\/www.visit-ulcinj.com\/blog\/2009\/03\/22\/adi-dhe-bjordi-nuk-duhet-te-dalim-te-dy-bashke\/\" \/>\n<meta property=\"og:locale\" content=\"en_US\" \/>\n<meta property=\"og:type\" content=\"article\" \/>\n<meta property=\"og:title\" content=\"Adi dhe Bjordi : Nuk duhet t\u00c3\u00ab dalim t\u00c3\u00ab dy bashk\u00c3\u00ab | Big Brother Albania 2\" \/>\n<meta property=\"og:description\" content=\"Big Brother Albania 2 - Bjordi dhe Adi flasin p\u00c3\u00abr nominimet. Bjordi i shpreh d\u00c3\u00abshir\u00c3\u00abn se nuk d\u00c3\u00abshiron q\u00c3\u00ab Adin ta shoh\u00c3\u00ab n\u00c3\u00ab nominim por mendon se vet\u00c3\u00ab k\u00c3\u00abt\u00c3\u00ab her\u00c3\u00ab ehde mund t\u00c3\u00ab rrezikoj\u00c3\u00ab.\" \/>\n<meta property=\"og:url\" content=\"https:\/\/www.visit-ulcinj.com\/blog\/2009\/03\/22\/adi-dhe-bjordi-nuk-duhet-te-dalim-te-dy-bashke\/\" \/>\n<meta property=\"og:site_name\" content=\"Lajme nga Ulqini\" \/>\n<meta property=\"article:published_time\" content=\"2009-03-22T15:14:47+00:00\" \/>\n<meta property=\"og:image\" content=\"http:\/\/www.visit-ulcinj.com\/blog\/wp-content\/uploads\/2009\/03\/per-nominimetbjordiadi.jpg\" \/>\n<meta name=\"twitter:label1\" content=\"Written by\" \/>\n\t<meta name=\"twitter:data1\" content=\"ulqini\" \/>\n\t<meta name=\"twitter:label2\" content=\"Est. reading time\" \/>\n\t<meta name=\"twitter:data2\" content=\"1 minute\" \/>\n<script type=\"application\/ld+json\" class=\"yoast-schema-graph\">{\"@context\":\"https:\/\/schema.org\",\"@graph\":[{\"@type\":\"WebSite\",\"@id\":\"https:\/\/www.visit-ulcinj.com\/blog\/#website\",\"url\":\"https:\/\/www.visit-ulcinj.com\/blog\/\",\"name\":\"Lajme nga Ulqini\",\"description\":\"Lajme,Vijesti,Ulqini,Ulqin,Crna Gora,Mali i Zi\",\"potentialAction\":[{\"@type\":\"SearchAction\",\"target\":{\"@type\":\"EntryPoint\",\"urlTemplate\":\"https:\/\/www.visit-ulcinj.com\/blog\/?s={search_term_string}\"},\"query-input\":\"required name=search_term_string\"}],\"inLanguage\":\"en-US\"},{\"@type\":\"ImageObject\",\"inLanguage\":\"en-US\",\"@id\":\"https:\/\/www.visit-ulcinj.com\/blog\/2009\/03\/22\/adi-dhe-bjordi-nuk-duhet-te-dalim-te-dy-bashke\/#primaryimage\",\"url\":\"http:\/\/www.visit-ulcinj.com\/blog\/wp-content\/uploads\/2009\/03\/per-nominimetbjordiadi.jpg\",\"contentUrl\":\"http:\/\/www.visit-ulcinj.com\/blog\/wp-content\/uploads\/2009\/03\/per-nominimetbjordiadi.jpg\"},{\"@type\":\"WebPage\",\"@id\":\"https:\/\/www.visit-ulcinj.com\/blog\/2009\/03\/22\/adi-dhe-bjordi-nuk-duhet-te-dalim-te-dy-bashke\/#webpage\",\"url\":\"https:\/\/www.visit-ulcinj.com\/blog\/2009\/03\/22\/adi-dhe-bjordi-nuk-duhet-te-dalim-te-dy-bashke\/\",\"name\":\"Adi dhe Bjordi : Nuk duhet t\u00c3\u00ab dalim t\u00c3\u00ab dy bashk\u00c3\u00ab | Big Brother Albania 2\",\"isPartOf\":{\"@id\":\"https:\/\/www.visit-ulcinj.com\/blog\/#website\"},\"primaryImageOfPage\":{\"@id\":\"https:\/\/www.visit-ulcinj.com\/blog\/2009\/03\/22\/adi-dhe-bjordi-nuk-duhet-te-dalim-te-dy-bashke\/#primaryimage\"},\"datePublished\":\"2009-03-22T15:14:47+00:00\",\"dateModified\":\"2009-03-22T15:14:47+00:00\",\"author\":{\"@id\":\"https:\/\/www.visit-ulcinj.com\/blog\/#\/schema\/person\/dcab619c614d3038751c63bc2aadc06d\"},\"description\":\"Big Brother Albania 2 - Bjordi dhe Adi flasin p\u00c3\u00abr nominimet. Bjordi i shpreh d\u00c3\u00abshir\u00c3\u00abn se nuk d\u00c3\u00abshiron q\u00c3\u00ab Adin ta shoh\u00c3\u00ab n\u00c3\u00ab nominim por mendon se vet\u00c3\u00ab k\u00c3\u00abt\u00c3\u00ab her\u00c3\u00ab ehde mund t\u00c3\u00ab rrezikoj\u00c3\u00ab.\",\"breadcrumb\":{\"@id\":\"https:\/\/www.visit-ulcinj.com\/blog\/2009\/03\/22\/adi-dhe-bjordi-nuk-duhet-te-dalim-te-dy-bashke\/#breadcrumb\"},\"inLanguage\":\"en-US\",\"potentialAction\":[{\"@type\":\"ReadAction\",\"target\":[\"https:\/\/www.visit-ulcinj.com\/blog\/2009\/03\/22\/adi-dhe-bjordi-nuk-duhet-te-dalim-te-dy-bashke\/\"]}]},{\"@type\":\"BreadcrumbList\",\"@id\":\"https:\/\/www.visit-ulcinj.com\/blog\/2009\/03\/22\/adi-dhe-bjordi-nuk-duhet-te-dalim-te-dy-bashke\/#breadcrumb\",\"itemListElement\":[{\"@type\":\"ListItem\",\"position\":1,\"name\":\"Adi dhe Bjordi : Nuk duhet t\u00eb dalim t\u00eb dy bashk\u00eb\"}]},{\"@type\":\"Person\",\"@id\":\"https:\/\/www.visit-ulcinj.com\/blog\/#\/schema\/person\/dcab619c614d3038751c63bc2aadc06d\",\"name\":\"ulqini\",\"sameAs\":[\"http:\/\/www.visit-ulcinj.com\"],\"url\":\"https:\/\/www.visit-ulcinj.com\/blog\/author\/admin\/\"}]}<\/script>\n<!-- \/ Yoast SEO plugin. -->","yoast_head_json":{"title":"Adi dhe Bjordi : Nuk duhet t\u00c3\u00ab dalim t\u00c3\u00ab dy bashk\u00c3\u00ab | Big Brother Albania 2","description":"Big Brother Albania 2 - Bjordi dhe Adi flasin p\u00c3\u00abr nominimet. Bjordi i shpreh d\u00c3\u00abshir\u00c3\u00abn se nuk d\u00c3\u00abshiron q\u00c3\u00ab Adin ta shoh\u00c3\u00ab n\u00c3\u00ab nominim por mendon se vet\u00c3\u00ab k\u00c3\u00abt\u00c3\u00ab her\u00c3\u00ab ehde mund t\u00c3\u00ab rrezikoj\u00c3\u00ab.","robots":{"index":"index","follow":"follow","max-snippet":"max-snippet:-1","max-image-preview":"max-image-preview:large","max-video-preview":"max-video-preview:-1"},"canonical":"https:\/\/www.visit-ulcinj.com\/blog\/2009\/03\/22\/adi-dhe-bjordi-nuk-duhet-te-dalim-te-dy-bashke\/","og_locale":"en_US","og_type":"article","og_title":"Adi dhe Bjordi : Nuk duhet t\u00c3\u00ab dalim t\u00c3\u00ab dy bashk\u00c3\u00ab | Big Brother Albania 2","og_description":"Big Brother Albania 2 - Bjordi dhe Adi flasin p\u00c3\u00abr nominimet. Bjordi i shpreh d\u00c3\u00abshir\u00c3\u00abn se nuk d\u00c3\u00abshiron q\u00c3\u00ab Adin ta shoh\u00c3\u00ab n\u00c3\u00ab nominim por mendon se vet\u00c3\u00ab k\u00c3\u00abt\u00c3\u00ab her\u00c3\u00ab ehde mund t\u00c3\u00ab rrezikoj\u00c3\u00ab.","og_url":"https:\/\/www.visit-ulcinj.com\/blog\/2009\/03\/22\/adi-dhe-bjordi-nuk-duhet-te-dalim-te-dy-bashke\/","og_site_name":"Lajme nga Ulqini","article_published_time":"2009-03-22T15:14:47+00:00","og_image":[{"url":"http:\/\/www.visit-ulcinj.com\/blog\/wp-content\/uploads\/2009\/03\/per-nominimetbjordiadi.jpg"}],"twitter_misc":{"Written by":"ulqini","Est. reading time":"1 minute"},"schema":{"@context":"https:\/\/schema.org","@graph":[{"@type":"WebSite","@id":"https:\/\/www.visit-ulcinj.com\/blog\/#website","url":"https:\/\/www.visit-ulcinj.com\/blog\/","name":"Lajme nga Ulqini","description":"Lajme,Vijesti,Ulqini,Ulqin,Crna Gora,Mali i Zi","potentialAction":[{"@type":"SearchAction","target":{"@type":"EntryPoint","urlTemplate":"https:\/\/www.visit-ulcinj.com\/blog\/?s={search_term_string}"},"query-input":"required name=search_term_string"}],"inLanguage":"en-US"},{"@type":"ImageObject","inLanguage":"en-US","@id":"https:\/\/www.visit-ulcinj.com\/blog\/2009\/03\/22\/adi-dhe-bjordi-nuk-duhet-te-dalim-te-dy-bashke\/#primaryimage","url":"http:\/\/www.visit-ulcinj.com\/blog\/wp-content\/uploads\/2009\/03\/per-nominimetbjordiadi.jpg","contentUrl":"http:\/\/www.visit-ulcinj.com\/blog\/wp-content\/uploads\/2009\/03\/per-nominimetbjordiadi.jpg"},{"@type":"WebPage","@id":"https:\/\/www.visit-ulcinj.com\/blog\/2009\/03\/22\/adi-dhe-bjordi-nuk-duhet-te-dalim-te-dy-bashke\/#webpage","url":"https:\/\/www.visit-ulcinj.com\/blog\/2009\/03\/22\/adi-dhe-bjordi-nuk-duhet-te-dalim-te-dy-bashke\/","name":"Adi dhe Bjordi : Nuk duhet t\u00c3\u00ab dalim t\u00c3\u00ab dy bashk\u00c3\u00ab | Big Brother Albania 2","isPartOf":{"@id":"https:\/\/www.visit-ulcinj.com\/blog\/#website"},"primaryImageOfPage":{"@id":"https:\/\/www.visit-ulcinj.com\/blog\/2009\/03\/22\/adi-dhe-bjordi-nuk-duhet-te-dalim-te-dy-bashke\/#primaryimage"},"datePublished":"2009-03-22T15:14:47+00:00","dateModified":"2009-03-22T15:14:47+00:00","author":{"@id":"https:\/\/www.visit-ulcinj.com\/blog\/#\/schema\/person\/dcab619c614d3038751c63bc2aadc06d"},"description":"Big Brother Albania 2 - Bjordi dhe Adi flasin p\u00c3\u00abr nominimet. Bjordi i shpreh d\u00c3\u00abshir\u00c3\u00abn se nuk d\u00c3\u00abshiron q\u00c3\u00ab Adin ta shoh\u00c3\u00ab n\u00c3\u00ab nominim por mendon se vet\u00c3\u00ab k\u00c3\u00abt\u00c3\u00ab her\u00c3\u00ab ehde mund t\u00c3\u00ab rrezikoj\u00c3\u00ab.","breadcrumb":{"@id":"https:\/\/www.visit-ulcinj.com\/blog\/2009\/03\/22\/adi-dhe-bjordi-nuk-duhet-te-dalim-te-dy-bashke\/#breadcrumb"},"inLanguage":"en-US","potentialAction":[{"@type":"ReadAction","target":["https:\/\/www.visit-ulcinj.com\/blog\/2009\/03\/22\/adi-dhe-bjordi-nuk-duhet-te-dalim-te-dy-bashke\/"]}]},{"@type":"BreadcrumbList","@id":"https:\/\/www.visit-ulcinj.com\/blog\/2009\/03\/22\/adi-dhe-bjordi-nuk-duhet-te-dalim-te-dy-bashke\/#breadcrumb","itemListElement":[{"@type":"ListItem","position":1,"name":"Adi dhe Bjordi : Nuk duhet t\u00eb dalim t\u00eb dy bashk\u00eb"}]},{"@type":"Person","@id":"https:\/\/www.visit-ulcinj.com\/blog\/#\/schema\/person\/dcab619c614d3038751c63bc2aadc06d","name":"ulqini","sameAs":["http:\/\/www.visit-ulcinj.com"],"url":"https:\/\/www.visit-ulcinj.com\/blog\/author\/admin\/"}]}},"jetpack_featured_media_url":"","jetpack_sharing_enabled":true,"jetpack_shortlink":"https:\/\/wp.me\/pe6lTn-3Xc","_links":{"self":[{"href":"https:\/\/www.visit-ulcinj.com\/blog\/wp-json\/wp\/v2\/posts\/15202"}],"collection":[{"href":"https:\/\/www.visit-ulcinj.com\/blog\/wp-json\/wp\/v2\/posts"}],"about":[{"href":"https:\/\/www.visit-ulcinj.com\/blog\/wp-json\/wp\/v2\/types\/post"}],"author":[{"embeddable":true,"href":"https:\/\/www.visit-ulcinj.com\/blog\/wp-json\/wp\/v2\/users\/1"}],"replies":[{"embeddable":true,"href":"https:\/\/www.visit-ulcinj.com\/blog\/wp-json\/wp\/v2\/comments?post=15202"}],"version-history":[{"count":0,"href":"https:\/\/www.visit-ulcinj.com\/blog\/wp-json\/wp\/v2\/posts\/15202\/revisions"}],"wp:attachment":[{"href":"https:\/\/www.visit-ulcinj.com\/blog\/wp-json\/wp\/v2\/media?parent=15202"}],"wp:term":[{"taxonomy":"category","embeddable":true,"href":"https:\/\/www.visit-ulcinj.com\/blog\/wp-json\/wp\/v2\/categories?post=15202"},{"taxonomy":"post_tag","embeddable":true,"href":"https:\/\/www.visit-ulcinj.com\/blog\/wp-json\/wp\/v2\/tags?post=15202"}],"curies":[{"name":"wp","href":"https:\/\/api.w.org\/{rel}","templated":true}]}}