{"id":15209,"date":"2009-03-22T16:20:05","date_gmt":"2009-03-22T15:20:05","guid":{"rendered":"http:\/\/www.visit-ulcinj.com\/blog\/?p=15209"},"modified":"2009-03-22T16:20:05","modified_gmt":"2009-03-22T15:20:05","slug":"adelajda-aida-po-genjen","status":"publish","type":"post","link":"https:\/\/www.visit-ulcinj.com\/blog\/2009\/03\/22\/adelajda-aida-po-genjen\/","title":{"rendered":"Adelajda : Aida po g\u00ebnjen!"},"content":{"rendered":"<p><em><span class=\"newsdate\"><a href=\"http:\/\/www.visit-ulcinj.com\/blog\/wp-content\/uploads\/2009\/03\/bikamozaadela1.jpg\"><img loading=\"lazy\" class=\"alignleft size-full wp-image-15210\" title=\"bikamozaadela1\" src=\"http:\/\/www.visit-ulcinj.com\/blog\/wp-content\/uploads\/2009\/03\/bikamozaadela1.jpg\" alt=\"bikamozaadela1\" width=\"300\" height=\"205\" \/><\/a>21\/03\/09 15:57<\/span><\/em><\/p>\n<p>Mimoza shkon t\u00eb sqarohet me Adelajd\u00ebn pasi Aida i kishte th\u00ebn\u00eb:-\u201cQetsori dhe Adelajda duan t\u00eb t\u00eb nxjerin n\u00eb nominim.\u201d Adelajda nxehet dhe i thot\u00eb q\u00eb k\u00ebt\u00eb gj\u00eb do ja thot\u00eb dhe Qetsorit. Mimoza i kthehet:-\u201cPo ja the, un\u00eb nuk t\u00eb flas me goj\u00eb kurr\u00eb! Ajo shton q\u00eb do q\u00eb gj\u00ebrat t`i sqaroj\u00eb vet\u00eb, dhe nuk do q\u00eb t`i nd\u00ebrhyj\u00eb njeri. Adela mendon q\u00eb Mimoza e ka gabim n\u00eb lidhje me k\u00ebt\u00eb gj\u00eb. Prezente n\u00eb bised\u00eb \u00ebsht\u00eb dhe Republika. Adelajda i thot\u00eb Moz\u00ebs q\u00eb dhe Republika ishte prezent kur Qetsori i tha:-\u201cN\u00eb nominim duhet t\u00eb dalin dhe ato persona q\u00eb nuk kan\u00eb dal\u00eb asnj\u00ebher\u00eb, pasi u b\u00ebn mir\u00eb!\u201d Ajo shton:-\u201cAida po g\u00ebnjen!\u201d Ato vazhdojn\u00eb diskutojn\u00eb p\u00ebr Aid\u00ebn n\u00eb lidhje me k\u00ebt\u00eb bised\u00eb. N\u00eb dhom\u00eb hyn mesida dhe Republika nd\u00ebrron direkt tem\u00eb duke folur p\u00ebr veshjet p\u00ebr spetak\u00ebl.<\/p>\n","protected":false},"excerpt":{"rendered":"<p>21\/03\/09 15:57 Mimoza shkon t\u00eb sqarohet me Adelajd\u00ebn pasi Aida i kishte th\u00ebn\u00eb:-\u201cQetsori dhe Adelajda duan t\u00eb t\u00eb nxjerin n\u00eb nominim.\u201d Adelajda nxehet dhe i thot\u00eb q\u00eb k\u00ebt\u00eb gj\u00eb do ja thot\u00eb dhe Qetsorit. Mimoza i kthehet:-\u201cPo ja the, un\u00eb nuk t\u00eb flas me goj\u00eb kurr\u00eb! Ajo shton q\u00eb do q\u00eb gj\u00ebrat t`i sqaroj\u00eb vet\u00eb, [&hellip;]<\/p>\n","protected":false},"author":1,"featured_media":0,"comment_status":"open","ping_status":"closed","sticky":false,"template":"","format":"standard","meta":{"spay_email":"","jetpack_publicize_message":"","jetpack_is_tweetstorm":false,"jetpack_publicize_feature_enabled":true},"categories":[6502],"tags":[6529,6537,6883,6516,6712,6740,6542,6544,6900,262,6891],"jetpack_publicize_connections":[],"yoast_head":"<!-- This site is optimized with the Yoast SEO plugin v19.1 - https:\/\/yoast.com\/wordpress\/plugins\/seo\/ -->\n<title>Adelajda : Aida po g\u00c3\u00abnjen! | Big Brother Albania 2<\/title>\n<meta name=\"description\" content=\"Big Brother Albania 2 - Mimoza shkon t\u00c3\u00ab sqarohet me Adelajd\u00c3\u00abn pasi Aida i kishte th\u00c3\u00abn\u00c3\u00ab:-\u00e2\u20ac\u0153Qetsori dhe Adelajda duan t\u00c3\u00ab t\u00c3\u00ab nxjerin n\u00c3\u00ab nominim.\u00e2\u20ac\u009d\" \/>\n<meta name=\"robots\" content=\"index, follow, max-snippet:-1, max-image-preview:large, max-video-preview:-1\" \/>\n<link rel=\"canonical\" href=\"https:\/\/www.visit-ulcinj.com\/blog\/2009\/03\/22\/adelajda-aida-po-genjen\/\" \/>\n<meta property=\"og:locale\" content=\"en_US\" \/>\n<meta property=\"og:type\" content=\"article\" \/>\n<meta property=\"og:title\" content=\"Adelajda : Aida po g\u00c3\u00abnjen! | Big Brother Albania 2\" \/>\n<meta property=\"og:description\" content=\"Big Brother Albania 2 - Mimoza shkon t\u00c3\u00ab sqarohet me Adelajd\u00c3\u00abn pasi Aida i kishte th\u00c3\u00abn\u00c3\u00ab:-\u00e2\u20ac\u0153Qetsori dhe Adelajda duan t\u00c3\u00ab t\u00c3\u00ab nxjerin n\u00c3\u00ab nominim.\u00e2\u20ac\u009d\" \/>\n<meta property=\"og:url\" content=\"https:\/\/www.visit-ulcinj.com\/blog\/2009\/03\/22\/adelajda-aida-po-genjen\/\" \/>\n<meta property=\"og:site_name\" content=\"Lajme nga Ulqini\" \/>\n<meta property=\"article:published_time\" content=\"2009-03-22T15:20:05+00:00\" \/>\n<meta property=\"og:image\" content=\"http:\/\/www.visit-ulcinj.com\/blog\/wp-content\/uploads\/2009\/03\/bikamozaadela1.jpg\" \/>\n<meta name=\"twitter:label1\" content=\"Written by\" \/>\n\t<meta name=\"twitter:data1\" content=\"ulqini\" \/>\n\t<meta name=\"twitter:label2\" content=\"Est. reading time\" \/>\n\t<meta name=\"twitter:data2\" content=\"1 minute\" \/>\n<script type=\"application\/ld+json\" class=\"yoast-schema-graph\">{\"@context\":\"https:\/\/schema.org\",\"@graph\":[{\"@type\":\"WebSite\",\"@id\":\"https:\/\/www.visit-ulcinj.com\/blog\/#website\",\"url\":\"https:\/\/www.visit-ulcinj.com\/blog\/\",\"name\":\"Lajme nga Ulqini\",\"description\":\"Lajme,Vijesti,Ulqini,Ulqin,Crna Gora,Mali i Zi\",\"potentialAction\":[{\"@type\":\"SearchAction\",\"target\":{\"@type\":\"EntryPoint\",\"urlTemplate\":\"https:\/\/www.visit-ulcinj.com\/blog\/?s={search_term_string}\"},\"query-input\":\"required name=search_term_string\"}],\"inLanguage\":\"en-US\"},{\"@type\":\"ImageObject\",\"inLanguage\":\"en-US\",\"@id\":\"https:\/\/www.visit-ulcinj.com\/blog\/2009\/03\/22\/adelajda-aida-po-genjen\/#primaryimage\",\"url\":\"http:\/\/www.visit-ulcinj.com\/blog\/wp-content\/uploads\/2009\/03\/bikamozaadela1.jpg\",\"contentUrl\":\"http:\/\/www.visit-ulcinj.com\/blog\/wp-content\/uploads\/2009\/03\/bikamozaadela1.jpg\"},{\"@type\":\"WebPage\",\"@id\":\"https:\/\/www.visit-ulcinj.com\/blog\/2009\/03\/22\/adelajda-aida-po-genjen\/#webpage\",\"url\":\"https:\/\/www.visit-ulcinj.com\/blog\/2009\/03\/22\/adelajda-aida-po-genjen\/\",\"name\":\"Adelajda : Aida po g\u00c3\u00abnjen! | Big Brother Albania 2\",\"isPartOf\":{\"@id\":\"https:\/\/www.visit-ulcinj.com\/blog\/#website\"},\"primaryImageOfPage\":{\"@id\":\"https:\/\/www.visit-ulcinj.com\/blog\/2009\/03\/22\/adelajda-aida-po-genjen\/#primaryimage\"},\"datePublished\":\"2009-03-22T15:20:05+00:00\",\"dateModified\":\"2009-03-22T15:20:05+00:00\",\"author\":{\"@id\":\"https:\/\/www.visit-ulcinj.com\/blog\/#\/schema\/person\/dcab619c614d3038751c63bc2aadc06d\"},\"description\":\"Big Brother Albania 2 - Mimoza shkon t\u00c3\u00ab sqarohet me Adelajd\u00c3\u00abn pasi Aida i kishte th\u00c3\u00abn\u00c3\u00ab:-\u00e2\u20ac\u0153Qetsori dhe Adelajda duan t\u00c3\u00ab t\u00c3\u00ab nxjerin n\u00c3\u00ab nominim.\u00e2\u20ac\u009d\",\"breadcrumb\":{\"@id\":\"https:\/\/www.visit-ulcinj.com\/blog\/2009\/03\/22\/adelajda-aida-po-genjen\/#breadcrumb\"},\"inLanguage\":\"en-US\",\"potentialAction\":[{\"@type\":\"ReadAction\",\"target\":[\"https:\/\/www.visit-ulcinj.com\/blog\/2009\/03\/22\/adelajda-aida-po-genjen\/\"]}]},{\"@type\":\"BreadcrumbList\",\"@id\":\"https:\/\/www.visit-ulcinj.com\/blog\/2009\/03\/22\/adelajda-aida-po-genjen\/#breadcrumb\",\"itemListElement\":[{\"@type\":\"ListItem\",\"position\":1,\"name\":\"Adelajda : Aida po g\u00ebnjen!\"}]},{\"@type\":\"Person\",\"@id\":\"https:\/\/www.visit-ulcinj.com\/blog\/#\/schema\/person\/dcab619c614d3038751c63bc2aadc06d\",\"name\":\"ulqini\",\"sameAs\":[\"http:\/\/www.visit-ulcinj.com\"],\"url\":\"https:\/\/www.visit-ulcinj.com\/blog\/author\/admin\/\"}]}<\/script>\n<!-- \/ Yoast SEO plugin. -->","yoast_head_json":{"title":"Adelajda : Aida po g\u00c3\u00abnjen! | Big Brother Albania 2","description":"Big Brother Albania 2 - Mimoza shkon t\u00c3\u00ab sqarohet me Adelajd\u00c3\u00abn pasi Aida i kishte th\u00c3\u00abn\u00c3\u00ab:-\u00e2\u20ac\u0153Qetsori dhe Adelajda duan t\u00c3\u00ab t\u00c3\u00ab nxjerin n\u00c3\u00ab nominim.\u00e2\u20ac\u009d","robots":{"index":"index","follow":"follow","max-snippet":"max-snippet:-1","max-image-preview":"max-image-preview:large","max-video-preview":"max-video-preview:-1"},"canonical":"https:\/\/www.visit-ulcinj.com\/blog\/2009\/03\/22\/adelajda-aida-po-genjen\/","og_locale":"en_US","og_type":"article","og_title":"Adelajda : Aida po g\u00c3\u00abnjen! | Big Brother Albania 2","og_description":"Big Brother Albania 2 - Mimoza shkon t\u00c3\u00ab sqarohet me Adelajd\u00c3\u00abn pasi Aida i kishte th\u00c3\u00abn\u00c3\u00ab:-\u00e2\u20ac\u0153Qetsori dhe Adelajda duan t\u00c3\u00ab t\u00c3\u00ab nxjerin n\u00c3\u00ab nominim.\u00e2\u20ac\u009d","og_url":"https:\/\/www.visit-ulcinj.com\/blog\/2009\/03\/22\/adelajda-aida-po-genjen\/","og_site_name":"Lajme nga Ulqini","article_published_time":"2009-03-22T15:20:05+00:00","og_image":[{"url":"http:\/\/www.visit-ulcinj.com\/blog\/wp-content\/uploads\/2009\/03\/bikamozaadela1.jpg"}],"twitter_misc":{"Written by":"ulqini","Est. reading time":"1 minute"},"schema":{"@context":"https:\/\/schema.org","@graph":[{"@type":"WebSite","@id":"https:\/\/www.visit-ulcinj.com\/blog\/#website","url":"https:\/\/www.visit-ulcinj.com\/blog\/","name":"Lajme nga Ulqini","description":"Lajme,Vijesti,Ulqini,Ulqin,Crna Gora,Mali i Zi","potentialAction":[{"@type":"SearchAction","target":{"@type":"EntryPoint","urlTemplate":"https:\/\/www.visit-ulcinj.com\/blog\/?s={search_term_string}"},"query-input":"required name=search_term_string"}],"inLanguage":"en-US"},{"@type":"ImageObject","inLanguage":"en-US","@id":"https:\/\/www.visit-ulcinj.com\/blog\/2009\/03\/22\/adelajda-aida-po-genjen\/#primaryimage","url":"http:\/\/www.visit-ulcinj.com\/blog\/wp-content\/uploads\/2009\/03\/bikamozaadela1.jpg","contentUrl":"http:\/\/www.visit-ulcinj.com\/blog\/wp-content\/uploads\/2009\/03\/bikamozaadela1.jpg"},{"@type":"WebPage","@id":"https:\/\/www.visit-ulcinj.com\/blog\/2009\/03\/22\/adelajda-aida-po-genjen\/#webpage","url":"https:\/\/www.visit-ulcinj.com\/blog\/2009\/03\/22\/adelajda-aida-po-genjen\/","name":"Adelajda : Aida po g\u00c3\u00abnjen! | Big Brother Albania 2","isPartOf":{"@id":"https:\/\/www.visit-ulcinj.com\/blog\/#website"},"primaryImageOfPage":{"@id":"https:\/\/www.visit-ulcinj.com\/blog\/2009\/03\/22\/adelajda-aida-po-genjen\/#primaryimage"},"datePublished":"2009-03-22T15:20:05+00:00","dateModified":"2009-03-22T15:20:05+00:00","author":{"@id":"https:\/\/www.visit-ulcinj.com\/blog\/#\/schema\/person\/dcab619c614d3038751c63bc2aadc06d"},"description":"Big Brother Albania 2 - Mimoza shkon t\u00c3\u00ab sqarohet me Adelajd\u00c3\u00abn pasi Aida i kishte th\u00c3\u00abn\u00c3\u00ab:-\u00e2\u20ac\u0153Qetsori dhe Adelajda duan t\u00c3\u00ab t\u00c3\u00ab nxjerin n\u00c3\u00ab nominim.\u00e2\u20ac\u009d","breadcrumb":{"@id":"https:\/\/www.visit-ulcinj.com\/blog\/2009\/03\/22\/adelajda-aida-po-genjen\/#breadcrumb"},"inLanguage":"en-US","potentialAction":[{"@type":"ReadAction","target":["https:\/\/www.visit-ulcinj.com\/blog\/2009\/03\/22\/adelajda-aida-po-genjen\/"]}]},{"@type":"BreadcrumbList","@id":"https:\/\/www.visit-ulcinj.com\/blog\/2009\/03\/22\/adelajda-aida-po-genjen\/#breadcrumb","itemListElement":[{"@type":"ListItem","position":1,"name":"Adelajda : Aida po g\u00ebnjen!"}]},{"@type":"Person","@id":"https:\/\/www.visit-ulcinj.com\/blog\/#\/schema\/person\/dcab619c614d3038751c63bc2aadc06d","name":"ulqini","sameAs":["http:\/\/www.visit-ulcinj.com"],"url":"https:\/\/www.visit-ulcinj.com\/blog\/author\/admin\/"}]}},"jetpack_featured_media_url":"","jetpack_sharing_enabled":true,"jetpack_shortlink":"https:\/\/wp.me\/pe6lTn-3Xj","_links":{"self":[{"href":"https:\/\/www.visit-ulcinj.com\/blog\/wp-json\/wp\/v2\/posts\/15209"}],"collection":[{"href":"https:\/\/www.visit-ulcinj.com\/blog\/wp-json\/wp\/v2\/posts"}],"about":[{"href":"https:\/\/www.visit-ulcinj.com\/blog\/wp-json\/wp\/v2\/types\/post"}],"author":[{"embeddable":true,"href":"https:\/\/www.visit-ulcinj.com\/blog\/wp-json\/wp\/v2\/users\/1"}],"replies":[{"embeddable":true,"href":"https:\/\/www.visit-ulcinj.com\/blog\/wp-json\/wp\/v2\/comments?post=15209"}],"version-history":[{"count":0,"href":"https:\/\/www.visit-ulcinj.com\/blog\/wp-json\/wp\/v2\/posts\/15209\/revisions"}],"wp:attachment":[{"href":"https:\/\/www.visit-ulcinj.com\/blog\/wp-json\/wp\/v2\/media?parent=15209"}],"wp:term":[{"taxonomy":"category","embeddable":true,"href":"https:\/\/www.visit-ulcinj.com\/blog\/wp-json\/wp\/v2\/categories?post=15209"},{"taxonomy":"post_tag","embeddable":true,"href":"https:\/\/www.visit-ulcinj.com\/blog\/wp-json\/wp\/v2\/tags?post=15209"}],"curies":[{"name":"wp","href":"https:\/\/api.w.org\/{rel}","templated":true}]}}