{"id":15215,"date":"2009-03-22T16:26:26","date_gmt":"2009-03-22T15:26:26","guid":{"rendered":"http:\/\/www.visit-ulcinj.com\/blog\/?p=15215"},"modified":"2009-03-22T16:26:26","modified_gmt":"2009-03-22T15:26:26","slug":"mesida-nuk-jam-aq-e-keqe","status":"publish","type":"post","link":"https:\/\/www.visit-ulcinj.com\/blog\/2009\/03\/22\/mesida-nuk-jam-aq-e-keqe\/","title":{"rendered":"Mesida: Nuk jam aq e keqe!"},"content":{"rendered":"<p><em><span class=\"newsdate\"><a href=\"http:\/\/www.visit-ulcinj.com\/blog\/wp-content\/uploads\/2009\/03\/mesida-per-daljen.jpg\"><img loading=\"lazy\" class=\"alignleft size-full wp-image-15216\" title=\"mesida-per-daljen-big-brother-albania-2\" src=\"http:\/\/www.visit-ulcinj.com\/blog\/wp-content\/uploads\/2009\/03\/mesida-per-daljen.jpg\" alt=\"mesida-per-daljen-big-brother-albania-2\" width=\"300\" height=\"205\" \/><\/a>21\/03\/09 19:59<\/span><\/em><\/p>\n<p>Banor\u00ebt b\u00ebhen gati p\u00ebr spetak\u00ebl. Aida dhe Mesida diskutojn\u00eb p\u00ebr daljen nga sht\u00ebpia. Mesida i thot\u00eb q\u00eb n\u00ebse del ajo nga sht\u00ebpia, nuk do q\u00eb t`i p\u00ebrsh\u00ebndes\u00eb t\u00eb gjith\u00eb banor\u00ebt. Ajo shton:-\u201cDo m\u00eb dukej vetja fallco!\u201d Aida i thot\u00eb q\u00eb nj\u00eb p\u00ebrsh\u00ebndetje duhet t`ja jap\u00eb banor\u00ebve. Lirita i thot\u00eb Mesid\u00ebs q\u00eb t\u00eb veproj\u00eb si ta ndjej\u00eb. Sipas Aid\u00ebs gj\u00ebrat do duken me tjet\u00ebr sy kur t\u00eb dalin jasht\u00eb, dhe se mir\u00ebsjellja nuk duhet t\u00eb mungoj\u00eb asnj\u00ebher\u00eb. Ajo shton se dhe nj\u00eb shtr\u00ebngim dore mund t`ja jap\u00eb atyre personave q\u00eb nuk simpatizon. Mesida \u00ebsht\u00eb dakort me mendimin e Aid\u00ebs dhe thot\u00eb:-\u201cNj\u00eb shtr\u00ebngim do ja jap,nuk jam aq e keqe!\u201d<\/p>\n","protected":false},"excerpt":{"rendered":"<p>21\/03\/09 19:59 Banor\u00ebt b\u00ebhen gati p\u00ebr spetak\u00ebl. Aida dhe Mesida diskutojn\u00eb p\u00ebr daljen nga sht\u00ebpia. Mesida i thot\u00eb q\u00eb n\u00ebse del ajo nga sht\u00ebpia, nuk do q\u00eb t`i p\u00ebrsh\u00ebndes\u00eb t\u00eb gjith\u00eb banor\u00ebt. Ajo shton:-\u201cDo m\u00eb dukej vetja fallco!\u201d Aida i thot\u00eb q\u00eb nj\u00eb p\u00ebrsh\u00ebndetje duhet t`ja jap\u00eb banor\u00ebve. Lirita i thot\u00eb Mesid\u00ebs q\u00eb t\u00eb veproj\u00eb [&hellip;]<\/p>\n","protected":false},"author":1,"featured_media":0,"comment_status":"open","ping_status":"closed","sticky":false,"template":"","format":"standard","meta":{"spay_email":"","jetpack_publicize_message":"","jetpack_is_tweetstorm":false,"jetpack_publicize_feature_enabled":true},"categories":[6502],"tags":[6537,5057,6506,6516,6712,7129,7364,6891,6693,6887],"jetpack_publicize_connections":[],"yoast_head":"<!-- This site is optimized with the Yoast SEO plugin v19.1 - https:\/\/yoast.com\/wordpress\/plugins\/seo\/ -->\n<title>Mesida: Nuk jam aq e keqe! | Big Brother Albania 2<\/title>\n<meta name=\"description\" content=\"Big Brother Albania 2 - Banor\u00c3\u00abt b\u00c3\u00abhen gati p\u00c3\u00abr spetak\u00c3\u00abl. Aida dhe Mesida diskutojn\u00c3\u00ab p\u00c3\u00abr daljen nga sht\u00c3\u00abpia. Mesida i thot\u00c3\u00ab q\u00c3\u00ab n\u00c3\u00abse del ajo nga sht\u00c3\u00abpia, nuk do q\u00c3\u00ab t`i p\u00c3\u00abrsh\u00c3\u00abndes\u00c3\u00ab t\u00c3\u00ab gjith\u00c3\u00ab banor\u00c3\u00ab\" \/>\n<meta name=\"robots\" content=\"index, follow, max-snippet:-1, max-image-preview:large, max-video-preview:-1\" \/>\n<link rel=\"canonical\" href=\"https:\/\/www.visit-ulcinj.com\/blog\/2009\/03\/22\/mesida-nuk-jam-aq-e-keqe\/\" \/>\n<meta property=\"og:locale\" content=\"en_US\" \/>\n<meta property=\"og:type\" content=\"article\" \/>\n<meta property=\"og:title\" content=\"Mesida: Nuk jam aq e keqe! | Big Brother Albania 2\" \/>\n<meta property=\"og:description\" content=\"Big Brother Albania 2 - Banor\u00c3\u00abt b\u00c3\u00abhen gati p\u00c3\u00abr spetak\u00c3\u00abl. Aida dhe Mesida diskutojn\u00c3\u00ab p\u00c3\u00abr daljen nga sht\u00c3\u00abpia. Mesida i thot\u00c3\u00ab q\u00c3\u00ab n\u00c3\u00abse del ajo nga sht\u00c3\u00abpia, nuk do q\u00c3\u00ab t`i p\u00c3\u00abrsh\u00c3\u00abndes\u00c3\u00ab t\u00c3\u00ab gjith\u00c3\u00ab banor\u00c3\u00ab\" \/>\n<meta property=\"og:url\" content=\"https:\/\/www.visit-ulcinj.com\/blog\/2009\/03\/22\/mesida-nuk-jam-aq-e-keqe\/\" \/>\n<meta property=\"og:site_name\" content=\"Lajme nga Ulqini\" \/>\n<meta property=\"article:published_time\" content=\"2009-03-22T15:26:26+00:00\" \/>\n<meta property=\"og:image\" content=\"http:\/\/www.visit-ulcinj.com\/blog\/wp-content\/uploads\/2009\/03\/mesida-per-daljen.jpg\" \/>\n<meta name=\"twitter:label1\" content=\"Written by\" \/>\n\t<meta name=\"twitter:data1\" content=\"ulqini\" \/>\n\t<meta name=\"twitter:label2\" content=\"Est. reading time\" \/>\n\t<meta name=\"twitter:data2\" content=\"1 minute\" \/>\n<script type=\"application\/ld+json\" class=\"yoast-schema-graph\">{\"@context\":\"https:\/\/schema.org\",\"@graph\":[{\"@type\":\"WebSite\",\"@id\":\"https:\/\/www.visit-ulcinj.com\/blog\/#website\",\"url\":\"https:\/\/www.visit-ulcinj.com\/blog\/\",\"name\":\"Lajme nga Ulqini\",\"description\":\"Lajme,Vijesti,Ulqini,Ulqin,Crna Gora,Mali i Zi\",\"potentialAction\":[{\"@type\":\"SearchAction\",\"target\":{\"@type\":\"EntryPoint\",\"urlTemplate\":\"https:\/\/www.visit-ulcinj.com\/blog\/?s={search_term_string}\"},\"query-input\":\"required name=search_term_string\"}],\"inLanguage\":\"en-US\"},{\"@type\":\"ImageObject\",\"inLanguage\":\"en-US\",\"@id\":\"https:\/\/www.visit-ulcinj.com\/blog\/2009\/03\/22\/mesida-nuk-jam-aq-e-keqe\/#primaryimage\",\"url\":\"http:\/\/www.visit-ulcinj.com\/blog\/wp-content\/uploads\/2009\/03\/mesida-per-daljen.jpg\",\"contentUrl\":\"http:\/\/www.visit-ulcinj.com\/blog\/wp-content\/uploads\/2009\/03\/mesida-per-daljen.jpg\"},{\"@type\":\"WebPage\",\"@id\":\"https:\/\/www.visit-ulcinj.com\/blog\/2009\/03\/22\/mesida-nuk-jam-aq-e-keqe\/#webpage\",\"url\":\"https:\/\/www.visit-ulcinj.com\/blog\/2009\/03\/22\/mesida-nuk-jam-aq-e-keqe\/\",\"name\":\"Mesida: Nuk jam aq e keqe! | Big Brother Albania 2\",\"isPartOf\":{\"@id\":\"https:\/\/www.visit-ulcinj.com\/blog\/#website\"},\"primaryImageOfPage\":{\"@id\":\"https:\/\/www.visit-ulcinj.com\/blog\/2009\/03\/22\/mesida-nuk-jam-aq-e-keqe\/#primaryimage\"},\"datePublished\":\"2009-03-22T15:26:26+00:00\",\"dateModified\":\"2009-03-22T15:26:26+00:00\",\"author\":{\"@id\":\"https:\/\/www.visit-ulcinj.com\/blog\/#\/schema\/person\/dcab619c614d3038751c63bc2aadc06d\"},\"description\":\"Big Brother Albania 2 - Banor\u00c3\u00abt b\u00c3\u00abhen gati p\u00c3\u00abr spetak\u00c3\u00abl. Aida dhe Mesida diskutojn\u00c3\u00ab p\u00c3\u00abr daljen nga sht\u00c3\u00abpia. Mesida i thot\u00c3\u00ab q\u00c3\u00ab n\u00c3\u00abse del ajo nga sht\u00c3\u00abpia, nuk do q\u00c3\u00ab t`i p\u00c3\u00abrsh\u00c3\u00abndes\u00c3\u00ab t\u00c3\u00ab gjith\u00c3\u00ab banor\u00c3\u00ab\",\"breadcrumb\":{\"@id\":\"https:\/\/www.visit-ulcinj.com\/blog\/2009\/03\/22\/mesida-nuk-jam-aq-e-keqe\/#breadcrumb\"},\"inLanguage\":\"en-US\",\"potentialAction\":[{\"@type\":\"ReadAction\",\"target\":[\"https:\/\/www.visit-ulcinj.com\/blog\/2009\/03\/22\/mesida-nuk-jam-aq-e-keqe\/\"]}]},{\"@type\":\"BreadcrumbList\",\"@id\":\"https:\/\/www.visit-ulcinj.com\/blog\/2009\/03\/22\/mesida-nuk-jam-aq-e-keqe\/#breadcrumb\",\"itemListElement\":[{\"@type\":\"ListItem\",\"position\":1,\"name\":\"Mesida: Nuk jam aq e keqe!\"}]},{\"@type\":\"Person\",\"@id\":\"https:\/\/www.visit-ulcinj.com\/blog\/#\/schema\/person\/dcab619c614d3038751c63bc2aadc06d\",\"name\":\"ulqini\",\"sameAs\":[\"http:\/\/www.visit-ulcinj.com\"],\"url\":\"https:\/\/www.visit-ulcinj.com\/blog\/author\/admin\/\"}]}<\/script>\n<!-- \/ Yoast SEO plugin. -->","yoast_head_json":{"title":"Mesida: Nuk jam aq e keqe! | Big Brother Albania 2","description":"Big Brother Albania 2 - Banor\u00c3\u00abt b\u00c3\u00abhen gati p\u00c3\u00abr spetak\u00c3\u00abl. Aida dhe Mesida diskutojn\u00c3\u00ab p\u00c3\u00abr daljen nga sht\u00c3\u00abpia. Mesida i thot\u00c3\u00ab q\u00c3\u00ab n\u00c3\u00abse del ajo nga sht\u00c3\u00abpia, nuk do q\u00c3\u00ab t`i p\u00c3\u00abrsh\u00c3\u00abndes\u00c3\u00ab t\u00c3\u00ab gjith\u00c3\u00ab banor\u00c3\u00ab","robots":{"index":"index","follow":"follow","max-snippet":"max-snippet:-1","max-image-preview":"max-image-preview:large","max-video-preview":"max-video-preview:-1"},"canonical":"https:\/\/www.visit-ulcinj.com\/blog\/2009\/03\/22\/mesida-nuk-jam-aq-e-keqe\/","og_locale":"en_US","og_type":"article","og_title":"Mesida: Nuk jam aq e keqe! | Big Brother Albania 2","og_description":"Big Brother Albania 2 - Banor\u00c3\u00abt b\u00c3\u00abhen gati p\u00c3\u00abr spetak\u00c3\u00abl. Aida dhe Mesida diskutojn\u00c3\u00ab p\u00c3\u00abr daljen nga sht\u00c3\u00abpia. Mesida i thot\u00c3\u00ab q\u00c3\u00ab n\u00c3\u00abse del ajo nga sht\u00c3\u00abpia, nuk do q\u00c3\u00ab t`i p\u00c3\u00abrsh\u00c3\u00abndes\u00c3\u00ab t\u00c3\u00ab gjith\u00c3\u00ab banor\u00c3\u00ab","og_url":"https:\/\/www.visit-ulcinj.com\/blog\/2009\/03\/22\/mesida-nuk-jam-aq-e-keqe\/","og_site_name":"Lajme nga Ulqini","article_published_time":"2009-03-22T15:26:26+00:00","og_image":[{"url":"http:\/\/www.visit-ulcinj.com\/blog\/wp-content\/uploads\/2009\/03\/mesida-per-daljen.jpg"}],"twitter_misc":{"Written by":"ulqini","Est. reading time":"1 minute"},"schema":{"@context":"https:\/\/schema.org","@graph":[{"@type":"WebSite","@id":"https:\/\/www.visit-ulcinj.com\/blog\/#website","url":"https:\/\/www.visit-ulcinj.com\/blog\/","name":"Lajme nga Ulqini","description":"Lajme,Vijesti,Ulqini,Ulqin,Crna Gora,Mali i Zi","potentialAction":[{"@type":"SearchAction","target":{"@type":"EntryPoint","urlTemplate":"https:\/\/www.visit-ulcinj.com\/blog\/?s={search_term_string}"},"query-input":"required name=search_term_string"}],"inLanguage":"en-US"},{"@type":"ImageObject","inLanguage":"en-US","@id":"https:\/\/www.visit-ulcinj.com\/blog\/2009\/03\/22\/mesida-nuk-jam-aq-e-keqe\/#primaryimage","url":"http:\/\/www.visit-ulcinj.com\/blog\/wp-content\/uploads\/2009\/03\/mesida-per-daljen.jpg","contentUrl":"http:\/\/www.visit-ulcinj.com\/blog\/wp-content\/uploads\/2009\/03\/mesida-per-daljen.jpg"},{"@type":"WebPage","@id":"https:\/\/www.visit-ulcinj.com\/blog\/2009\/03\/22\/mesida-nuk-jam-aq-e-keqe\/#webpage","url":"https:\/\/www.visit-ulcinj.com\/blog\/2009\/03\/22\/mesida-nuk-jam-aq-e-keqe\/","name":"Mesida: Nuk jam aq e keqe! | Big Brother Albania 2","isPartOf":{"@id":"https:\/\/www.visit-ulcinj.com\/blog\/#website"},"primaryImageOfPage":{"@id":"https:\/\/www.visit-ulcinj.com\/blog\/2009\/03\/22\/mesida-nuk-jam-aq-e-keqe\/#primaryimage"},"datePublished":"2009-03-22T15:26:26+00:00","dateModified":"2009-03-22T15:26:26+00:00","author":{"@id":"https:\/\/www.visit-ulcinj.com\/blog\/#\/schema\/person\/dcab619c614d3038751c63bc2aadc06d"},"description":"Big Brother Albania 2 - Banor\u00c3\u00abt b\u00c3\u00abhen gati p\u00c3\u00abr spetak\u00c3\u00abl. Aida dhe Mesida diskutojn\u00c3\u00ab p\u00c3\u00abr daljen nga sht\u00c3\u00abpia. Mesida i thot\u00c3\u00ab q\u00c3\u00ab n\u00c3\u00abse del ajo nga sht\u00c3\u00abpia, nuk do q\u00c3\u00ab t`i p\u00c3\u00abrsh\u00c3\u00abndes\u00c3\u00ab t\u00c3\u00ab gjith\u00c3\u00ab banor\u00c3\u00ab","breadcrumb":{"@id":"https:\/\/www.visit-ulcinj.com\/blog\/2009\/03\/22\/mesida-nuk-jam-aq-e-keqe\/#breadcrumb"},"inLanguage":"en-US","potentialAction":[{"@type":"ReadAction","target":["https:\/\/www.visit-ulcinj.com\/blog\/2009\/03\/22\/mesida-nuk-jam-aq-e-keqe\/"]}]},{"@type":"BreadcrumbList","@id":"https:\/\/www.visit-ulcinj.com\/blog\/2009\/03\/22\/mesida-nuk-jam-aq-e-keqe\/#breadcrumb","itemListElement":[{"@type":"ListItem","position":1,"name":"Mesida: Nuk jam aq e keqe!"}]},{"@type":"Person","@id":"https:\/\/www.visit-ulcinj.com\/blog\/#\/schema\/person\/dcab619c614d3038751c63bc2aadc06d","name":"ulqini","sameAs":["http:\/\/www.visit-ulcinj.com"],"url":"https:\/\/www.visit-ulcinj.com\/blog\/author\/admin\/"}]}},"jetpack_featured_media_url":"","jetpack_sharing_enabled":true,"jetpack_shortlink":"https:\/\/wp.me\/pe6lTn-3Xp","_links":{"self":[{"href":"https:\/\/www.visit-ulcinj.com\/blog\/wp-json\/wp\/v2\/posts\/15215"}],"collection":[{"href":"https:\/\/www.visit-ulcinj.com\/blog\/wp-json\/wp\/v2\/posts"}],"about":[{"href":"https:\/\/www.visit-ulcinj.com\/blog\/wp-json\/wp\/v2\/types\/post"}],"author":[{"embeddable":true,"href":"https:\/\/www.visit-ulcinj.com\/blog\/wp-json\/wp\/v2\/users\/1"}],"replies":[{"embeddable":true,"href":"https:\/\/www.visit-ulcinj.com\/blog\/wp-json\/wp\/v2\/comments?post=15215"}],"version-history":[{"count":0,"href":"https:\/\/www.visit-ulcinj.com\/blog\/wp-json\/wp\/v2\/posts\/15215\/revisions"}],"wp:attachment":[{"href":"https:\/\/www.visit-ulcinj.com\/blog\/wp-json\/wp\/v2\/media?parent=15215"}],"wp:term":[{"taxonomy":"category","embeddable":true,"href":"https:\/\/www.visit-ulcinj.com\/blog\/wp-json\/wp\/v2\/categories?post=15215"},{"taxonomy":"post_tag","embeddable":true,"href":"https:\/\/www.visit-ulcinj.com\/blog\/wp-json\/wp\/v2\/tags?post=15215"}],"curies":[{"name":"wp","href":"https:\/\/api.w.org\/{rel}","templated":true}]}}