{"id":1522,"date":"2008-05-10T10:08:48","date_gmt":"2008-05-10T15:08:48","guid":{"rendered":"http:\/\/www.visit-ulcinj.com\/blog\/?p=1522"},"modified":"2023-04-01T13:59:36","modified_gmt":"2023-04-01T12:59:36","slug":"le-montenegro-rescape-des-balkans","status":"publish","type":"post","link":"https:\/\/www.visit-ulcinj.com\/blog\/2008\/05\/10\/le-montenegro-rescape-des-balkans\/","title":{"rendered":"Le Mont\u00e9n\u00e9gro, rescap\u00e9 des Balkans"},"content":{"rendered":"<p><a href=\"http:\/\/www.visit-ulcinj.com\/blog\/wp-content\/uploads\/2008\/05\/montenegro.jpg\"><img loading=\"lazy\" class=\"alignleft attachment wp-att-1464\" style=\"float: left;\" src=\"http:\/\/www.visit-ulcinj.com\/blog\/wp-content\/uploads\/2008\/05\/montenegro.thumbnail.jpg\" alt=\"Montenegro-Ulcinj\" width=\"187\" height=\"214\" \/><\/a><strong>Mobil: Viber + Whatsapp: +382 69 335 534\u00a0 : +382 69 335 512<\/strong><\/p>\n<p>Aujourd&#8217;hui, le Mont\u00e9n\u00e9gro, o\u00f9 les apparatchiks yougoslaves c\u00f4toyaient les stars de Hollywood, jusqu&#8217;\u00e0 ce que la guerre fasse fuir les visiteurs\u2026<br \/>\nC&#8217;est un gros caillou dans la mer, jet\u00e9 \u00e0 une centaine de m\u00e8tres du rivage. Un \u00eelot reli\u00e9 au continent par une digue. Les premi\u00e8res maisons de pierre y ont pouss\u00e9 au XV e si\u00e8cle, b\u00e2ties par des marchands et des p\u00eacheurs.<br \/>\nQuatre cents ans plus tard, Sveti Stefan est encore ce village actif vivant au rythme des saisons, peu soucieux des affaires du monde et l\u00e9g\u00e8rement en retrait des passions imp\u00e9riales qui ont toujours fait des Balkans la poudri\u00e8re de l&#8217;Europe. Une sorte de balcon tourn\u00e9 vers un horizon bleu. Trop beau pour \u00e9chapper \u00e0 la passion m\u00e9diterran\u00e9enne qui saisit les riches et c\u00e9l\u00e8bres apr\u00e8s la Seconde Guerre mondiale. Bardot et Vadim lancent Saint-Tropez, Onassis a des vues sur Skorpios et les belles Am\u00e9ricaines croisent sur la riviera italienne. En 1960, Tito, qui n&#8217;entend pas se laisser dicter sa conception du socialisme par les crocodiles sovi\u00e9tiques, se jette aussi dans la vague : l&#8217;\u00eele tout enti\u00e8re est transform\u00e9e en h\u00f4tel de luxe avec suites, casino et piscines.<a href=\"http:\/\/www.visit-ulcinj.com\/blog\/wp-content\/uploads\/2008\/05\/svstefan1small-2.jpg\"><img loading=\"lazy\" class=\"alignright attachment wp-att-1523\" style=\"float: right;\" src=\"http:\/\/www.visit-ulcinj.com\/blog\/wp-content\/uploads\/2008\/05\/svstefan1small-2.thumbnail.jpg\" alt=\"SvStefan1Small (2)\" width=\"167\" height=\"200\" \/><\/a><br \/>\nD\u00e8s lors, l&#8217;apparatchik titiste croise \u00e0 Sveti Stefan les gloires hollywoodiennes en mal d&#8217;intimit\u00e9, Elizabeth Taylor et Richard Burton se battent dans la villa 118, et, en cuisine Sophia Loren apprend au chef \u00e0 cuire les p\u00e2tes al dente\u2026 Kirk Douglas, Monica Vitti, le prince Charles et Lady Di en lune de miel, tous tombent amoureux de ce palace o\u00f9 s&#8217;enflamme chaque soir en technicolor un coucher de soleil sur une mer d&#8217;huile. Avec Sveti Stefan, rocher d\u00e9sormais brillant sur l&#8217;Adriatique, c&#8217;est toute la c\u00f4te mont\u00e9n\u00e9grine qui s&#8217;\u00e9claire.<br \/>\n<strong> Jeremy Irons sauveur de Sveti Stefan<\/strong><br \/>\nJusque dans les ann\u00e9es 1980, des milliers de touristes viennent y jouir d&#8217;\u00e9t\u00e9s solaires et moins chers que ceux de France ou d&#8217;Italie : le Mont\u00e9n\u00e9gro est encore une r\u00e9publique yougoslave, parent \u00e9gar\u00e9 de l&#8217;Europe, pas tout \u00e0 fait \u00e0 l&#8217;Est, ni compl\u00e8tement \u00e0 l&#8217;Ouest. C&#8217;est en 1992, quand la F\u00e9d\u00e9ration explose, que les h\u00f4tels se vident. Sarajevo, Dubrovnik, guerres ethniques, massacres : les Balkans ne sont plus fr\u00e9quentables. Seul le personnel de Sveti Stefan se refuse \u00e0 fermer l&#8217;\u00e9tablissement. Mais les meubles prennent la poussi\u00e8re. En 2002, quand Jeremy Irons loue une suite, Sveti Stefan n&#8217;est plus un palace et il menace de s&#8217;\u00e9crouler dans la mer. L&#8217;acteur am\u00e9ricain sauve l&#8217;h\u00f4tel. Il signe un gros ch\u00e8que et rappelle l&#8217;existence du Mont\u00e9n\u00e9gro aux bons souvenirs de ses amis de Hollywood.<br \/>\n<a href=\"http:\/\/www.visit-ulcinj.com\/blog\/wp-content\/uploads\/2008\/05\/velika-plaza011.jpg\"><img loading=\"lazy\" class=\"alignleft attachment wp-att-1524\" style=\"float: left;\" src=\"http:\/\/www.visit-ulcinj.com\/blog\/wp-content\/uploads\/2008\/05\/velika-plaza011.thumbnail.jpg\" alt=\"Velika pla\u017ea.01\" width=\"200\" height=\"150\" \/><\/a>Aujourd&#8217;hui, pour retrouver ses cinq \u00e9toiles et son rang, l&#8217;h\u00f4tel est en r\u00e9novation. Il n&#8217;est pas le seul : sur toute la c\u00f4te, les grues sont au travail. Dans la baie de Budva, de nouveaux h\u00f4tels sortent de terre. Plus au sud, pr\u00e8s d&#8217;Ulcinj, la plage de Velika, 13 kilom\u00e8tres de sable fin, va \u00eatre transform\u00e9e en station baln\u00e9aire de luxe. Depuis l&#8217;ind\u00e9pendance il y a deux ans, le gouvernement mise sur le tourisme, mais pas \u00e0 n&#8217;importe quel prix. Les h\u00f4tels clubs avec formule \u00abtout compris\u00bb ne sont pas les bienvenus. Predrag Nenezic, le ministre du Tourisme, est formel: \u00abHors de question de b\u00e9tonner notre c\u00f4te, nous respecterons l&#8217;environnement. Nous voulons surtout d\u00e9velopper le tourisme individuel, plus adapt\u00e9 \u00e0 un petit pays comme le n\u00f4tre.\u00bb<br \/>\nD\u00e9j\u00e0 en 1991, bien avant l&#8217;ind\u00e9pendance, le Parlement mont\u00e9n\u00e9grin avait vot\u00e9 une d\u00e9claration d&#8217;\u00c9tat \u00e9cologique. \u00abSur ce point, nous sommes des pr\u00e9curseurs, explique un restaurateur de Budva. Nous avons tr\u00e8s vite pris conscience que nous poss\u00e9dions l&#8217;une des plus belles c\u00f4tes de la M\u00e9diterran\u00e9e et qu&#8217;il fallait la prot\u00e9ger. Honn\u00eatement, qui a envie de voir des buildings dans les Bouches de Kotor?\u00bb<br \/>\n<strong> \u00c0 l&#8217;ombre des cimes aust\u00e8res<\/strong><br \/>\nClass\u00e9es au Patrimoine mondial de l&#8217;humanit\u00e9 par l&#8217;Unesco, ces fameuses Bouches font la fiert\u00e9 de tout Mont\u00e9n\u00e9grin. D\u00e9j\u00e0 en 1880, Pierre Loti \u00e9tait tomb\u00e9 sous le charme: \u00abLes bleus iris\u00e9s des montagnes, les bleus crus de la mer, les verts d&#8217;\u00e9meraude des myrtes qui couvrent les rochers, les rouges des grenades, les verts sombres des oliviers et tout en haut les mornes de pierre se d\u00e9coupent sur le ciel, en gris clair de cendres, en blancheur de lave.\u00bb Pour peu que le ciel ne se couvre, on se croirait \u00e9gar\u00e9 au fond de quelque fjord scandinave\u2026<a href=\"http:\/\/www.visit-ulcinj.com\/blog\/wp-content\/uploads\/2008\/02\/copakabana.jpg\"><img loading=\"lazy\" class=\"alignright attachment wp-att-670\" title=\" Appartement de vacances, Bienvenue au Ulqin \/ Ulcinj - Mont\u00e9n\u00e9gro, chambres \u00e0 louer \u00e0 ulcinj, h\u00e9bergement priv\u00e9, h\u00e9bergements de vacances, h\u00e9bergements vacances, location de bigorre., location de vacance, location maison avec piscine, location saisonni\u00e8res, Location vacance, locations de vacance, Locations de Vacances, Locations de Vacances \u00e0 Ulcinj, locations entre particulier, Locations vacance, logement pour 7 \u20ac, logements de vacances, logements vacance, louer villa, Luxury Summer Rentals, Maison de vacances, Montenegro Airlines, ulcinj, Ulcinj Mont\u00e9n\u00e9gro, vacances \u00e0 Mont\u00e9n\u00e9gro - location \u00e0 Ulcinj, voyage au Mont\u00e9n\u00e9gro, Voyage Ulcinj  \" src=\"http:\/\/www.visit-ulcinj.com\/blog\/wp-content\/uploads\/2008\/02\/copakabana.thumbnail.jpg\" alt=\"copakabana beach\" width=\"200\" height=\"150\" \/><\/a><br \/>\nIci, la montagne s&#8217;ab\u00eeme dans des baies immacul\u00e9es, ferm\u00e9es comme des lacs le glacier qui a sculpt\u00e9 ces m\u00e9andres \u00e0 la profondeur insondable avait sans doute l&#8217;esprit retors. Jusqu&#8217;\u00e0 la fronti\u00e8re croate au nord, la route serpente entre cascades \u00e9d\u00e9niques et petites plages de galets. Au d\u00e9tour d&#8217;un lacet, quelque ruine romaine, un monast\u00e8re orthodoxe, une citadelle m\u00e9di\u00e9vale, des peintures rupestres : les hommes ont compris tr\u00e8s t\u00f4t l&#8217;hospitalit\u00e9 toute paradoxale des lieux. \u00c0 l&#8217;ombre des cimes aust\u00e8res, les p\u00eacheurs se sont nich\u00e9s \u00e0 l&#8217;abri des vents mauvais. Tout au fond du fjord, Kotor: sous cet \u00e9chafaudage de roches grises, la vieille ville a des dimensions lilliputiennes. Le soir, les montagnes se d\u00e9doublent dans l&#8217;eau sombre.<br \/>\n<a href=\"http:\/\/www.visit-ulcinj.com\/blog\/wp-content\/uploads\/2008\/05\/big-kotor.jpg\"><img loading=\"lazy\" class=\"alignleft attachment wp-att-1525\" style=\"float: left;\" src=\"http:\/\/www.visit-ulcinj.com\/blog\/wp-content\/uploads\/2008\/05\/big-kotor.thumbnail.jpg\" alt=\"big-kotor\" width=\"200\" height=\"133\" \/><\/a>Entre la mer et les parois rocheuses, les passages sont \u00e9troits et il n&#8217;y a pas de place pour construire de grandes infrastructures touristiques. \u00abTant mieux\u00bb, s&#8217;exclame Milan qui loue quelques chambres dans la petite ville de Herceg Novi. Ici, les habitants n&#8217;ont pas attendu que leur pays redevienne une destination \u00e0 la mode. Ils ont toujours pris soin de leur ville, entretenant les b\u00e2timents, fleurissant les jardins. Pas de grands h\u00f4tels, mais un nombre impressionnant de vieilles maisons \u00e0 racheter et \u00e0 retaper. Catherine Zeta-Jones aurait achet\u00e9 une propri\u00e9t\u00e9, tout comme le milliardaire russe Roman Abramovitch. Ces deux derni\u00e8res ann\u00e9es, les prix de l&#8217;immobilier auraient doubl\u00e9 dans la r\u00e9gion\u2026Aujourd&#8217;hui, toute la c\u00f4te profite \u00e0 sa mani\u00e8re de cette nouvelle manne touristique. Assis sur une terrasse face aux Bouches, on se prend alors \u00e0 r\u00eaver que cette renaissance oublie quelque crique secr\u00e8te.<br \/>\n<strong>&#8220;Nous sommes \u00e0 nouveau sur la carte touristique&#8221;<\/strong><br \/>\nDiki Kazanegra, manager de l&#8217;\u00eele-h\u00f4tel de Sveti Stefan dans les ann\u00e9es 1950 et 1960 se souvient.\u00abSous Tito, il suffisait de claquer des doigts pour avoir ce qu&#8217;on voulait. Du lait de dromadaire pour le pr\u00e9sident de la Mongolie? Pas de probl\u00e8me. La princesse Margaret et sa suite descendaient \u00e0 l&#8217;h\u00f4tel? Nous ne savions rien du protocole britannique, mais on apprenait vite: dans les deux heures, la photo de la famille royale \u00e9tait sur les murs de toutes les chambres! Le Mont\u00e9n\u00e9gro \u00e9tait un refuge pour les stars de Hollywood. Mais il n&#8217;y avait pas que des milliardaires. L&#8217;un des premiers Club Med a \u00e9t\u00e9 construit sur la c\u00f4te, \u00e0 Sveti Marko. Dans les ann\u00e9es 1980, le tourisme de masse est arriv\u00e9, beaucoup de touristes allemands et italiens. Et puis il y a eu les ann\u00e9es 1990 : la guerre, le trou noir. Nous \u00e9tions coup\u00e9s du monde, sans travail. Une d\u00e9cennie g\u00e2ch\u00e9e, surtout pour les jeunes qui ont perdu leurs plus belles ann\u00e9es \u00e0 attendre. Depuis, les touristes sont revenus, les stars aussi\u2026 Les gens ne viennent plus chez nous pour partir aussit\u00f4t en vacances en Yougoslavie. Aujourd&#8217;hui, c&#8217;est le Mont\u00e9n\u00e9gro leur destination. Depuis l&#8217;ind\u00e9pendance, nous avons notre destin en main, des tonnes de projets et une vision commune. Notre \u201criviera\u201d ne sera pas la nouvelle Costa Brava. Les gens ne viennent pas ici pour dormir dans des buildings et bronzer \u201cidiot\u201d sur la plage. Ils veulent des petites maisons, des vacances d\u00e9paysantes et culturelles. Ils veulent nous rencontrer. Avec nos h\u00f4tels et nos parcs nationaux, nous avons ce qu&#8217;il faut pour accueillir un tourisme de qualit\u00e9. Et nous avons d\u00e9j\u00e0 commenc\u00e9. Nous sommes \u00e0 nouveau sur la carte touristique. Et pour longtemps!\u00bb<br \/>\n<strong>Guillaume Villadier<br \/>\nLe Figaro<\/strong><br \/>\n<strong><!--YouTube Error: bad URL entered--><\/strong><br \/>\n<strong> Link: <a href=\"http:\/\/www.visit-ulcinj.com\" target=\"_blank\" rel=\"noopener\">http:\/\/www.visit-ulcinj.com<\/a><\/strong><br \/>\n<a title=\"Accommodation Holiday House in Ulcinj-Montenegro,from 7\u20ac pers\" href=\"http:\/\/www.visit-ulcinj.com\/\" target=\"_blank\" rel=\"noopener\"><img loading=\"lazy\" class=\"alignleft size-full wp-image-22793\" title=\"Travel, Ulcinj, Vacation,chambres \u00e0 louer \u00e0 ulcinj, location de vacance, location saisonni\u00e8res, louer villa,location de vacance, Locations vacance, h\u00e9bergements vacances, locations villa, logements de vacances, location maison avec piscine, Location vacance, locations de vacance, h\u00e9bergements de vacances, location villa, locations entre particulier, logements vacance, vacances \u00e0 Mont\u00e9n\u00e9gro - location \u00e0 Ulcinj ,location  de bigorre,A  Aarau,  Abtwil,  Adelboden,  Aeschi,  Aeschlen,  Aigle,  Airolo,  Albinen,  Alpnachstad,  Altst\u00e4tten,  Amsteg,  Andermatt,  Appenzell,  Arosa,  Ascona,  Ausserberg,  Avenches,  Avry devant Pont,  B  Bad Ragaz,  Bad-Schwarzsee,  Baden,  Bazel,  Beatenberg,  Beckenried,  Bedretto,  Bellinzona,  Belmont-sur-Lausanne,  Berg\u00fcn,  Berikon,  Bern,  Bettmeralp,  Bevaix,  Bevers,  Biasca,  Biel,  Binningen,  Birsfelden,  Bissone,  Bivio,  Blatten,  Boltigen,  Bonaduz,  Boudevilliers,  Bourg-Saint-Pierre,  Brienz,  Brig,  Brissago,  Brunnen,  B\u00fclach,  Bulle,  Buochs,  Burgdorf,  Busingen am Hochrhein,  Bussigny,  C  Cadro,  Carona,  Carouge,  Caslano,  Caux,  Celerina,  Cergnat,  Cham,  Champ\u00e9ry,  Champex,  Champoussin,  Charmey,  Ch\u00e2teau-d?Oex,  Chavannes-de-Bogis,  Cheseaux,  Chexbres,  Chur,  Cinuos-Chel,  Cointrin,  Conters,  Cortaillod,  Cossonay,  Crans-Montana,  Cr\u00e9suz,  Cudrefin,  D  D\u00e4llikon,  Davos Dorf,  Davos Platz,  Diegten,  Dietikon,  Disentis,  Dornach,  D\u00fcbendorf,  Duggingen,  E  Ebikon,  Egerkingen,  Eglisau,  Elgg,  Emmenbr\u00fccke,  Engelberg,  Eptingen,  Erstfeld,  Eschenz,  F  Fanas,  Faulensee,  Fiesch,  Flims,  Flims Waldhaus,  Fluelen,  Fl\u00fceli,  Fl\u00fchli,  Flumserberg,  Frauenfeld,  Fribourg,  Frutigen,  Ftan,  G  Geneve,  Geroldswil,  Gerzensee,  Giswil,  Glattbrugg,  Glion,  Goldiwil,  Goldswil,  G\u00f6schenen,  Gottlieben,  Gr\u00e4chen,  Grenchen,  Grimentz,  Grindelwald,  Gr\u00fcsch,  Gruy\u00e8res,  Gstaad,  Gsteigwiler,  Guarda,  Gundlischwand,  Gunten,  H  Habkern,  Hausernmoos Bern,  Heiden,  Heiligenschwendi,  Hergiswil,  Hilterfingen,  Holderbank,  Horgen,  Horn,  Horw,  H\u00fcnibach,  Hurden,  I  Interlaken,  Iseltwald,  K  Kandersteg,  Kastanienbaum,  Kiental,  Klosters Dorf,  Klosters Platz,  Klosters Serneus,  Kloten,  Konolfingen,  Kreuzlingen,  Kriens,  K\u00fcblis,  K\u00fcsnacht,  L  L'Etivaz,  La Chaux-de-Fonds,  La L\u00e9cherette,  La Vue des Alpes,  Langenthal,  Langwies,  Laufen,  Lausanne,  Lauterbrunnen,  Lavorgo,  Le Locle,  Le Prese,  Le Sentier,  Leissigen,  Lenk,  Lenzburg,  Lenzerheide,  Les Brenets,  Les Diablerets,  Les Mar\u00e9cottes,  Les Mosses,  Leukerbad,  Leysin,  Liestal,  Lisone,  Littau,  Locarno,  Losone,  Lugano,  Lully,  Lumino,  Luterbach,  Lutry,  Luzern,  M  Maienfeld,  Maloja,  Malters,  Martigny-Ville,  Matten,  Meggen,  Meiringen,  Mendrisio,  Mergoscia,  Merligen,  Merlischachen,  Minusio,  Mollens,  Monte Carasso,  Mont\u00e9zillon,  Montreux,  Morges,  Morgins,  Mugena,  Muntelier,  M\u00fcrren,  Murten,  M\u00fcstair,  Muttenz,  N  Naters,  Neuch\u00e2tel,  Nods,  Nottwil,  Nyon,  O  Oberhofen,  Obermeilen,  Oberwald,  Oberwil,  Oensingen,  Olivone,  Olten,  Opfikon,  Origlio,  P  Perlen,  Pf\u00e4ffikon,  Pf\u00e4ffikon,  Piotta,  Plan-les-Ouates,  Ponte Tresa,  Pontresina,  Portalban- Dessous,  Porto Ronco,  Pragg-Jenaz,  Pura,  Q  Quartino,  R  Ramsen,  Rapperswil,  Reckingen,  Regensdorf,  Rheinfelden,  Riederalp,  Rigi Kaltbad,  Ringgenberg,  Rodi,  Rohr,  Romainm\u00f4tier,  Romanel,  Ronchini,  Ronco,  Rorschacherberg,  Rothenburg,  Rovio,  R\u00fcmlang,  R\u00fcschlikon,  S  Saanen,  Saanenm\u00f6ser,  Saas-Almagel,  Saas-Fee,  Saas-Grund,  Sachseln,  Saillon,  Saint-Blaise,  Saint-Sulpice,  Samedan,  Samnaun,  San Bernardino,  Sankt Gallen,  Santa Maria,  Sant?Antonio,  Sargans,  Sarnen,  Savognin,  Scanfs,  Schaffhausen,  Schangnau,  Schlieren,  Sch\u00f6nenwerd,  Sch\u00f6nried,  Schwefelbergbad,  Scuol,  Sedrun,  Segl-Maria,  Sent,  Sessa,  Sierre,  Silvaplana,  Sion,  Solothurn,  S\u00f6renberg,  Speicher,  Spiez,  Spreitenbach,  St. Moritz,  Stans,  Stein am Rhein,  Stettlen,  Stoos,  Suhr,  Sursee,  T  Tarasp,  T\u00e4sch,  Tegna,  Thalwil,  Thun,  Thusis,  Tschierv,  Twann,  U  Uetliberg,  Unter\u00e4geri,  Unteriberg,  Unterwasser,  V  Vacallo,  Val d?Illiez,  Vercorin,  Versoix,  Vevey,  Villars-sur-Ollon,  Visp,  Vitznau,  Vulpera,  W  Wallisellen,  Walzenhausen,  Wangen an der Aare,  Weesen,  Weggis,  Weissbad,  Wengen,  Wetzikon,  Widnau,  Wiesen,  Wilderswil,  Wildhaus,  Winterthur,  Y  Yverdon,  Z  Zermatt,  Zernez,  Zillis,  Zug,  Zuoz,  Z\u00fcrich,  Zurzach,  Zweisimmen ,\" src=\"http:\/\/www.visit-ulcinj.com\/blog\/wp-content\/uploads\/2009\/06\/ulcinj-info_holiday-in-montenegro.png\" alt=\"ulcinj-info_holiday-in-montenegro,Simply, travel, Ulcinj,Ulqin,Long Beach,ada bojana, Holidays in montenegro, apartments, cottages, hotels, accommodation, information, maps, holiday, tour operators, car hire, winter,travel, holiday in ulcinj, book, flights in montenegro, booking ulcinj montenegro,holiday apartments in montenegro,beaches in montenegro,all inclusive montenegro,montenegro adriatic sea,Apartmani, Appartements, booking, buy, car, Cobi House, Estate, hire, holiday, Home, Hotel, House, Land, last minute, Montenegro, Plots, Properties, Property, Real, Realtor, rent, rental, room, Travel, Ulcinj, Ulqini, Vacation, \" width=\"580\" height=\"125\" \/><\/a><\/p>\n<div><!-- vimeo error: not a vimeo video --><\/div>\n","protected":false},"excerpt":{"rendered":"<p><img loading=\"lazy\" class=\"alignleft attachment wp-att-1464\" style=\"float: left;\" src=\"http:\/\/www.visit-ulcinj.com\/blog\/wp-content\/uploads\/2008\/05\/montenegro.thumbnail.jpg\" alt=\"Montenegro-Ulcinj\" width=\"140\" height=\"140\" \/><\/p>\n","protected":false},"author":1,"featured_media":0,"comment_status":"open","ping_status":"closed","sticky":false,"template":"","format":"standard","meta":{"spay_email":"","jetpack_publicize_message":"","jetpack_is_tweetstorm":false,"jetpack_publicize_feature_enabled":true},"categories":[15],"tags":[8804,8811,11329,8809,4056,4050,4061,4046,4053,4047,4054,4055,8808,8805,4058,4049,8801,4052,4059,4048,8803,8800,1096,19,8802,4060,8807,8806],"jetpack_publicize_connections":[],"yoast_head":"<!-- This site is optimized with the Yoast SEO plugin v19.1 - https:\/\/yoast.com\/wordpress\/plugins\/seo\/ -->\n<title>Le Mont\u00e9n\u00e9gro, rescap\u00e9 des Balkans - Lajme nga Ulqini<\/title>\n<meta name=\"robots\" content=\"index, follow, max-snippet:-1, max-image-preview:large, max-video-preview:-1\" \/>\n<link rel=\"canonical\" href=\"https:\/\/www.visit-ulcinj.com\/blog\/2008\/05\/10\/le-montenegro-rescape-des-balkans\/\" \/>\n<meta property=\"og:locale\" content=\"en_US\" \/>\n<meta property=\"og:type\" content=\"article\" \/>\n<meta property=\"og:title\" content=\"Le Mont\u00e9n\u00e9gro, rescap\u00e9 des Balkans - Lajme nga Ulqini\" \/>\n<meta property=\"og:url\" content=\"https:\/\/www.visit-ulcinj.com\/blog\/2008\/05\/10\/le-montenegro-rescape-des-balkans\/\" \/>\n<meta property=\"og:site_name\" content=\"Lajme nga Ulqini\" \/>\n<meta property=\"article:published_time\" content=\"2008-05-10T15:08:48+00:00\" \/>\n<meta property=\"article:modified_time\" content=\"2023-04-01T12:59:36+00:00\" \/>\n<meta property=\"og:image\" content=\"http:\/\/www.visit-ulcinj.com\/blog\/wp-content\/uploads\/2008\/05\/montenegro.thumbnail.jpg\" \/>\n<meta name=\"twitter:label1\" content=\"Written by\" \/>\n\t<meta name=\"twitter:data1\" content=\"ulqini\" \/>\n\t<meta name=\"twitter:label2\" content=\"Est. reading time\" \/>\n\t<meta name=\"twitter:data2\" content=\"7 minutes\" \/>\n<script type=\"application\/ld+json\" class=\"yoast-schema-graph\">{\"@context\":\"https:\/\/schema.org\",\"@graph\":[{\"@type\":\"WebSite\",\"@id\":\"https:\/\/www.visit-ulcinj.com\/blog\/#website\",\"url\":\"https:\/\/www.visit-ulcinj.com\/blog\/\",\"name\":\"Lajme nga Ulqini\",\"description\":\"Lajme,Vijesti,Ulqini,Ulqin,Crna Gora,Mali i Zi\",\"potentialAction\":[{\"@type\":\"SearchAction\",\"target\":{\"@type\":\"EntryPoint\",\"urlTemplate\":\"https:\/\/www.visit-ulcinj.com\/blog\/?s={search_term_string}\"},\"query-input\":\"required name=search_term_string\"}],\"inLanguage\":\"en-US\"},{\"@type\":\"ImageObject\",\"inLanguage\":\"en-US\",\"@id\":\"https:\/\/www.visit-ulcinj.com\/blog\/2008\/05\/10\/le-montenegro-rescape-des-balkans\/#primaryimage\",\"url\":\"http:\/\/www.visit-ulcinj.com\/blog\/wp-content\/uploads\/2008\/05\/montenegro.thumbnail.jpg\",\"contentUrl\":\"http:\/\/www.visit-ulcinj.com\/blog\/wp-content\/uploads\/2008\/05\/montenegro.thumbnail.jpg\"},{\"@type\":\"WebPage\",\"@id\":\"https:\/\/www.visit-ulcinj.com\/blog\/2008\/05\/10\/le-montenegro-rescape-des-balkans\/#webpage\",\"url\":\"https:\/\/www.visit-ulcinj.com\/blog\/2008\/05\/10\/le-montenegro-rescape-des-balkans\/\",\"name\":\"Le Mont\u00e9n\u00e9gro, rescap\u00e9 des Balkans - Lajme nga Ulqini\",\"isPartOf\":{\"@id\":\"https:\/\/www.visit-ulcinj.com\/blog\/#website\"},\"primaryImageOfPage\":{\"@id\":\"https:\/\/www.visit-ulcinj.com\/blog\/2008\/05\/10\/le-montenegro-rescape-des-balkans\/#primaryimage\"},\"datePublished\":\"2008-05-10T15:08:48+00:00\",\"dateModified\":\"2023-04-01T12:59:36+00:00\",\"author\":{\"@id\":\"https:\/\/www.visit-ulcinj.com\/blog\/#\/schema\/person\/dcab619c614d3038751c63bc2aadc06d\"},\"breadcrumb\":{\"@id\":\"https:\/\/www.visit-ulcinj.com\/blog\/2008\/05\/10\/le-montenegro-rescape-des-balkans\/#breadcrumb\"},\"inLanguage\":\"en-US\",\"potentialAction\":[{\"@type\":\"ReadAction\",\"target\":[\"https:\/\/www.visit-ulcinj.com\/blog\/2008\/05\/10\/le-montenegro-rescape-des-balkans\/\"]}]},{\"@type\":\"BreadcrumbList\",\"@id\":\"https:\/\/www.visit-ulcinj.com\/blog\/2008\/05\/10\/le-montenegro-rescape-des-balkans\/#breadcrumb\",\"itemListElement\":[{\"@type\":\"ListItem\",\"position\":1,\"name\":\"Le Mont\u00e9n\u00e9gro, rescap\u00e9 des Balkans\"}]},{\"@type\":\"Person\",\"@id\":\"https:\/\/www.visit-ulcinj.com\/blog\/#\/schema\/person\/dcab619c614d3038751c63bc2aadc06d\",\"name\":\"ulqini\",\"sameAs\":[\"http:\/\/www.visit-ulcinj.com\"],\"url\":\"https:\/\/www.visit-ulcinj.com\/blog\/author\/admin\/\"}]}<\/script>\n<!-- \/ Yoast SEO plugin. -->","yoast_head_json":{"title":"Le Mont\u00e9n\u00e9gro, rescap\u00e9 des Balkans - Lajme nga Ulqini","robots":{"index":"index","follow":"follow","max-snippet":"max-snippet:-1","max-image-preview":"max-image-preview:large","max-video-preview":"max-video-preview:-1"},"canonical":"https:\/\/www.visit-ulcinj.com\/blog\/2008\/05\/10\/le-montenegro-rescape-des-balkans\/","og_locale":"en_US","og_type":"article","og_title":"Le Mont\u00e9n\u00e9gro, rescap\u00e9 des Balkans - Lajme nga Ulqini","og_url":"https:\/\/www.visit-ulcinj.com\/blog\/2008\/05\/10\/le-montenegro-rescape-des-balkans\/","og_site_name":"Lajme nga Ulqini","article_published_time":"2008-05-10T15:08:48+00:00","article_modified_time":"2023-04-01T12:59:36+00:00","og_image":[{"url":"http:\/\/www.visit-ulcinj.com\/blog\/wp-content\/uploads\/2008\/05\/montenegro.thumbnail.jpg"}],"twitter_misc":{"Written by":"ulqini","Est. reading time":"7 minutes"},"schema":{"@context":"https:\/\/schema.org","@graph":[{"@type":"WebSite","@id":"https:\/\/www.visit-ulcinj.com\/blog\/#website","url":"https:\/\/www.visit-ulcinj.com\/blog\/","name":"Lajme nga Ulqini","description":"Lajme,Vijesti,Ulqini,Ulqin,Crna Gora,Mali i Zi","potentialAction":[{"@type":"SearchAction","target":{"@type":"EntryPoint","urlTemplate":"https:\/\/www.visit-ulcinj.com\/blog\/?s={search_term_string}"},"query-input":"required name=search_term_string"}],"inLanguage":"en-US"},{"@type":"ImageObject","inLanguage":"en-US","@id":"https:\/\/www.visit-ulcinj.com\/blog\/2008\/05\/10\/le-montenegro-rescape-des-balkans\/#primaryimage","url":"http:\/\/www.visit-ulcinj.com\/blog\/wp-content\/uploads\/2008\/05\/montenegro.thumbnail.jpg","contentUrl":"http:\/\/www.visit-ulcinj.com\/blog\/wp-content\/uploads\/2008\/05\/montenegro.thumbnail.jpg"},{"@type":"WebPage","@id":"https:\/\/www.visit-ulcinj.com\/blog\/2008\/05\/10\/le-montenegro-rescape-des-balkans\/#webpage","url":"https:\/\/www.visit-ulcinj.com\/blog\/2008\/05\/10\/le-montenegro-rescape-des-balkans\/","name":"Le Mont\u00e9n\u00e9gro, rescap\u00e9 des Balkans - Lajme nga Ulqini","isPartOf":{"@id":"https:\/\/www.visit-ulcinj.com\/blog\/#website"},"primaryImageOfPage":{"@id":"https:\/\/www.visit-ulcinj.com\/blog\/2008\/05\/10\/le-montenegro-rescape-des-balkans\/#primaryimage"},"datePublished":"2008-05-10T15:08:48+00:00","dateModified":"2023-04-01T12:59:36+00:00","author":{"@id":"https:\/\/www.visit-ulcinj.com\/blog\/#\/schema\/person\/dcab619c614d3038751c63bc2aadc06d"},"breadcrumb":{"@id":"https:\/\/www.visit-ulcinj.com\/blog\/2008\/05\/10\/le-montenegro-rescape-des-balkans\/#breadcrumb"},"inLanguage":"en-US","potentialAction":[{"@type":"ReadAction","target":["https:\/\/www.visit-ulcinj.com\/blog\/2008\/05\/10\/le-montenegro-rescape-des-balkans\/"]}]},{"@type":"BreadcrumbList","@id":"https:\/\/www.visit-ulcinj.com\/blog\/2008\/05\/10\/le-montenegro-rescape-des-balkans\/#breadcrumb","itemListElement":[{"@type":"ListItem","position":1,"name":"Le Mont\u00e9n\u00e9gro, rescap\u00e9 des Balkans"}]},{"@type":"Person","@id":"https:\/\/www.visit-ulcinj.com\/blog\/#\/schema\/person\/dcab619c614d3038751c63bc2aadc06d","name":"ulqini","sameAs":["http:\/\/www.visit-ulcinj.com"],"url":"https:\/\/www.visit-ulcinj.com\/blog\/author\/admin\/"}]}},"jetpack_featured_media_url":"","jetpack_sharing_enabled":true,"jetpack_shortlink":"https:\/\/wp.me\/pe6lTn-oy","_links":{"self":[{"href":"https:\/\/www.visit-ulcinj.com\/blog\/wp-json\/wp\/v2\/posts\/1522"}],"collection":[{"href":"https:\/\/www.visit-ulcinj.com\/blog\/wp-json\/wp\/v2\/posts"}],"about":[{"href":"https:\/\/www.visit-ulcinj.com\/blog\/wp-json\/wp\/v2\/types\/post"}],"author":[{"embeddable":true,"href":"https:\/\/www.visit-ulcinj.com\/blog\/wp-json\/wp\/v2\/users\/1"}],"replies":[{"embeddable":true,"href":"https:\/\/www.visit-ulcinj.com\/blog\/wp-json\/wp\/v2\/comments?post=1522"}],"version-history":[{"count":1,"href":"https:\/\/www.visit-ulcinj.com\/blog\/wp-json\/wp\/v2\/posts\/1522\/revisions"}],"predecessor-version":[{"id":106930,"href":"https:\/\/www.visit-ulcinj.com\/blog\/wp-json\/wp\/v2\/posts\/1522\/revisions\/106930"}],"wp:attachment":[{"href":"https:\/\/www.visit-ulcinj.com\/blog\/wp-json\/wp\/v2\/media?parent=1522"}],"wp:term":[{"taxonomy":"category","embeddable":true,"href":"https:\/\/www.visit-ulcinj.com\/blog\/wp-json\/wp\/v2\/categories?post=1522"},{"taxonomy":"post_tag","embeddable":true,"href":"https:\/\/www.visit-ulcinj.com\/blog\/wp-json\/wp\/v2\/tags?post=1522"}],"curies":[{"name":"wp","href":"https:\/\/api.w.org\/{rel}","templated":true}]}}