{"id":15225,"date":"2009-03-22T16:53:00","date_gmt":"2009-03-22T15:53:00","guid":{"rendered":"http:\/\/www.visit-ulcinj.com\/blog\/?p=15225"},"modified":"2009-03-22T16:53:00","modified_gmt":"2009-03-22T15:53:00","slug":"shakaja-e-big-brother","status":"publish","type":"post","link":"https:\/\/www.visit-ulcinj.com\/blog\/2009\/03\/22\/shakaja-e-big-brother\/","title":{"rendered":"Shakaja e Big Brother"},"content":{"rendered":"<p><em><span class=\"newsdate\"><a href=\"http:\/\/www.visit-ulcinj.com\/blog\/wp-content\/uploads\/2009\/03\/shakaja.jpg\"><img loading=\"lazy\" class=\"alignleft size-full wp-image-15227\" title=\"shakaja-big-brother-albania-2\" src=\"http:\/\/www.visit-ulcinj.com\/blog\/wp-content\/uploads\/2009\/03\/shakaja.jpg\" alt=\"shakaja-big-brother-albania-2\" width=\"300\" height=\"205\" \/><\/a>21\/03\/09 22:11<\/span><\/em><\/p>\n<p>Big Brother ka vendosur q\u00eb t`u b\u00ebj nj\u00eb shaka banor\u00ebve. Shakaja konsiston n\u00eb nj\u00eb eleminim t\u00eb jasht\u00ebzakonsh\u00ebm.T\u00eb gjith\u00eb banor\u00ebt jan\u00eb n\u00eb kandidim p\u00ebr t\u00eb dal\u00eb, por ato mund t\u00eb b\u00ebjn\u00eb nj\u00eb apel pse duhet t\u00eb q\u00ebndroj\u00eb .Arbana pyet secilin prej banor\u00ebve.\u00a0<br \/>\nArjoni thot\u00eb:-\u201cUn\u00eb nuk ofroj asgj\u00eb m\u00eb tep\u00ebr nga ky q\u00eb jam!\u201d\u00a0<br \/>\nAdi :-\u201cDua t\u00eb them shpejt at\u00eb q\u00eb kam n\u00eb mendje. Kam ardhur k\u00ebtu me nj\u00eb mesazh. Dua t\u00eb tregoj\u00eb q\u00eb njeriu dhe pse mund t\u00eb bjer\u00eb, mund t\u00eb ngrihet prap\u00eb.\u201d<br \/>\nLirita: -\u201cKam p\u00ebr t\u00eb dh\u00ebn\u00eb m\u00eb shum\u00eb.\u201d<br \/>\nAida:-\u201cKam dhuruar shum\u00eb momente, dhe do vazhdoj ta b\u00ebj.\u201d<br \/>\nQetsori e kalon me humr dhe thot\u00eb:-\u201c Kam disa rroba pa veshur, dhe disa gjell\u00ebra pa gatuar.\u201d<br \/>\nAdela:-\u201cUn\u00eb premtoj q\u00eb do jem e nj\u00ebjta ,dhe q\u00eb nuk do i zhg\u00ebnjej. N\u00ebse i p\u00eblqej k\u00ebshtu sic jan\u00eb t\u00eb m\u00eb votojn\u00eb.\u201d<br \/>\nMoza:-\u201cDo b\u00ebj spetak\u00ebl m\u00eb shum\u00eb.\u201d<br \/>\nBika :-\u201c\u00cbsht\u00eb gj\u00ebja m\u00eb e bukur q\u00eb m\u00eb ka ndodhur, dhe do prezantoj thjesht\u00ebsin\u00eb time.\u201d<br \/>\nBanor\u00ebt u g\u00ebzuan kur mor\u00ebn vesh q\u00eb kjo ishte thjesht nj\u00eb shaka e organizuar nga \u201cBig Brother\u201d.<\/p>\n","protected":false},"excerpt":{"rendered":"<p>21\/03\/09 22:11 Big Brother ka vendosur q\u00eb t`u b\u00ebj nj\u00eb shaka banor\u00ebve. Shakaja konsiston n\u00eb nj\u00eb eleminim t\u00eb jasht\u00ebzakonsh\u00ebm.T\u00eb gjith\u00eb banor\u00ebt jan\u00eb n\u00eb kandidim p\u00ebr t\u00eb dal\u00eb, por ato mund t\u00eb b\u00ebjn\u00eb nj\u00eb apel pse duhet t\u00eb q\u00ebndroj\u00eb .Arbana pyet secilin prej banor\u00ebve.\u00a0 Arjoni thot\u00eb:-\u201cUn\u00eb nuk ofroj asgj\u00eb m\u00eb tep\u00ebr nga ky q\u00eb jam!\u201d\u00a0 Adi [&hellip;]<\/p>\n","protected":false},"author":1,"featured_media":0,"comment_status":"open","ping_status":"closed","sticky":false,"template":"","format":"standard","meta":{"spay_email":"","jetpack_publicize_message":"","jetpack_is_tweetstorm":false,"jetpack_publicize_feature_enabled":true},"categories":[6502],"tags":[6529,1414,6537,6525,6883,6516,6712,6740,6542,6544,6900,262,6891],"jetpack_publicize_connections":[],"yoast_head":"<!-- This site is optimized with the Yoast SEO plugin v19.1 - https:\/\/yoast.com\/wordpress\/plugins\/seo\/ -->\n<title>Shakaja e Big Brother | Big Brother Albania 2<\/title>\n<meta name=\"description\" content=\"Big Brother Albania 2 - Big Brother ka vendosur q\u00c3\u00ab t`u b\u00c3\u00abj nj\u00c3\u00ab shaka banor\u00c3\u00abve. Shakaja konsiston n\u00c3\u00ab nj\u00c3\u00ab eleminim t\u00c3\u00ab jasht\u00c3\u00abzakonsh\u00c3\u00abm.T\u00c3\u00ab gjith\u00c3\u00ab banor\u00c3\u00abt jan\u00c3\u00ab n\u00c3\u00ab kandidim p\u00c3\u00abr t\u00c3\u00ab dal\u00c3\u00ab, por ato mund t\u00c3\u00ab b\u00c3\u00abjn\u00c3\u00ab nj\u00c3\u00ab apel pse duhet t\u00c3\u00ab q\u00c3\u00abndroj\u00c3\u00ab .Arbana pyet secilin prej banor\u00c3\u00abve.\" \/>\n<meta name=\"robots\" content=\"index, follow, max-snippet:-1, max-image-preview:large, max-video-preview:-1\" \/>\n<link rel=\"canonical\" href=\"https:\/\/www.visit-ulcinj.com\/blog\/2009\/03\/22\/shakaja-e-big-brother\/\" \/>\n<meta property=\"og:locale\" content=\"en_US\" \/>\n<meta property=\"og:type\" content=\"article\" \/>\n<meta property=\"og:title\" content=\"Shakaja e Big Brother | Big Brother Albania 2\" \/>\n<meta property=\"og:description\" content=\"Big Brother Albania 2 - Big Brother ka vendosur q\u00c3\u00ab t`u b\u00c3\u00abj nj\u00c3\u00ab shaka banor\u00c3\u00abve. Shakaja konsiston n\u00c3\u00ab nj\u00c3\u00ab eleminim t\u00c3\u00ab jasht\u00c3\u00abzakonsh\u00c3\u00abm.T\u00c3\u00ab gjith\u00c3\u00ab banor\u00c3\u00abt jan\u00c3\u00ab n\u00c3\u00ab kandidim p\u00c3\u00abr t\u00c3\u00ab dal\u00c3\u00ab, por ato mund t\u00c3\u00ab b\u00c3\u00abjn\u00c3\u00ab nj\u00c3\u00ab apel pse duhet t\u00c3\u00ab q\u00c3\u00abndroj\u00c3\u00ab .Arbana pyet secilin prej banor\u00c3\u00abve.\" \/>\n<meta property=\"og:url\" content=\"https:\/\/www.visit-ulcinj.com\/blog\/2009\/03\/22\/shakaja-e-big-brother\/\" \/>\n<meta property=\"og:site_name\" content=\"Lajme nga Ulqini\" \/>\n<meta property=\"article:published_time\" content=\"2009-03-22T15:53:00+00:00\" \/>\n<meta property=\"og:image\" content=\"http:\/\/www.visit-ulcinj.com\/blog\/wp-content\/uploads\/2009\/03\/shakaja.jpg\" \/>\n<meta name=\"twitter:label1\" content=\"Written by\" \/>\n\t<meta name=\"twitter:data1\" content=\"ulqini\" \/>\n\t<meta name=\"twitter:label2\" content=\"Est. reading time\" \/>\n\t<meta name=\"twitter:data2\" content=\"1 minute\" \/>\n<script type=\"application\/ld+json\" class=\"yoast-schema-graph\">{\"@context\":\"https:\/\/schema.org\",\"@graph\":[{\"@type\":\"WebSite\",\"@id\":\"https:\/\/www.visit-ulcinj.com\/blog\/#website\",\"url\":\"https:\/\/www.visit-ulcinj.com\/blog\/\",\"name\":\"Lajme nga Ulqini\",\"description\":\"Lajme,Vijesti,Ulqini,Ulqin,Crna Gora,Mali i Zi\",\"potentialAction\":[{\"@type\":\"SearchAction\",\"target\":{\"@type\":\"EntryPoint\",\"urlTemplate\":\"https:\/\/www.visit-ulcinj.com\/blog\/?s={search_term_string}\"},\"query-input\":\"required name=search_term_string\"}],\"inLanguage\":\"en-US\"},{\"@type\":\"ImageObject\",\"inLanguage\":\"en-US\",\"@id\":\"https:\/\/www.visit-ulcinj.com\/blog\/2009\/03\/22\/shakaja-e-big-brother\/#primaryimage\",\"url\":\"http:\/\/www.visit-ulcinj.com\/blog\/wp-content\/uploads\/2009\/03\/shakaja.jpg\",\"contentUrl\":\"http:\/\/www.visit-ulcinj.com\/blog\/wp-content\/uploads\/2009\/03\/shakaja.jpg\"},{\"@type\":\"WebPage\",\"@id\":\"https:\/\/www.visit-ulcinj.com\/blog\/2009\/03\/22\/shakaja-e-big-brother\/#webpage\",\"url\":\"https:\/\/www.visit-ulcinj.com\/blog\/2009\/03\/22\/shakaja-e-big-brother\/\",\"name\":\"Shakaja e Big Brother | Big Brother Albania 2\",\"isPartOf\":{\"@id\":\"https:\/\/www.visit-ulcinj.com\/blog\/#website\"},\"primaryImageOfPage\":{\"@id\":\"https:\/\/www.visit-ulcinj.com\/blog\/2009\/03\/22\/shakaja-e-big-brother\/#primaryimage\"},\"datePublished\":\"2009-03-22T15:53:00+00:00\",\"dateModified\":\"2009-03-22T15:53:00+00:00\",\"author\":{\"@id\":\"https:\/\/www.visit-ulcinj.com\/blog\/#\/schema\/person\/dcab619c614d3038751c63bc2aadc06d\"},\"description\":\"Big Brother Albania 2 - Big Brother ka vendosur q\u00c3\u00ab t`u b\u00c3\u00abj nj\u00c3\u00ab shaka banor\u00c3\u00abve. Shakaja konsiston n\u00c3\u00ab nj\u00c3\u00ab eleminim t\u00c3\u00ab jasht\u00c3\u00abzakonsh\u00c3\u00abm.T\u00c3\u00ab gjith\u00c3\u00ab banor\u00c3\u00abt jan\u00c3\u00ab n\u00c3\u00ab kandidim p\u00c3\u00abr t\u00c3\u00ab dal\u00c3\u00ab, por ato mund t\u00c3\u00ab b\u00c3\u00abjn\u00c3\u00ab nj\u00c3\u00ab apel pse duhet t\u00c3\u00ab q\u00c3\u00abndroj\u00c3\u00ab .Arbana pyet secilin prej banor\u00c3\u00abve.\",\"breadcrumb\":{\"@id\":\"https:\/\/www.visit-ulcinj.com\/blog\/2009\/03\/22\/shakaja-e-big-brother\/#breadcrumb\"},\"inLanguage\":\"en-US\",\"potentialAction\":[{\"@type\":\"ReadAction\",\"target\":[\"https:\/\/www.visit-ulcinj.com\/blog\/2009\/03\/22\/shakaja-e-big-brother\/\"]}]},{\"@type\":\"BreadcrumbList\",\"@id\":\"https:\/\/www.visit-ulcinj.com\/blog\/2009\/03\/22\/shakaja-e-big-brother\/#breadcrumb\",\"itemListElement\":[{\"@type\":\"ListItem\",\"position\":1,\"name\":\"Shakaja e Big Brother\"}]},{\"@type\":\"Person\",\"@id\":\"https:\/\/www.visit-ulcinj.com\/blog\/#\/schema\/person\/dcab619c614d3038751c63bc2aadc06d\",\"name\":\"ulqini\",\"sameAs\":[\"http:\/\/www.visit-ulcinj.com\"],\"url\":\"https:\/\/www.visit-ulcinj.com\/blog\/author\/admin\/\"}]}<\/script>\n<!-- \/ Yoast SEO plugin. -->","yoast_head_json":{"title":"Shakaja e Big Brother | Big Brother Albania 2","description":"Big Brother Albania 2 - Big Brother ka vendosur q\u00c3\u00ab t`u b\u00c3\u00abj nj\u00c3\u00ab shaka banor\u00c3\u00abve. Shakaja konsiston n\u00c3\u00ab nj\u00c3\u00ab eleminim t\u00c3\u00ab jasht\u00c3\u00abzakonsh\u00c3\u00abm.T\u00c3\u00ab gjith\u00c3\u00ab banor\u00c3\u00abt jan\u00c3\u00ab n\u00c3\u00ab kandidim p\u00c3\u00abr t\u00c3\u00ab dal\u00c3\u00ab, por ato mund t\u00c3\u00ab b\u00c3\u00abjn\u00c3\u00ab nj\u00c3\u00ab apel pse duhet t\u00c3\u00ab q\u00c3\u00abndroj\u00c3\u00ab .Arbana pyet secilin prej banor\u00c3\u00abve.","robots":{"index":"index","follow":"follow","max-snippet":"max-snippet:-1","max-image-preview":"max-image-preview:large","max-video-preview":"max-video-preview:-1"},"canonical":"https:\/\/www.visit-ulcinj.com\/blog\/2009\/03\/22\/shakaja-e-big-brother\/","og_locale":"en_US","og_type":"article","og_title":"Shakaja e Big Brother | Big Brother Albania 2","og_description":"Big Brother Albania 2 - Big Brother ka vendosur q\u00c3\u00ab t`u b\u00c3\u00abj nj\u00c3\u00ab shaka banor\u00c3\u00abve. Shakaja konsiston n\u00c3\u00ab nj\u00c3\u00ab eleminim t\u00c3\u00ab jasht\u00c3\u00abzakonsh\u00c3\u00abm.T\u00c3\u00ab gjith\u00c3\u00ab banor\u00c3\u00abt jan\u00c3\u00ab n\u00c3\u00ab kandidim p\u00c3\u00abr t\u00c3\u00ab dal\u00c3\u00ab, por ato mund t\u00c3\u00ab b\u00c3\u00abjn\u00c3\u00ab nj\u00c3\u00ab apel pse duhet t\u00c3\u00ab q\u00c3\u00abndroj\u00c3\u00ab .Arbana pyet secilin prej banor\u00c3\u00abve.","og_url":"https:\/\/www.visit-ulcinj.com\/blog\/2009\/03\/22\/shakaja-e-big-brother\/","og_site_name":"Lajme nga Ulqini","article_published_time":"2009-03-22T15:53:00+00:00","og_image":[{"url":"http:\/\/www.visit-ulcinj.com\/blog\/wp-content\/uploads\/2009\/03\/shakaja.jpg"}],"twitter_misc":{"Written by":"ulqini","Est. reading time":"1 minute"},"schema":{"@context":"https:\/\/schema.org","@graph":[{"@type":"WebSite","@id":"https:\/\/www.visit-ulcinj.com\/blog\/#website","url":"https:\/\/www.visit-ulcinj.com\/blog\/","name":"Lajme nga Ulqini","description":"Lajme,Vijesti,Ulqini,Ulqin,Crna Gora,Mali i Zi","potentialAction":[{"@type":"SearchAction","target":{"@type":"EntryPoint","urlTemplate":"https:\/\/www.visit-ulcinj.com\/blog\/?s={search_term_string}"},"query-input":"required name=search_term_string"}],"inLanguage":"en-US"},{"@type":"ImageObject","inLanguage":"en-US","@id":"https:\/\/www.visit-ulcinj.com\/blog\/2009\/03\/22\/shakaja-e-big-brother\/#primaryimage","url":"http:\/\/www.visit-ulcinj.com\/blog\/wp-content\/uploads\/2009\/03\/shakaja.jpg","contentUrl":"http:\/\/www.visit-ulcinj.com\/blog\/wp-content\/uploads\/2009\/03\/shakaja.jpg"},{"@type":"WebPage","@id":"https:\/\/www.visit-ulcinj.com\/blog\/2009\/03\/22\/shakaja-e-big-brother\/#webpage","url":"https:\/\/www.visit-ulcinj.com\/blog\/2009\/03\/22\/shakaja-e-big-brother\/","name":"Shakaja e Big Brother | Big Brother Albania 2","isPartOf":{"@id":"https:\/\/www.visit-ulcinj.com\/blog\/#website"},"primaryImageOfPage":{"@id":"https:\/\/www.visit-ulcinj.com\/blog\/2009\/03\/22\/shakaja-e-big-brother\/#primaryimage"},"datePublished":"2009-03-22T15:53:00+00:00","dateModified":"2009-03-22T15:53:00+00:00","author":{"@id":"https:\/\/www.visit-ulcinj.com\/blog\/#\/schema\/person\/dcab619c614d3038751c63bc2aadc06d"},"description":"Big Brother Albania 2 - Big Brother ka vendosur q\u00c3\u00ab t`u b\u00c3\u00abj nj\u00c3\u00ab shaka banor\u00c3\u00abve. Shakaja konsiston n\u00c3\u00ab nj\u00c3\u00ab eleminim t\u00c3\u00ab jasht\u00c3\u00abzakonsh\u00c3\u00abm.T\u00c3\u00ab gjith\u00c3\u00ab banor\u00c3\u00abt jan\u00c3\u00ab n\u00c3\u00ab kandidim p\u00c3\u00abr t\u00c3\u00ab dal\u00c3\u00ab, por ato mund t\u00c3\u00ab b\u00c3\u00abjn\u00c3\u00ab nj\u00c3\u00ab apel pse duhet t\u00c3\u00ab q\u00c3\u00abndroj\u00c3\u00ab .Arbana pyet secilin prej banor\u00c3\u00abve.","breadcrumb":{"@id":"https:\/\/www.visit-ulcinj.com\/blog\/2009\/03\/22\/shakaja-e-big-brother\/#breadcrumb"},"inLanguage":"en-US","potentialAction":[{"@type":"ReadAction","target":["https:\/\/www.visit-ulcinj.com\/blog\/2009\/03\/22\/shakaja-e-big-brother\/"]}]},{"@type":"BreadcrumbList","@id":"https:\/\/www.visit-ulcinj.com\/blog\/2009\/03\/22\/shakaja-e-big-brother\/#breadcrumb","itemListElement":[{"@type":"ListItem","position":1,"name":"Shakaja e Big Brother"}]},{"@type":"Person","@id":"https:\/\/www.visit-ulcinj.com\/blog\/#\/schema\/person\/dcab619c614d3038751c63bc2aadc06d","name":"ulqini","sameAs":["http:\/\/www.visit-ulcinj.com"],"url":"https:\/\/www.visit-ulcinj.com\/blog\/author\/admin\/"}]}},"jetpack_featured_media_url":"","jetpack_sharing_enabled":true,"jetpack_shortlink":"https:\/\/wp.me\/pe6lTn-3Xz","_links":{"self":[{"href":"https:\/\/www.visit-ulcinj.com\/blog\/wp-json\/wp\/v2\/posts\/15225"}],"collection":[{"href":"https:\/\/www.visit-ulcinj.com\/blog\/wp-json\/wp\/v2\/posts"}],"about":[{"href":"https:\/\/www.visit-ulcinj.com\/blog\/wp-json\/wp\/v2\/types\/post"}],"author":[{"embeddable":true,"href":"https:\/\/www.visit-ulcinj.com\/blog\/wp-json\/wp\/v2\/users\/1"}],"replies":[{"embeddable":true,"href":"https:\/\/www.visit-ulcinj.com\/blog\/wp-json\/wp\/v2\/comments?post=15225"}],"version-history":[{"count":0,"href":"https:\/\/www.visit-ulcinj.com\/blog\/wp-json\/wp\/v2\/posts\/15225\/revisions"}],"wp:attachment":[{"href":"https:\/\/www.visit-ulcinj.com\/blog\/wp-json\/wp\/v2\/media?parent=15225"}],"wp:term":[{"taxonomy":"category","embeddable":true,"href":"https:\/\/www.visit-ulcinj.com\/blog\/wp-json\/wp\/v2\/categories?post=15225"},{"taxonomy":"post_tag","embeddable":true,"href":"https:\/\/www.visit-ulcinj.com\/blog\/wp-json\/wp\/v2\/tags?post=15225"}],"curies":[{"name":"wp","href":"https:\/\/api.w.org\/{rel}","templated":true}]}}