{"id":15233,"date":"2009-03-22T16:58:37","date_gmt":"2009-03-22T15:58:37","guid":{"rendered":"http:\/\/www.visit-ulcinj.com\/blog\/?p=15233"},"modified":"2009-03-22T16:58:37","modified_gmt":"2009-03-22T15:58:37","slug":"anjeza-s%e2%80%99e-prisja-te-ndihesha-mire","status":"publish","type":"post","link":"https:\/\/www.visit-ulcinj.com\/blog\/2009\/03\/22\/anjeza-s%e2%80%99e-prisja-te-ndihesha-mire\/","title":{"rendered":"Anjeza : S\u2019e prisja t\u00eb ndihesha mir\u00eb!"},"content":{"rendered":"<p><em><span class=\"newsdate\"><a href=\"http:\/\/www.visit-ulcinj.com\/blog\/wp-content\/uploads\/2009\/03\/anjeza-dhe-banorwt-copy.jpg\"><img loading=\"lazy\" class=\"alignleft size-full wp-image-15235\" title=\"anjeza-dhe-banorwt-copy\" src=\"http:\/\/www.visit-ulcinj.com\/blog\/wp-content\/uploads\/2009\/03\/anjeza-dhe-banorwt-copy.jpg\" alt=\"anjeza-dhe-banorwt-copy\" width=\"300\" height=\"205\" \/><\/a>22\/03\/09 00:00<\/span><\/em><\/p>\n<p>Anjeza, banorja m\u00eb e re e sht\u00ebpis\u00eb s\u00eb Big Brother duke biseduar me Qetsorin, Bjordin dhe banor\u00eb t\u00eb tjer\u00eb, ka th\u00ebn\u00eb se nuk e priste t\u00eb ndihej kaq mir\u00eb. Sipas Qetsorit, fillimi \u00ebsht\u00eb shum\u00eb i r\u00ebnd\u00ebsish\u00ebm dhe banor\u00ebt e tjer\u00eb e kishin n\u00eb dor\u00eb t\u2019i b\u00ebnin t\u00eb sapoardhurit t\u00eb ndiheshin mir\u00eb ose jo. Anjeza ka shtuar se duke patur parasysh faktin q\u00eb ajo sapo i kishte njohur, po ndihej v\u00ebrtet shum\u00eb mir\u00eb. Qetsori i ka th\u00ebn\u00eb gjithashtu se do t\u00eb kishte edhe grricje edhe p\u00ebrplasje, por k\u00ebt\u00eb do t\u00eb vinin m\u00eb von\u00eb, i r\u00ebnd\u00ebsish\u00ebm, sipas tij, ishte fillimi i mir\u00eb.<\/p>\n","protected":false},"excerpt":{"rendered":"<p>22\/03\/09 00:00 Anjeza, banorja m\u00eb e re e sht\u00ebpis\u00eb s\u00eb Big Brother duke biseduar me Qetsorin, Bjordin dhe banor\u00eb t\u00eb tjer\u00eb, ka th\u00ebn\u00eb se nuk e priste t\u00eb ndihej kaq mir\u00eb. Sipas Qetsorit, fillimi \u00ebsht\u00eb shum\u00eb i r\u00ebnd\u00ebsish\u00ebm dhe banor\u00ebt e tjer\u00eb e kishin n\u00eb dor\u00eb t\u2019i b\u00ebnin t\u00eb sapoardhurit t\u00eb ndiheshin mir\u00eb ose jo. [&hellip;]<\/p>\n","protected":false},"author":1,"featured_media":0,"comment_status":"open","ping_status":"closed","sticky":false,"template":"","format":"standard","meta":{"spay_email":"","jetpack_publicize_message":"","jetpack_is_tweetstorm":false,"jetpack_publicize_feature_enabled":true},"categories":[6502],"tags":[8288,6883,6516,6712,6544,6900,6891],"jetpack_publicize_connections":[],"yoast_head":"<!-- This site is optimized with the Yoast SEO plugin v19.1 - https:\/\/yoast.com\/wordpress\/plugins\/seo\/ -->\n<title>Anjeza : S\u00e2\u20ac\u2122e prisja t\u00c3\u00ab ndihesha mir\u00c3\u00ab! | Big Brother Albania 2<\/title>\n<meta name=\"description\" content=\"Big Brother Albania 2 - Anjeza, banorja m\u00c3\u00ab e re e sht\u00c3\u00abpis\u00c3\u00ab s\u00c3\u00ab Big Brother duke biseduar me Qetsorin, Bjordin dhe banor\u00c3\u00ab t\u00c3\u00ab tjer\u00c3\u00ab, ka th\u00c3\u00abn\u00c3\u00ab se nuk e priste t\u00c3\u00ab ndihej kaq mir\u00c3\u00ab.\" \/>\n<meta name=\"robots\" content=\"index, follow, max-snippet:-1, max-image-preview:large, max-video-preview:-1\" \/>\n<link rel=\"canonical\" href=\"https:\/\/www.visit-ulcinj.com\/blog\/2009\/03\/22\/anjeza-s\u2019e-prisja-te-ndihesha-mire\/\" \/>\n<meta property=\"og:locale\" content=\"en_US\" \/>\n<meta property=\"og:type\" content=\"article\" \/>\n<meta property=\"og:title\" content=\"Anjeza : S\u00e2\u20ac\u2122e prisja t\u00c3\u00ab ndihesha mir\u00c3\u00ab! | Big Brother Albania 2\" \/>\n<meta property=\"og:description\" content=\"Big Brother Albania 2 - Anjeza, banorja m\u00c3\u00ab e re e sht\u00c3\u00abpis\u00c3\u00ab s\u00c3\u00ab Big Brother duke biseduar me Qetsorin, Bjordin dhe banor\u00c3\u00ab t\u00c3\u00ab tjer\u00c3\u00ab, ka th\u00c3\u00abn\u00c3\u00ab se nuk e priste t\u00c3\u00ab ndihej kaq mir\u00c3\u00ab.\" \/>\n<meta property=\"og:url\" content=\"https:\/\/www.visit-ulcinj.com\/blog\/2009\/03\/22\/anjeza-s\u2019e-prisja-te-ndihesha-mire\/\" \/>\n<meta property=\"og:site_name\" content=\"Lajme nga Ulqini\" \/>\n<meta property=\"article:published_time\" content=\"2009-03-22T15:58:37+00:00\" \/>\n<meta property=\"og:image\" content=\"http:\/\/www.visit-ulcinj.com\/blog\/wp-content\/uploads\/2009\/03\/anjeza-dhe-banorwt-copy.jpg\" \/>\n<meta name=\"twitter:label1\" content=\"Written by\" \/>\n\t<meta name=\"twitter:data1\" content=\"ulqini\" \/>\n\t<meta name=\"twitter:label2\" content=\"Est. reading time\" \/>\n\t<meta name=\"twitter:data2\" content=\"1 minute\" \/>\n<script type=\"application\/ld+json\" class=\"yoast-schema-graph\">{\"@context\":\"https:\/\/schema.org\",\"@graph\":[{\"@type\":\"WebSite\",\"@id\":\"https:\/\/www.visit-ulcinj.com\/blog\/#website\",\"url\":\"https:\/\/www.visit-ulcinj.com\/blog\/\",\"name\":\"Lajme nga Ulqini\",\"description\":\"Lajme,Vijesti,Ulqini,Ulqin,Crna Gora,Mali i Zi\",\"potentialAction\":[{\"@type\":\"SearchAction\",\"target\":{\"@type\":\"EntryPoint\",\"urlTemplate\":\"https:\/\/www.visit-ulcinj.com\/blog\/?s={search_term_string}\"},\"query-input\":\"required name=search_term_string\"}],\"inLanguage\":\"en-US\"},{\"@type\":\"ImageObject\",\"inLanguage\":\"en-US\",\"@id\":\"https:\/\/www.visit-ulcinj.com\/blog\/2009\/03\/22\/anjeza-s%e2%80%99e-prisja-te-ndihesha-mire\/#primaryimage\",\"url\":\"http:\/\/www.visit-ulcinj.com\/blog\/wp-content\/uploads\/2009\/03\/anjeza-dhe-banorwt-copy.jpg\",\"contentUrl\":\"http:\/\/www.visit-ulcinj.com\/blog\/wp-content\/uploads\/2009\/03\/anjeza-dhe-banorwt-copy.jpg\"},{\"@type\":\"WebPage\",\"@id\":\"https:\/\/www.visit-ulcinj.com\/blog\/2009\/03\/22\/anjeza-s%e2%80%99e-prisja-te-ndihesha-mire\/#webpage\",\"url\":\"https:\/\/www.visit-ulcinj.com\/blog\/2009\/03\/22\/anjeza-s%e2%80%99e-prisja-te-ndihesha-mire\/\",\"name\":\"Anjeza : S\u00e2\u20ac\u2122e prisja t\u00c3\u00ab ndihesha mir\u00c3\u00ab! | Big Brother Albania 2\",\"isPartOf\":{\"@id\":\"https:\/\/www.visit-ulcinj.com\/blog\/#website\"},\"primaryImageOfPage\":{\"@id\":\"https:\/\/www.visit-ulcinj.com\/blog\/2009\/03\/22\/anjeza-s%e2%80%99e-prisja-te-ndihesha-mire\/#primaryimage\"},\"datePublished\":\"2009-03-22T15:58:37+00:00\",\"dateModified\":\"2009-03-22T15:58:37+00:00\",\"author\":{\"@id\":\"https:\/\/www.visit-ulcinj.com\/blog\/#\/schema\/person\/dcab619c614d3038751c63bc2aadc06d\"},\"description\":\"Big Brother Albania 2 - Anjeza, banorja m\u00c3\u00ab e re e sht\u00c3\u00abpis\u00c3\u00ab s\u00c3\u00ab Big Brother duke biseduar me Qetsorin, Bjordin dhe banor\u00c3\u00ab t\u00c3\u00ab tjer\u00c3\u00ab, ka th\u00c3\u00abn\u00c3\u00ab se nuk e priste t\u00c3\u00ab ndihej kaq mir\u00c3\u00ab.\",\"breadcrumb\":{\"@id\":\"https:\/\/www.visit-ulcinj.com\/blog\/2009\/03\/22\/anjeza-s%e2%80%99e-prisja-te-ndihesha-mire\/#breadcrumb\"},\"inLanguage\":\"en-US\",\"potentialAction\":[{\"@type\":\"ReadAction\",\"target\":[\"https:\/\/www.visit-ulcinj.com\/blog\/2009\/03\/22\/anjeza-s%e2%80%99e-prisja-te-ndihesha-mire\/\"]}]},{\"@type\":\"BreadcrumbList\",\"@id\":\"https:\/\/www.visit-ulcinj.com\/blog\/2009\/03\/22\/anjeza-s%e2%80%99e-prisja-te-ndihesha-mire\/#breadcrumb\",\"itemListElement\":[{\"@type\":\"ListItem\",\"position\":1,\"name\":\"Anjeza : S\u2019e prisja t\u00eb ndihesha mir\u00eb!\"}]},{\"@type\":\"Person\",\"@id\":\"https:\/\/www.visit-ulcinj.com\/blog\/#\/schema\/person\/dcab619c614d3038751c63bc2aadc06d\",\"name\":\"ulqini\",\"sameAs\":[\"http:\/\/www.visit-ulcinj.com\"],\"url\":\"https:\/\/www.visit-ulcinj.com\/blog\/author\/admin\/\"}]}<\/script>\n<!-- \/ Yoast SEO plugin. -->","yoast_head_json":{"title":"Anjeza : S\u00e2\u20ac\u2122e prisja t\u00c3\u00ab ndihesha mir\u00c3\u00ab! | Big Brother Albania 2","description":"Big Brother Albania 2 - Anjeza, banorja m\u00c3\u00ab e re e sht\u00c3\u00abpis\u00c3\u00ab s\u00c3\u00ab Big Brother duke biseduar me Qetsorin, Bjordin dhe banor\u00c3\u00ab t\u00c3\u00ab tjer\u00c3\u00ab, ka th\u00c3\u00abn\u00c3\u00ab se nuk e priste t\u00c3\u00ab ndihej kaq mir\u00c3\u00ab.","robots":{"index":"index","follow":"follow","max-snippet":"max-snippet:-1","max-image-preview":"max-image-preview:large","max-video-preview":"max-video-preview:-1"},"canonical":"https:\/\/www.visit-ulcinj.com\/blog\/2009\/03\/22\/anjeza-s\u2019e-prisja-te-ndihesha-mire\/","og_locale":"en_US","og_type":"article","og_title":"Anjeza : S\u00e2\u20ac\u2122e prisja t\u00c3\u00ab ndihesha mir\u00c3\u00ab! | Big Brother Albania 2","og_description":"Big Brother Albania 2 - Anjeza, banorja m\u00c3\u00ab e re e sht\u00c3\u00abpis\u00c3\u00ab s\u00c3\u00ab Big Brother duke biseduar me Qetsorin, Bjordin dhe banor\u00c3\u00ab t\u00c3\u00ab tjer\u00c3\u00ab, ka th\u00c3\u00abn\u00c3\u00ab se nuk e priste t\u00c3\u00ab ndihej kaq mir\u00c3\u00ab.","og_url":"https:\/\/www.visit-ulcinj.com\/blog\/2009\/03\/22\/anjeza-s\u2019e-prisja-te-ndihesha-mire\/","og_site_name":"Lajme nga Ulqini","article_published_time":"2009-03-22T15:58:37+00:00","og_image":[{"url":"http:\/\/www.visit-ulcinj.com\/blog\/wp-content\/uploads\/2009\/03\/anjeza-dhe-banorwt-copy.jpg"}],"twitter_misc":{"Written by":"ulqini","Est. reading time":"1 minute"},"schema":{"@context":"https:\/\/schema.org","@graph":[{"@type":"WebSite","@id":"https:\/\/www.visit-ulcinj.com\/blog\/#website","url":"https:\/\/www.visit-ulcinj.com\/blog\/","name":"Lajme nga Ulqini","description":"Lajme,Vijesti,Ulqini,Ulqin,Crna Gora,Mali i Zi","potentialAction":[{"@type":"SearchAction","target":{"@type":"EntryPoint","urlTemplate":"https:\/\/www.visit-ulcinj.com\/blog\/?s={search_term_string}"},"query-input":"required name=search_term_string"}],"inLanguage":"en-US"},{"@type":"ImageObject","inLanguage":"en-US","@id":"https:\/\/www.visit-ulcinj.com\/blog\/2009\/03\/22\/anjeza-s%e2%80%99e-prisja-te-ndihesha-mire\/#primaryimage","url":"http:\/\/www.visit-ulcinj.com\/blog\/wp-content\/uploads\/2009\/03\/anjeza-dhe-banorwt-copy.jpg","contentUrl":"http:\/\/www.visit-ulcinj.com\/blog\/wp-content\/uploads\/2009\/03\/anjeza-dhe-banorwt-copy.jpg"},{"@type":"WebPage","@id":"https:\/\/www.visit-ulcinj.com\/blog\/2009\/03\/22\/anjeza-s%e2%80%99e-prisja-te-ndihesha-mire\/#webpage","url":"https:\/\/www.visit-ulcinj.com\/blog\/2009\/03\/22\/anjeza-s%e2%80%99e-prisja-te-ndihesha-mire\/","name":"Anjeza : S\u00e2\u20ac\u2122e prisja t\u00c3\u00ab ndihesha mir\u00c3\u00ab! | Big Brother Albania 2","isPartOf":{"@id":"https:\/\/www.visit-ulcinj.com\/blog\/#website"},"primaryImageOfPage":{"@id":"https:\/\/www.visit-ulcinj.com\/blog\/2009\/03\/22\/anjeza-s%e2%80%99e-prisja-te-ndihesha-mire\/#primaryimage"},"datePublished":"2009-03-22T15:58:37+00:00","dateModified":"2009-03-22T15:58:37+00:00","author":{"@id":"https:\/\/www.visit-ulcinj.com\/blog\/#\/schema\/person\/dcab619c614d3038751c63bc2aadc06d"},"description":"Big Brother Albania 2 - Anjeza, banorja m\u00c3\u00ab e re e sht\u00c3\u00abpis\u00c3\u00ab s\u00c3\u00ab Big Brother duke biseduar me Qetsorin, Bjordin dhe banor\u00c3\u00ab t\u00c3\u00ab tjer\u00c3\u00ab, ka th\u00c3\u00abn\u00c3\u00ab se nuk e priste t\u00c3\u00ab ndihej kaq mir\u00c3\u00ab.","breadcrumb":{"@id":"https:\/\/www.visit-ulcinj.com\/blog\/2009\/03\/22\/anjeza-s%e2%80%99e-prisja-te-ndihesha-mire\/#breadcrumb"},"inLanguage":"en-US","potentialAction":[{"@type":"ReadAction","target":["https:\/\/www.visit-ulcinj.com\/blog\/2009\/03\/22\/anjeza-s%e2%80%99e-prisja-te-ndihesha-mire\/"]}]},{"@type":"BreadcrumbList","@id":"https:\/\/www.visit-ulcinj.com\/blog\/2009\/03\/22\/anjeza-s%e2%80%99e-prisja-te-ndihesha-mire\/#breadcrumb","itemListElement":[{"@type":"ListItem","position":1,"name":"Anjeza : S\u2019e prisja t\u00eb ndihesha mir\u00eb!"}]},{"@type":"Person","@id":"https:\/\/www.visit-ulcinj.com\/blog\/#\/schema\/person\/dcab619c614d3038751c63bc2aadc06d","name":"ulqini","sameAs":["http:\/\/www.visit-ulcinj.com"],"url":"https:\/\/www.visit-ulcinj.com\/blog\/author\/admin\/"}]}},"jetpack_featured_media_url":"","jetpack_sharing_enabled":true,"jetpack_shortlink":"https:\/\/wp.me\/pe6lTn-3XH","_links":{"self":[{"href":"https:\/\/www.visit-ulcinj.com\/blog\/wp-json\/wp\/v2\/posts\/15233"}],"collection":[{"href":"https:\/\/www.visit-ulcinj.com\/blog\/wp-json\/wp\/v2\/posts"}],"about":[{"href":"https:\/\/www.visit-ulcinj.com\/blog\/wp-json\/wp\/v2\/types\/post"}],"author":[{"embeddable":true,"href":"https:\/\/www.visit-ulcinj.com\/blog\/wp-json\/wp\/v2\/users\/1"}],"replies":[{"embeddable":true,"href":"https:\/\/www.visit-ulcinj.com\/blog\/wp-json\/wp\/v2\/comments?post=15233"}],"version-history":[{"count":0,"href":"https:\/\/www.visit-ulcinj.com\/blog\/wp-json\/wp\/v2\/posts\/15233\/revisions"}],"wp:attachment":[{"href":"https:\/\/www.visit-ulcinj.com\/blog\/wp-json\/wp\/v2\/media?parent=15233"}],"wp:term":[{"taxonomy":"category","embeddable":true,"href":"https:\/\/www.visit-ulcinj.com\/blog\/wp-json\/wp\/v2\/categories?post=15233"},{"taxonomy":"post_tag","embeddable":true,"href":"https:\/\/www.visit-ulcinj.com\/blog\/wp-json\/wp\/v2\/tags?post=15233"}],"curies":[{"name":"wp","href":"https:\/\/api.w.org\/{rel}","templated":true}]}}