{"id":15237,"date":"2009-03-22T17:04:10","date_gmt":"2009-03-22T16:04:10","guid":{"rendered":"http:\/\/www.visit-ulcinj.com\/blog\/?p=15237"},"modified":"2009-03-22T17:04:10","modified_gmt":"2009-03-22T16:04:10","slug":"adelajda-s%e2%80%99e-prisja-te-mos-nominohesha","status":"publish","type":"post","link":"https:\/\/www.visit-ulcinj.com\/blog\/2009\/03\/22\/adelajda-s%e2%80%99e-prisja-te-mos-nominohesha\/","title":{"rendered":"Adelajda &#8211; S\u2019e prisja t\u00eb mos nominohesha"},"content":{"rendered":"<p><em><span class=\"newsdate\"><a href=\"http:\/\/www.visit-ulcinj.com\/blog\/wp-content\/uploads\/2009\/03\/taniadelajda-copy.jpg\"><img loading=\"lazy\" class=\"alignleft size-full wp-image-15239\" title=\"taniadelajda-big-brother-albania-2\" src=\"http:\/\/www.visit-ulcinj.com\/blog\/wp-content\/uploads\/2009\/03\/taniadelajda-copy.jpg\" alt=\"taniadelajda-big-brother-albania-2\" width=\"300\" height=\"205\" \/><\/a>22\/03\/09 01:00<\/span><\/em><\/p>\n<p>\u201cS\u2019e prisja t\u00eb mos nominohesha!\u201d- ka th\u00ebn\u00eb Dritani Adelajdes. Ajo i ka th\u00ebn\u00eb se e dinte dhe ia kishte th\u00ebn\u00eb. Dritani ka shtuar se nuk i beson fjal\u00ebve dhe Adelajda e ka aprovuar, por ka shtuar se i beson shikimeve dhe veprimeve. Ajo q\u00eb nuk prisnin t\u00eb dy ishte nominimi i Adit. P\u00ebrsa i p\u00ebrket Aid\u00ebs Dritani ka th\u00ebn\u00eb se, mesa dukej, ajo duhet ta kishte ngat\u00ebrruar me Qetsorin apo ndonj\u00eb tjet\u00ebr, sepse n\u00eb momentin q\u00eb ajo kishte ndryshuar sjellje karshi tij, pa ndonj\u00eb shkak e n\u00eb momentin q\u00eb kishte bashk\u00ebpunuar me persona p\u00ebr t\u00eb cil\u00ebt kishte k\u00ebrkuar mb\u00ebshtetjen e tij p\u00ebr t\u2019i nominuar, ky ishte nj\u00eb minus shum\u00eb i madh. \u201cKy \u00ebsht\u00eb serviliz\u00ebm!\u201d- ka th\u00ebn\u00eb ai. Adelajda i ka th\u00ebn\u00eb se i b\u00ebhej qejfi q\u00eb ai, m\u00eb n\u00eb fund, e kishte kuptuar at\u00eb q\u00eb ajo ishte lodhur aq shum\u00eb q\u00eb t\u2019ia shpjegonte.<\/p>\n","protected":false},"excerpt":{"rendered":"<p>22\/03\/09 01:00 \u201cS\u2019e prisja t\u00eb mos nominohesha!\u201d- ka th\u00ebn\u00eb Dritani Adelajdes. Ajo i ka th\u00ebn\u00eb se e dinte dhe ia kishte th\u00ebn\u00eb. Dritani ka shtuar se nuk i beson fjal\u00ebve dhe Adelajda e ka aprovuar, por ka shtuar se i beson shikimeve dhe veprimeve. Ajo q\u00eb nuk prisnin t\u00eb dy ishte nominimi i Adit. P\u00ebrsa [&hellip;]<\/p>\n","protected":false},"author":1,"featured_media":0,"comment_status":"open","ping_status":"closed","sticky":false,"template":"","format":"standard","meta":{"spay_email":"","jetpack_publicize_message":"","jetpack_is_tweetstorm":false,"jetpack_publicize_feature_enabled":true},"categories":[6502],"tags":[6529,5057,6506,6516,6712,7129,6521,6891,6693,6887],"jetpack_publicize_connections":[],"yoast_head":"<!-- This site is optimized with the Yoast SEO plugin v19.1 - https:\/\/yoast.com\/wordpress\/plugins\/seo\/ -->\n<title>Adelajda - S\u00e2\u20ac\u2122e prisja t\u00c3\u00ab mos nominohesha | Big Brother Albania 2<\/title>\n<meta name=\"description\" content=\"Big Brother Albania 2 - \u00e2\u20ac\u0153S\u00e2\u20ac\u2122e prisja t\u00c3\u00ab mos nominohesha!\u00e2\u20ac\u009d- ka th\u00c3\u00abn\u00c3\u00ab Dritani Adelajdes. Ajo i ka th\u00c3\u00abn\u00c3\u00ab se e dinte dhe ia kishte th\u00c3\u00abn\u00c3\u00ab.\" \/>\n<meta name=\"robots\" content=\"index, follow, max-snippet:-1, max-image-preview:large, max-video-preview:-1\" \/>\n<link rel=\"canonical\" href=\"https:\/\/www.visit-ulcinj.com\/blog\/2009\/03\/22\/adelajda-s\u2019e-prisja-te-mos-nominohesha\/\" \/>\n<meta property=\"og:locale\" content=\"en_US\" \/>\n<meta property=\"og:type\" content=\"article\" \/>\n<meta property=\"og:title\" content=\"Adelajda - S\u00e2\u20ac\u2122e prisja t\u00c3\u00ab mos nominohesha | Big Brother Albania 2\" \/>\n<meta property=\"og:description\" content=\"Big Brother Albania 2 - \u00e2\u20ac\u0153S\u00e2\u20ac\u2122e prisja t\u00c3\u00ab mos nominohesha!\u00e2\u20ac\u009d- ka th\u00c3\u00abn\u00c3\u00ab Dritani Adelajdes. Ajo i ka th\u00c3\u00abn\u00c3\u00ab se e dinte dhe ia kishte th\u00c3\u00abn\u00c3\u00ab.\" \/>\n<meta property=\"og:url\" content=\"https:\/\/www.visit-ulcinj.com\/blog\/2009\/03\/22\/adelajda-s\u2019e-prisja-te-mos-nominohesha\/\" \/>\n<meta property=\"og:site_name\" content=\"Lajme nga Ulqini\" \/>\n<meta property=\"article:published_time\" content=\"2009-03-22T16:04:10+00:00\" \/>\n<meta property=\"og:image\" content=\"http:\/\/www.visit-ulcinj.com\/blog\/wp-content\/uploads\/2009\/03\/taniadelajda-copy.jpg\" \/>\n<meta name=\"twitter:label1\" content=\"Written by\" \/>\n\t<meta name=\"twitter:data1\" content=\"ulqini\" \/>\n\t<meta name=\"twitter:label2\" content=\"Est. reading time\" \/>\n\t<meta name=\"twitter:data2\" content=\"1 minute\" \/>\n<script type=\"application\/ld+json\" class=\"yoast-schema-graph\">{\"@context\":\"https:\/\/schema.org\",\"@graph\":[{\"@type\":\"WebSite\",\"@id\":\"https:\/\/www.visit-ulcinj.com\/blog\/#website\",\"url\":\"https:\/\/www.visit-ulcinj.com\/blog\/\",\"name\":\"Lajme nga Ulqini\",\"description\":\"Lajme,Vijesti,Ulqini,Ulqin,Crna Gora,Mali i Zi\",\"potentialAction\":[{\"@type\":\"SearchAction\",\"target\":{\"@type\":\"EntryPoint\",\"urlTemplate\":\"https:\/\/www.visit-ulcinj.com\/blog\/?s={search_term_string}\"},\"query-input\":\"required name=search_term_string\"}],\"inLanguage\":\"en-US\"},{\"@type\":\"ImageObject\",\"inLanguage\":\"en-US\",\"@id\":\"https:\/\/www.visit-ulcinj.com\/blog\/2009\/03\/22\/adelajda-s%e2%80%99e-prisja-te-mos-nominohesha\/#primaryimage\",\"url\":\"http:\/\/www.visit-ulcinj.com\/blog\/wp-content\/uploads\/2009\/03\/taniadelajda-copy.jpg\",\"contentUrl\":\"http:\/\/www.visit-ulcinj.com\/blog\/wp-content\/uploads\/2009\/03\/taniadelajda-copy.jpg\"},{\"@type\":\"WebPage\",\"@id\":\"https:\/\/www.visit-ulcinj.com\/blog\/2009\/03\/22\/adelajda-s%e2%80%99e-prisja-te-mos-nominohesha\/#webpage\",\"url\":\"https:\/\/www.visit-ulcinj.com\/blog\/2009\/03\/22\/adelajda-s%e2%80%99e-prisja-te-mos-nominohesha\/\",\"name\":\"Adelajda - S\u00e2\u20ac\u2122e prisja t\u00c3\u00ab mos nominohesha | Big Brother Albania 2\",\"isPartOf\":{\"@id\":\"https:\/\/www.visit-ulcinj.com\/blog\/#website\"},\"primaryImageOfPage\":{\"@id\":\"https:\/\/www.visit-ulcinj.com\/blog\/2009\/03\/22\/adelajda-s%e2%80%99e-prisja-te-mos-nominohesha\/#primaryimage\"},\"datePublished\":\"2009-03-22T16:04:10+00:00\",\"dateModified\":\"2009-03-22T16:04:10+00:00\",\"author\":{\"@id\":\"https:\/\/www.visit-ulcinj.com\/blog\/#\/schema\/person\/dcab619c614d3038751c63bc2aadc06d\"},\"description\":\"Big Brother Albania 2 - \u00e2\u20ac\u0153S\u00e2\u20ac\u2122e prisja t\u00c3\u00ab mos nominohesha!\u00e2\u20ac\u009d- ka th\u00c3\u00abn\u00c3\u00ab Dritani Adelajdes. Ajo i ka th\u00c3\u00abn\u00c3\u00ab se e dinte dhe ia kishte th\u00c3\u00abn\u00c3\u00ab.\",\"breadcrumb\":{\"@id\":\"https:\/\/www.visit-ulcinj.com\/blog\/2009\/03\/22\/adelajda-s%e2%80%99e-prisja-te-mos-nominohesha\/#breadcrumb\"},\"inLanguage\":\"en-US\",\"potentialAction\":[{\"@type\":\"ReadAction\",\"target\":[\"https:\/\/www.visit-ulcinj.com\/blog\/2009\/03\/22\/adelajda-s%e2%80%99e-prisja-te-mos-nominohesha\/\"]}]},{\"@type\":\"BreadcrumbList\",\"@id\":\"https:\/\/www.visit-ulcinj.com\/blog\/2009\/03\/22\/adelajda-s%e2%80%99e-prisja-te-mos-nominohesha\/#breadcrumb\",\"itemListElement\":[{\"@type\":\"ListItem\",\"position\":1,\"name\":\"Adelajda &#8211; S\u2019e prisja t\u00eb mos nominohesha\"}]},{\"@type\":\"Person\",\"@id\":\"https:\/\/www.visit-ulcinj.com\/blog\/#\/schema\/person\/dcab619c614d3038751c63bc2aadc06d\",\"name\":\"ulqini\",\"sameAs\":[\"http:\/\/www.visit-ulcinj.com\"],\"url\":\"https:\/\/www.visit-ulcinj.com\/blog\/author\/admin\/\"}]}<\/script>\n<!-- \/ Yoast SEO plugin. -->","yoast_head_json":{"title":"Adelajda - S\u00e2\u20ac\u2122e prisja t\u00c3\u00ab mos nominohesha | Big Brother Albania 2","description":"Big Brother Albania 2 - \u00e2\u20ac\u0153S\u00e2\u20ac\u2122e prisja t\u00c3\u00ab mos nominohesha!\u00e2\u20ac\u009d- ka th\u00c3\u00abn\u00c3\u00ab Dritani Adelajdes. Ajo i ka th\u00c3\u00abn\u00c3\u00ab se e dinte dhe ia kishte th\u00c3\u00abn\u00c3\u00ab.","robots":{"index":"index","follow":"follow","max-snippet":"max-snippet:-1","max-image-preview":"max-image-preview:large","max-video-preview":"max-video-preview:-1"},"canonical":"https:\/\/www.visit-ulcinj.com\/blog\/2009\/03\/22\/adelajda-s\u2019e-prisja-te-mos-nominohesha\/","og_locale":"en_US","og_type":"article","og_title":"Adelajda - S\u00e2\u20ac\u2122e prisja t\u00c3\u00ab mos nominohesha | Big Brother Albania 2","og_description":"Big Brother Albania 2 - \u00e2\u20ac\u0153S\u00e2\u20ac\u2122e prisja t\u00c3\u00ab mos nominohesha!\u00e2\u20ac\u009d- ka th\u00c3\u00abn\u00c3\u00ab Dritani Adelajdes. Ajo i ka th\u00c3\u00abn\u00c3\u00ab se e dinte dhe ia kishte th\u00c3\u00abn\u00c3\u00ab.","og_url":"https:\/\/www.visit-ulcinj.com\/blog\/2009\/03\/22\/adelajda-s\u2019e-prisja-te-mos-nominohesha\/","og_site_name":"Lajme nga Ulqini","article_published_time":"2009-03-22T16:04:10+00:00","og_image":[{"url":"http:\/\/www.visit-ulcinj.com\/blog\/wp-content\/uploads\/2009\/03\/taniadelajda-copy.jpg"}],"twitter_misc":{"Written by":"ulqini","Est. reading time":"1 minute"},"schema":{"@context":"https:\/\/schema.org","@graph":[{"@type":"WebSite","@id":"https:\/\/www.visit-ulcinj.com\/blog\/#website","url":"https:\/\/www.visit-ulcinj.com\/blog\/","name":"Lajme nga Ulqini","description":"Lajme,Vijesti,Ulqini,Ulqin,Crna Gora,Mali i Zi","potentialAction":[{"@type":"SearchAction","target":{"@type":"EntryPoint","urlTemplate":"https:\/\/www.visit-ulcinj.com\/blog\/?s={search_term_string}"},"query-input":"required name=search_term_string"}],"inLanguage":"en-US"},{"@type":"ImageObject","inLanguage":"en-US","@id":"https:\/\/www.visit-ulcinj.com\/blog\/2009\/03\/22\/adelajda-s%e2%80%99e-prisja-te-mos-nominohesha\/#primaryimage","url":"http:\/\/www.visit-ulcinj.com\/blog\/wp-content\/uploads\/2009\/03\/taniadelajda-copy.jpg","contentUrl":"http:\/\/www.visit-ulcinj.com\/blog\/wp-content\/uploads\/2009\/03\/taniadelajda-copy.jpg"},{"@type":"WebPage","@id":"https:\/\/www.visit-ulcinj.com\/blog\/2009\/03\/22\/adelajda-s%e2%80%99e-prisja-te-mos-nominohesha\/#webpage","url":"https:\/\/www.visit-ulcinj.com\/blog\/2009\/03\/22\/adelajda-s%e2%80%99e-prisja-te-mos-nominohesha\/","name":"Adelajda - S\u00e2\u20ac\u2122e prisja t\u00c3\u00ab mos nominohesha | Big Brother Albania 2","isPartOf":{"@id":"https:\/\/www.visit-ulcinj.com\/blog\/#website"},"primaryImageOfPage":{"@id":"https:\/\/www.visit-ulcinj.com\/blog\/2009\/03\/22\/adelajda-s%e2%80%99e-prisja-te-mos-nominohesha\/#primaryimage"},"datePublished":"2009-03-22T16:04:10+00:00","dateModified":"2009-03-22T16:04:10+00:00","author":{"@id":"https:\/\/www.visit-ulcinj.com\/blog\/#\/schema\/person\/dcab619c614d3038751c63bc2aadc06d"},"description":"Big Brother Albania 2 - \u00e2\u20ac\u0153S\u00e2\u20ac\u2122e prisja t\u00c3\u00ab mos nominohesha!\u00e2\u20ac\u009d- ka th\u00c3\u00abn\u00c3\u00ab Dritani Adelajdes. Ajo i ka th\u00c3\u00abn\u00c3\u00ab se e dinte dhe ia kishte th\u00c3\u00abn\u00c3\u00ab.","breadcrumb":{"@id":"https:\/\/www.visit-ulcinj.com\/blog\/2009\/03\/22\/adelajda-s%e2%80%99e-prisja-te-mos-nominohesha\/#breadcrumb"},"inLanguage":"en-US","potentialAction":[{"@type":"ReadAction","target":["https:\/\/www.visit-ulcinj.com\/blog\/2009\/03\/22\/adelajda-s%e2%80%99e-prisja-te-mos-nominohesha\/"]}]},{"@type":"BreadcrumbList","@id":"https:\/\/www.visit-ulcinj.com\/blog\/2009\/03\/22\/adelajda-s%e2%80%99e-prisja-te-mos-nominohesha\/#breadcrumb","itemListElement":[{"@type":"ListItem","position":1,"name":"Adelajda &#8211; S\u2019e prisja t\u00eb mos nominohesha"}]},{"@type":"Person","@id":"https:\/\/www.visit-ulcinj.com\/blog\/#\/schema\/person\/dcab619c614d3038751c63bc2aadc06d","name":"ulqini","sameAs":["http:\/\/www.visit-ulcinj.com"],"url":"https:\/\/www.visit-ulcinj.com\/blog\/author\/admin\/"}]}},"jetpack_featured_media_url":"","jetpack_sharing_enabled":true,"jetpack_shortlink":"https:\/\/wp.me\/pe6lTn-3XL","_links":{"self":[{"href":"https:\/\/www.visit-ulcinj.com\/blog\/wp-json\/wp\/v2\/posts\/15237"}],"collection":[{"href":"https:\/\/www.visit-ulcinj.com\/blog\/wp-json\/wp\/v2\/posts"}],"about":[{"href":"https:\/\/www.visit-ulcinj.com\/blog\/wp-json\/wp\/v2\/types\/post"}],"author":[{"embeddable":true,"href":"https:\/\/www.visit-ulcinj.com\/blog\/wp-json\/wp\/v2\/users\/1"}],"replies":[{"embeddable":true,"href":"https:\/\/www.visit-ulcinj.com\/blog\/wp-json\/wp\/v2\/comments?post=15237"}],"version-history":[{"count":0,"href":"https:\/\/www.visit-ulcinj.com\/blog\/wp-json\/wp\/v2\/posts\/15237\/revisions"}],"wp:attachment":[{"href":"https:\/\/www.visit-ulcinj.com\/blog\/wp-json\/wp\/v2\/media?parent=15237"}],"wp:term":[{"taxonomy":"category","embeddable":true,"href":"https:\/\/www.visit-ulcinj.com\/blog\/wp-json\/wp\/v2\/categories?post=15237"},{"taxonomy":"post_tag","embeddable":true,"href":"https:\/\/www.visit-ulcinj.com\/blog\/wp-json\/wp\/v2\/tags?post=15237"}],"curies":[{"name":"wp","href":"https:\/\/api.w.org\/{rel}","templated":true}]}}