{"id":15244,"date":"2009-03-22T17:16:51","date_gmt":"2009-03-22T16:16:51","guid":{"rendered":"http:\/\/www.visit-ulcinj.com\/blog\/?p=15244"},"modified":"2009-03-22T17:16:51","modified_gmt":"2009-03-22T16:16:51","slug":"bjordi-per-anjezen-keto-te-mirat-na-kane-dale-murgesha","status":"publish","type":"post","link":"https:\/\/www.visit-ulcinj.com\/blog\/2009\/03\/22\/bjordi-per-anjezen-keto-te-mirat-na-kane-dale-murgesha\/","title":{"rendered":"Bjordi per Anjez\u00ebn : K\u00ebto t\u00eb mirat na kan\u00eb dal\u00eb murgesha!"},"content":{"rendered":"<p><em><span class=\"newsdate\"><a href=\"http:\/\/www.visit-ulcinj.com\/blog\/wp-content\/uploads\/2009\/03\/arjonibjordi-per-anjezen-copy.jpg\"><img loading=\"lazy\" class=\"alignleft size-full wp-image-15245\" title=\"arjonibjordi-per-anjezen-big-brother-albania-2\" src=\"http:\/\/www.visit-ulcinj.com\/blog\/wp-content\/uploads\/2009\/03\/arjonibjordi-per-anjezen-copy.jpg\" alt=\"arjonibjordi-per-anjezen-big-brother-albania-2\" width=\"300\" height=\"205\" \/><\/a>22\/03\/09 01:10<\/span><\/em><\/p>\n<p>Anjeza, me paraqitjen e saj, duket q\u00eb ka t\u00ebrhequr v\u00ebmendjen e djemve t\u00eb sht\u00ebpis\u00eb. Duke diskutuar p\u00ebr t\u00eb, Arjoni dhe Bjordi kan\u00eb th\u00ebn\u00eb se ishte v\u00ebrtet e mir\u00eb. \u201cPor k\u00ebto t\u00eb mirat na kan\u00eb dal\u00eb murgesha!\u201d \u2013 ka th\u00ebn\u00eb Arjoni. Bjordi ka vazhduar duke th\u00ebn\u00eb se edhe Mesid\u00ebn me t\u00eb cil\u00ebn ai arriti t\u00eb krijonte af\u00ebrsi, ia mori Aida. T\u00eb dy djemt\u00eb kan\u00eb diskutuar n\u00eb lidhje me femrat, raportet q\u00eb kishin jasht\u00eb me to dhe nevoj\u00ebn q\u00eb ndjenin p\u00ebr af\u00ebrsin\u00eb e tyre brenda sht\u00ebpis\u00eb, kjo e par\u00eb jo n\u00eb aspektin seksual, por n\u00eb k\u00ebnaq\u00ebsin\u00eb dhe n\u00eb t\u00eb ndjerin mir\u00eb q\u00eb u dhuronte q\u00ebndrimi af\u00ebr me to.<\/p>\n","protected":false},"excerpt":{"rendered":"<p>22\/03\/09 01:10 Anjeza, me paraqitjen e saj, duket q\u00eb ka t\u00ebrhequr v\u00ebmendjen e djemve t\u00eb sht\u00ebpis\u00eb. Duke diskutuar p\u00ebr t\u00eb, Arjoni dhe Bjordi kan\u00eb th\u00ebn\u00eb se ishte v\u00ebrtet e mir\u00eb. \u201cPor k\u00ebto t\u00eb mirat na kan\u00eb dal\u00eb murgesha!\u201d \u2013 ka th\u00ebn\u00eb Arjoni. Bjordi ka vazhduar duke th\u00ebn\u00eb se edhe Mesid\u00ebn me t\u00eb cil\u00ebn ai arriti [&hellip;]<\/p>\n","protected":false},"author":1,"featured_media":0,"comment_status":"open","ping_status":"closed","sticky":false,"template":"","format":"standard","meta":{"spay_email":"","jetpack_publicize_message":"","jetpack_is_tweetstorm":false,"jetpack_publicize_feature_enabled":true},"categories":[6502],"tags":[8289,6525,6883,6516,6712,6522,6891],"jetpack_publicize_connections":[],"yoast_head":"<!-- This site is optimized with the Yoast SEO plugin v19.1 - https:\/\/yoast.com\/wordpress\/plugins\/seo\/ -->\n<title>Bjordi : K\u00c3\u00abto t\u00c3\u00ab mirat na kan\u00c3\u00ab dal\u00c3\u00ab murgesha! | Big Brother Albania 2<\/title>\n<meta name=\"description\" content=\"Big Brother Albania 2 - Anjeza, me paraqitjen e saj, duket q\u00c3\u00ab ka t\u00c3\u00abrhequr v\u00c3\u00abmendjen e djemve t\u00c3\u00ab sht\u00c3\u00abpis\u00c3\u00ab. Duke diskutuar p\u00c3\u00abr t\u00c3\u00ab, Arjoni dhe Bjordi kan\u00c3\u00ab th\u00c3\u00abn\u00c3\u00ab se ishte v\u00c3\u00abrtet e mir\u00c3\u00ab.\" \/>\n<meta name=\"robots\" content=\"index, follow, max-snippet:-1, max-image-preview:large, max-video-preview:-1\" \/>\n<link rel=\"canonical\" href=\"https:\/\/www.visit-ulcinj.com\/blog\/2009\/03\/22\/bjordi-per-anjezen-keto-te-mirat-na-kane-dale-murgesha\/\" \/>\n<meta property=\"og:locale\" content=\"en_US\" \/>\n<meta property=\"og:type\" content=\"article\" \/>\n<meta property=\"og:title\" content=\"Bjordi : K\u00c3\u00abto t\u00c3\u00ab mirat na kan\u00c3\u00ab dal\u00c3\u00ab murgesha! | Big Brother Albania 2\" \/>\n<meta property=\"og:description\" content=\"Big Brother Albania 2 - Anjeza, me paraqitjen e saj, duket q\u00c3\u00ab ka t\u00c3\u00abrhequr v\u00c3\u00abmendjen e djemve t\u00c3\u00ab sht\u00c3\u00abpis\u00c3\u00ab. Duke diskutuar p\u00c3\u00abr t\u00c3\u00ab, Arjoni dhe Bjordi kan\u00c3\u00ab th\u00c3\u00abn\u00c3\u00ab se ishte v\u00c3\u00abrtet e mir\u00c3\u00ab.\" \/>\n<meta property=\"og:url\" content=\"https:\/\/www.visit-ulcinj.com\/blog\/2009\/03\/22\/bjordi-per-anjezen-keto-te-mirat-na-kane-dale-murgesha\/\" \/>\n<meta property=\"og:site_name\" content=\"Lajme nga Ulqini\" \/>\n<meta property=\"article:published_time\" content=\"2009-03-22T16:16:51+00:00\" \/>\n<meta property=\"og:image\" content=\"http:\/\/www.visit-ulcinj.com\/blog\/wp-content\/uploads\/2009\/03\/arjonibjordi-per-anjezen-copy.jpg\" \/>\n<meta name=\"twitter:label1\" content=\"Written by\" \/>\n\t<meta name=\"twitter:data1\" content=\"ulqini\" \/>\n\t<meta name=\"twitter:label2\" content=\"Est. reading time\" \/>\n\t<meta name=\"twitter:data2\" content=\"1 minute\" \/>\n<script type=\"application\/ld+json\" class=\"yoast-schema-graph\">{\"@context\":\"https:\/\/schema.org\",\"@graph\":[{\"@type\":\"WebSite\",\"@id\":\"https:\/\/www.visit-ulcinj.com\/blog\/#website\",\"url\":\"https:\/\/www.visit-ulcinj.com\/blog\/\",\"name\":\"Lajme nga Ulqini\",\"description\":\"Lajme,Vijesti,Ulqini,Ulqin,Crna Gora,Mali i Zi\",\"potentialAction\":[{\"@type\":\"SearchAction\",\"target\":{\"@type\":\"EntryPoint\",\"urlTemplate\":\"https:\/\/www.visit-ulcinj.com\/blog\/?s={search_term_string}\"},\"query-input\":\"required name=search_term_string\"}],\"inLanguage\":\"en-US\"},{\"@type\":\"ImageObject\",\"inLanguage\":\"en-US\",\"@id\":\"https:\/\/www.visit-ulcinj.com\/blog\/2009\/03\/22\/bjordi-per-anjezen-keto-te-mirat-na-kane-dale-murgesha\/#primaryimage\",\"url\":\"http:\/\/www.visit-ulcinj.com\/blog\/wp-content\/uploads\/2009\/03\/arjonibjordi-per-anjezen-copy.jpg\",\"contentUrl\":\"http:\/\/www.visit-ulcinj.com\/blog\/wp-content\/uploads\/2009\/03\/arjonibjordi-per-anjezen-copy.jpg\"},{\"@type\":\"WebPage\",\"@id\":\"https:\/\/www.visit-ulcinj.com\/blog\/2009\/03\/22\/bjordi-per-anjezen-keto-te-mirat-na-kane-dale-murgesha\/#webpage\",\"url\":\"https:\/\/www.visit-ulcinj.com\/blog\/2009\/03\/22\/bjordi-per-anjezen-keto-te-mirat-na-kane-dale-murgesha\/\",\"name\":\"Bjordi : K\u00c3\u00abto t\u00c3\u00ab mirat na kan\u00c3\u00ab dal\u00c3\u00ab murgesha! | Big Brother Albania 2\",\"isPartOf\":{\"@id\":\"https:\/\/www.visit-ulcinj.com\/blog\/#website\"},\"primaryImageOfPage\":{\"@id\":\"https:\/\/www.visit-ulcinj.com\/blog\/2009\/03\/22\/bjordi-per-anjezen-keto-te-mirat-na-kane-dale-murgesha\/#primaryimage\"},\"datePublished\":\"2009-03-22T16:16:51+00:00\",\"dateModified\":\"2009-03-22T16:16:51+00:00\",\"author\":{\"@id\":\"https:\/\/www.visit-ulcinj.com\/blog\/#\/schema\/person\/dcab619c614d3038751c63bc2aadc06d\"},\"description\":\"Big Brother Albania 2 - Anjeza, me paraqitjen e saj, duket q\u00c3\u00ab ka t\u00c3\u00abrhequr v\u00c3\u00abmendjen e djemve t\u00c3\u00ab sht\u00c3\u00abpis\u00c3\u00ab. Duke diskutuar p\u00c3\u00abr t\u00c3\u00ab, Arjoni dhe Bjordi kan\u00c3\u00ab th\u00c3\u00abn\u00c3\u00ab se ishte v\u00c3\u00abrtet e mir\u00c3\u00ab.\",\"breadcrumb\":{\"@id\":\"https:\/\/www.visit-ulcinj.com\/blog\/2009\/03\/22\/bjordi-per-anjezen-keto-te-mirat-na-kane-dale-murgesha\/#breadcrumb\"},\"inLanguage\":\"en-US\",\"potentialAction\":[{\"@type\":\"ReadAction\",\"target\":[\"https:\/\/www.visit-ulcinj.com\/blog\/2009\/03\/22\/bjordi-per-anjezen-keto-te-mirat-na-kane-dale-murgesha\/\"]}]},{\"@type\":\"BreadcrumbList\",\"@id\":\"https:\/\/www.visit-ulcinj.com\/blog\/2009\/03\/22\/bjordi-per-anjezen-keto-te-mirat-na-kane-dale-murgesha\/#breadcrumb\",\"itemListElement\":[{\"@type\":\"ListItem\",\"position\":1,\"name\":\"Bjordi per Anjez\u00ebn : K\u00ebto t\u00eb mirat na kan\u00eb dal\u00eb murgesha!\"}]},{\"@type\":\"Person\",\"@id\":\"https:\/\/www.visit-ulcinj.com\/blog\/#\/schema\/person\/dcab619c614d3038751c63bc2aadc06d\",\"name\":\"ulqini\",\"sameAs\":[\"http:\/\/www.visit-ulcinj.com\"],\"url\":\"https:\/\/www.visit-ulcinj.com\/blog\/author\/admin\/\"}]}<\/script>\n<!-- \/ Yoast SEO plugin. -->","yoast_head_json":{"title":"Bjordi : K\u00c3\u00abto t\u00c3\u00ab mirat na kan\u00c3\u00ab dal\u00c3\u00ab murgesha! | Big Brother Albania 2","description":"Big Brother Albania 2 - Anjeza, me paraqitjen e saj, duket q\u00c3\u00ab ka t\u00c3\u00abrhequr v\u00c3\u00abmendjen e djemve t\u00c3\u00ab sht\u00c3\u00abpis\u00c3\u00ab. Duke diskutuar p\u00c3\u00abr t\u00c3\u00ab, Arjoni dhe Bjordi kan\u00c3\u00ab th\u00c3\u00abn\u00c3\u00ab se ishte v\u00c3\u00abrtet e mir\u00c3\u00ab.","robots":{"index":"index","follow":"follow","max-snippet":"max-snippet:-1","max-image-preview":"max-image-preview:large","max-video-preview":"max-video-preview:-1"},"canonical":"https:\/\/www.visit-ulcinj.com\/blog\/2009\/03\/22\/bjordi-per-anjezen-keto-te-mirat-na-kane-dale-murgesha\/","og_locale":"en_US","og_type":"article","og_title":"Bjordi : K\u00c3\u00abto t\u00c3\u00ab mirat na kan\u00c3\u00ab dal\u00c3\u00ab murgesha! | Big Brother Albania 2","og_description":"Big Brother Albania 2 - Anjeza, me paraqitjen e saj, duket q\u00c3\u00ab ka t\u00c3\u00abrhequr v\u00c3\u00abmendjen e djemve t\u00c3\u00ab sht\u00c3\u00abpis\u00c3\u00ab. Duke diskutuar p\u00c3\u00abr t\u00c3\u00ab, Arjoni dhe Bjordi kan\u00c3\u00ab th\u00c3\u00abn\u00c3\u00ab se ishte v\u00c3\u00abrtet e mir\u00c3\u00ab.","og_url":"https:\/\/www.visit-ulcinj.com\/blog\/2009\/03\/22\/bjordi-per-anjezen-keto-te-mirat-na-kane-dale-murgesha\/","og_site_name":"Lajme nga Ulqini","article_published_time":"2009-03-22T16:16:51+00:00","og_image":[{"url":"http:\/\/www.visit-ulcinj.com\/blog\/wp-content\/uploads\/2009\/03\/arjonibjordi-per-anjezen-copy.jpg"}],"twitter_misc":{"Written by":"ulqini","Est. reading time":"1 minute"},"schema":{"@context":"https:\/\/schema.org","@graph":[{"@type":"WebSite","@id":"https:\/\/www.visit-ulcinj.com\/blog\/#website","url":"https:\/\/www.visit-ulcinj.com\/blog\/","name":"Lajme nga Ulqini","description":"Lajme,Vijesti,Ulqini,Ulqin,Crna Gora,Mali i Zi","potentialAction":[{"@type":"SearchAction","target":{"@type":"EntryPoint","urlTemplate":"https:\/\/www.visit-ulcinj.com\/blog\/?s={search_term_string}"},"query-input":"required name=search_term_string"}],"inLanguage":"en-US"},{"@type":"ImageObject","inLanguage":"en-US","@id":"https:\/\/www.visit-ulcinj.com\/blog\/2009\/03\/22\/bjordi-per-anjezen-keto-te-mirat-na-kane-dale-murgesha\/#primaryimage","url":"http:\/\/www.visit-ulcinj.com\/blog\/wp-content\/uploads\/2009\/03\/arjonibjordi-per-anjezen-copy.jpg","contentUrl":"http:\/\/www.visit-ulcinj.com\/blog\/wp-content\/uploads\/2009\/03\/arjonibjordi-per-anjezen-copy.jpg"},{"@type":"WebPage","@id":"https:\/\/www.visit-ulcinj.com\/blog\/2009\/03\/22\/bjordi-per-anjezen-keto-te-mirat-na-kane-dale-murgesha\/#webpage","url":"https:\/\/www.visit-ulcinj.com\/blog\/2009\/03\/22\/bjordi-per-anjezen-keto-te-mirat-na-kane-dale-murgesha\/","name":"Bjordi : K\u00c3\u00abto t\u00c3\u00ab mirat na kan\u00c3\u00ab dal\u00c3\u00ab murgesha! | Big Brother Albania 2","isPartOf":{"@id":"https:\/\/www.visit-ulcinj.com\/blog\/#website"},"primaryImageOfPage":{"@id":"https:\/\/www.visit-ulcinj.com\/blog\/2009\/03\/22\/bjordi-per-anjezen-keto-te-mirat-na-kane-dale-murgesha\/#primaryimage"},"datePublished":"2009-03-22T16:16:51+00:00","dateModified":"2009-03-22T16:16:51+00:00","author":{"@id":"https:\/\/www.visit-ulcinj.com\/blog\/#\/schema\/person\/dcab619c614d3038751c63bc2aadc06d"},"description":"Big Brother Albania 2 - Anjeza, me paraqitjen e saj, duket q\u00c3\u00ab ka t\u00c3\u00abrhequr v\u00c3\u00abmendjen e djemve t\u00c3\u00ab sht\u00c3\u00abpis\u00c3\u00ab. Duke diskutuar p\u00c3\u00abr t\u00c3\u00ab, Arjoni dhe Bjordi kan\u00c3\u00ab th\u00c3\u00abn\u00c3\u00ab se ishte v\u00c3\u00abrtet e mir\u00c3\u00ab.","breadcrumb":{"@id":"https:\/\/www.visit-ulcinj.com\/blog\/2009\/03\/22\/bjordi-per-anjezen-keto-te-mirat-na-kane-dale-murgesha\/#breadcrumb"},"inLanguage":"en-US","potentialAction":[{"@type":"ReadAction","target":["https:\/\/www.visit-ulcinj.com\/blog\/2009\/03\/22\/bjordi-per-anjezen-keto-te-mirat-na-kane-dale-murgesha\/"]}]},{"@type":"BreadcrumbList","@id":"https:\/\/www.visit-ulcinj.com\/blog\/2009\/03\/22\/bjordi-per-anjezen-keto-te-mirat-na-kane-dale-murgesha\/#breadcrumb","itemListElement":[{"@type":"ListItem","position":1,"name":"Bjordi per Anjez\u00ebn : K\u00ebto t\u00eb mirat na kan\u00eb dal\u00eb murgesha!"}]},{"@type":"Person","@id":"https:\/\/www.visit-ulcinj.com\/blog\/#\/schema\/person\/dcab619c614d3038751c63bc2aadc06d","name":"ulqini","sameAs":["http:\/\/www.visit-ulcinj.com"],"url":"https:\/\/www.visit-ulcinj.com\/blog\/author\/admin\/"}]}},"jetpack_featured_media_url":"","jetpack_sharing_enabled":true,"jetpack_shortlink":"https:\/\/wp.me\/pe6lTn-3XS","_links":{"self":[{"href":"https:\/\/www.visit-ulcinj.com\/blog\/wp-json\/wp\/v2\/posts\/15244"}],"collection":[{"href":"https:\/\/www.visit-ulcinj.com\/blog\/wp-json\/wp\/v2\/posts"}],"about":[{"href":"https:\/\/www.visit-ulcinj.com\/blog\/wp-json\/wp\/v2\/types\/post"}],"author":[{"embeddable":true,"href":"https:\/\/www.visit-ulcinj.com\/blog\/wp-json\/wp\/v2\/users\/1"}],"replies":[{"embeddable":true,"href":"https:\/\/www.visit-ulcinj.com\/blog\/wp-json\/wp\/v2\/comments?post=15244"}],"version-history":[{"count":0,"href":"https:\/\/www.visit-ulcinj.com\/blog\/wp-json\/wp\/v2\/posts\/15244\/revisions"}],"wp:attachment":[{"href":"https:\/\/www.visit-ulcinj.com\/blog\/wp-json\/wp\/v2\/media?parent=15244"}],"wp:term":[{"taxonomy":"category","embeddable":true,"href":"https:\/\/www.visit-ulcinj.com\/blog\/wp-json\/wp\/v2\/categories?post=15244"},{"taxonomy":"post_tag","embeddable":true,"href":"https:\/\/www.visit-ulcinj.com\/blog\/wp-json\/wp\/v2\/tags?post=15244"}],"curies":[{"name":"wp","href":"https:\/\/api.w.org\/{rel}","templated":true}]}}