{"id":15248,"date":"2009-03-22T17:22:18","date_gmt":"2009-03-22T16:22:18","guid":{"rendered":"http:\/\/www.visit-ulcinj.com\/blog\/?p=15248"},"modified":"2009-03-22T17:22:18","modified_gmt":"2009-03-22T16:22:18","slug":"ani-tregon-per-veten","status":"publish","type":"post","link":"https:\/\/www.visit-ulcinj.com\/blog\/2009\/03\/22\/ani-tregon-per-veten\/","title":{"rendered":"Ani tregon p\u00ebr veten"},"content":{"rendered":"<p><em><span class=\"newsdate\"><a href=\"http:\/\/www.visit-ulcinj.com\/blog\/wp-content\/uploads\/2009\/03\/ani-tregon-per-veten-copy.jpg\"><img loading=\"lazy\" class=\"alignleft size-full wp-image-15249\" title=\"ani-tregon-per-veten-big-brother-albania-2\" src=\"http:\/\/www.visit-ulcinj.com\/blog\/wp-content\/uploads\/2009\/03\/ani-tregon-per-veten-copy.jpg\" alt=\"ani-tregon-per-veten-big-brother-albania-2\" width=\"300\" height=\"205\" \/><\/a>22\/03\/09 01:30<\/span><\/em><\/p>\n<p>\u201cNa trego ndonj\u00eb gj\u00eb p\u00ebr veten\u201d- i ka th\u00ebn\u00eb Aida Anit. Ani ka treguar se deri para 3 muajsh kishte qen\u00eb i lidhur, por e kishte kuptuar q\u00eb gjithcka kishte p\u00ebrfunduar kur \u201cajo\u201d nuk i kishte telefonuar p\u00ebr t\u2019i uruar dit\u00eblindjen. M\u00eb pas ai ka th\u00ebn\u00eb se kishte qen\u00eb shum\u00eb i lidhur me prind\u00ebrit dhe fillimisht kishte qen\u00eb shum\u00eb e v\u00ebshtir\u00eb p\u00ebr t\u00eb q\u00ebndronte larg tyre dhe sht\u00ebpis\u00eb, por, m\u00eb pas, kur kishte filluar shkoll\u00ebn, ishte m\u00ebsuar. Gjithsesi, ai ende nuk mund t\u00eb q\u00ebndronte asnj\u00eb dit\u00eb t\u00eb vetme pa folur n\u00eb telefon me ta. Ai ka th\u00ebn\u00eb se po aq i lidhur ishte edhe me t\u00eb v\u00ebllan\u00eb, i cli i kishte v\u00ebn\u00eb edhe emrin. Ai ka treguar se n\u00eb familjen e tij ishin gjasht\u00eb f\u00ebmij\u00eb, dy v\u00ebllez\u00ebr dhe kat\u00ebr motra. Ai ka shtuar se dikur e vuante shum\u00eb t\u00eb qenurit ndryshe, por tani nuk e kishte m\u00eb problem. \u201cUn\u00eb e kam jet\u00ebn p\u00ebrpara!\u201d \u2013 ka th\u00ebn\u00eb ai. Ani ka treguar se kur kishte mbaruar tet\u00ebvje\u00e7aren, e kishte l\u00ebn\u00eb shkoll\u00ebn, sepse nuk donte ta vazhdonte m\u00eb tej, por kishin qen\u00eb prind\u00ebrit q\u00eb e kishin futur me zor n\u00eb t\u00eb mesme. Por ajo q\u00eb nuk e kishte pritur asnj\u00ebher\u00eb ishte t\u00eb fillonte pun\u00eb. Ai ka treguar se e njihnin dhe e th\u00ebrrisnin Dj \u00c7erri, por edhe Dj Ani.<\/p>\n","protected":false},"excerpt":{"rendered":"<p>22\/03\/09 01:30 \u201cNa trego ndonj\u00eb gj\u00eb p\u00ebr veten\u201d- i ka th\u00ebn\u00eb Aida Anit. Ani ka treguar se deri para 3 muajsh kishte qen\u00eb i lidhur, por e kishte kuptuar q\u00eb gjithcka kishte p\u00ebrfunduar kur \u201cajo\u201d nuk i kishte telefonuar p\u00ebr t\u2019i uruar dit\u00eblindjen. M\u00eb pas ai ka th\u00ebn\u00eb se kishte qen\u00eb shum\u00eb i lidhur me [&hellip;]<\/p>\n","protected":false},"author":1,"featured_media":0,"comment_status":"open","ping_status":"closed","sticky":false,"template":"","format":"standard","meta":{"spay_email":"","jetpack_publicize_message":"","jetpack_is_tweetstorm":false,"jetpack_publicize_feature_enabled":true},"categories":[6502],"tags":[1414,6537,8290,5057,6506,6516,6712,7129,6891,6693,6887],"jetpack_publicize_connections":[],"yoast_head":"<!-- This site is optimized with the Yoast SEO plugin v19.1 - https:\/\/yoast.com\/wordpress\/plugins\/seo\/ -->\n<title>Ani tregon p\u00c3\u00abr veten | Big Brother Albania 2<\/title>\n<meta name=\"description\" content=\"Big Brother Albania 2 - \u00e2\u20ac\u0153Na trego ndonj\u00c3\u00ab gj\u00c3\u00ab p\u00c3\u00abr veten\u00e2\u20ac\u009d- i ka th\u00c3\u00abn\u00c3\u00ab Aida Anit. Ani ka treguar se deri para 3 muajsh kishte qen\u00c3\u00ab i lidhur, por e kishte kuptuar q\u00c3\u00ab gjithcka kishte p\u00c3\u00abrfunduar kur \u00e2\u20ac\u0153ajo\u00e2\u20ac\u009d nuk i kishte telefonuar p\u00c3\u00abr t\u00e2\u20ac\u2122i uruar dit\u00c3\u00ablindjen.\" \/>\n<meta name=\"robots\" content=\"index, follow, max-snippet:-1, max-image-preview:large, max-video-preview:-1\" \/>\n<link rel=\"canonical\" href=\"https:\/\/www.visit-ulcinj.com\/blog\/2009\/03\/22\/ani-tregon-per-veten\/\" \/>\n<meta property=\"og:locale\" content=\"en_US\" \/>\n<meta property=\"og:type\" content=\"article\" \/>\n<meta property=\"og:title\" content=\"Ani tregon p\u00c3\u00abr veten | Big Brother Albania 2\" \/>\n<meta property=\"og:description\" content=\"Big Brother Albania 2 - \u00e2\u20ac\u0153Na trego ndonj\u00c3\u00ab gj\u00c3\u00ab p\u00c3\u00abr veten\u00e2\u20ac\u009d- i ka th\u00c3\u00abn\u00c3\u00ab Aida Anit. Ani ka treguar se deri para 3 muajsh kishte qen\u00c3\u00ab i lidhur, por e kishte kuptuar q\u00c3\u00ab gjithcka kishte p\u00c3\u00abrfunduar kur \u00e2\u20ac\u0153ajo\u00e2\u20ac\u009d nuk i kishte telefonuar p\u00c3\u00abr t\u00e2\u20ac\u2122i uruar dit\u00c3\u00ablindjen.\" \/>\n<meta property=\"og:url\" content=\"https:\/\/www.visit-ulcinj.com\/blog\/2009\/03\/22\/ani-tregon-per-veten\/\" \/>\n<meta property=\"og:site_name\" content=\"Lajme nga Ulqini\" \/>\n<meta property=\"article:published_time\" content=\"2009-03-22T16:22:18+00:00\" \/>\n<meta property=\"og:image\" content=\"http:\/\/www.visit-ulcinj.com\/blog\/wp-content\/uploads\/2009\/03\/ani-tregon-per-veten-copy.jpg\" \/>\n<meta name=\"twitter:label1\" content=\"Written by\" \/>\n\t<meta name=\"twitter:data1\" content=\"ulqini\" \/>\n\t<meta name=\"twitter:label2\" content=\"Est. reading time\" \/>\n\t<meta name=\"twitter:data2\" content=\"1 minute\" \/>\n<script type=\"application\/ld+json\" class=\"yoast-schema-graph\">{\"@context\":\"https:\/\/schema.org\",\"@graph\":[{\"@type\":\"WebSite\",\"@id\":\"https:\/\/www.visit-ulcinj.com\/blog\/#website\",\"url\":\"https:\/\/www.visit-ulcinj.com\/blog\/\",\"name\":\"Lajme nga Ulqini\",\"description\":\"Lajme,Vijesti,Ulqini,Ulqin,Crna Gora,Mali i Zi\",\"potentialAction\":[{\"@type\":\"SearchAction\",\"target\":{\"@type\":\"EntryPoint\",\"urlTemplate\":\"https:\/\/www.visit-ulcinj.com\/blog\/?s={search_term_string}\"},\"query-input\":\"required name=search_term_string\"}],\"inLanguage\":\"en-US\"},{\"@type\":\"ImageObject\",\"inLanguage\":\"en-US\",\"@id\":\"https:\/\/www.visit-ulcinj.com\/blog\/2009\/03\/22\/ani-tregon-per-veten\/#primaryimage\",\"url\":\"http:\/\/www.visit-ulcinj.com\/blog\/wp-content\/uploads\/2009\/03\/ani-tregon-per-veten-copy.jpg\",\"contentUrl\":\"http:\/\/www.visit-ulcinj.com\/blog\/wp-content\/uploads\/2009\/03\/ani-tregon-per-veten-copy.jpg\"},{\"@type\":\"WebPage\",\"@id\":\"https:\/\/www.visit-ulcinj.com\/blog\/2009\/03\/22\/ani-tregon-per-veten\/#webpage\",\"url\":\"https:\/\/www.visit-ulcinj.com\/blog\/2009\/03\/22\/ani-tregon-per-veten\/\",\"name\":\"Ani tregon p\u00c3\u00abr veten | Big Brother Albania 2\",\"isPartOf\":{\"@id\":\"https:\/\/www.visit-ulcinj.com\/blog\/#website\"},\"primaryImageOfPage\":{\"@id\":\"https:\/\/www.visit-ulcinj.com\/blog\/2009\/03\/22\/ani-tregon-per-veten\/#primaryimage\"},\"datePublished\":\"2009-03-22T16:22:18+00:00\",\"dateModified\":\"2009-03-22T16:22:18+00:00\",\"author\":{\"@id\":\"https:\/\/www.visit-ulcinj.com\/blog\/#\/schema\/person\/dcab619c614d3038751c63bc2aadc06d\"},\"description\":\"Big Brother Albania 2 - \u00e2\u20ac\u0153Na trego ndonj\u00c3\u00ab gj\u00c3\u00ab p\u00c3\u00abr veten\u00e2\u20ac\u009d- i ka th\u00c3\u00abn\u00c3\u00ab Aida Anit. Ani ka treguar se deri para 3 muajsh kishte qen\u00c3\u00ab i lidhur, por e kishte kuptuar q\u00c3\u00ab gjithcka kishte p\u00c3\u00abrfunduar kur \u00e2\u20ac\u0153ajo\u00e2\u20ac\u009d nuk i kishte telefonuar p\u00c3\u00abr t\u00e2\u20ac\u2122i uruar dit\u00c3\u00ablindjen.\",\"breadcrumb\":{\"@id\":\"https:\/\/www.visit-ulcinj.com\/blog\/2009\/03\/22\/ani-tregon-per-veten\/#breadcrumb\"},\"inLanguage\":\"en-US\",\"potentialAction\":[{\"@type\":\"ReadAction\",\"target\":[\"https:\/\/www.visit-ulcinj.com\/blog\/2009\/03\/22\/ani-tregon-per-veten\/\"]}]},{\"@type\":\"BreadcrumbList\",\"@id\":\"https:\/\/www.visit-ulcinj.com\/blog\/2009\/03\/22\/ani-tregon-per-veten\/#breadcrumb\",\"itemListElement\":[{\"@type\":\"ListItem\",\"position\":1,\"name\":\"Ani tregon p\u00ebr veten\"}]},{\"@type\":\"Person\",\"@id\":\"https:\/\/www.visit-ulcinj.com\/blog\/#\/schema\/person\/dcab619c614d3038751c63bc2aadc06d\",\"name\":\"ulqini\",\"sameAs\":[\"http:\/\/www.visit-ulcinj.com\"],\"url\":\"https:\/\/www.visit-ulcinj.com\/blog\/author\/admin\/\"}]}<\/script>\n<!-- \/ Yoast SEO plugin. -->","yoast_head_json":{"title":"Ani tregon p\u00c3\u00abr veten | Big Brother Albania 2","description":"Big Brother Albania 2 - \u00e2\u20ac\u0153Na trego ndonj\u00c3\u00ab gj\u00c3\u00ab p\u00c3\u00abr veten\u00e2\u20ac\u009d- i ka th\u00c3\u00abn\u00c3\u00ab Aida Anit. Ani ka treguar se deri para 3 muajsh kishte qen\u00c3\u00ab i lidhur, por e kishte kuptuar q\u00c3\u00ab gjithcka kishte p\u00c3\u00abrfunduar kur \u00e2\u20ac\u0153ajo\u00e2\u20ac\u009d nuk i kishte telefonuar p\u00c3\u00abr t\u00e2\u20ac\u2122i uruar dit\u00c3\u00ablindjen.","robots":{"index":"index","follow":"follow","max-snippet":"max-snippet:-1","max-image-preview":"max-image-preview:large","max-video-preview":"max-video-preview:-1"},"canonical":"https:\/\/www.visit-ulcinj.com\/blog\/2009\/03\/22\/ani-tregon-per-veten\/","og_locale":"en_US","og_type":"article","og_title":"Ani tregon p\u00c3\u00abr veten | Big Brother Albania 2","og_description":"Big Brother Albania 2 - \u00e2\u20ac\u0153Na trego ndonj\u00c3\u00ab gj\u00c3\u00ab p\u00c3\u00abr veten\u00e2\u20ac\u009d- i ka th\u00c3\u00abn\u00c3\u00ab Aida Anit. Ani ka treguar se deri para 3 muajsh kishte qen\u00c3\u00ab i lidhur, por e kishte kuptuar q\u00c3\u00ab gjithcka kishte p\u00c3\u00abrfunduar kur \u00e2\u20ac\u0153ajo\u00e2\u20ac\u009d nuk i kishte telefonuar p\u00c3\u00abr t\u00e2\u20ac\u2122i uruar dit\u00c3\u00ablindjen.","og_url":"https:\/\/www.visit-ulcinj.com\/blog\/2009\/03\/22\/ani-tregon-per-veten\/","og_site_name":"Lajme nga Ulqini","article_published_time":"2009-03-22T16:22:18+00:00","og_image":[{"url":"http:\/\/www.visit-ulcinj.com\/blog\/wp-content\/uploads\/2009\/03\/ani-tregon-per-veten-copy.jpg"}],"twitter_misc":{"Written by":"ulqini","Est. reading time":"1 minute"},"schema":{"@context":"https:\/\/schema.org","@graph":[{"@type":"WebSite","@id":"https:\/\/www.visit-ulcinj.com\/blog\/#website","url":"https:\/\/www.visit-ulcinj.com\/blog\/","name":"Lajme nga Ulqini","description":"Lajme,Vijesti,Ulqini,Ulqin,Crna Gora,Mali i Zi","potentialAction":[{"@type":"SearchAction","target":{"@type":"EntryPoint","urlTemplate":"https:\/\/www.visit-ulcinj.com\/blog\/?s={search_term_string}"},"query-input":"required name=search_term_string"}],"inLanguage":"en-US"},{"@type":"ImageObject","inLanguage":"en-US","@id":"https:\/\/www.visit-ulcinj.com\/blog\/2009\/03\/22\/ani-tregon-per-veten\/#primaryimage","url":"http:\/\/www.visit-ulcinj.com\/blog\/wp-content\/uploads\/2009\/03\/ani-tregon-per-veten-copy.jpg","contentUrl":"http:\/\/www.visit-ulcinj.com\/blog\/wp-content\/uploads\/2009\/03\/ani-tregon-per-veten-copy.jpg"},{"@type":"WebPage","@id":"https:\/\/www.visit-ulcinj.com\/blog\/2009\/03\/22\/ani-tregon-per-veten\/#webpage","url":"https:\/\/www.visit-ulcinj.com\/blog\/2009\/03\/22\/ani-tregon-per-veten\/","name":"Ani tregon p\u00c3\u00abr veten | Big Brother Albania 2","isPartOf":{"@id":"https:\/\/www.visit-ulcinj.com\/blog\/#website"},"primaryImageOfPage":{"@id":"https:\/\/www.visit-ulcinj.com\/blog\/2009\/03\/22\/ani-tregon-per-veten\/#primaryimage"},"datePublished":"2009-03-22T16:22:18+00:00","dateModified":"2009-03-22T16:22:18+00:00","author":{"@id":"https:\/\/www.visit-ulcinj.com\/blog\/#\/schema\/person\/dcab619c614d3038751c63bc2aadc06d"},"description":"Big Brother Albania 2 - \u00e2\u20ac\u0153Na trego ndonj\u00c3\u00ab gj\u00c3\u00ab p\u00c3\u00abr veten\u00e2\u20ac\u009d- i ka th\u00c3\u00abn\u00c3\u00ab Aida Anit. Ani ka treguar se deri para 3 muajsh kishte qen\u00c3\u00ab i lidhur, por e kishte kuptuar q\u00c3\u00ab gjithcka kishte p\u00c3\u00abrfunduar kur \u00e2\u20ac\u0153ajo\u00e2\u20ac\u009d nuk i kishte telefonuar p\u00c3\u00abr t\u00e2\u20ac\u2122i uruar dit\u00c3\u00ablindjen.","breadcrumb":{"@id":"https:\/\/www.visit-ulcinj.com\/blog\/2009\/03\/22\/ani-tregon-per-veten\/#breadcrumb"},"inLanguage":"en-US","potentialAction":[{"@type":"ReadAction","target":["https:\/\/www.visit-ulcinj.com\/blog\/2009\/03\/22\/ani-tregon-per-veten\/"]}]},{"@type":"BreadcrumbList","@id":"https:\/\/www.visit-ulcinj.com\/blog\/2009\/03\/22\/ani-tregon-per-veten\/#breadcrumb","itemListElement":[{"@type":"ListItem","position":1,"name":"Ani tregon p\u00ebr veten"}]},{"@type":"Person","@id":"https:\/\/www.visit-ulcinj.com\/blog\/#\/schema\/person\/dcab619c614d3038751c63bc2aadc06d","name":"ulqini","sameAs":["http:\/\/www.visit-ulcinj.com"],"url":"https:\/\/www.visit-ulcinj.com\/blog\/author\/admin\/"}]}},"jetpack_featured_media_url":"","jetpack_sharing_enabled":true,"jetpack_shortlink":"https:\/\/wp.me\/pe6lTn-3XW","_links":{"self":[{"href":"https:\/\/www.visit-ulcinj.com\/blog\/wp-json\/wp\/v2\/posts\/15248"}],"collection":[{"href":"https:\/\/www.visit-ulcinj.com\/blog\/wp-json\/wp\/v2\/posts"}],"about":[{"href":"https:\/\/www.visit-ulcinj.com\/blog\/wp-json\/wp\/v2\/types\/post"}],"author":[{"embeddable":true,"href":"https:\/\/www.visit-ulcinj.com\/blog\/wp-json\/wp\/v2\/users\/1"}],"replies":[{"embeddable":true,"href":"https:\/\/www.visit-ulcinj.com\/blog\/wp-json\/wp\/v2\/comments?post=15248"}],"version-history":[{"count":0,"href":"https:\/\/www.visit-ulcinj.com\/blog\/wp-json\/wp\/v2\/posts\/15248\/revisions"}],"wp:attachment":[{"href":"https:\/\/www.visit-ulcinj.com\/blog\/wp-json\/wp\/v2\/media?parent=15248"}],"wp:term":[{"taxonomy":"category","embeddable":true,"href":"https:\/\/www.visit-ulcinj.com\/blog\/wp-json\/wp\/v2\/categories?post=15248"},{"taxonomy":"post_tag","embeddable":true,"href":"https:\/\/www.visit-ulcinj.com\/blog\/wp-json\/wp\/v2\/tags?post=15248"}],"curies":[{"name":"wp","href":"https:\/\/api.w.org\/{rel}","templated":true}]}}