{"id":15256,"date":"2009-03-22T17:34:02","date_gmt":"2009-03-22T16:34:02","guid":{"rendered":"http:\/\/www.visit-ulcinj.com\/blog\/?p=15256"},"modified":"2009-03-22T17:34:02","modified_gmt":"2009-03-22T16:34:02","slug":"dritan-me-pelqeve-kete-jave","status":"publish","type":"post","link":"https:\/\/www.visit-ulcinj.com\/blog\/2009\/03\/22\/dritan-me-pelqeve-kete-jave\/","title":{"rendered":"Dritan : M\u00eb p\u00eblqeve k\u00ebt\u00eb jav\u00eb"},"content":{"rendered":"<p><em><span class=\"newsdate\"><a href=\"http:\/\/www.visit-ulcinj.com\/blog\/wp-content\/uploads\/2009\/03\/tani-per-bjordin-copy.jpg\"><img loading=\"lazy\" class=\"alignleft size-full wp-image-15257\" title=\"tani-per-bjordin-big-brother-albania-2\" src=\"http:\/\/www.visit-ulcinj.com\/blog\/wp-content\/uploads\/2009\/03\/tani-per-bjordin-copy.jpg\" alt=\"tani-per-bjordin-big-brother-albania-2\" width=\"300\" height=\"205\" \/><\/a>22\/03\/09 03:15<\/span><\/em><\/p>\n<p>Dritani i ka th\u00ebn\u00eb Bjordit se n\u00ebse m\u00eb p\u00ebrpara ishte i l\u00ebkundur n\u00eb opinionin q\u00eb kishte p\u00ebr t\u00eb, tani mund t\u00eb thoshte se sidomos k\u00ebt\u00eb jav\u00eb, i kishte p\u00eblqyer. P\u00ebr k\u00ebt\u00eb i kishte sh\u00ebrbyer t\u00eb shihte sesi ai i p\u00ebrballoi debatet dhe sesi kishte reaguar kundrejt disa banor\u00ebve t\u00eb sht\u00ebpis\u00eb. Bjordi e ka falenderuar Dritanin dhe i ka th\u00ebn\u00eb se i b\u00ebhej shum\u00eb qejfi q\u00eb ai mendonte k\u00ebshtu. Nd\u00ebrsa Adelajda i ka th\u00ebn\u00eb se i dol\u00ebn fjal\u00ebt e saj, q\u00eb Bjordi nuk ishte ashtu si mendonte Dritani n\u00eb fillim, por ishte shum\u00eb i mir\u00eb. \u201cFjal\u00ebt i merr era, veprimet ngelen, &#8211; i ka th\u00ebn\u00eb ai Adel\u00ebs. Un\u00eb un\u00eb pata nevoj\u00eb p\u00ebr ty p\u00ebr t\u2019i th\u00ebn\u00eb Bjordit at\u00eb q\u00eb mendoja!\u201d.<\/p>\n","protected":false},"excerpt":{"rendered":"<p>22\/03\/09 03:15 Dritani i ka th\u00ebn\u00eb Bjordit se n\u00ebse m\u00eb p\u00ebrpara ishte i l\u00ebkundur n\u00eb opinionin q\u00eb kishte p\u00ebr t\u00eb, tani mund t\u00eb thoshte se sidomos k\u00ebt\u00eb jav\u00eb, i kishte p\u00eblqyer. P\u00ebr k\u00ebt\u00eb i kishte sh\u00ebrbyer t\u00eb shihte sesi ai i p\u00ebrballoi debatet dhe sesi kishte reaguar kundrejt disa banor\u00ebve t\u00eb sht\u00ebpis\u00eb. Bjordi e ka [&hellip;]<\/p>\n","protected":false},"author":1,"featured_media":0,"comment_status":"open","ping_status":"closed","sticky":false,"template":"","format":"standard","meta":{"spay_email":"","jetpack_publicize_message":"","jetpack_is_tweetstorm":false,"jetpack_publicize_feature_enabled":true},"categories":[6502],"tags":[6883,6516,6712,6522,6521,8291,6891],"jetpack_publicize_connections":[],"yoast_head":"<!-- This site is optimized with the Yoast SEO plugin v19.1 - https:\/\/yoast.com\/wordpress\/plugins\/seo\/ -->\n<title>Dritan : M\u00c3\u00ab p\u00c3\u00ablqeve k\u00c3\u00abt\u00c3\u00ab jav\u00c3\u00ab | Big Brother Albania 2<\/title>\n<meta name=\"description\" content=\"Big Brother Albania 2 - Dritani i ka th\u00c3\u00abn\u00c3\u00ab Bjordit se n\u00c3\u00abse m\u00c3\u00ab p\u00c3\u00abrpara ishte i l\u00c3\u00abkundur n\u00c3\u00ab opinionin q\u00c3\u00ab kishte p\u00c3\u00abr t\u00c3\u00ab, tani mund t\u00c3\u00ab thoshte se sidomos k\u00c3\u00abt\u00c3\u00ab jav\u00c3\u00ab,\" \/>\n<meta name=\"robots\" content=\"index, follow, max-snippet:-1, max-image-preview:large, max-video-preview:-1\" \/>\n<link rel=\"canonical\" href=\"https:\/\/www.visit-ulcinj.com\/blog\/2009\/03\/22\/dritan-me-pelqeve-kete-jave\/\" \/>\n<meta property=\"og:locale\" content=\"en_US\" \/>\n<meta property=\"og:type\" content=\"article\" \/>\n<meta property=\"og:title\" content=\"Dritan : M\u00c3\u00ab p\u00c3\u00ablqeve k\u00c3\u00abt\u00c3\u00ab jav\u00c3\u00ab | Big Brother Albania 2\" \/>\n<meta property=\"og:description\" content=\"Big Brother Albania 2 - Dritani i ka th\u00c3\u00abn\u00c3\u00ab Bjordit se n\u00c3\u00abse m\u00c3\u00ab p\u00c3\u00abrpara ishte i l\u00c3\u00abkundur n\u00c3\u00ab opinionin q\u00c3\u00ab kishte p\u00c3\u00abr t\u00c3\u00ab, tani mund t\u00c3\u00ab thoshte se sidomos k\u00c3\u00abt\u00c3\u00ab jav\u00c3\u00ab,\" \/>\n<meta property=\"og:url\" content=\"https:\/\/www.visit-ulcinj.com\/blog\/2009\/03\/22\/dritan-me-pelqeve-kete-jave\/\" \/>\n<meta property=\"og:site_name\" content=\"Lajme nga Ulqini\" \/>\n<meta property=\"article:published_time\" content=\"2009-03-22T16:34:02+00:00\" \/>\n<meta property=\"og:image\" content=\"http:\/\/www.visit-ulcinj.com\/blog\/wp-content\/uploads\/2009\/03\/tani-per-bjordin-copy.jpg\" \/>\n<meta name=\"twitter:label1\" content=\"Written by\" \/>\n\t<meta name=\"twitter:data1\" content=\"ulqini\" \/>\n\t<meta name=\"twitter:label2\" content=\"Est. reading time\" \/>\n\t<meta name=\"twitter:data2\" content=\"1 minute\" \/>\n<script type=\"application\/ld+json\" class=\"yoast-schema-graph\">{\"@context\":\"https:\/\/schema.org\",\"@graph\":[{\"@type\":\"WebSite\",\"@id\":\"https:\/\/www.visit-ulcinj.com\/blog\/#website\",\"url\":\"https:\/\/www.visit-ulcinj.com\/blog\/\",\"name\":\"Lajme nga Ulqini\",\"description\":\"Lajme,Vijesti,Ulqini,Ulqin,Crna Gora,Mali i Zi\",\"potentialAction\":[{\"@type\":\"SearchAction\",\"target\":{\"@type\":\"EntryPoint\",\"urlTemplate\":\"https:\/\/www.visit-ulcinj.com\/blog\/?s={search_term_string}\"},\"query-input\":\"required name=search_term_string\"}],\"inLanguage\":\"en-US\"},{\"@type\":\"ImageObject\",\"inLanguage\":\"en-US\",\"@id\":\"https:\/\/www.visit-ulcinj.com\/blog\/2009\/03\/22\/dritan-me-pelqeve-kete-jave\/#primaryimage\",\"url\":\"http:\/\/www.visit-ulcinj.com\/blog\/wp-content\/uploads\/2009\/03\/tani-per-bjordin-copy.jpg\",\"contentUrl\":\"http:\/\/www.visit-ulcinj.com\/blog\/wp-content\/uploads\/2009\/03\/tani-per-bjordin-copy.jpg\"},{\"@type\":\"WebPage\",\"@id\":\"https:\/\/www.visit-ulcinj.com\/blog\/2009\/03\/22\/dritan-me-pelqeve-kete-jave\/#webpage\",\"url\":\"https:\/\/www.visit-ulcinj.com\/blog\/2009\/03\/22\/dritan-me-pelqeve-kete-jave\/\",\"name\":\"Dritan : M\u00c3\u00ab p\u00c3\u00ablqeve k\u00c3\u00abt\u00c3\u00ab jav\u00c3\u00ab | Big Brother Albania 2\",\"isPartOf\":{\"@id\":\"https:\/\/www.visit-ulcinj.com\/blog\/#website\"},\"primaryImageOfPage\":{\"@id\":\"https:\/\/www.visit-ulcinj.com\/blog\/2009\/03\/22\/dritan-me-pelqeve-kete-jave\/#primaryimage\"},\"datePublished\":\"2009-03-22T16:34:02+00:00\",\"dateModified\":\"2009-03-22T16:34:02+00:00\",\"author\":{\"@id\":\"https:\/\/www.visit-ulcinj.com\/blog\/#\/schema\/person\/dcab619c614d3038751c63bc2aadc06d\"},\"description\":\"Big Brother Albania 2 - Dritani i ka th\u00c3\u00abn\u00c3\u00ab Bjordit se n\u00c3\u00abse m\u00c3\u00ab p\u00c3\u00abrpara ishte i l\u00c3\u00abkundur n\u00c3\u00ab opinionin q\u00c3\u00ab kishte p\u00c3\u00abr t\u00c3\u00ab, tani mund t\u00c3\u00ab thoshte se sidomos k\u00c3\u00abt\u00c3\u00ab jav\u00c3\u00ab,\",\"breadcrumb\":{\"@id\":\"https:\/\/www.visit-ulcinj.com\/blog\/2009\/03\/22\/dritan-me-pelqeve-kete-jave\/#breadcrumb\"},\"inLanguage\":\"en-US\",\"potentialAction\":[{\"@type\":\"ReadAction\",\"target\":[\"https:\/\/www.visit-ulcinj.com\/blog\/2009\/03\/22\/dritan-me-pelqeve-kete-jave\/\"]}]},{\"@type\":\"BreadcrumbList\",\"@id\":\"https:\/\/www.visit-ulcinj.com\/blog\/2009\/03\/22\/dritan-me-pelqeve-kete-jave\/#breadcrumb\",\"itemListElement\":[{\"@type\":\"ListItem\",\"position\":1,\"name\":\"Dritan : M\u00eb p\u00eblqeve k\u00ebt\u00eb jav\u00eb\"}]},{\"@type\":\"Person\",\"@id\":\"https:\/\/www.visit-ulcinj.com\/blog\/#\/schema\/person\/dcab619c614d3038751c63bc2aadc06d\",\"name\":\"ulqini\",\"sameAs\":[\"http:\/\/www.visit-ulcinj.com\"],\"url\":\"https:\/\/www.visit-ulcinj.com\/blog\/author\/admin\/\"}]}<\/script>\n<!-- \/ Yoast SEO plugin. -->","yoast_head_json":{"title":"Dritan : M\u00c3\u00ab p\u00c3\u00ablqeve k\u00c3\u00abt\u00c3\u00ab jav\u00c3\u00ab | Big Brother Albania 2","description":"Big Brother Albania 2 - Dritani i ka th\u00c3\u00abn\u00c3\u00ab Bjordit se n\u00c3\u00abse m\u00c3\u00ab p\u00c3\u00abrpara ishte i l\u00c3\u00abkundur n\u00c3\u00ab opinionin q\u00c3\u00ab kishte p\u00c3\u00abr t\u00c3\u00ab, tani mund t\u00c3\u00ab thoshte se sidomos k\u00c3\u00abt\u00c3\u00ab jav\u00c3\u00ab,","robots":{"index":"index","follow":"follow","max-snippet":"max-snippet:-1","max-image-preview":"max-image-preview:large","max-video-preview":"max-video-preview:-1"},"canonical":"https:\/\/www.visit-ulcinj.com\/blog\/2009\/03\/22\/dritan-me-pelqeve-kete-jave\/","og_locale":"en_US","og_type":"article","og_title":"Dritan : M\u00c3\u00ab p\u00c3\u00ablqeve k\u00c3\u00abt\u00c3\u00ab jav\u00c3\u00ab | Big Brother Albania 2","og_description":"Big Brother Albania 2 - Dritani i ka th\u00c3\u00abn\u00c3\u00ab Bjordit se n\u00c3\u00abse m\u00c3\u00ab p\u00c3\u00abrpara ishte i l\u00c3\u00abkundur n\u00c3\u00ab opinionin q\u00c3\u00ab kishte p\u00c3\u00abr t\u00c3\u00ab, tani mund t\u00c3\u00ab thoshte se sidomos k\u00c3\u00abt\u00c3\u00ab jav\u00c3\u00ab,","og_url":"https:\/\/www.visit-ulcinj.com\/blog\/2009\/03\/22\/dritan-me-pelqeve-kete-jave\/","og_site_name":"Lajme nga Ulqini","article_published_time":"2009-03-22T16:34:02+00:00","og_image":[{"url":"http:\/\/www.visit-ulcinj.com\/blog\/wp-content\/uploads\/2009\/03\/tani-per-bjordin-copy.jpg"}],"twitter_misc":{"Written by":"ulqini","Est. reading time":"1 minute"},"schema":{"@context":"https:\/\/schema.org","@graph":[{"@type":"WebSite","@id":"https:\/\/www.visit-ulcinj.com\/blog\/#website","url":"https:\/\/www.visit-ulcinj.com\/blog\/","name":"Lajme nga Ulqini","description":"Lajme,Vijesti,Ulqini,Ulqin,Crna Gora,Mali i Zi","potentialAction":[{"@type":"SearchAction","target":{"@type":"EntryPoint","urlTemplate":"https:\/\/www.visit-ulcinj.com\/blog\/?s={search_term_string}"},"query-input":"required name=search_term_string"}],"inLanguage":"en-US"},{"@type":"ImageObject","inLanguage":"en-US","@id":"https:\/\/www.visit-ulcinj.com\/blog\/2009\/03\/22\/dritan-me-pelqeve-kete-jave\/#primaryimage","url":"http:\/\/www.visit-ulcinj.com\/blog\/wp-content\/uploads\/2009\/03\/tani-per-bjordin-copy.jpg","contentUrl":"http:\/\/www.visit-ulcinj.com\/blog\/wp-content\/uploads\/2009\/03\/tani-per-bjordin-copy.jpg"},{"@type":"WebPage","@id":"https:\/\/www.visit-ulcinj.com\/blog\/2009\/03\/22\/dritan-me-pelqeve-kete-jave\/#webpage","url":"https:\/\/www.visit-ulcinj.com\/blog\/2009\/03\/22\/dritan-me-pelqeve-kete-jave\/","name":"Dritan : M\u00c3\u00ab p\u00c3\u00ablqeve k\u00c3\u00abt\u00c3\u00ab jav\u00c3\u00ab | Big Brother Albania 2","isPartOf":{"@id":"https:\/\/www.visit-ulcinj.com\/blog\/#website"},"primaryImageOfPage":{"@id":"https:\/\/www.visit-ulcinj.com\/blog\/2009\/03\/22\/dritan-me-pelqeve-kete-jave\/#primaryimage"},"datePublished":"2009-03-22T16:34:02+00:00","dateModified":"2009-03-22T16:34:02+00:00","author":{"@id":"https:\/\/www.visit-ulcinj.com\/blog\/#\/schema\/person\/dcab619c614d3038751c63bc2aadc06d"},"description":"Big Brother Albania 2 - Dritani i ka th\u00c3\u00abn\u00c3\u00ab Bjordit se n\u00c3\u00abse m\u00c3\u00ab p\u00c3\u00abrpara ishte i l\u00c3\u00abkundur n\u00c3\u00ab opinionin q\u00c3\u00ab kishte p\u00c3\u00abr t\u00c3\u00ab, tani mund t\u00c3\u00ab thoshte se sidomos k\u00c3\u00abt\u00c3\u00ab jav\u00c3\u00ab,","breadcrumb":{"@id":"https:\/\/www.visit-ulcinj.com\/blog\/2009\/03\/22\/dritan-me-pelqeve-kete-jave\/#breadcrumb"},"inLanguage":"en-US","potentialAction":[{"@type":"ReadAction","target":["https:\/\/www.visit-ulcinj.com\/blog\/2009\/03\/22\/dritan-me-pelqeve-kete-jave\/"]}]},{"@type":"BreadcrumbList","@id":"https:\/\/www.visit-ulcinj.com\/blog\/2009\/03\/22\/dritan-me-pelqeve-kete-jave\/#breadcrumb","itemListElement":[{"@type":"ListItem","position":1,"name":"Dritan : M\u00eb p\u00eblqeve k\u00ebt\u00eb jav\u00eb"}]},{"@type":"Person","@id":"https:\/\/www.visit-ulcinj.com\/blog\/#\/schema\/person\/dcab619c614d3038751c63bc2aadc06d","name":"ulqini","sameAs":["http:\/\/www.visit-ulcinj.com"],"url":"https:\/\/www.visit-ulcinj.com\/blog\/author\/admin\/"}]}},"jetpack_featured_media_url":"","jetpack_sharing_enabled":true,"jetpack_shortlink":"https:\/\/wp.me\/pe6lTn-3Y4","_links":{"self":[{"href":"https:\/\/www.visit-ulcinj.com\/blog\/wp-json\/wp\/v2\/posts\/15256"}],"collection":[{"href":"https:\/\/www.visit-ulcinj.com\/blog\/wp-json\/wp\/v2\/posts"}],"about":[{"href":"https:\/\/www.visit-ulcinj.com\/blog\/wp-json\/wp\/v2\/types\/post"}],"author":[{"embeddable":true,"href":"https:\/\/www.visit-ulcinj.com\/blog\/wp-json\/wp\/v2\/users\/1"}],"replies":[{"embeddable":true,"href":"https:\/\/www.visit-ulcinj.com\/blog\/wp-json\/wp\/v2\/comments?post=15256"}],"version-history":[{"count":0,"href":"https:\/\/www.visit-ulcinj.com\/blog\/wp-json\/wp\/v2\/posts\/15256\/revisions"}],"wp:attachment":[{"href":"https:\/\/www.visit-ulcinj.com\/blog\/wp-json\/wp\/v2\/media?parent=15256"}],"wp:term":[{"taxonomy":"category","embeddable":true,"href":"https:\/\/www.visit-ulcinj.com\/blog\/wp-json\/wp\/v2\/categories?post=15256"},{"taxonomy":"post_tag","embeddable":true,"href":"https:\/\/www.visit-ulcinj.com\/blog\/wp-json\/wp\/v2\/tags?post=15256"}],"curies":[{"name":"wp","href":"https:\/\/api.w.org\/{rel}","templated":true}]}}