{"id":15260,"date":"2009-03-22T17:38:27","date_gmt":"2009-03-22T16:38:27","guid":{"rendered":"http:\/\/www.visit-ulcinj.com\/blog\/?p=15260"},"modified":"2009-03-22T17:38:27","modified_gmt":"2009-03-22T16:38:27","slug":"dritan-do-te-bej-nje-tatuazh-per-even","status":"publish","type":"post","link":"https:\/\/www.visit-ulcinj.com\/blog\/2009\/03\/22\/dritan-do-te-bej-nje-tatuazh-per-even\/","title":{"rendered":"Dritan : Do t\u00eb b\u00ebj nj\u00eb tatuazh p\u00ebr Ev\u00ebn"},"content":{"rendered":"<p><em><span class=\"newsdate\"><a href=\"http:\/\/www.visit-ulcinj.com\/blog\/wp-content\/uploads\/2009\/03\/per-even-copy.jpg\"><img loading=\"lazy\" class=\"alignleft size-full wp-image-15261\" title=\"per-even-big-brother-albania-2\" src=\"http:\/\/www.visit-ulcinj.com\/blog\/wp-content\/uploads\/2009\/03\/per-even-copy.jpg\" alt=\"per-even-big-brother-albania-2\" width=\"300\" height=\"205\" \/><\/a>22\/03\/09 03:30<\/span><\/em><\/p>\n<p>Dritani ka th\u00ebn\u00eb se do t\u00eb b\u00ebnte nj\u00eb tatuazh n\u00eb kurriz, nj\u00eb shprehje q\u00eb kishte lidhje me dashurin\u00eb, por q\u00eb ai nuk ua tregoi banor\u00ebve t\u00eb tjer\u00eb. Ai tha se do t\u2019ia dedikonte Ev\u00ebs, sepse viti q\u00eb kishin p\u00ebrpara do t\u00eb ishte nj\u00eb vit \u201cl\u00ebvizjesh t\u00eb m\u00ebdha\u201d dhe se ajo ishte personi ku ai kishte drejtuar t\u00eb gjitha ndjenjat e tij. Dritani ka th\u00ebn\u00eb se disa gj\u00ebra nuk i kupton kur je jasht\u00eb, nd\u00ebrsa kur je i izoluar gjithcka ndryshon.<\/p>\n","protected":false},"excerpt":{"rendered":"<p>22\/03\/09 03:30 Dritani ka th\u00ebn\u00eb se do t\u00eb b\u00ebnte nj\u00eb tatuazh n\u00eb kurriz, nj\u00eb shprehje q\u00eb kishte lidhje me dashurin\u00eb, por q\u00eb ai nuk ua tregoi banor\u00ebve t\u00eb tjer\u00eb. Ai tha se do t\u2019ia dedikonte Ev\u00ebs, sepse viti q\u00eb kishin p\u00ebrpara do t\u00eb ishte nj\u00eb vit \u201cl\u00ebvizjesh t\u00eb m\u00ebdha\u201d dhe se ajo ishte personi ku [&hellip;]<\/p>\n","protected":false},"author":1,"featured_media":0,"comment_status":"open","ping_status":"closed","sticky":false,"template":"","format":"standard","meta":{"spay_email":"","jetpack_publicize_message":"","jetpack_is_tweetstorm":false,"jetpack_publicize_feature_enabled":true},"categories":[6502],"tags":[8295,5057,6506,6516,6712,7129,8292,8294,8293,6891,6693,6887],"jetpack_publicize_connections":[],"yoast_head":"<!-- This site is optimized with the Yoast SEO plugin v19.1 - https:\/\/yoast.com\/wordpress\/plugins\/seo\/ -->\n<title>Dritan : Do t\u00c3\u00ab b\u00c3\u00abj nj\u00c3\u00ab tatuazh p\u00c3\u00abr Ev\u00c3\u00abn | Big Brother Albania 2<\/title>\n<meta name=\"description\" content=\"Big Brother Albania 2 - Dritani ka th\u00c3\u00abn\u00c3\u00ab se do t\u00c3\u00ab b\u00c3\u00abnte nj\u00c3\u00ab tatuazh n\u00c3\u00ab kurriz, nj\u00c3\u00ab shprehje q\u00c3\u00ab kishte lidhje me dashurin\u00c3\u00ab, por q\u00c3\u00ab ai nuk ua tregoi banor\u00c3\u00abve t\u00c3\u00ab tjer\u00c3\u00ab.\" \/>\n<meta name=\"robots\" content=\"index, follow, max-snippet:-1, max-image-preview:large, max-video-preview:-1\" \/>\n<link rel=\"canonical\" href=\"https:\/\/www.visit-ulcinj.com\/blog\/2009\/03\/22\/dritan-do-te-bej-nje-tatuazh-per-even\/\" \/>\n<meta property=\"og:locale\" content=\"en_US\" \/>\n<meta property=\"og:type\" content=\"article\" \/>\n<meta property=\"og:title\" content=\"Dritan : Do t\u00c3\u00ab b\u00c3\u00abj nj\u00c3\u00ab tatuazh p\u00c3\u00abr Ev\u00c3\u00abn | Big Brother Albania 2\" \/>\n<meta property=\"og:description\" content=\"Big Brother Albania 2 - Dritani ka th\u00c3\u00abn\u00c3\u00ab se do t\u00c3\u00ab b\u00c3\u00abnte nj\u00c3\u00ab tatuazh n\u00c3\u00ab kurriz, nj\u00c3\u00ab shprehje q\u00c3\u00ab kishte lidhje me dashurin\u00c3\u00ab, por q\u00c3\u00ab ai nuk ua tregoi banor\u00c3\u00abve t\u00c3\u00ab tjer\u00c3\u00ab.\" \/>\n<meta property=\"og:url\" content=\"https:\/\/www.visit-ulcinj.com\/blog\/2009\/03\/22\/dritan-do-te-bej-nje-tatuazh-per-even\/\" \/>\n<meta property=\"og:site_name\" content=\"Lajme nga Ulqini\" \/>\n<meta property=\"article:published_time\" content=\"2009-03-22T16:38:27+00:00\" \/>\n<meta property=\"og:image\" content=\"http:\/\/www.visit-ulcinj.com\/blog\/wp-content\/uploads\/2009\/03\/per-even-copy.jpg\" \/>\n<meta name=\"twitter:label1\" content=\"Written by\" \/>\n\t<meta name=\"twitter:data1\" content=\"ulqini\" \/>\n<script type=\"application\/ld+json\" class=\"yoast-schema-graph\">{\"@context\":\"https:\/\/schema.org\",\"@graph\":[{\"@type\":\"WebSite\",\"@id\":\"https:\/\/www.visit-ulcinj.com\/blog\/#website\",\"url\":\"https:\/\/www.visit-ulcinj.com\/blog\/\",\"name\":\"Lajme nga Ulqini\",\"description\":\"Lajme,Vijesti,Ulqini,Ulqin,Crna Gora,Mali i Zi\",\"potentialAction\":[{\"@type\":\"SearchAction\",\"target\":{\"@type\":\"EntryPoint\",\"urlTemplate\":\"https:\/\/www.visit-ulcinj.com\/blog\/?s={search_term_string}\"},\"query-input\":\"required name=search_term_string\"}],\"inLanguage\":\"en-US\"},{\"@type\":\"ImageObject\",\"inLanguage\":\"en-US\",\"@id\":\"https:\/\/www.visit-ulcinj.com\/blog\/2009\/03\/22\/dritan-do-te-bej-nje-tatuazh-per-even\/#primaryimage\",\"url\":\"http:\/\/www.visit-ulcinj.com\/blog\/wp-content\/uploads\/2009\/03\/per-even-copy.jpg\",\"contentUrl\":\"http:\/\/www.visit-ulcinj.com\/blog\/wp-content\/uploads\/2009\/03\/per-even-copy.jpg\"},{\"@type\":\"WebPage\",\"@id\":\"https:\/\/www.visit-ulcinj.com\/blog\/2009\/03\/22\/dritan-do-te-bej-nje-tatuazh-per-even\/#webpage\",\"url\":\"https:\/\/www.visit-ulcinj.com\/blog\/2009\/03\/22\/dritan-do-te-bej-nje-tatuazh-per-even\/\",\"name\":\"Dritan : Do t\u00c3\u00ab b\u00c3\u00abj nj\u00c3\u00ab tatuazh p\u00c3\u00abr Ev\u00c3\u00abn | Big Brother Albania 2\",\"isPartOf\":{\"@id\":\"https:\/\/www.visit-ulcinj.com\/blog\/#website\"},\"primaryImageOfPage\":{\"@id\":\"https:\/\/www.visit-ulcinj.com\/blog\/2009\/03\/22\/dritan-do-te-bej-nje-tatuazh-per-even\/#primaryimage\"},\"datePublished\":\"2009-03-22T16:38:27+00:00\",\"dateModified\":\"2009-03-22T16:38:27+00:00\",\"author\":{\"@id\":\"https:\/\/www.visit-ulcinj.com\/blog\/#\/schema\/person\/dcab619c614d3038751c63bc2aadc06d\"},\"description\":\"Big Brother Albania 2 - Dritani ka th\u00c3\u00abn\u00c3\u00ab se do t\u00c3\u00ab b\u00c3\u00abnte nj\u00c3\u00ab tatuazh n\u00c3\u00ab kurriz, nj\u00c3\u00ab shprehje q\u00c3\u00ab kishte lidhje me dashurin\u00c3\u00ab, por q\u00c3\u00ab ai nuk ua tregoi banor\u00c3\u00abve t\u00c3\u00ab tjer\u00c3\u00ab.\",\"breadcrumb\":{\"@id\":\"https:\/\/www.visit-ulcinj.com\/blog\/2009\/03\/22\/dritan-do-te-bej-nje-tatuazh-per-even\/#breadcrumb\"},\"inLanguage\":\"en-US\",\"potentialAction\":[{\"@type\":\"ReadAction\",\"target\":[\"https:\/\/www.visit-ulcinj.com\/blog\/2009\/03\/22\/dritan-do-te-bej-nje-tatuazh-per-even\/\"]}]},{\"@type\":\"BreadcrumbList\",\"@id\":\"https:\/\/www.visit-ulcinj.com\/blog\/2009\/03\/22\/dritan-do-te-bej-nje-tatuazh-per-even\/#breadcrumb\",\"itemListElement\":[{\"@type\":\"ListItem\",\"position\":1,\"name\":\"Dritan : Do t\u00eb b\u00ebj nj\u00eb tatuazh p\u00ebr Ev\u00ebn\"}]},{\"@type\":\"Person\",\"@id\":\"https:\/\/www.visit-ulcinj.com\/blog\/#\/schema\/person\/dcab619c614d3038751c63bc2aadc06d\",\"name\":\"ulqini\",\"sameAs\":[\"http:\/\/www.visit-ulcinj.com\"],\"url\":\"https:\/\/www.visit-ulcinj.com\/blog\/author\/admin\/\"}]}<\/script>\n<!-- \/ Yoast SEO plugin. -->","yoast_head_json":{"title":"Dritan : Do t\u00c3\u00ab b\u00c3\u00abj nj\u00c3\u00ab tatuazh p\u00c3\u00abr Ev\u00c3\u00abn | Big Brother Albania 2","description":"Big Brother Albania 2 - Dritani ka th\u00c3\u00abn\u00c3\u00ab se do t\u00c3\u00ab b\u00c3\u00abnte nj\u00c3\u00ab tatuazh n\u00c3\u00ab kurriz, nj\u00c3\u00ab shprehje q\u00c3\u00ab kishte lidhje me dashurin\u00c3\u00ab, por q\u00c3\u00ab ai nuk ua tregoi banor\u00c3\u00abve t\u00c3\u00ab tjer\u00c3\u00ab.","robots":{"index":"index","follow":"follow","max-snippet":"max-snippet:-1","max-image-preview":"max-image-preview:large","max-video-preview":"max-video-preview:-1"},"canonical":"https:\/\/www.visit-ulcinj.com\/blog\/2009\/03\/22\/dritan-do-te-bej-nje-tatuazh-per-even\/","og_locale":"en_US","og_type":"article","og_title":"Dritan : Do t\u00c3\u00ab b\u00c3\u00abj nj\u00c3\u00ab tatuazh p\u00c3\u00abr Ev\u00c3\u00abn | Big Brother Albania 2","og_description":"Big Brother Albania 2 - Dritani ka th\u00c3\u00abn\u00c3\u00ab se do t\u00c3\u00ab b\u00c3\u00abnte nj\u00c3\u00ab tatuazh n\u00c3\u00ab kurriz, nj\u00c3\u00ab shprehje q\u00c3\u00ab kishte lidhje me dashurin\u00c3\u00ab, por q\u00c3\u00ab ai nuk ua tregoi banor\u00c3\u00abve t\u00c3\u00ab tjer\u00c3\u00ab.","og_url":"https:\/\/www.visit-ulcinj.com\/blog\/2009\/03\/22\/dritan-do-te-bej-nje-tatuazh-per-even\/","og_site_name":"Lajme nga Ulqini","article_published_time":"2009-03-22T16:38:27+00:00","og_image":[{"url":"http:\/\/www.visit-ulcinj.com\/blog\/wp-content\/uploads\/2009\/03\/per-even-copy.jpg"}],"twitter_misc":{"Written by":"ulqini"},"schema":{"@context":"https:\/\/schema.org","@graph":[{"@type":"WebSite","@id":"https:\/\/www.visit-ulcinj.com\/blog\/#website","url":"https:\/\/www.visit-ulcinj.com\/blog\/","name":"Lajme nga Ulqini","description":"Lajme,Vijesti,Ulqini,Ulqin,Crna Gora,Mali i Zi","potentialAction":[{"@type":"SearchAction","target":{"@type":"EntryPoint","urlTemplate":"https:\/\/www.visit-ulcinj.com\/blog\/?s={search_term_string}"},"query-input":"required name=search_term_string"}],"inLanguage":"en-US"},{"@type":"ImageObject","inLanguage":"en-US","@id":"https:\/\/www.visit-ulcinj.com\/blog\/2009\/03\/22\/dritan-do-te-bej-nje-tatuazh-per-even\/#primaryimage","url":"http:\/\/www.visit-ulcinj.com\/blog\/wp-content\/uploads\/2009\/03\/per-even-copy.jpg","contentUrl":"http:\/\/www.visit-ulcinj.com\/blog\/wp-content\/uploads\/2009\/03\/per-even-copy.jpg"},{"@type":"WebPage","@id":"https:\/\/www.visit-ulcinj.com\/blog\/2009\/03\/22\/dritan-do-te-bej-nje-tatuazh-per-even\/#webpage","url":"https:\/\/www.visit-ulcinj.com\/blog\/2009\/03\/22\/dritan-do-te-bej-nje-tatuazh-per-even\/","name":"Dritan : Do t\u00c3\u00ab b\u00c3\u00abj nj\u00c3\u00ab tatuazh p\u00c3\u00abr Ev\u00c3\u00abn | Big Brother Albania 2","isPartOf":{"@id":"https:\/\/www.visit-ulcinj.com\/blog\/#website"},"primaryImageOfPage":{"@id":"https:\/\/www.visit-ulcinj.com\/blog\/2009\/03\/22\/dritan-do-te-bej-nje-tatuazh-per-even\/#primaryimage"},"datePublished":"2009-03-22T16:38:27+00:00","dateModified":"2009-03-22T16:38:27+00:00","author":{"@id":"https:\/\/www.visit-ulcinj.com\/blog\/#\/schema\/person\/dcab619c614d3038751c63bc2aadc06d"},"description":"Big Brother Albania 2 - Dritani ka th\u00c3\u00abn\u00c3\u00ab se do t\u00c3\u00ab b\u00c3\u00abnte nj\u00c3\u00ab tatuazh n\u00c3\u00ab kurriz, nj\u00c3\u00ab shprehje q\u00c3\u00ab kishte lidhje me dashurin\u00c3\u00ab, por q\u00c3\u00ab ai nuk ua tregoi banor\u00c3\u00abve t\u00c3\u00ab tjer\u00c3\u00ab.","breadcrumb":{"@id":"https:\/\/www.visit-ulcinj.com\/blog\/2009\/03\/22\/dritan-do-te-bej-nje-tatuazh-per-even\/#breadcrumb"},"inLanguage":"en-US","potentialAction":[{"@type":"ReadAction","target":["https:\/\/www.visit-ulcinj.com\/blog\/2009\/03\/22\/dritan-do-te-bej-nje-tatuazh-per-even\/"]}]},{"@type":"BreadcrumbList","@id":"https:\/\/www.visit-ulcinj.com\/blog\/2009\/03\/22\/dritan-do-te-bej-nje-tatuazh-per-even\/#breadcrumb","itemListElement":[{"@type":"ListItem","position":1,"name":"Dritan : Do t\u00eb b\u00ebj nj\u00eb tatuazh p\u00ebr Ev\u00ebn"}]},{"@type":"Person","@id":"https:\/\/www.visit-ulcinj.com\/blog\/#\/schema\/person\/dcab619c614d3038751c63bc2aadc06d","name":"ulqini","sameAs":["http:\/\/www.visit-ulcinj.com"],"url":"https:\/\/www.visit-ulcinj.com\/blog\/author\/admin\/"}]}},"jetpack_featured_media_url":"","jetpack_sharing_enabled":true,"jetpack_shortlink":"https:\/\/wp.me\/pe6lTn-3Y8","_links":{"self":[{"href":"https:\/\/www.visit-ulcinj.com\/blog\/wp-json\/wp\/v2\/posts\/15260"}],"collection":[{"href":"https:\/\/www.visit-ulcinj.com\/blog\/wp-json\/wp\/v2\/posts"}],"about":[{"href":"https:\/\/www.visit-ulcinj.com\/blog\/wp-json\/wp\/v2\/types\/post"}],"author":[{"embeddable":true,"href":"https:\/\/www.visit-ulcinj.com\/blog\/wp-json\/wp\/v2\/users\/1"}],"replies":[{"embeddable":true,"href":"https:\/\/www.visit-ulcinj.com\/blog\/wp-json\/wp\/v2\/comments?post=15260"}],"version-history":[{"count":0,"href":"https:\/\/www.visit-ulcinj.com\/blog\/wp-json\/wp\/v2\/posts\/15260\/revisions"}],"wp:attachment":[{"href":"https:\/\/www.visit-ulcinj.com\/blog\/wp-json\/wp\/v2\/media?parent=15260"}],"wp:term":[{"taxonomy":"category","embeddable":true,"href":"https:\/\/www.visit-ulcinj.com\/blog\/wp-json\/wp\/v2\/categories?post=15260"},{"taxonomy":"post_tag","embeddable":true,"href":"https:\/\/www.visit-ulcinj.com\/blog\/wp-json\/wp\/v2\/tags?post=15260"}],"curies":[{"name":"wp","href":"https:\/\/api.w.org\/{rel}","templated":true}]}}