{"id":15266,"date":"2009-03-22T17:43:59","date_gmt":"2009-03-22T16:43:59","guid":{"rendered":"http:\/\/www.visit-ulcinj.com\/blog\/?p=15266"},"modified":"2009-03-22T17:43:59","modified_gmt":"2009-03-22T16:43:59","slug":"anjeza-tregon-per-veten","status":"publish","type":"post","link":"https:\/\/www.visit-ulcinj.com\/blog\/2009\/03\/22\/anjeza-tregon-per-veten\/","title":{"rendered":"Anjeza tregon per veten"},"content":{"rendered":"<p><em><span class=\"newsdate\"><a href=\"http:\/\/www.visit-ulcinj.com\/blog\/wp-content\/uploads\/2009\/03\/anjeza-tregon-per-veten.jpg\"><img loading=\"lazy\" class=\"alignleft size-full wp-image-15267\" title=\"anjeza-tregon-per-veten-big-brother-albania-2\" src=\"http:\/\/www.visit-ulcinj.com\/blog\/wp-content\/uploads\/2009\/03\/anjeza-tregon-per-veten.jpg\" alt=\"anjeza-tregon-per-veten-big-brother-albania-2\" width=\"300\" height=\"205\" \/><\/a>22\/03\/09 03:00<\/span><\/em><\/p>\n<p>Anjeza ka th\u00ebn\u00eb se dita e saj fillon me vajtjen n\u00eb shkoll\u00eb, \u00e7do dit\u00eb n\u00eb or\u00ebn tet\u00eb. Pasi mbaronte m\u00ebsimin, shkonte n\u00eb parukerin\u00eb ku punonte, pun\u00eb t\u00eb cil\u00ebn e linte diku rreth or\u00ebs dhjet\u00eb t\u00eb mbr\u00ebmjes. Ajo ka th\u00ebn\u00eb se parukerin\u00eb e kishte pasion, kishte hyr\u00eb n\u00eb kurs q\u00eb pas p\u00ebrfundimit t\u00eb shkoll\u00ebs tet\u00ebvje\u00e7are. Anjeza ka treguar se punonte p\u00ebr pasion, por patjet\u00ebr edhe p\u00ebr t\u00eb ardhurat, me t\u00eb cilat ndihmonte familjen, por kryente edhe studimet. Pas pune, pinte ndonj\u00eb kafe t\u00eb shkurt\u00ebr me shoq\u00ebrin\u00eb. Lidhur me k\u00ebt\u00eb Adi i ka shprehur vler\u00ebsimin e vet, pasi ajo ishte nj\u00eb nga ata persona, q\u00eb b\u00ebjn\u00eb edhe shkoll\u00ebn edhe pun\u00ebn. \u201cN\u00ebse \u00ebsht\u00eb k\u00ebshtu si thua, bravo t\u00eb qoft\u00eb!\u201d \u2013 i ka th\u00ebn\u00eb ai. Ajo ka th\u00ebn\u00eb se fundjavave i p\u00eblqente t\u00eb dilte dhe vendet q\u00eb preferonte t\u00eb frekuentonte ishin Karaoke Bar. Anjeza ka th\u00ebn\u00eb se nuk kishte ndonj\u00eb shoq\u00ebri shum\u00eb t\u00eb zgjeruar, por nj\u00eb grup shoqesh t\u00eb mira. Ajo ka th\u00ebn\u00eb gjithashtu se i p\u00eblqen shum\u00eb t\u00eb k\u00ebrcente dhe t\u00eb k\u00ebndonte. T\u00eb par\u00ebn e b\u00ebnte mir\u00eb, por t\u00eb dyt\u00ebn, pavar\u00ebsisht se i p\u00eblqente shum\u00eb, nuk kishte z\u00ebrin e duhur.<\/p>\n","protected":false},"excerpt":{"rendered":"<p>22\/03\/09 03:00 Anjeza ka th\u00ebn\u00eb se dita e saj fillon me vajtjen n\u00eb shkoll\u00eb, \u00e7do dit\u00eb n\u00eb or\u00ebn tet\u00eb. Pasi mbaronte m\u00ebsimin, shkonte n\u00eb parukerin\u00eb ku punonte, pun\u00eb t\u00eb cil\u00ebn e linte diku rreth or\u00ebs dhjet\u00eb t\u00eb mbr\u00ebmjes. Ajo ka th\u00ebn\u00eb se parukerin\u00eb e kishte pasion, kishte hyr\u00eb n\u00eb kurs q\u00eb pas p\u00ebrfundimit t\u00eb shkoll\u00ebs [&hellip;]<\/p>\n","protected":false},"author":1,"featured_media":0,"comment_status":"open","ping_status":"closed","sticky":false,"template":"","format":"standard","meta":{"spay_email":"","jetpack_publicize_message":"","jetpack_is_tweetstorm":false,"jetpack_publicize_feature_enabled":true},"categories":[6502],"tags":[1414,6537,8289,6525,5057,6506,6516,6712,7129,6522,6544,6891,6693,6887],"jetpack_publicize_connections":[],"yoast_head":"<!-- This site is optimized with the Yoast SEO plugin v19.1 - https:\/\/yoast.com\/wordpress\/plugins\/seo\/ -->\n<title>Anjeza tregon per veten | Big Brother Albania 2<\/title>\n<meta name=\"description\" content=\"Big Brother Albania 2 - Anjeza ka th\u00c3\u00abn\u00c3\u00ab se dita e saj fillon me vajtjen n\u00c3\u00ab shkoll\u00c3\u00ab, \u00c3\u00a7do dit\u00c3\u00ab n\u00c3\u00ab or\u00c3\u00abn tet\u00c3\u00ab. Pasi mbaronte m\u00c3\u00absimin, shkonte n\u00c3\u00ab parukerin\u00c3\u00ab ku punonte, pun\u00c3\u00ab t\u00c3\u00ab cil\u00c3\u00abn e linte diku rreth or\u00c3\u00abs dhjet\u00c3\u00ab t\u00c3\u00ab mbr\u00c3\u00abmjes.\" \/>\n<meta name=\"robots\" content=\"index, follow, max-snippet:-1, max-image-preview:large, max-video-preview:-1\" \/>\n<link rel=\"canonical\" href=\"https:\/\/www.visit-ulcinj.com\/blog\/2009\/03\/22\/anjeza-tregon-per-veten\/\" \/>\n<meta property=\"og:locale\" content=\"en_US\" \/>\n<meta property=\"og:type\" content=\"article\" \/>\n<meta property=\"og:title\" content=\"Anjeza tregon per veten | Big Brother Albania 2\" \/>\n<meta property=\"og:description\" content=\"Big Brother Albania 2 - Anjeza ka th\u00c3\u00abn\u00c3\u00ab se dita e saj fillon me vajtjen n\u00c3\u00ab shkoll\u00c3\u00ab, \u00c3\u00a7do dit\u00c3\u00ab n\u00c3\u00ab or\u00c3\u00abn tet\u00c3\u00ab. Pasi mbaronte m\u00c3\u00absimin, shkonte n\u00c3\u00ab parukerin\u00c3\u00ab ku punonte, pun\u00c3\u00ab t\u00c3\u00ab cil\u00c3\u00abn e linte diku rreth or\u00c3\u00abs dhjet\u00c3\u00ab t\u00c3\u00ab mbr\u00c3\u00abmjes.\" \/>\n<meta property=\"og:url\" content=\"https:\/\/www.visit-ulcinj.com\/blog\/2009\/03\/22\/anjeza-tregon-per-veten\/\" \/>\n<meta property=\"og:site_name\" content=\"Lajme nga Ulqini\" \/>\n<meta property=\"article:published_time\" content=\"2009-03-22T16:43:59+00:00\" \/>\n<meta property=\"og:image\" content=\"http:\/\/www.visit-ulcinj.com\/blog\/wp-content\/uploads\/2009\/03\/anjeza-tregon-per-veten.jpg\" \/>\n<meta name=\"twitter:label1\" content=\"Written by\" \/>\n\t<meta name=\"twitter:data1\" content=\"ulqini\" \/>\n\t<meta name=\"twitter:label2\" content=\"Est. reading time\" \/>\n\t<meta name=\"twitter:data2\" content=\"1 minute\" \/>\n<script type=\"application\/ld+json\" class=\"yoast-schema-graph\">{\"@context\":\"https:\/\/schema.org\",\"@graph\":[{\"@type\":\"WebSite\",\"@id\":\"https:\/\/www.visit-ulcinj.com\/blog\/#website\",\"url\":\"https:\/\/www.visit-ulcinj.com\/blog\/\",\"name\":\"Lajme nga Ulqini\",\"description\":\"Lajme,Vijesti,Ulqini,Ulqin,Crna Gora,Mali i Zi\",\"potentialAction\":[{\"@type\":\"SearchAction\",\"target\":{\"@type\":\"EntryPoint\",\"urlTemplate\":\"https:\/\/www.visit-ulcinj.com\/blog\/?s={search_term_string}\"},\"query-input\":\"required name=search_term_string\"}],\"inLanguage\":\"en-US\"},{\"@type\":\"ImageObject\",\"inLanguage\":\"en-US\",\"@id\":\"https:\/\/www.visit-ulcinj.com\/blog\/2009\/03\/22\/anjeza-tregon-per-veten\/#primaryimage\",\"url\":\"http:\/\/www.visit-ulcinj.com\/blog\/wp-content\/uploads\/2009\/03\/anjeza-tregon-per-veten.jpg\",\"contentUrl\":\"http:\/\/www.visit-ulcinj.com\/blog\/wp-content\/uploads\/2009\/03\/anjeza-tregon-per-veten.jpg\"},{\"@type\":\"WebPage\",\"@id\":\"https:\/\/www.visit-ulcinj.com\/blog\/2009\/03\/22\/anjeza-tregon-per-veten\/#webpage\",\"url\":\"https:\/\/www.visit-ulcinj.com\/blog\/2009\/03\/22\/anjeza-tregon-per-veten\/\",\"name\":\"Anjeza tregon per veten | Big Brother Albania 2\",\"isPartOf\":{\"@id\":\"https:\/\/www.visit-ulcinj.com\/blog\/#website\"},\"primaryImageOfPage\":{\"@id\":\"https:\/\/www.visit-ulcinj.com\/blog\/2009\/03\/22\/anjeza-tregon-per-veten\/#primaryimage\"},\"datePublished\":\"2009-03-22T16:43:59+00:00\",\"dateModified\":\"2009-03-22T16:43:59+00:00\",\"author\":{\"@id\":\"https:\/\/www.visit-ulcinj.com\/blog\/#\/schema\/person\/dcab619c614d3038751c63bc2aadc06d\"},\"description\":\"Big Brother Albania 2 - Anjeza ka th\u00c3\u00abn\u00c3\u00ab se dita e saj fillon me vajtjen n\u00c3\u00ab shkoll\u00c3\u00ab, \u00c3\u00a7do dit\u00c3\u00ab n\u00c3\u00ab or\u00c3\u00abn tet\u00c3\u00ab. Pasi mbaronte m\u00c3\u00absimin, shkonte n\u00c3\u00ab parukerin\u00c3\u00ab ku punonte, pun\u00c3\u00ab t\u00c3\u00ab cil\u00c3\u00abn e linte diku rreth or\u00c3\u00abs dhjet\u00c3\u00ab t\u00c3\u00ab mbr\u00c3\u00abmjes.\",\"breadcrumb\":{\"@id\":\"https:\/\/www.visit-ulcinj.com\/blog\/2009\/03\/22\/anjeza-tregon-per-veten\/#breadcrumb\"},\"inLanguage\":\"en-US\",\"potentialAction\":[{\"@type\":\"ReadAction\",\"target\":[\"https:\/\/www.visit-ulcinj.com\/blog\/2009\/03\/22\/anjeza-tregon-per-veten\/\"]}]},{\"@type\":\"BreadcrumbList\",\"@id\":\"https:\/\/www.visit-ulcinj.com\/blog\/2009\/03\/22\/anjeza-tregon-per-veten\/#breadcrumb\",\"itemListElement\":[{\"@type\":\"ListItem\",\"position\":1,\"name\":\"Anjeza tregon per veten\"}]},{\"@type\":\"Person\",\"@id\":\"https:\/\/www.visit-ulcinj.com\/blog\/#\/schema\/person\/dcab619c614d3038751c63bc2aadc06d\",\"name\":\"ulqini\",\"sameAs\":[\"http:\/\/www.visit-ulcinj.com\"],\"url\":\"https:\/\/www.visit-ulcinj.com\/blog\/author\/admin\/\"}]}<\/script>\n<!-- \/ Yoast SEO plugin. -->","yoast_head_json":{"title":"Anjeza tregon per veten | Big Brother Albania 2","description":"Big Brother Albania 2 - Anjeza ka th\u00c3\u00abn\u00c3\u00ab se dita e saj fillon me vajtjen n\u00c3\u00ab shkoll\u00c3\u00ab, \u00c3\u00a7do dit\u00c3\u00ab n\u00c3\u00ab or\u00c3\u00abn tet\u00c3\u00ab. Pasi mbaronte m\u00c3\u00absimin, shkonte n\u00c3\u00ab parukerin\u00c3\u00ab ku punonte, pun\u00c3\u00ab t\u00c3\u00ab cil\u00c3\u00abn e linte diku rreth or\u00c3\u00abs dhjet\u00c3\u00ab t\u00c3\u00ab mbr\u00c3\u00abmjes.","robots":{"index":"index","follow":"follow","max-snippet":"max-snippet:-1","max-image-preview":"max-image-preview:large","max-video-preview":"max-video-preview:-1"},"canonical":"https:\/\/www.visit-ulcinj.com\/blog\/2009\/03\/22\/anjeza-tregon-per-veten\/","og_locale":"en_US","og_type":"article","og_title":"Anjeza tregon per veten | Big Brother Albania 2","og_description":"Big Brother Albania 2 - Anjeza ka th\u00c3\u00abn\u00c3\u00ab se dita e saj fillon me vajtjen n\u00c3\u00ab shkoll\u00c3\u00ab, \u00c3\u00a7do dit\u00c3\u00ab n\u00c3\u00ab or\u00c3\u00abn tet\u00c3\u00ab. Pasi mbaronte m\u00c3\u00absimin, shkonte n\u00c3\u00ab parukerin\u00c3\u00ab ku punonte, pun\u00c3\u00ab t\u00c3\u00ab cil\u00c3\u00abn e linte diku rreth or\u00c3\u00abs dhjet\u00c3\u00ab t\u00c3\u00ab mbr\u00c3\u00abmjes.","og_url":"https:\/\/www.visit-ulcinj.com\/blog\/2009\/03\/22\/anjeza-tregon-per-veten\/","og_site_name":"Lajme nga Ulqini","article_published_time":"2009-03-22T16:43:59+00:00","og_image":[{"url":"http:\/\/www.visit-ulcinj.com\/blog\/wp-content\/uploads\/2009\/03\/anjeza-tregon-per-veten.jpg"}],"twitter_misc":{"Written by":"ulqini","Est. reading time":"1 minute"},"schema":{"@context":"https:\/\/schema.org","@graph":[{"@type":"WebSite","@id":"https:\/\/www.visit-ulcinj.com\/blog\/#website","url":"https:\/\/www.visit-ulcinj.com\/blog\/","name":"Lajme nga Ulqini","description":"Lajme,Vijesti,Ulqini,Ulqin,Crna Gora,Mali i Zi","potentialAction":[{"@type":"SearchAction","target":{"@type":"EntryPoint","urlTemplate":"https:\/\/www.visit-ulcinj.com\/blog\/?s={search_term_string}"},"query-input":"required name=search_term_string"}],"inLanguage":"en-US"},{"@type":"ImageObject","inLanguage":"en-US","@id":"https:\/\/www.visit-ulcinj.com\/blog\/2009\/03\/22\/anjeza-tregon-per-veten\/#primaryimage","url":"http:\/\/www.visit-ulcinj.com\/blog\/wp-content\/uploads\/2009\/03\/anjeza-tregon-per-veten.jpg","contentUrl":"http:\/\/www.visit-ulcinj.com\/blog\/wp-content\/uploads\/2009\/03\/anjeza-tregon-per-veten.jpg"},{"@type":"WebPage","@id":"https:\/\/www.visit-ulcinj.com\/blog\/2009\/03\/22\/anjeza-tregon-per-veten\/#webpage","url":"https:\/\/www.visit-ulcinj.com\/blog\/2009\/03\/22\/anjeza-tregon-per-veten\/","name":"Anjeza tregon per veten | Big Brother Albania 2","isPartOf":{"@id":"https:\/\/www.visit-ulcinj.com\/blog\/#website"},"primaryImageOfPage":{"@id":"https:\/\/www.visit-ulcinj.com\/blog\/2009\/03\/22\/anjeza-tregon-per-veten\/#primaryimage"},"datePublished":"2009-03-22T16:43:59+00:00","dateModified":"2009-03-22T16:43:59+00:00","author":{"@id":"https:\/\/www.visit-ulcinj.com\/blog\/#\/schema\/person\/dcab619c614d3038751c63bc2aadc06d"},"description":"Big Brother Albania 2 - Anjeza ka th\u00c3\u00abn\u00c3\u00ab se dita e saj fillon me vajtjen n\u00c3\u00ab shkoll\u00c3\u00ab, \u00c3\u00a7do dit\u00c3\u00ab n\u00c3\u00ab or\u00c3\u00abn tet\u00c3\u00ab. Pasi mbaronte m\u00c3\u00absimin, shkonte n\u00c3\u00ab parukerin\u00c3\u00ab ku punonte, pun\u00c3\u00ab t\u00c3\u00ab cil\u00c3\u00abn e linte diku rreth or\u00c3\u00abs dhjet\u00c3\u00ab t\u00c3\u00ab mbr\u00c3\u00abmjes.","breadcrumb":{"@id":"https:\/\/www.visit-ulcinj.com\/blog\/2009\/03\/22\/anjeza-tregon-per-veten\/#breadcrumb"},"inLanguage":"en-US","potentialAction":[{"@type":"ReadAction","target":["https:\/\/www.visit-ulcinj.com\/blog\/2009\/03\/22\/anjeza-tregon-per-veten\/"]}]},{"@type":"BreadcrumbList","@id":"https:\/\/www.visit-ulcinj.com\/blog\/2009\/03\/22\/anjeza-tregon-per-veten\/#breadcrumb","itemListElement":[{"@type":"ListItem","position":1,"name":"Anjeza tregon per veten"}]},{"@type":"Person","@id":"https:\/\/www.visit-ulcinj.com\/blog\/#\/schema\/person\/dcab619c614d3038751c63bc2aadc06d","name":"ulqini","sameAs":["http:\/\/www.visit-ulcinj.com"],"url":"https:\/\/www.visit-ulcinj.com\/blog\/author\/admin\/"}]}},"jetpack_featured_media_url":"","jetpack_sharing_enabled":true,"jetpack_shortlink":"https:\/\/wp.me\/pe6lTn-3Ye","_links":{"self":[{"href":"https:\/\/www.visit-ulcinj.com\/blog\/wp-json\/wp\/v2\/posts\/15266"}],"collection":[{"href":"https:\/\/www.visit-ulcinj.com\/blog\/wp-json\/wp\/v2\/posts"}],"about":[{"href":"https:\/\/www.visit-ulcinj.com\/blog\/wp-json\/wp\/v2\/types\/post"}],"author":[{"embeddable":true,"href":"https:\/\/www.visit-ulcinj.com\/blog\/wp-json\/wp\/v2\/users\/1"}],"replies":[{"embeddable":true,"href":"https:\/\/www.visit-ulcinj.com\/blog\/wp-json\/wp\/v2\/comments?post=15266"}],"version-history":[{"count":0,"href":"https:\/\/www.visit-ulcinj.com\/blog\/wp-json\/wp\/v2\/posts\/15266\/revisions"}],"wp:attachment":[{"href":"https:\/\/www.visit-ulcinj.com\/blog\/wp-json\/wp\/v2\/media?parent=15266"}],"wp:term":[{"taxonomy":"category","embeddable":true,"href":"https:\/\/www.visit-ulcinj.com\/blog\/wp-json\/wp\/v2\/categories?post=15266"},{"taxonomy":"post_tag","embeddable":true,"href":"https:\/\/www.visit-ulcinj.com\/blog\/wp-json\/wp\/v2\/tags?post=15266"}],"curies":[{"name":"wp","href":"https:\/\/api.w.org\/{rel}","templated":true}]}}