{"id":15275,"date":"2009-03-22T18:05:41","date_gmt":"2009-03-22T17:05:41","guid":{"rendered":"http:\/\/www.visit-ulcinj.com\/blog\/?p=15275"},"modified":"2009-03-22T18:13:58","modified_gmt":"2009-03-22T17:13:58","slug":"teuta-krasniqi-teuta-apo-saranda","status":"publish","type":"post","link":"https:\/\/www.visit-ulcinj.com\/blog\/2009\/03\/22\/teuta-krasniqi-teuta-apo-saranda\/","title":{"rendered":"Teuta Krasniqi: Teuta apo Saranda"},"content":{"rendered":"<div class=\"in_teksti\">\n<p><span style=\"text-decoration: underline;\"><strong>TEUTA NGA SARANDA!<\/strong><\/span><\/p>\n<p><strong>Teuta Krasniqi, ose sikurse jemi m\u00ebsuar ta identifikojm\u00eb me Saranda nga seria &#8220;Kafeneja jone&#8221;, k\u00ebtyre dit\u00ebve bie n\u00eb sy edhe p\u00ebr lukun e ri dhe disa risi. Ajo, tashm\u00eb ka nj\u00eb karrier\u00eb t\u00eb pasur n\u00eb sken\u00eb dhe n\u00eb film.<\/strong><\/p>\n<p><strong><\/strong><strong><em>Intervistoi: Gazmend Kajtazi<\/em><\/strong><\/p>\n<p><strong>T\u00eb kalojm\u00eb te jeta juaj artistike, te pjesa m\u00eb e bukur e vetes suaj. Ju vler\u00ebsojn\u00eb si vajz\u00eb me karakter, t\u00eb bukur dhe t\u00eb zgjuar. A ia keni pare hairin k\u00ebsaj?<\/strong><\/p>\n<p>Faleminderit p\u00ebr k\u00ebto fjal\u00eb. Njeriu duhet ta nd\u00ebrtoj\u00eb dhe zhvilloj veten n\u00eb m\u00ebnyr\u00eb t\u00eb duhur n\u00ebse do t\u2019ja sheh hairin vetes. Un\u00eb gjithmon\u00eb kam pasur k\u00ebrkesa t\u00eb m\u00ebdha nga vetja dhe kam punuar me shum\u00eb p\u00ebrkushtim q\u00eb t\u2019i realizoj ato q\u00eb nj\u00eb dit\u00eb si that\u00eb ju \u201ct\u2019ju shoh hairin\u201d, edhe pse un\u00eb ende nuk e konsideroj se kam arritur kulmin e karrier\u00ebs. Vazhdoj t\u00eb punoj me shum\u00eb vullnet e p\u00ebrkushtim p\u00ebr t\u2019i arritur caqet e d\u00ebshiruara.<\/p>\n<p>Nd\u00ebrsa sa i p\u00ebrket pamjes fizike, ajo nuk \u00ebsht\u00eb merite imja, sepse Zoti na ka krijuar dhe e t\u00ebra q\u00eb ne mund t\u00eb b\u00ebjm\u00eb, \u00ebsht\u00eb q\u00eb t\u00eb kujdesemi p\u00ebr t\u00eb, at\u00eb e b\u00ebj edhe un\u00eb, kujdesem p\u00ebr mir\u00ebqenien time.<\/p>\n<p><img loading=\"lazy\" src=\"http:\/\/www.telegrafi.com\/data\/image\/TeutaK2.jpg\" border=\"1\" alt=\"\" hspace=\"1\" vspace=\"1\" width=\"350\" height=\"515\" align=\"middle\" \/><\/p>\n<p><strong><span style=\"font-size: xx-small;\">Teuta Krasniqi, Foto: Bashkim Hasani<\/span><\/strong><\/p>\n<p><strong>\u00c7ka \u00ebsht\u00eb duke punuar Teuta, aktualisht?<\/strong><\/p>\n<p>Aktualisht jam shum\u00eb e angazhuar rreth projektit tim; s\u00eb shpejti publiku do t\u00eb ket\u00eb mund\u00ebsi ta shoh nj\u00eb emision t\u00eb ri n\u00eb RTK, i cili do t\u00eb ket\u00eb karakter humanitar. Poashtu kam filluar provat p\u00ebr nj\u00eb shfaqje, e cila do ta ket\u00eb premier\u00ebn nga fundi i k\u00ebtij muaji, e reja tjet\u00ebr \u00ebsht\u00eb se jam bashk\u00ebproducente e nj\u00eb seriali t\u00eb ri me titull \u201cSpitaliKS\u201d, i cili s\u00eb shpejti do t\u00eb filloj\u00eb t\u00eb transmetohet si dhe vazhdoj me provat dhe xhirimet p\u00ebr serialin \u201cKafeneja Jon\u00eb\u201d.<\/p>\n<p><strong>A prisni oferta t\u00eb reja? <\/strong><\/p>\n<p>Momentalisht edhe po t\u00eb kem oferta t\u00eb reja, qoft\u00eb p\u00ebr shfaqje qofte p\u00ebr emision, nuk do t\u00eb kem koh\u00eb p\u00ebr t\u00eb filluar ndonj\u00eb projekt t\u00eb ri, pa i mbaruar k\u00ebto q\u00eb i kam filluar.<\/p>\n<p><strong>\u00c7ka e shquan Teut\u00ebn. A do t\u00eb thot\u00eb se vet\u00eb emri Teut\u00eb iu ka b\u00ebr\u00eb q\u00eb t\u00eb ndiheni paksa mbret\u00ebrore? <\/strong><\/p>\n<p>Duke mos dashur t\u00eb hing\u00eblloj jo modeste, po e them q\u00eb ndihem si nj\u00eb p\u00ebrfaq\u00ebsuese e denj\u00eb p\u00ebr t\u00eb mbajtur k\u00ebt\u00eb em\u00ebr dhe nuk do ta nd\u00ebrroja me asnj\u00eb em\u00ebr n\u00eb bot\u00eb, edhe pse tek n\u00eb \u00ebsht\u00eb shum\u00eb i shpesht\u00eb. Emrin e kam mbret\u00ebror, madje edhe shenjen e horoskopit (luan) dhe domosdoshm\u00ebrisht k\u00ebto flasin di\u00e7ka edhe p\u00ebr tipin tim&#8230;hahaha&#8230;pak shaka sepse un\u00eb e \u00e7moj shum\u00eb modestin\u00eb te njer\u00ebzit dhe un\u00eb k\u00ebt\u00eb virtyt nuk do ta humb asnj\u00ebher\u00eb.<\/p>\n<p><strong>Keni deklaruar se e keni idol v\u00ebllain tuaj, Memlin, z\u00ebdh\u00ebn\u00ebsin e Qeveris\u00eb, a do t\u00eb thot\u00eb kjo se jeni af\u00ebr pushtetit?<\/strong><\/p>\n<p>Memlin e kam pasur gjithmon\u00eb si nj\u00eb model se si \u00ebsht\u00eb nj\u00eb njeri p\u00ebr s\u00eb mbari n\u00eb \u00e7do aspekt dhe se si me vullnet t\u00eb mir\u00eb e shum\u00eb pun\u00eb mund t\u00eb arrij\u00eb t\u2019i realizoj k\u00ebrkesat q\u00eb ka njeriu nga vetja. Memli n\u00eb syt\u00eb e mi \u00ebsht\u00eb v\u00eblla t\u00eb cilin e dua dhe e \u00e7moj shum\u00eb p\u00ebr vetit\u00eb e tij q\u00eb ka si njeri, krenohem me t\u00eb e natyrisht q\u00eb i \u00e7moj edhe arritjet e tij profesionale, por kjo, natyrisht, nuk ka t\u00eb b\u00ebj me at\u00eb q\u00eb thoni ju, \u201caf\u00ebr pushtetit\u201d.<\/p>\n<p><strong>A i lejohet artistit t\u00eb ket\u00eb preferenca politike? <\/strong><\/p>\n<p>T\u00eb gjith\u00eb ne, n\u00eb radh\u00eb t\u00eb par\u00eb jemi njer\u00ebz e pastaj artist\u00eb, doktor\u00eb apo \u00e7far\u00ebdo profesioni qoft\u00eb, k\u00ebshtu q\u00eb natyrisht q\u00eb u lejohet artist\u00ebve t\u00eb ken\u00eb preferenca politike, sepse n\u00eb fund t\u00eb fundit edhe ne jemi pjes\u00eb e shoq\u00ebris\u00eb dhe ballafaqohemi me p\u00ebrditshm\u00ebrin\u00eb e k\u00ebtij vendi. Madje artist\u00ebt mund t\u00eb kontribuojn\u00eb shum\u00eb n\u00eb promovimin dhe ngritjen e vlerave t\u00eb mir\u00ebfillta, madje qofshin ato t\u00eb lidhura direkt me politik\u00ebn e vendit.<\/p>\n<p><img loading=\"lazy\" src=\"http:\/\/www.telegrafi.com\/data\/image\/teutaK1.jpg\" border=\"1\" alt=\"\" hspace=\"1\" vspace=\"1\" width=\"350\" height=\"526\" align=\"middle\" \/><\/p>\n<p><strong><span style=\"font-size: xx-small;\">Teuta Krasniqi, Foto: Bashkim Hasani<\/span><\/strong><\/p>\n<p><strong>M\u00eb par\u00eb dhe babai juaj ishte n\u00eb parti dhe u t\u00ebrhoq, po ju mendoni t\u00eb b\u00ebni karrier\u00eb politike, apo vet\u00ebm artistike? <\/strong><\/p>\n<p>Un\u00eb mendoj q\u00eb kam trash\u00ebguar nga babi dashurin\u00eb p\u00ebr artin, politik\u00ebn nuk e shoh si karrier\u00eb timen. Un\u00eb dua t\u00eb b\u00ebj at\u00eb \u00e7far\u00eb dua dhe di ta b\u00ebj m\u00eb s\u00eb miri e k\u00ebtu b\u00ebn pjes\u00eb profesioni im si aktore dhe moderatore. Nuk e di \u00e7far\u00eb do t\u00eb sjell e ardhmja, por sinqerisht p\u00ebr politik\u00eb nuk ndjej dashuri.<\/p>\n<p><strong>Sa harxhoni p\u00ebr dukjen tuaj?<\/strong><\/p>\n<p>Harxhoj mjaft, un\u00eb konsideroj q\u00eb secili njeri duhet t\u00eb kujdeset p\u00ebr trupin e vet n\u00eb radh\u00eb t\u00eb par\u00eb n\u00eb aspektin sh\u00ebndet\u00ebsor dhe higjienik, kur k\u00ebto dyja jan\u00eb n\u00eb rregull, at\u00ebher\u00eb komoditeti \u00ebsht\u00eb evident, por kur ia shtojm\u00eb edhe \u201czbukurimin\u201d, gard\u00ebrob\u00ebn e d\u00ebshiruar, grimin e duhur, at\u00ebher\u00eb jemi t\u00eb kompletuar. Un\u00eb nuk e b\u00ebj veten \u201crob\u201d t\u00eb gard\u00ebrob\u00ebs ose takeve ose frizur\u00ebs vet\u00ebm e vet\u00ebm p\u00ebr t\u2019u dukur m\u00eb bukur, p\u00ebrkundrazi un\u00eb e kam t\u00eb r\u00ebnd\u00ebsish\u00ebm komoditetin, rehatin\u00eb me veten. Nga kjo rehati rrjedh edhe vet\u00ebbesimi.<\/p>\n<p><strong>A keni preferenca p\u00ebr ushqim?<\/strong><\/p>\n<p>Preferencat e mia jan\u00eb shum\u00eb ekstreme. E dua shum\u00eb ushqimin e detit dhe nj\u00ebkoh\u00ebsisht i dua shum\u00eb brum\u00ebrat. P\u00ebrndryshe \u00ebmb\u00eblsirat e ndryshme dhe \u00e7okollatat jane pjes\u00eb e p\u00ebrditshm\u00ebris\u00eb sime.<\/p>\n<p><strong>A keni koh\u00eb t\u00eb keni koh\u00eb? <\/strong><\/p>\n<p>Sa pyetje simpatike. Me t\u00eb gjitha obligimet q\u00eb kam, un\u00eb gjej edhe koh\u00eb t\u00eb lir\u00eb dhe at\u00eb koh\u00eb e kaloj me t\u00eb af\u00ebrmit e mi. Konsideroj veten si njeri familjar dhe mundohem q\u00eb ta ndaj jet\u00ebn private nga ajo profesionale n\u00eb m\u00ebnyr\u00eb q\u00eb asnj\u00ebra tjetr\u00ebs t\u00eb mos i b\u00ebjn\u00eb d\u00ebm, p\u00ebrkundrazi, gjithmon\u00eb kam pasur mb\u00ebshtetjen e plot\u00eb t\u00eb njer\u00ebzve t\u00eb dashur dhe p\u00ebr k\u00ebt\u00eb jam shum\u00eb fal\u00ebnderuese.<\/p>\n<p><img loading=\"lazy\" src=\"http:\/\/www.telegrafi.com\/data\/image\/TeutaK3.jpg\" border=\"1\" alt=\"\" hspace=\"1\" vspace=\"1\" width=\"350\" height=\"526\" align=\"middle\" \/><\/p>\n<p><strong><span style=\"font-size: xx-small;\">Teuta Krasniqi, Foto: Bashkim Hasani<\/span><\/strong><\/p>\n<p><strong>Jeni edhe pak besimtare, apo jo? <\/strong><\/p>\n<p>Besimi nuk ka nj\u00ebsi mat\u00ebse q\u00eb t\u00eb thuhet pak ose shum\u00eb. Askush p\u00ebr ask\u00ebnd nuk mund ta dij\u00eb sa beson, at\u00eb e di vet\u00ebm Zoti p\u00ebr secilin. Un\u00eb mendoj q\u00eb besimi t\u00eb jep nj\u00eb qet\u00ebsi shpirt\u00ebrore dhe e leht\u00ebson jet\u00ebn. Na b\u00ebn m\u00eb t\u00eb p\u00ebrgjegjsh\u00ebm dhe m\u00eb pak paragjykues. Thjeshte na b\u00ebn njer\u00ebz m\u00eb t\u00eb mir\u00eb.<\/p>\n<p><strong>\u00c7ka i porosisni t\u00eb rejat tona, si duhet t\u00eb sillen me rrethin dhe si duhet t\u00eb duken n\u00eb shoq\u00ebri?<\/strong><\/p>\n<p>Un\u00eb e kam nj\u00eb porosi, t\u00eb jen\u00eb origjinale, t\u00eb besojn\u00eb n\u00eb vlerat e tyre dhe t\u00eb punojn\u00eb n\u00eb m\u00ebnyr\u00ebn e duhur p\u00ebr t\u2019i realizuar q\u00ebllimet e tyre. T\u00eb k\u00ebrkojn\u00eb thell\u00eb vetes dhe ta nxjerrin m\u00eb t\u00eb mir\u00ebn nga vetja, sepse gj\u00ebrat sip\u00ebrfaq\u00ebsore sado t\u00eb bukura apo t\u00eb k\u00ebndshme t\u00eb jen\u00eb, kan\u00eb jet\u00eb t\u00eb shkurt\u00ebr.<\/p>\n<p><strong>Telegrafi<\/strong><\/p>\n<!--YouTube Error: bad URL entered--><\/div>\n","protected":false},"excerpt":{"rendered":"<p>TEUTA NGA SARANDA! Teuta Krasniqi, ose sikurse jemi m\u00ebsuar ta identifikojm\u00eb me Saranda nga seria &#8220;Kafeneja jone&#8221;, k\u00ebtyre dit\u00ebve bie n\u00eb sy edhe p\u00ebr lukun e ri dhe disa risi. Ajo, tashm\u00eb ka nj\u00eb karrier\u00eb t\u00eb pasur n\u00eb sken\u00eb dhe n\u00eb film. Intervistoi: Gazmend Kajtazi T\u00eb kalojm\u00eb te jeta juaj artistike, te pjesa m\u00eb e [&hellip;]<\/p>\n","protected":false},"author":1,"featured_media":0,"comment_status":"open","ping_status":"closed","sticky":false,"template":"","format":"standard","meta":{"spay_email":"","jetpack_publicize_message":"","jetpack_is_tweetstorm":false,"jetpack_publicize_feature_enabled":true},"categories":[1],"tags":[8297],"jetpack_publicize_connections":[],"yoast_head":"<!-- This site is optimized with the Yoast SEO plugin v19.1 - https:\/\/yoast.com\/wordpress\/plugins\/seo\/ -->\n<title>Teuta Krasniqi: Teuta apo Saranda - Lajme nga Ulqini<\/title>\n<meta name=\"description\" content=\"TEUTA NGA SARANDA! Teuta Krasniqi, ose sikurse jemi m\u00ebsuar ta identifikojm\u00eb me Saranda nga seria &quot;Kafeneja jone&quot;, k\u00ebtyre dit\u00ebve bie n\u00eb sy edhe p\u00ebr lukun e\" \/>\n<meta name=\"robots\" content=\"index, follow, max-snippet:-1, max-image-preview:large, max-video-preview:-1\" \/>\n<link rel=\"canonical\" href=\"https:\/\/www.visit-ulcinj.com\/blog\/2009\/03\/22\/teuta-krasniqi-teuta-apo-saranda\/\" \/>\n<meta property=\"og:locale\" content=\"en_US\" \/>\n<meta property=\"og:type\" content=\"article\" \/>\n<meta property=\"og:title\" content=\"Teuta Krasniqi: Teuta apo Saranda - Lajme nga Ulqini\" \/>\n<meta property=\"og:description\" content=\"TEUTA NGA SARANDA! Teuta Krasniqi, ose sikurse jemi m\u00ebsuar ta identifikojm\u00eb me Saranda nga seria &quot;Kafeneja jone&quot;, k\u00ebtyre dit\u00ebve bie n\u00eb sy edhe p\u00ebr lukun e\" \/>\n<meta property=\"og:url\" content=\"https:\/\/www.visit-ulcinj.com\/blog\/2009\/03\/22\/teuta-krasniqi-teuta-apo-saranda\/\" \/>\n<meta property=\"og:site_name\" content=\"Lajme nga Ulqini\" \/>\n<meta property=\"article:published_time\" content=\"2009-03-22T17:05:41+00:00\" \/>\n<meta property=\"article:modified_time\" content=\"2009-03-22T17:13:58+00:00\" \/>\n<meta property=\"og:image\" content=\"http:\/\/www.telegrafi.com\/data\/image\/TeutaK2.jpg\" \/>\n<meta name=\"twitter:label1\" content=\"Written by\" \/>\n\t<meta name=\"twitter:data1\" content=\"ulqini\" \/>\n\t<meta name=\"twitter:label2\" content=\"Est. reading time\" \/>\n\t<meta name=\"twitter:data2\" content=\"6 minutes\" \/>\n<script type=\"application\/ld+json\" class=\"yoast-schema-graph\">{\"@context\":\"https:\/\/schema.org\",\"@graph\":[{\"@type\":\"WebSite\",\"@id\":\"https:\/\/www.visit-ulcinj.com\/blog\/#website\",\"url\":\"https:\/\/www.visit-ulcinj.com\/blog\/\",\"name\":\"Lajme nga Ulqini\",\"description\":\"Lajme,Vijesti,Ulqini,Ulqin,Crna Gora,Mali i Zi\",\"potentialAction\":[{\"@type\":\"SearchAction\",\"target\":{\"@type\":\"EntryPoint\",\"urlTemplate\":\"https:\/\/www.visit-ulcinj.com\/blog\/?s={search_term_string}\"},\"query-input\":\"required name=search_term_string\"}],\"inLanguage\":\"en-US\"},{\"@type\":\"ImageObject\",\"inLanguage\":\"en-US\",\"@id\":\"https:\/\/www.visit-ulcinj.com\/blog\/2009\/03\/22\/teuta-krasniqi-teuta-apo-saranda\/#primaryimage\",\"url\":\"http:\/\/www.telegrafi.com\/data\/image\/TeutaK2.jpg\",\"contentUrl\":\"http:\/\/www.telegrafi.com\/data\/image\/TeutaK2.jpg\"},{\"@type\":\"WebPage\",\"@id\":\"https:\/\/www.visit-ulcinj.com\/blog\/2009\/03\/22\/teuta-krasniqi-teuta-apo-saranda\/#webpage\",\"url\":\"https:\/\/www.visit-ulcinj.com\/blog\/2009\/03\/22\/teuta-krasniqi-teuta-apo-saranda\/\",\"name\":\"Teuta Krasniqi: Teuta apo Saranda - Lajme nga Ulqini\",\"isPartOf\":{\"@id\":\"https:\/\/www.visit-ulcinj.com\/blog\/#website\"},\"primaryImageOfPage\":{\"@id\":\"https:\/\/www.visit-ulcinj.com\/blog\/2009\/03\/22\/teuta-krasniqi-teuta-apo-saranda\/#primaryimage\"},\"datePublished\":\"2009-03-22T17:05:41+00:00\",\"dateModified\":\"2009-03-22T17:13:58+00:00\",\"author\":{\"@id\":\"https:\/\/www.visit-ulcinj.com\/blog\/#\/schema\/person\/dcab619c614d3038751c63bc2aadc06d\"},\"description\":\"TEUTA NGA SARANDA! Teuta Krasniqi, ose sikurse jemi m\u00ebsuar ta identifikojm\u00eb me Saranda nga seria \\\"Kafeneja jone\\\", k\u00ebtyre dit\u00ebve bie n\u00eb sy edhe p\u00ebr lukun e\",\"breadcrumb\":{\"@id\":\"https:\/\/www.visit-ulcinj.com\/blog\/2009\/03\/22\/teuta-krasniqi-teuta-apo-saranda\/#breadcrumb\"},\"inLanguage\":\"en-US\",\"potentialAction\":[{\"@type\":\"ReadAction\",\"target\":[\"https:\/\/www.visit-ulcinj.com\/blog\/2009\/03\/22\/teuta-krasniqi-teuta-apo-saranda\/\"]}]},{\"@type\":\"BreadcrumbList\",\"@id\":\"https:\/\/www.visit-ulcinj.com\/blog\/2009\/03\/22\/teuta-krasniqi-teuta-apo-saranda\/#breadcrumb\",\"itemListElement\":[{\"@type\":\"ListItem\",\"position\":1,\"name\":\"Teuta Krasniqi: Teuta apo Saranda\"}]},{\"@type\":\"Person\",\"@id\":\"https:\/\/www.visit-ulcinj.com\/blog\/#\/schema\/person\/dcab619c614d3038751c63bc2aadc06d\",\"name\":\"ulqini\",\"sameAs\":[\"http:\/\/www.visit-ulcinj.com\"],\"url\":\"https:\/\/www.visit-ulcinj.com\/blog\/author\/admin\/\"}]}<\/script>\n<!-- \/ Yoast SEO plugin. -->","yoast_head_json":{"title":"Teuta Krasniqi: Teuta apo Saranda - Lajme nga Ulqini","description":"TEUTA NGA SARANDA! Teuta Krasniqi, ose sikurse jemi m\u00ebsuar ta identifikojm\u00eb me Saranda nga seria \"Kafeneja jone\", k\u00ebtyre dit\u00ebve bie n\u00eb sy edhe p\u00ebr lukun e","robots":{"index":"index","follow":"follow","max-snippet":"max-snippet:-1","max-image-preview":"max-image-preview:large","max-video-preview":"max-video-preview:-1"},"canonical":"https:\/\/www.visit-ulcinj.com\/blog\/2009\/03\/22\/teuta-krasniqi-teuta-apo-saranda\/","og_locale":"en_US","og_type":"article","og_title":"Teuta Krasniqi: Teuta apo Saranda - Lajme nga Ulqini","og_description":"TEUTA NGA SARANDA! Teuta Krasniqi, ose sikurse jemi m\u00ebsuar ta identifikojm\u00eb me Saranda nga seria \"Kafeneja jone\", k\u00ebtyre dit\u00ebve bie n\u00eb sy edhe p\u00ebr lukun e","og_url":"https:\/\/www.visit-ulcinj.com\/blog\/2009\/03\/22\/teuta-krasniqi-teuta-apo-saranda\/","og_site_name":"Lajme nga Ulqini","article_published_time":"2009-03-22T17:05:41+00:00","article_modified_time":"2009-03-22T17:13:58+00:00","og_image":[{"url":"http:\/\/www.telegrafi.com\/data\/image\/TeutaK2.jpg"}],"twitter_misc":{"Written by":"ulqini","Est. reading time":"6 minutes"},"schema":{"@context":"https:\/\/schema.org","@graph":[{"@type":"WebSite","@id":"https:\/\/www.visit-ulcinj.com\/blog\/#website","url":"https:\/\/www.visit-ulcinj.com\/blog\/","name":"Lajme nga Ulqini","description":"Lajme,Vijesti,Ulqini,Ulqin,Crna Gora,Mali i Zi","potentialAction":[{"@type":"SearchAction","target":{"@type":"EntryPoint","urlTemplate":"https:\/\/www.visit-ulcinj.com\/blog\/?s={search_term_string}"},"query-input":"required name=search_term_string"}],"inLanguage":"en-US"},{"@type":"ImageObject","inLanguage":"en-US","@id":"https:\/\/www.visit-ulcinj.com\/blog\/2009\/03\/22\/teuta-krasniqi-teuta-apo-saranda\/#primaryimage","url":"http:\/\/www.telegrafi.com\/data\/image\/TeutaK2.jpg","contentUrl":"http:\/\/www.telegrafi.com\/data\/image\/TeutaK2.jpg"},{"@type":"WebPage","@id":"https:\/\/www.visit-ulcinj.com\/blog\/2009\/03\/22\/teuta-krasniqi-teuta-apo-saranda\/#webpage","url":"https:\/\/www.visit-ulcinj.com\/blog\/2009\/03\/22\/teuta-krasniqi-teuta-apo-saranda\/","name":"Teuta Krasniqi: Teuta apo Saranda - Lajme nga Ulqini","isPartOf":{"@id":"https:\/\/www.visit-ulcinj.com\/blog\/#website"},"primaryImageOfPage":{"@id":"https:\/\/www.visit-ulcinj.com\/blog\/2009\/03\/22\/teuta-krasniqi-teuta-apo-saranda\/#primaryimage"},"datePublished":"2009-03-22T17:05:41+00:00","dateModified":"2009-03-22T17:13:58+00:00","author":{"@id":"https:\/\/www.visit-ulcinj.com\/blog\/#\/schema\/person\/dcab619c614d3038751c63bc2aadc06d"},"description":"TEUTA NGA SARANDA! Teuta Krasniqi, ose sikurse jemi m\u00ebsuar ta identifikojm\u00eb me Saranda nga seria \"Kafeneja jone\", k\u00ebtyre dit\u00ebve bie n\u00eb sy edhe p\u00ebr lukun e","breadcrumb":{"@id":"https:\/\/www.visit-ulcinj.com\/blog\/2009\/03\/22\/teuta-krasniqi-teuta-apo-saranda\/#breadcrumb"},"inLanguage":"en-US","potentialAction":[{"@type":"ReadAction","target":["https:\/\/www.visit-ulcinj.com\/blog\/2009\/03\/22\/teuta-krasniqi-teuta-apo-saranda\/"]}]},{"@type":"BreadcrumbList","@id":"https:\/\/www.visit-ulcinj.com\/blog\/2009\/03\/22\/teuta-krasniqi-teuta-apo-saranda\/#breadcrumb","itemListElement":[{"@type":"ListItem","position":1,"name":"Teuta Krasniqi: Teuta apo Saranda"}]},{"@type":"Person","@id":"https:\/\/www.visit-ulcinj.com\/blog\/#\/schema\/person\/dcab619c614d3038751c63bc2aadc06d","name":"ulqini","sameAs":["http:\/\/www.visit-ulcinj.com"],"url":"https:\/\/www.visit-ulcinj.com\/blog\/author\/admin\/"}]}},"jetpack_featured_media_url":"","jetpack_sharing_enabled":true,"jetpack_shortlink":"https:\/\/wp.me\/pe6lTn-3Yn","_links":{"self":[{"href":"https:\/\/www.visit-ulcinj.com\/blog\/wp-json\/wp\/v2\/posts\/15275"}],"collection":[{"href":"https:\/\/www.visit-ulcinj.com\/blog\/wp-json\/wp\/v2\/posts"}],"about":[{"href":"https:\/\/www.visit-ulcinj.com\/blog\/wp-json\/wp\/v2\/types\/post"}],"author":[{"embeddable":true,"href":"https:\/\/www.visit-ulcinj.com\/blog\/wp-json\/wp\/v2\/users\/1"}],"replies":[{"embeddable":true,"href":"https:\/\/www.visit-ulcinj.com\/blog\/wp-json\/wp\/v2\/comments?post=15275"}],"version-history":[{"count":0,"href":"https:\/\/www.visit-ulcinj.com\/blog\/wp-json\/wp\/v2\/posts\/15275\/revisions"}],"wp:attachment":[{"href":"https:\/\/www.visit-ulcinj.com\/blog\/wp-json\/wp\/v2\/media?parent=15275"}],"wp:term":[{"taxonomy":"category","embeddable":true,"href":"https:\/\/www.visit-ulcinj.com\/blog\/wp-json\/wp\/v2\/categories?post=15275"},{"taxonomy":"post_tag","embeddable":true,"href":"https:\/\/www.visit-ulcinj.com\/blog\/wp-json\/wp\/v2\/tags?post=15275"}],"curies":[{"name":"wp","href":"https:\/\/api.w.org\/{rel}","templated":true}]}}