{"id":15292,"date":"2009-03-22T18:26:19","date_gmt":"2009-03-22T17:26:19","guid":{"rendered":"http:\/\/www.visit-ulcinj.com\/blog\/?p=15292"},"modified":"2009-03-22T18:26:19","modified_gmt":"2009-03-22T17:26:19","slug":"skerda-mezini-bjordit-i-zbulohet-nje-moter-thashetheme","status":"publish","type":"post","link":"https:\/\/www.visit-ulcinj.com\/blog\/2009\/03\/22\/skerda-mezini-bjordit-i-zbulohet-nje-moter-thashetheme\/","title":{"rendered":"Skerda Mezini : Bjordit i zbulohet nj\u00eb mot\u00ebr &#8211; Thashetheme"},"content":{"rendered":"<p>\u00a0<\/p>\n<p><a href=\"http:\/\/www.visit-ulcinj.com\/blog\/wp-content\/uploads\/2009\/03\/skerda-dhe-bjordin.jpg\"><img loading=\"lazy\" class=\"alignleft size-full wp-image-15293\" title=\"skerda-dhe-bjordin-big-brother-albania-2\" src=\"http:\/\/www.visit-ulcinj.com\/blog\/wp-content\/uploads\/2009\/03\/skerda-dhe-bjordin.jpg\" alt=\"skerda-dhe-bjordin-big-brother-albania-2\" width=\"349\" height=\"289\" \/><\/a>Gjithnj\u00eb kur Antoneta Mezini, e j\u00ebma e Bjordit \u00ebsht\u00eb shfaqur n\u00eb ekran ka th\u00ebn\u00eb se Bjordin e ka \u2018drit\u00ebn e syrit\u201d, kjo ddhe p\u00ebr vet\u00eb faktin se Bjordi \u00ebsht\u00eb f\u00ebmija i vet\u00ebm q\u00eb ajo ka\u2026.por n\u00ebse \u201cg\u00ebrmon\u201d n\u00eb t\u00eb kaluar\u00ebn e Antonet\u00ebs, del q\u00eb nuk \u00ebsht\u00eb aspak e v\u00ebrtet\u00eb. Njer\u00ebz dhe miq t\u00eb asaj kohe flasin p\u00ebr Shekullin, disa nga detajet q\u00eb mbajn\u00eb mend p\u00ebr jet\u00ebn e Antonet\u00ebs.<\/p>\n<p>Ata tregojn\u00eb se n\u00eb vitin 1976- \u201877 babai i Bjordit, Bujar Mezini ka qen\u00eb i internuar n\u00eb fshatin Shetaj t\u00eb Ishmit, kjo \u00ebsht\u00eb dhe koha kur Neta njihet me Bujarin, pasi dhe Antoneta vet\u00eb ishte e internuar n\u00eb zon\u00ebn e Krevillit.<\/p>\n<p>T\u00eb gjith\u00eb sa mbajn\u00eb mend \u00e7ifitin n\u00eb at\u00eb koh\u00eb tregojn\u00eb se Antoneta ka pasur nj\u00eb vajz\u00eb t\u00eb vog\u00ebl n\u00eb at\u00eb koh\u00eb, e cila ka linur para viteve \u201876. madje po t\u00eb pyes\u00ebsh n\u00eb Durr\u00ebs t\u00eb gjith\u00eb e din\u00eb se Bjordi, tashm\u00eb i b\u00ebr\u00eb i famsh\u00ebm, ka nj\u00eb mot\u00ebr, t\u00eb cil\u00ebn e ka mot\u00ebr vet\u00ebm nga n\u00ebna, nd\u00ebrsa baballar\u00ebt i kan\u00eb t\u00eb ndrysh\u00ebm.<\/p>\n<p>Emri i motr\u00ebs s\u00eb Bjordit \u00ebsht\u00eb Skerda Papajorgji, t\u00eb gjith\u00eb n\u00eb Durr\u00ebs ta konfirmojn\u00eb k\u00ebt\u00eb fakt, nd\u00ebrsa emri i babait t\u00eb saj nuk dihet. Ne kemi siguruar dhe nj\u00eb foto t\u00eb Bjordit me Skerd\u00ebn dhe t\u00eb gjith\u00eb mund ta shihni vet\u00eb q\u00eb Skerda ka nj\u00eb ngjashm\u00ebri mbres\u00ebl\u00ebn\u00ebse me zonj\u00ebn Antoneta.<\/p>\n<p>Madje dhe p\u00ebrqafimi n\u00eb foto mes Bjordit dhe Skerd\u00ebs duket q\u00eb \u00ebsht\u00eb shum\u00eb miq\u00ebsor, shum\u00eb i dashur.<br \/>\nMosha e vajz\u00ebs nuk dihet me siguri, por n\u00eb vitet kur Bujar Mezini, babai i Bjordit dhe Antoneta ishin bashk\u00eb n\u00eb internim, pra vitet 1976, Skerda ka qen\u00eb f\u00ebmij\u00eb, pra ka lindur para k\u00ebtyre viteve dhe duhet t\u00eb jet\u00eb mbi 30 vje\u00e7 tani.<\/p>\n<p>Po t\u00eb pyes\u00ebsh n\u00eb Durr\u00ebs, t\u00eb gjith\u00eb jan\u00eb t\u00eb sigurt dhe pohojn\u00eb se ajo \u00ebsht\u00eb motra e Bjordit, por nuk din\u00eb t\u00eb thon\u00eb vendndodhjen e saj tani. Dihet q\u00eb p\u00ebr nj\u00eb koh\u00eb t\u00eb gjata vajza ka jetuar n\u00eb Gjermani, por tani nuk dihet vendndodhja.<br \/>\nT\u00eb dy bashk\u00ebshort\u00ebt ( n\u00eb at\u00eb koh\u00eb) jan\u00eb internuar p\u00ebr shkak se kishin pasur p\u00ebrb\u00ebrje politike \u201cme probleme\u201d . ata q\u00eb kan\u00eb njohur t\u00eb jatin e Bjordit, Bujar mezinin, tregojn\u00eb se ai ka qen\u00eb nj\u00eb burr\u00eb i fort\u00eb, me karakter dhe q\u00eb punonte shum\u00eb, incidentet q\u00eb ai shkaktonte ishin p\u00ebr shkak t\u00eb pijes, k\u00ebt\u00eb fakt e ka konfirmuar dhe vet\u00eb zonja Antoneta n\u00eb nj\u00eb nga spektaklet eBB.<\/p>\n<p>Miqt\u00eb e tij n\u00eb at\u00eb koh\u00eb tregpojn\u00eb se babai i Bjordit ka shkruar shum\u00eb poezi, madje poezit\u00eb kan\u00eb qen\u00eb mjaft t\u00eb bukura dhe cil\u00ebsore.<\/p>\n<p>Kjo n\u00eb fakt \u00ebsht\u00eb leht\u00ebsisht e besueshme po t\u00eb sjell\u00ebsh nd\u00ebrmend tekstin e letr\u00ebs q\u00eb ai i kishte \u00e7uar Bjordit. Teksti i letr\u00ebs ishte i thurur aq bukur, saq\u00eb shum\u00eb n jer\u00ebz habiteshin se si kishte mundur ai t\u00eb shkruante nj\u00eb let\u00ebr aq t\u00eb ndier.<\/p>\n<p>Ndoshta dhe aft\u00ebsit\u00eb prej artisti q\u00eb i kan\u00eb atribuuar Bjordit dhe me t\u00eb cilat b\u00ebn shou n\u00eb sht\u00ebpin\u00eb e BB i ka trash\u00ebguar nga i ati. Zonja Antoneta \u00ebsht\u00eb e sigurt q\u00eb Bjordi sapo t\u00eb dali nga sht\u00ebpia do k\u00ebrkoj\u00eb me patjet\u00ebr t\u00eb njoh\u00eb t\u00eb atin, t\u00eb munguar tashm\u00eb prej 20 vjet\u00ebsh.<br \/>\nNd\u00ebrsa p\u00ebrs\u00eb nuk ka dashur t\u00eb flasi p\u00ebr vajz\u00ebn e saj dhe p\u00ebrs\u00eb Bjrodi nuk e ka p\u00ebrmendur asnj\u00ebher\u00eb faktin q\u00eb ka nj\u00eb mot\u00ebr t\u00eb madhe k\u00ebt\u00eb nuk e dim\u00eb.<\/p>\n","protected":false},"excerpt":{"rendered":"<p>\u00a0 Gjithnj\u00eb kur Antoneta Mezini, e j\u00ebma e Bjordit \u00ebsht\u00eb shfaqur n\u00eb ekran ka th\u00ebn\u00eb se Bjordin e ka \u2018drit\u00ebn e syrit\u201d, kjo ddhe p\u00ebr vet\u00eb faktin se Bjordi \u00ebsht\u00eb f\u00ebmija i vet\u00ebm q\u00eb ajo ka\u2026.por n\u00ebse \u201cg\u00ebrmon\u201d n\u00eb t\u00eb kaluar\u00ebn e Antonet\u00ebs, del q\u00eb nuk \u00ebsht\u00eb aspak e v\u00ebrtet\u00eb. Njer\u00ebz dhe miq t\u00eb asaj [&hellip;]<\/p>\n","protected":false},"author":1,"featured_media":0,"comment_status":"open","ping_status":"closed","sticky":false,"template":"","format":"standard","meta":{"spay_email":"","jetpack_publicize_message":"","jetpack_is_tweetstorm":false,"jetpack_publicize_feature_enabled":true},"categories":[6502],"tags":[8300,5057,6506,6516,6712,7129,8298,7292,8301,6891,6693,6887,8299],"jetpack_publicize_connections":[],"yoast_head":"<!-- This site is optimized with the Yoast SEO plugin v19.1 - https:\/\/yoast.com\/wordpress\/plugins\/seo\/ -->\n<title>Skerda Mezini : Bjordit i zbulohet nj\u00c3\u00ab mot\u00c3\u00abr - Thashetheme<\/title>\n<meta name=\"description\" content=\"Big Brother Albania 2- Skerda Mezini - Gjithnj\u00c3\u00ab kur Antoneta Mezini, e j\u00c3\u00abma e Bjordit \u00c3\u00absht\u00c3\u00ab shfaqur n\u00c3\u00ab ekran ka th\u00c3\u00abn\u00c3\u00ab se Bjordin e ka \u00e2\u20ac\u02dcdrit\u00c3\u00abn e syrit\u00e2\u20ac\u009d, kjo ddhe p\u00c3\u00abr vet\u00c3\u00ab faktin se Bjordi \u00c3\u00absht\u00c3\u00ab f\u00c3\u00abmija i vet\u00c3\u00abm q\u00c3\u00ab ajo k\" \/>\n<meta name=\"robots\" content=\"index, follow, max-snippet:-1, max-image-preview:large, max-video-preview:-1\" \/>\n<link rel=\"canonical\" href=\"https:\/\/www.visit-ulcinj.com\/blog\/2009\/03\/22\/skerda-mezini-bjordit-i-zbulohet-nje-moter-thashetheme\/\" \/>\n<meta property=\"og:locale\" content=\"en_US\" \/>\n<meta property=\"og:type\" content=\"article\" \/>\n<meta property=\"og:title\" content=\"Skerda Mezini : Bjordit i zbulohet nj\u00c3\u00ab mot\u00c3\u00abr - Thashetheme\" \/>\n<meta property=\"og:description\" content=\"Big Brother Albania 2- Skerda Mezini - Gjithnj\u00c3\u00ab kur Antoneta Mezini, e j\u00c3\u00abma e Bjordit \u00c3\u00absht\u00c3\u00ab shfaqur n\u00c3\u00ab ekran ka th\u00c3\u00abn\u00c3\u00ab se Bjordin e ka \u00e2\u20ac\u02dcdrit\u00c3\u00abn e syrit\u00e2\u20ac\u009d, kjo ddhe p\u00c3\u00abr vet\u00c3\u00ab faktin se Bjordi \u00c3\u00absht\u00c3\u00ab f\u00c3\u00abmija i vet\u00c3\u00abm q\u00c3\u00ab ajo k\" \/>\n<meta property=\"og:url\" content=\"https:\/\/www.visit-ulcinj.com\/blog\/2009\/03\/22\/skerda-mezini-bjordit-i-zbulohet-nje-moter-thashetheme\/\" \/>\n<meta property=\"og:site_name\" content=\"Lajme nga Ulqini\" \/>\n<meta property=\"article:published_time\" content=\"2009-03-22T17:26:19+00:00\" \/>\n<meta property=\"og:image\" content=\"http:\/\/www.visit-ulcinj.com\/blog\/wp-content\/uploads\/2009\/03\/skerda-dhe-bjordin.jpg\" \/>\n<meta name=\"twitter:label1\" content=\"Written by\" \/>\n\t<meta name=\"twitter:data1\" content=\"ulqini\" \/>\n\t<meta name=\"twitter:label2\" content=\"Est. reading time\" \/>\n\t<meta name=\"twitter:data2\" content=\"3 minutes\" \/>\n<script type=\"application\/ld+json\" class=\"yoast-schema-graph\">{\"@context\":\"https:\/\/schema.org\",\"@graph\":[{\"@type\":\"WebSite\",\"@id\":\"https:\/\/www.visit-ulcinj.com\/blog\/#website\",\"url\":\"https:\/\/www.visit-ulcinj.com\/blog\/\",\"name\":\"Lajme nga Ulqini\",\"description\":\"Lajme,Vijesti,Ulqini,Ulqin,Crna Gora,Mali i Zi\",\"potentialAction\":[{\"@type\":\"SearchAction\",\"target\":{\"@type\":\"EntryPoint\",\"urlTemplate\":\"https:\/\/www.visit-ulcinj.com\/blog\/?s={search_term_string}\"},\"query-input\":\"required name=search_term_string\"}],\"inLanguage\":\"en-US\"},{\"@type\":\"ImageObject\",\"inLanguage\":\"en-US\",\"@id\":\"https:\/\/www.visit-ulcinj.com\/blog\/2009\/03\/22\/skerda-mezini-bjordit-i-zbulohet-nje-moter-thashetheme\/#primaryimage\",\"url\":\"http:\/\/www.visit-ulcinj.com\/blog\/wp-content\/uploads\/2009\/03\/skerda-dhe-bjordin.jpg\",\"contentUrl\":\"http:\/\/www.visit-ulcinj.com\/blog\/wp-content\/uploads\/2009\/03\/skerda-dhe-bjordin.jpg\"},{\"@type\":\"WebPage\",\"@id\":\"https:\/\/www.visit-ulcinj.com\/blog\/2009\/03\/22\/skerda-mezini-bjordit-i-zbulohet-nje-moter-thashetheme\/#webpage\",\"url\":\"https:\/\/www.visit-ulcinj.com\/blog\/2009\/03\/22\/skerda-mezini-bjordit-i-zbulohet-nje-moter-thashetheme\/\",\"name\":\"Skerda Mezini : Bjordit i zbulohet nj\u00c3\u00ab mot\u00c3\u00abr - Thashetheme\",\"isPartOf\":{\"@id\":\"https:\/\/www.visit-ulcinj.com\/blog\/#website\"},\"primaryImageOfPage\":{\"@id\":\"https:\/\/www.visit-ulcinj.com\/blog\/2009\/03\/22\/skerda-mezini-bjordit-i-zbulohet-nje-moter-thashetheme\/#primaryimage\"},\"datePublished\":\"2009-03-22T17:26:19+00:00\",\"dateModified\":\"2009-03-22T17:26:19+00:00\",\"author\":{\"@id\":\"https:\/\/www.visit-ulcinj.com\/blog\/#\/schema\/person\/dcab619c614d3038751c63bc2aadc06d\"},\"description\":\"Big Brother Albania 2- Skerda Mezini - Gjithnj\u00c3\u00ab kur Antoneta Mezini, e j\u00c3\u00abma e Bjordit \u00c3\u00absht\u00c3\u00ab shfaqur n\u00c3\u00ab ekran ka th\u00c3\u00abn\u00c3\u00ab se Bjordin e ka \u00e2\u20ac\u02dcdrit\u00c3\u00abn e syrit\u00e2\u20ac\u009d, kjo ddhe p\u00c3\u00abr vet\u00c3\u00ab faktin se Bjordi \u00c3\u00absht\u00c3\u00ab f\u00c3\u00abmija i vet\u00c3\u00abm q\u00c3\u00ab ajo k\",\"breadcrumb\":{\"@id\":\"https:\/\/www.visit-ulcinj.com\/blog\/2009\/03\/22\/skerda-mezini-bjordit-i-zbulohet-nje-moter-thashetheme\/#breadcrumb\"},\"inLanguage\":\"en-US\",\"potentialAction\":[{\"@type\":\"ReadAction\",\"target\":[\"https:\/\/www.visit-ulcinj.com\/blog\/2009\/03\/22\/skerda-mezini-bjordit-i-zbulohet-nje-moter-thashetheme\/\"]}]},{\"@type\":\"BreadcrumbList\",\"@id\":\"https:\/\/www.visit-ulcinj.com\/blog\/2009\/03\/22\/skerda-mezini-bjordit-i-zbulohet-nje-moter-thashetheme\/#breadcrumb\",\"itemListElement\":[{\"@type\":\"ListItem\",\"position\":1,\"name\":\"Skerda Mezini : Bjordit i zbulohet nj\u00eb mot\u00ebr &#8211; Thashetheme\"}]},{\"@type\":\"Person\",\"@id\":\"https:\/\/www.visit-ulcinj.com\/blog\/#\/schema\/person\/dcab619c614d3038751c63bc2aadc06d\",\"name\":\"ulqini\",\"sameAs\":[\"http:\/\/www.visit-ulcinj.com\"],\"url\":\"https:\/\/www.visit-ulcinj.com\/blog\/author\/admin\/\"}]}<\/script>\n<!-- \/ Yoast SEO plugin. -->","yoast_head_json":{"title":"Skerda Mezini : Bjordit i zbulohet nj\u00c3\u00ab mot\u00c3\u00abr - Thashetheme","description":"Big Brother Albania 2- Skerda Mezini - Gjithnj\u00c3\u00ab kur Antoneta Mezini, e j\u00c3\u00abma e Bjordit \u00c3\u00absht\u00c3\u00ab shfaqur n\u00c3\u00ab ekran ka th\u00c3\u00abn\u00c3\u00ab se Bjordin e ka \u00e2\u20ac\u02dcdrit\u00c3\u00abn e syrit\u00e2\u20ac\u009d, kjo ddhe p\u00c3\u00abr vet\u00c3\u00ab faktin se Bjordi \u00c3\u00absht\u00c3\u00ab f\u00c3\u00abmija i vet\u00c3\u00abm q\u00c3\u00ab ajo k","robots":{"index":"index","follow":"follow","max-snippet":"max-snippet:-1","max-image-preview":"max-image-preview:large","max-video-preview":"max-video-preview:-1"},"canonical":"https:\/\/www.visit-ulcinj.com\/blog\/2009\/03\/22\/skerda-mezini-bjordit-i-zbulohet-nje-moter-thashetheme\/","og_locale":"en_US","og_type":"article","og_title":"Skerda Mezini : Bjordit i zbulohet nj\u00c3\u00ab mot\u00c3\u00abr - Thashetheme","og_description":"Big Brother Albania 2- Skerda Mezini - Gjithnj\u00c3\u00ab kur Antoneta Mezini, e j\u00c3\u00abma e Bjordit \u00c3\u00absht\u00c3\u00ab shfaqur n\u00c3\u00ab ekran ka th\u00c3\u00abn\u00c3\u00ab se Bjordin e ka \u00e2\u20ac\u02dcdrit\u00c3\u00abn e syrit\u00e2\u20ac\u009d, kjo ddhe p\u00c3\u00abr vet\u00c3\u00ab faktin se Bjordi \u00c3\u00absht\u00c3\u00ab f\u00c3\u00abmija i vet\u00c3\u00abm q\u00c3\u00ab ajo k","og_url":"https:\/\/www.visit-ulcinj.com\/blog\/2009\/03\/22\/skerda-mezini-bjordit-i-zbulohet-nje-moter-thashetheme\/","og_site_name":"Lajme nga Ulqini","article_published_time":"2009-03-22T17:26:19+00:00","og_image":[{"url":"http:\/\/www.visit-ulcinj.com\/blog\/wp-content\/uploads\/2009\/03\/skerda-dhe-bjordin.jpg"}],"twitter_misc":{"Written by":"ulqini","Est. reading time":"3 minutes"},"schema":{"@context":"https:\/\/schema.org","@graph":[{"@type":"WebSite","@id":"https:\/\/www.visit-ulcinj.com\/blog\/#website","url":"https:\/\/www.visit-ulcinj.com\/blog\/","name":"Lajme nga Ulqini","description":"Lajme,Vijesti,Ulqini,Ulqin,Crna Gora,Mali i Zi","potentialAction":[{"@type":"SearchAction","target":{"@type":"EntryPoint","urlTemplate":"https:\/\/www.visit-ulcinj.com\/blog\/?s={search_term_string}"},"query-input":"required name=search_term_string"}],"inLanguage":"en-US"},{"@type":"ImageObject","inLanguage":"en-US","@id":"https:\/\/www.visit-ulcinj.com\/blog\/2009\/03\/22\/skerda-mezini-bjordit-i-zbulohet-nje-moter-thashetheme\/#primaryimage","url":"http:\/\/www.visit-ulcinj.com\/blog\/wp-content\/uploads\/2009\/03\/skerda-dhe-bjordin.jpg","contentUrl":"http:\/\/www.visit-ulcinj.com\/blog\/wp-content\/uploads\/2009\/03\/skerda-dhe-bjordin.jpg"},{"@type":"WebPage","@id":"https:\/\/www.visit-ulcinj.com\/blog\/2009\/03\/22\/skerda-mezini-bjordit-i-zbulohet-nje-moter-thashetheme\/#webpage","url":"https:\/\/www.visit-ulcinj.com\/blog\/2009\/03\/22\/skerda-mezini-bjordit-i-zbulohet-nje-moter-thashetheme\/","name":"Skerda Mezini : Bjordit i zbulohet nj\u00c3\u00ab mot\u00c3\u00abr - Thashetheme","isPartOf":{"@id":"https:\/\/www.visit-ulcinj.com\/blog\/#website"},"primaryImageOfPage":{"@id":"https:\/\/www.visit-ulcinj.com\/blog\/2009\/03\/22\/skerda-mezini-bjordit-i-zbulohet-nje-moter-thashetheme\/#primaryimage"},"datePublished":"2009-03-22T17:26:19+00:00","dateModified":"2009-03-22T17:26:19+00:00","author":{"@id":"https:\/\/www.visit-ulcinj.com\/blog\/#\/schema\/person\/dcab619c614d3038751c63bc2aadc06d"},"description":"Big Brother Albania 2- Skerda Mezini - Gjithnj\u00c3\u00ab kur Antoneta Mezini, e j\u00c3\u00abma e Bjordit \u00c3\u00absht\u00c3\u00ab shfaqur n\u00c3\u00ab ekran ka th\u00c3\u00abn\u00c3\u00ab se Bjordin e ka \u00e2\u20ac\u02dcdrit\u00c3\u00abn e syrit\u00e2\u20ac\u009d, kjo ddhe p\u00c3\u00abr vet\u00c3\u00ab faktin se Bjordi \u00c3\u00absht\u00c3\u00ab f\u00c3\u00abmija i vet\u00c3\u00abm q\u00c3\u00ab ajo k","breadcrumb":{"@id":"https:\/\/www.visit-ulcinj.com\/blog\/2009\/03\/22\/skerda-mezini-bjordit-i-zbulohet-nje-moter-thashetheme\/#breadcrumb"},"inLanguage":"en-US","potentialAction":[{"@type":"ReadAction","target":["https:\/\/www.visit-ulcinj.com\/blog\/2009\/03\/22\/skerda-mezini-bjordit-i-zbulohet-nje-moter-thashetheme\/"]}]},{"@type":"BreadcrumbList","@id":"https:\/\/www.visit-ulcinj.com\/blog\/2009\/03\/22\/skerda-mezini-bjordit-i-zbulohet-nje-moter-thashetheme\/#breadcrumb","itemListElement":[{"@type":"ListItem","position":1,"name":"Skerda Mezini : Bjordit i zbulohet nj\u00eb mot\u00ebr &#8211; Thashetheme"}]},{"@type":"Person","@id":"https:\/\/www.visit-ulcinj.com\/blog\/#\/schema\/person\/dcab619c614d3038751c63bc2aadc06d","name":"ulqini","sameAs":["http:\/\/www.visit-ulcinj.com"],"url":"https:\/\/www.visit-ulcinj.com\/blog\/author\/admin\/"}]}},"jetpack_featured_media_url":"","jetpack_sharing_enabled":true,"jetpack_shortlink":"https:\/\/wp.me\/pe6lTn-3YE","_links":{"self":[{"href":"https:\/\/www.visit-ulcinj.com\/blog\/wp-json\/wp\/v2\/posts\/15292"}],"collection":[{"href":"https:\/\/www.visit-ulcinj.com\/blog\/wp-json\/wp\/v2\/posts"}],"about":[{"href":"https:\/\/www.visit-ulcinj.com\/blog\/wp-json\/wp\/v2\/types\/post"}],"author":[{"embeddable":true,"href":"https:\/\/www.visit-ulcinj.com\/blog\/wp-json\/wp\/v2\/users\/1"}],"replies":[{"embeddable":true,"href":"https:\/\/www.visit-ulcinj.com\/blog\/wp-json\/wp\/v2\/comments?post=15292"}],"version-history":[{"count":0,"href":"https:\/\/www.visit-ulcinj.com\/blog\/wp-json\/wp\/v2\/posts\/15292\/revisions"}],"wp:attachment":[{"href":"https:\/\/www.visit-ulcinj.com\/blog\/wp-json\/wp\/v2\/media?parent=15292"}],"wp:term":[{"taxonomy":"category","embeddable":true,"href":"https:\/\/www.visit-ulcinj.com\/blog\/wp-json\/wp\/v2\/categories?post=15292"},{"taxonomy":"post_tag","embeddable":true,"href":"https:\/\/www.visit-ulcinj.com\/blog\/wp-json\/wp\/v2\/tags?post=15292"}],"curies":[{"name":"wp","href":"https:\/\/api.w.org\/{rel}","templated":true}]}}