{"id":1530,"date":"2008-05-11T02:34:29","date_gmt":"2008-05-11T07:34:29","guid":{"rendered":"http:\/\/www.visit-ulcinj.com\/blog\/?p=1530"},"modified":"2008-05-19T00:14:54","modified_gmt":"2008-05-19T05:14:54","slug":"ndertimi-i-ashensorin-liftit-ne-kala","status":"publish","type":"post","link":"https:\/\/www.visit-ulcinj.com\/blog\/2008\/05\/11\/ndertimi-i-ashensorin-liftit-ne-kala\/","title":{"rendered":"Nd\u00ebrtimi i Ashensorin (Liftit) ne Kala"},"content":{"rendered":"<p><img loading=\"lazy\" class=\"alignleft\" style=\"float: left;\" src=\"http:\/\/forcaere.org\/images\/stories\/LIFT.jpg\" alt=\"nd\u00ebrtimi i ashensorit ne kala te ulqinit\" width=\"336\" height=\"443\" \/>N\u00eb mbledhjen e K\u00ebshillit qendror t\u00eb Forc\u00ebs s\u00eb re demokratike, nd\u00ebr t\u00eb tjerat u diskutua dhe \u00e7\u00ebshtja e nd\u00ebrtimit t\u00eb ashensorit ( liftit ) n\u00ebn Kala, dhe u p\u00ebrfundua:<br \/>\nKalaja si nj\u00ebri prej simboleve t\u00eb fundit ( deri m\u00eb tani relativisht mir\u00eb t\u00eb mbrojtur ) q\u00eb tregojn\u00eb mbi lasht\u00ebsin\u00eb dhe historin\u00eb ton\u00eb, \u00ebsht\u00eb sh\u00ebndruar n\u00eb nj\u00eb punishte pa leje dhe pa kontroll. Si duket kaosi urbanistik e ka gjetur m\u00ebnyr\u00ebn me te keqe t\u2019i hakmerret qytetit. At\u00eb po e b\u00ebn p\u00ebrmes gropimeve te themeleve, shkat\u00ebrrimit te shk\u00ebmbinjve , nd\u00ebrtimit t\u00eb ashensor\u00ebve (liftave) dhe at\u00eb n\u00eb vende te zgjedhura sipas \u2018d\u00ebshirave\u201d dhe preferncave t\u00eb investitor\u00ebve.<br \/>\nAshensori (lifti) ndoshta paraqet nj\u00eb shembull tipik se si administrata lokale po sillet me qytetin , por \u00ebsht\u00eb edhe tregues i mir\u00eb se si Enti p\u00ebr mbrojtjen e monumneteve kulturo-historike nga Cetina po i \u201cmbron\u201d k\u00ebto monumente. Pra, p\u00ebr disa muaj t\u00eb intervenimeve n\u00eb Kala, ky Ent shtet\u00ebror nuk e ka gjet\u00eb t\u00eb arsyeshme t\u00eb paraqitet z\u00ebrtarisht dhe publikisht, s\u00eb paku me nj\u00eb shkrim lidhur me nd\u00ebrtimet n\u00eb qytetin e vjet\u00ebr.Ideja p\u00ebr nd\u00ebrtimin e ashensorit (liftit) po arsyetohet me q\u00ebllimin p\u00ebr revitalizimin e Qytetit t\u00eb Vjet\u00ebr. Mir\u00ebpo, revitalizimi e hup kuptimin e vet kur ai ushtron atak direkt n\u00eb integritetin arkitektonik dhe historik t\u00eb Kalas\u00eb. Pozicioni tejet agresiv dhe pamja e pap\u00ebrshtaur e ashensorit pa dyshim d\u00ebmtojn\u00eb dhe e sh\u00ebmtojn\u00eb k\u00ebt\u00eb monument.<br \/>\nFakti se nd\u00ebrtimi i ashensor\u00ebve t\u00eb till\u00eb n\u00eb Bot\u00eb \u00ebsht\u00eb shum\u00eb i rral\u00eb dhe b\u00ebhet vet\u00ebm n\u00eb raste specifike dhe me konfigurime modeste, tregon qart se nd\u00ebrtimi i nj\u00eb \u201ckrijese\u201d t\u00eb till\u00eb n\u00eb ball\u00eb t\u00eb panoram\u00ebs jugore t\u00eb Kalas\u00eb mund t\u00eb ket\u00eb p\u00ebr pasoj\u00eb vetem sh\u00ebmtimin, ndoshta edhe q\u00ebllimkeq, t\u00eb ketij\u00eb monumenti.<br \/>\nMonumenti m\u00eb i vjet\u00ebr kulturo-historik n\u00eb territorin e malit t\u00eb Zi, n\u00eb vend q\u00eb t\u00eb p\u00ebrgaditet t\u00eb konkuroj\u00eb p\u00ebr rradhitje nd\u00ebr objektet e mbrojtura nga UNESCO, me k\u00ebt\u00eb sh\u00ebmtim definitivisht i shlyn\u00eb shpresat dhe mund\u00ebsin\u00eb p\u00ebr k\u00ebt\u00eb.<br \/>\nQytetar\u00ebt e Ulqinit jan\u00eb t\u00eb indinjuar me faktin e nd\u00ebrmarrjes s\u00eb nj\u00eb nd\u00ebrtimi i cili p\u00ebr pasojat engative q\u00eb do ti shkaktoj\u00eb, duhet ta brej\u00eb edhe nd\u00ebrgjegjen e investitorit i cili vendosi ti\u2019a nis nd\u00ebrtimin pa studimet dhe lejet e nevojshme. Gjithashtu, p\u00ebr fat t\u00eb keq, mungon edhe reagimi adekuat qytetar dhe profesional i funkcioner\u00ebve kompetent lokal.<br \/>\n<strong>Forca e re demokratike<br \/>\nSh\u00ebrbimi informativ<\/strong><\/p>\n<!--YouTube Error: bad URL entered-->\n","protected":false},"excerpt":{"rendered":"<p><img loading=\"lazy\" class=\"alignleft\" style=\"float: left;\" src=\"http:\/\/forcaere.org\/images\/stories\/LIFT.jpg\" alt=\"nd\u00ebrtimi i ashensorit ne kala te ulqinit\" width=\"140\" height=\"140\" \/><\/p>\n","protected":false},"author":1,"featured_media":0,"comment_status":"open","ping_status":"closed","sticky":false,"template":"","format":"standard","meta":{"spay_email":"","jetpack_publicize_message":"","jetpack_is_tweetstorm":false,"jetpack_publicize_feature_enabled":true},"categories":[1,12],"tags":[309,18,307],"jetpack_publicize_connections":[],"yoast_head":"<!-- This site is optimized with the Yoast SEO plugin v19.1 - https:\/\/yoast.com\/wordpress\/plugins\/seo\/ -->\n<title>Nd\u00ebrtimi i Ashensorin (Liftit) ne Kala - Lajme nga Ulqini<\/title>\n<meta name=\"robots\" content=\"index, follow, max-snippet:-1, max-image-preview:large, max-video-preview:-1\" \/>\n<link rel=\"canonical\" href=\"https:\/\/www.visit-ulcinj.com\/blog\/2008\/05\/11\/ndertimi-i-ashensorin-liftit-ne-kala\/\" \/>\n<meta property=\"og:locale\" content=\"en_US\" \/>\n<meta property=\"og:type\" content=\"article\" \/>\n<meta property=\"og:title\" content=\"Nd\u00ebrtimi i Ashensorin (Liftit) ne Kala - Lajme nga Ulqini\" \/>\n<meta property=\"og:url\" content=\"https:\/\/www.visit-ulcinj.com\/blog\/2008\/05\/11\/ndertimi-i-ashensorin-liftit-ne-kala\/\" \/>\n<meta property=\"og:site_name\" content=\"Lajme nga Ulqini\" \/>\n<meta property=\"article:published_time\" content=\"2008-05-11T07:34:29+00:00\" \/>\n<meta property=\"article:modified_time\" content=\"2008-05-19T05:14:54+00:00\" \/>\n<meta property=\"og:image\" content=\"http:\/\/forcaere.org\/images\/stories\/LIFT.jpg\" \/>\n<meta name=\"twitter:label1\" content=\"Written by\" \/>\n\t<meta name=\"twitter:data1\" content=\"ulqini\" \/>\n\t<meta name=\"twitter:label2\" content=\"Est. reading time\" \/>\n\t<meta name=\"twitter:data2\" content=\"2 minutes\" \/>\n<script type=\"application\/ld+json\" class=\"yoast-schema-graph\">{\"@context\":\"https:\/\/schema.org\",\"@graph\":[{\"@type\":\"WebSite\",\"@id\":\"https:\/\/www.visit-ulcinj.com\/blog\/#website\",\"url\":\"https:\/\/www.visit-ulcinj.com\/blog\/\",\"name\":\"Lajme nga Ulqini\",\"description\":\"Lajme,Vijesti,Ulqini,Ulqin,Crna Gora,Mali i Zi\",\"potentialAction\":[{\"@type\":\"SearchAction\",\"target\":{\"@type\":\"EntryPoint\",\"urlTemplate\":\"https:\/\/www.visit-ulcinj.com\/blog\/?s={search_term_string}\"},\"query-input\":\"required name=search_term_string\"}],\"inLanguage\":\"en-US\"},{\"@type\":\"ImageObject\",\"inLanguage\":\"en-US\",\"@id\":\"https:\/\/www.visit-ulcinj.com\/blog\/2008\/05\/11\/ndertimi-i-ashensorin-liftit-ne-kala\/#primaryimage\",\"url\":\"http:\/\/forcaere.org\/images\/stories\/LIFT.jpg\",\"contentUrl\":\"http:\/\/forcaere.org\/images\/stories\/LIFT.jpg\"},{\"@type\":\"WebPage\",\"@id\":\"https:\/\/www.visit-ulcinj.com\/blog\/2008\/05\/11\/ndertimi-i-ashensorin-liftit-ne-kala\/#webpage\",\"url\":\"https:\/\/www.visit-ulcinj.com\/blog\/2008\/05\/11\/ndertimi-i-ashensorin-liftit-ne-kala\/\",\"name\":\"Nd\u00ebrtimi i Ashensorin (Liftit) ne Kala - Lajme nga Ulqini\",\"isPartOf\":{\"@id\":\"https:\/\/www.visit-ulcinj.com\/blog\/#website\"},\"primaryImageOfPage\":{\"@id\":\"https:\/\/www.visit-ulcinj.com\/blog\/2008\/05\/11\/ndertimi-i-ashensorin-liftit-ne-kala\/#primaryimage\"},\"datePublished\":\"2008-05-11T07:34:29+00:00\",\"dateModified\":\"2008-05-19T05:14:54+00:00\",\"author\":{\"@id\":\"https:\/\/www.visit-ulcinj.com\/blog\/#\/schema\/person\/dcab619c614d3038751c63bc2aadc06d\"},\"breadcrumb\":{\"@id\":\"https:\/\/www.visit-ulcinj.com\/blog\/2008\/05\/11\/ndertimi-i-ashensorin-liftit-ne-kala\/#breadcrumb\"},\"inLanguage\":\"en-US\",\"potentialAction\":[{\"@type\":\"ReadAction\",\"target\":[\"https:\/\/www.visit-ulcinj.com\/blog\/2008\/05\/11\/ndertimi-i-ashensorin-liftit-ne-kala\/\"]}]},{\"@type\":\"BreadcrumbList\",\"@id\":\"https:\/\/www.visit-ulcinj.com\/blog\/2008\/05\/11\/ndertimi-i-ashensorin-liftit-ne-kala\/#breadcrumb\",\"itemListElement\":[{\"@type\":\"ListItem\",\"position\":1,\"name\":\"Nd\u00ebrtimi i Ashensorin (Liftit) ne Kala\"}]},{\"@type\":\"Person\",\"@id\":\"https:\/\/www.visit-ulcinj.com\/blog\/#\/schema\/person\/dcab619c614d3038751c63bc2aadc06d\",\"name\":\"ulqini\",\"sameAs\":[\"http:\/\/www.visit-ulcinj.com\"],\"url\":\"https:\/\/www.visit-ulcinj.com\/blog\/author\/admin\/\"}]}<\/script>\n<!-- \/ Yoast SEO plugin. -->","yoast_head_json":{"title":"Nd\u00ebrtimi i Ashensorin (Liftit) ne Kala - Lajme nga Ulqini","robots":{"index":"index","follow":"follow","max-snippet":"max-snippet:-1","max-image-preview":"max-image-preview:large","max-video-preview":"max-video-preview:-1"},"canonical":"https:\/\/www.visit-ulcinj.com\/blog\/2008\/05\/11\/ndertimi-i-ashensorin-liftit-ne-kala\/","og_locale":"en_US","og_type":"article","og_title":"Nd\u00ebrtimi i Ashensorin (Liftit) ne Kala - Lajme nga Ulqini","og_url":"https:\/\/www.visit-ulcinj.com\/blog\/2008\/05\/11\/ndertimi-i-ashensorin-liftit-ne-kala\/","og_site_name":"Lajme nga Ulqini","article_published_time":"2008-05-11T07:34:29+00:00","article_modified_time":"2008-05-19T05:14:54+00:00","og_image":[{"url":"http:\/\/forcaere.org\/images\/stories\/LIFT.jpg"}],"twitter_misc":{"Written by":"ulqini","Est. reading time":"2 minutes"},"schema":{"@context":"https:\/\/schema.org","@graph":[{"@type":"WebSite","@id":"https:\/\/www.visit-ulcinj.com\/blog\/#website","url":"https:\/\/www.visit-ulcinj.com\/blog\/","name":"Lajme nga Ulqini","description":"Lajme,Vijesti,Ulqini,Ulqin,Crna Gora,Mali i Zi","potentialAction":[{"@type":"SearchAction","target":{"@type":"EntryPoint","urlTemplate":"https:\/\/www.visit-ulcinj.com\/blog\/?s={search_term_string}"},"query-input":"required name=search_term_string"}],"inLanguage":"en-US"},{"@type":"ImageObject","inLanguage":"en-US","@id":"https:\/\/www.visit-ulcinj.com\/blog\/2008\/05\/11\/ndertimi-i-ashensorin-liftit-ne-kala\/#primaryimage","url":"http:\/\/forcaere.org\/images\/stories\/LIFT.jpg","contentUrl":"http:\/\/forcaere.org\/images\/stories\/LIFT.jpg"},{"@type":"WebPage","@id":"https:\/\/www.visit-ulcinj.com\/blog\/2008\/05\/11\/ndertimi-i-ashensorin-liftit-ne-kala\/#webpage","url":"https:\/\/www.visit-ulcinj.com\/blog\/2008\/05\/11\/ndertimi-i-ashensorin-liftit-ne-kala\/","name":"Nd\u00ebrtimi i Ashensorin (Liftit) ne Kala - Lajme nga Ulqini","isPartOf":{"@id":"https:\/\/www.visit-ulcinj.com\/blog\/#website"},"primaryImageOfPage":{"@id":"https:\/\/www.visit-ulcinj.com\/blog\/2008\/05\/11\/ndertimi-i-ashensorin-liftit-ne-kala\/#primaryimage"},"datePublished":"2008-05-11T07:34:29+00:00","dateModified":"2008-05-19T05:14:54+00:00","author":{"@id":"https:\/\/www.visit-ulcinj.com\/blog\/#\/schema\/person\/dcab619c614d3038751c63bc2aadc06d"},"breadcrumb":{"@id":"https:\/\/www.visit-ulcinj.com\/blog\/2008\/05\/11\/ndertimi-i-ashensorin-liftit-ne-kala\/#breadcrumb"},"inLanguage":"en-US","potentialAction":[{"@type":"ReadAction","target":["https:\/\/www.visit-ulcinj.com\/blog\/2008\/05\/11\/ndertimi-i-ashensorin-liftit-ne-kala\/"]}]},{"@type":"BreadcrumbList","@id":"https:\/\/www.visit-ulcinj.com\/blog\/2008\/05\/11\/ndertimi-i-ashensorin-liftit-ne-kala\/#breadcrumb","itemListElement":[{"@type":"ListItem","position":1,"name":"Nd\u00ebrtimi i Ashensorin (Liftit) ne Kala"}]},{"@type":"Person","@id":"https:\/\/www.visit-ulcinj.com\/blog\/#\/schema\/person\/dcab619c614d3038751c63bc2aadc06d","name":"ulqini","sameAs":["http:\/\/www.visit-ulcinj.com"],"url":"https:\/\/www.visit-ulcinj.com\/blog\/author\/admin\/"}]}},"jetpack_featured_media_url":"","jetpack_sharing_enabled":true,"jetpack_shortlink":"https:\/\/wp.me\/pe6lTn-oG","_links":{"self":[{"href":"https:\/\/www.visit-ulcinj.com\/blog\/wp-json\/wp\/v2\/posts\/1530"}],"collection":[{"href":"https:\/\/www.visit-ulcinj.com\/blog\/wp-json\/wp\/v2\/posts"}],"about":[{"href":"https:\/\/www.visit-ulcinj.com\/blog\/wp-json\/wp\/v2\/types\/post"}],"author":[{"embeddable":true,"href":"https:\/\/www.visit-ulcinj.com\/blog\/wp-json\/wp\/v2\/users\/1"}],"replies":[{"embeddable":true,"href":"https:\/\/www.visit-ulcinj.com\/blog\/wp-json\/wp\/v2\/comments?post=1530"}],"version-history":[{"count":0,"href":"https:\/\/www.visit-ulcinj.com\/blog\/wp-json\/wp\/v2\/posts\/1530\/revisions"}],"wp:attachment":[{"href":"https:\/\/www.visit-ulcinj.com\/blog\/wp-json\/wp\/v2\/media?parent=1530"}],"wp:term":[{"taxonomy":"category","embeddable":true,"href":"https:\/\/www.visit-ulcinj.com\/blog\/wp-json\/wp\/v2\/categories?post=1530"},{"taxonomy":"post_tag","embeddable":true,"href":"https:\/\/www.visit-ulcinj.com\/blog\/wp-json\/wp\/v2\/tags?post=1530"}],"curies":[{"name":"wp","href":"https:\/\/api.w.org\/{rel}","templated":true}]}}