{"id":1531,"date":"2008-05-11T03:07:49","date_gmt":"2008-05-11T08:07:49","guid":{"rendered":"http:\/\/www.visit-ulcinj.com\/blog\/?p=1531"},"modified":"2008-05-11T03:07:49","modified_gmt":"2008-05-11T08:07:49","slug":"nazalost-vec-videno-za-radnike-vojne-ustanove-%e2%80%9eboka-u-vladanosu","status":"publish","type":"post","link":"https:\/\/www.visit-ulcinj.com\/blog\/2008\/05\/11\/nazalost-vec-videno-za-radnike-vojne-ustanove-%e2%80%9eboka-u-vladanosu\/","title":{"rendered":"Na\u017ealost, ve? vi?eno za radnike Vojne ustanove \u201eBoka&#8221; u Vladanosu"},"content":{"rendered":"<p><a href=\"http:\/\/www.visit-ulcinj.com\/blog\/wp-content\/uploads\/2008\/03\/valdanosi-1.jpg\"><img loading=\"lazy\" class=\"alignleft attachment wp-att-1055\" style=\"float: left;\" src=\"http:\/\/www.visit-ulcinj.com\/blog\/wp-content\/uploads\/2008\/03\/valdanosi-1.thumbnail.jpg\" alt=\"Baie de Valdanos\" width=\"200\" height=\"161\" \/><\/a><strong>ULCINj<\/strong> &#8211; Ve?ina politi?kih subjekata najju\u017enije crnogorske op\u0161tine ocijenila je da je radnike Vojne ustanove \u201eBoka&#8221; u Vladanosu zadesila sudbina ve?ine radnika u Crnoj Gori. Smatraju da ?e, zbog lo\u0161e privatizacije, i oni kao i njihove kolege iz drugih gradova poslije desetina godina radnog sta\u017ea, sa nagomilanim socijalnim problemima, nove radne anga\u017emane morati da tra\u017ee na Birou za zapo\u0161ljavanje. Podsjetimo, Sindikat Vojne ustanove \u201eBoka&#8221; u Valdanosu tra\u017eio je od Ministarstva odbrane Crne Gore da u slu?aju ga\u0161enja tog vojnog odmarali\u0161ta obezbijedi adekvatan socijalni program za 44 zaposlena radnika. Radnicima nije udovoljeno, pa su nedavno dobili rje\u0161enja o prestanku radnog odnosa. Oni ?e, shodno godinama radnog sta\u017ea, dobiti otpremnine izme?u ?etiri i osam hiljada eura.<br \/>\n<strong> U Inicijalnom odboru PzP-a Ulcinj smatraju da su radnici po ko zna koji put gubitnici u procesu privatizacije.<\/strong><\/p>\n<p>&#8211; Da je bilo dobre volje status radnika u odmarali\u0161tu \u201eValdanos&#8221; bio bi rije\u0161en na zadovoljstvo svih, i zaposlenih i poslodavca. Vlada je, me?utim, jo\u0161 jednom pokazala kako i na koji na?in vodi brigu o radnicima. Umjesto da se sa?eka tender i budu?i zakupac ili kupac ugovorom obave\u017ee da preuzme radnike ili obezbijedi njihovo zbrinjavanje, izabran je najgori mogu?i na?in pa ?e, po svemu sude?i i u ovom slu?aju najgore pro?i zaposleni. To \u0161to im se sada nudi je smije\u0161no, s obzirom na lokalitet i njegovu vrijednost &#8211; kazao je \u201eDanu&#8221; ?lan GO PzP-a dr Milan Rolovi?.<img loading=\"lazy\" class=\"alignright\" style=\"float: right;\" src=\"http:\/\/8e.img.v4.skyrock.com\/8e7\/ulqini\/pics\/951132312.jpg\" alt=\"Genc Nimanbegu\" width=\"147\" height=\"160\" \/><br \/>\n<strong> Sli?no gledi\u0161te imaju i u albanskoj partiji Nova demokratska snaga Forca. Potpredsjednik stranke Genc Nimanbegu isti?e da radnike Valdanosa ?eka sudbina ve?ine radnika u Ulcinju.<\/strong><br \/>\n&#8211; Neki su mo\u017eda pro\u0161li bolje, neki lo\u0161ije, ali u principu nema \u0161ta da se pohvali. Mi podr\u017eavamo radnike Valdanosa u nastojanju da dobiju sve ono \u0161to zakon predvi?a i \u0161to im garantuje. Poznat je na\u0161 stav o Valdanosu. Smatramo da su sada\u0161nji problemi posljedica ishitrene odluke da se Valdanos da na tender, umjesto da se imanja, koja su silom oduzeta, vrate biv\u0161im vlasnicima &#8211; objasnio je Nimanbegu.<br \/>\n<img loading=\"lazy\" class=\"alignleft\" style=\"float: left;\" src=\"http:\/\/www.visit-ulcinj.com\/blog\/wp-content\/uploads\/2008\/01\/hatixhe-gjoni-2.jpg\" alt=\"hatixhe gjoni\" width=\"151\" height=\"144\" \/><strong><\/strong><\/p>\n<p><strong> Predsjednik Odborni?kog kluba DUA Hatid\u017ea ?oni navodi da njena partija jo\u0161 nije razmatrala problem radnika Valdanosa i da po tom pitanju nema odre?en stav.<\/strong><br \/>\n\u2013 Ono \u0161to mogu re?i je da znam za probleme zaposlenih u Valdanosu, onoliko koliko su to mediji prenijeli. Vjerujem da ?e se na?i kompromis i rje\u0161enje koje ?e zadovoljiti sve strane &#8211; rekla je ?oni.<img loading=\"lazy\" class=\"alignright\" style=\"float: right;\" src=\"http:\/\/www.visit-ulcinj.com\/blog\/wp-content\/uploads\/2008\/01\/luigj-shkrela.jpg\" alt=\"lubo shkrela\" width=\"180\" height=\"119\" \/><br \/>\n<strong><\/strong><\/p>\n<p><strong><br \/>\nPredsjednik OO DPS-a Lui? \u0160krelja ka\u017ee da je javnosti poznat njegov principijelan stav kada su u pitanju radnici.<\/strong><br \/>\n\u2013 Uvijek sam bio za to da se radnici maksimalno ispo\u0161tuju i budu za\u0161ti?eni. U konkretnom slu?aju smatram da bi trebalo da postoji odre?ena doza razumjevanja kod zaposlenih u Valdanosu da tranizicija iziskuje odre?ena kretanja koja nijesu u skladu sa na\u0161im razmi\u0161ljanjima i o?ekivanjima. Na\u017ealost, nijesu radnici Valdanosa prvi koji ostaju bez posla u Ulcinju i koji se suo?avaju sa problematikom ga\u0161enja radnih mjesta. Kada su otpremnine u pitanju treba malo da pogledamo na koji na?in su zasnovali radni osnos i \u0161ta je bio status tih radnika. Evo i ja sam radio u jednom HTP , vi\u0161e ne radim pa niti sam dobio stan ni otpremninu. U svakom slu?aju ja sam za to da se prema radnicima u takvoj situaciji pona\u0161amo sa dosta pa\u017enje i da im se omogu?i da ostvare sva zakonom garantovana prava &#8211; ocjenjuje \u0160krelja.<\/p>\n<p>I od nadle\u017enih struktura lokalne vlasti poku\u0161ali smo da saznamo kako gledaju na probleme radnika Valdanosa, ali smo ostali uskra?eni za tu informaciju.<br \/>\n<strong> Nema kupanja u Valdanosu<\/strong><br \/>\nS obzirom na to da je vojno odmarali\u0161te fakti?ki prestalo da postoji od 1. maja, tokom predstoje?e turisti?ke sezone, kako saznajemo, ne?e biti dozvoljen ulazak na pla\u017eu Valdanos. Od nedavno glavnu kapiju na ulasku kontroli\u0161u pripadnici privatne agencije za obezbje?enje, koju je unajmila Vlada, odnosno Ministarstvo odbrane.<br \/>\n<strong> Sve na prodaju<\/strong><br \/>\nKako saznajemo u VU \u201eBoka&#8221; u Valdansou ve? je po?eo popis materijalno-tehni?kih sredstava koja ?e putem licitacije uskoro biti ponu?ena na prodaju. Popis vr\u0161i posebna komisija Ministarstva odbrane. Na prodaju ?e biti ponu?eno sve \u0161to iole vrijedi, od kamp prikolica, putni?kih i teretnih vozila, namje\u0161taja, pla\u017enog mobilijara pa do escajga iz restorana.<\/p>\n<p><strong>M.KNE\u017dEVI?<br \/>\nDAN<\/strong><\/p>\n","protected":false},"excerpt":{"rendered":"<p><img loading=\"lazy\" class=\"alignleft attachment wp-att-1055\" style=\"float: left;\" src=\"http:\/\/www.visit-ulcinj.com\/blog\/wp-content\/uploads\/2008\/03\/valdanosi-1.thumbnail.jpg\" alt=\"Baie de Valdanos\" width=\"140\" height=\"140\" \/><\/p>\n","protected":false},"author":1,"featured_media":0,"comment_status":"open","ping_status":"closed","sticky":false,"template":"","format":"standard","meta":{"spay_email":"","jetpack_publicize_message":"","jetpack_is_tweetstorm":false,"jetpack_publicize_feature_enabled":true},"categories":[11,12],"tags":[3138,1074,3139,3137,19,3136],"jetpack_publicize_connections":[],"yoast_head":"<!-- This site is optimized with the Yoast SEO plugin v19.1 - https:\/\/yoast.com\/wordpress\/plugins\/seo\/ -->\n<title>Na\u017ealost, ve? vi?eno za radnike Vojne ustanove \u201eBoka&quot; u Vladanosu - Lajme nga Ulqini<\/title>\n<meta name=\"robots\" content=\"index, follow, max-snippet:-1, max-image-preview:large, max-video-preview:-1\" \/>\n<link rel=\"canonical\" href=\"https:\/\/www.visit-ulcinj.com\/blog\/2008\/05\/11\/nazalost-vec-videno-za-radnike-vojne-ustanove-\u201eboka-u-vladanosu\/\" \/>\n<meta property=\"og:locale\" content=\"en_US\" \/>\n<meta property=\"og:type\" content=\"article\" \/>\n<meta property=\"og:title\" content=\"Na\u017ealost, ve? vi?eno za radnike Vojne ustanove \u201eBoka&quot; u Vladanosu - Lajme nga Ulqini\" \/>\n<meta property=\"og:url\" content=\"https:\/\/www.visit-ulcinj.com\/blog\/2008\/05\/11\/nazalost-vec-videno-za-radnike-vojne-ustanove-\u201eboka-u-vladanosu\/\" \/>\n<meta property=\"og:site_name\" content=\"Lajme nga Ulqini\" \/>\n<meta property=\"article:published_time\" content=\"2008-05-11T08:07:49+00:00\" \/>\n<meta property=\"og:image\" content=\"http:\/\/www.visit-ulcinj.com\/blog\/wp-content\/uploads\/2008\/03\/valdanosi-1.thumbnail.jpg\" \/>\n<meta name=\"twitter:label1\" content=\"Written by\" \/>\n\t<meta name=\"twitter:data1\" content=\"ulqini\" \/>\n\t<meta name=\"twitter:label2\" content=\"Est. reading time\" \/>\n\t<meta name=\"twitter:data2\" content=\"4 minutes\" \/>\n<script type=\"application\/ld+json\" class=\"yoast-schema-graph\">{\"@context\":\"https:\/\/schema.org\",\"@graph\":[{\"@type\":\"WebSite\",\"@id\":\"https:\/\/www.visit-ulcinj.com\/blog\/#website\",\"url\":\"https:\/\/www.visit-ulcinj.com\/blog\/\",\"name\":\"Lajme nga Ulqini\",\"description\":\"Lajme,Vijesti,Ulqini,Ulqin,Crna Gora,Mali i Zi\",\"potentialAction\":[{\"@type\":\"SearchAction\",\"target\":{\"@type\":\"EntryPoint\",\"urlTemplate\":\"https:\/\/www.visit-ulcinj.com\/blog\/?s={search_term_string}\"},\"query-input\":\"required name=search_term_string\"}],\"inLanguage\":\"en-US\"},{\"@type\":\"ImageObject\",\"inLanguage\":\"en-US\",\"@id\":\"https:\/\/www.visit-ulcinj.com\/blog\/2008\/05\/11\/nazalost-vec-videno-za-radnike-vojne-ustanove-%e2%80%9eboka-u-vladanosu\/#primaryimage\",\"url\":\"http:\/\/www.visit-ulcinj.com\/blog\/wp-content\/uploads\/2008\/03\/valdanosi-1.thumbnail.jpg\",\"contentUrl\":\"http:\/\/www.visit-ulcinj.com\/blog\/wp-content\/uploads\/2008\/03\/valdanosi-1.thumbnail.jpg\"},{\"@type\":\"WebPage\",\"@id\":\"https:\/\/www.visit-ulcinj.com\/blog\/2008\/05\/11\/nazalost-vec-videno-za-radnike-vojne-ustanove-%e2%80%9eboka-u-vladanosu\/#webpage\",\"url\":\"https:\/\/www.visit-ulcinj.com\/blog\/2008\/05\/11\/nazalost-vec-videno-za-radnike-vojne-ustanove-%e2%80%9eboka-u-vladanosu\/\",\"name\":\"Na\u017ealost, ve? vi?eno za radnike Vojne ustanove \u201eBoka\\\" u Vladanosu - Lajme nga Ulqini\",\"isPartOf\":{\"@id\":\"https:\/\/www.visit-ulcinj.com\/blog\/#website\"},\"primaryImageOfPage\":{\"@id\":\"https:\/\/www.visit-ulcinj.com\/blog\/2008\/05\/11\/nazalost-vec-videno-za-radnike-vojne-ustanove-%e2%80%9eboka-u-vladanosu\/#primaryimage\"},\"datePublished\":\"2008-05-11T08:07:49+00:00\",\"dateModified\":\"2008-05-11T08:07:49+00:00\",\"author\":{\"@id\":\"https:\/\/www.visit-ulcinj.com\/blog\/#\/schema\/person\/dcab619c614d3038751c63bc2aadc06d\"},\"breadcrumb\":{\"@id\":\"https:\/\/www.visit-ulcinj.com\/blog\/2008\/05\/11\/nazalost-vec-videno-za-radnike-vojne-ustanove-%e2%80%9eboka-u-vladanosu\/#breadcrumb\"},\"inLanguage\":\"en-US\",\"potentialAction\":[{\"@type\":\"ReadAction\",\"target\":[\"https:\/\/www.visit-ulcinj.com\/blog\/2008\/05\/11\/nazalost-vec-videno-za-radnike-vojne-ustanove-%e2%80%9eboka-u-vladanosu\/\"]}]},{\"@type\":\"BreadcrumbList\",\"@id\":\"https:\/\/www.visit-ulcinj.com\/blog\/2008\/05\/11\/nazalost-vec-videno-za-radnike-vojne-ustanove-%e2%80%9eboka-u-vladanosu\/#breadcrumb\",\"itemListElement\":[{\"@type\":\"ListItem\",\"position\":1,\"name\":\"Na\u017ealost, ve? vi?eno za radnike Vojne ustanove \u201eBoka&#8221; u Vladanosu\"}]},{\"@type\":\"Person\",\"@id\":\"https:\/\/www.visit-ulcinj.com\/blog\/#\/schema\/person\/dcab619c614d3038751c63bc2aadc06d\",\"name\":\"ulqini\",\"sameAs\":[\"http:\/\/www.visit-ulcinj.com\"],\"url\":\"https:\/\/www.visit-ulcinj.com\/blog\/author\/admin\/\"}]}<\/script>\n<!-- \/ Yoast SEO plugin. -->","yoast_head_json":{"title":"Na\u017ealost, ve? vi?eno za radnike Vojne ustanove \u201eBoka\" u Vladanosu - Lajme nga Ulqini","robots":{"index":"index","follow":"follow","max-snippet":"max-snippet:-1","max-image-preview":"max-image-preview:large","max-video-preview":"max-video-preview:-1"},"canonical":"https:\/\/www.visit-ulcinj.com\/blog\/2008\/05\/11\/nazalost-vec-videno-za-radnike-vojne-ustanove-\u201eboka-u-vladanosu\/","og_locale":"en_US","og_type":"article","og_title":"Na\u017ealost, ve? vi?eno za radnike Vojne ustanove \u201eBoka\" u Vladanosu - Lajme nga Ulqini","og_url":"https:\/\/www.visit-ulcinj.com\/blog\/2008\/05\/11\/nazalost-vec-videno-za-radnike-vojne-ustanove-\u201eboka-u-vladanosu\/","og_site_name":"Lajme nga Ulqini","article_published_time":"2008-05-11T08:07:49+00:00","og_image":[{"url":"http:\/\/www.visit-ulcinj.com\/blog\/wp-content\/uploads\/2008\/03\/valdanosi-1.thumbnail.jpg"}],"twitter_misc":{"Written by":"ulqini","Est. reading time":"4 minutes"},"schema":{"@context":"https:\/\/schema.org","@graph":[{"@type":"WebSite","@id":"https:\/\/www.visit-ulcinj.com\/blog\/#website","url":"https:\/\/www.visit-ulcinj.com\/blog\/","name":"Lajme nga Ulqini","description":"Lajme,Vijesti,Ulqini,Ulqin,Crna Gora,Mali i Zi","potentialAction":[{"@type":"SearchAction","target":{"@type":"EntryPoint","urlTemplate":"https:\/\/www.visit-ulcinj.com\/blog\/?s={search_term_string}"},"query-input":"required name=search_term_string"}],"inLanguage":"en-US"},{"@type":"ImageObject","inLanguage":"en-US","@id":"https:\/\/www.visit-ulcinj.com\/blog\/2008\/05\/11\/nazalost-vec-videno-za-radnike-vojne-ustanove-%e2%80%9eboka-u-vladanosu\/#primaryimage","url":"http:\/\/www.visit-ulcinj.com\/blog\/wp-content\/uploads\/2008\/03\/valdanosi-1.thumbnail.jpg","contentUrl":"http:\/\/www.visit-ulcinj.com\/blog\/wp-content\/uploads\/2008\/03\/valdanosi-1.thumbnail.jpg"},{"@type":"WebPage","@id":"https:\/\/www.visit-ulcinj.com\/blog\/2008\/05\/11\/nazalost-vec-videno-za-radnike-vojne-ustanove-%e2%80%9eboka-u-vladanosu\/#webpage","url":"https:\/\/www.visit-ulcinj.com\/blog\/2008\/05\/11\/nazalost-vec-videno-za-radnike-vojne-ustanove-%e2%80%9eboka-u-vladanosu\/","name":"Na\u017ealost, ve? vi?eno za radnike Vojne ustanove \u201eBoka\" u Vladanosu - Lajme nga Ulqini","isPartOf":{"@id":"https:\/\/www.visit-ulcinj.com\/blog\/#website"},"primaryImageOfPage":{"@id":"https:\/\/www.visit-ulcinj.com\/blog\/2008\/05\/11\/nazalost-vec-videno-za-radnike-vojne-ustanove-%e2%80%9eboka-u-vladanosu\/#primaryimage"},"datePublished":"2008-05-11T08:07:49+00:00","dateModified":"2008-05-11T08:07:49+00:00","author":{"@id":"https:\/\/www.visit-ulcinj.com\/blog\/#\/schema\/person\/dcab619c614d3038751c63bc2aadc06d"},"breadcrumb":{"@id":"https:\/\/www.visit-ulcinj.com\/blog\/2008\/05\/11\/nazalost-vec-videno-za-radnike-vojne-ustanove-%e2%80%9eboka-u-vladanosu\/#breadcrumb"},"inLanguage":"en-US","potentialAction":[{"@type":"ReadAction","target":["https:\/\/www.visit-ulcinj.com\/blog\/2008\/05\/11\/nazalost-vec-videno-za-radnike-vojne-ustanove-%e2%80%9eboka-u-vladanosu\/"]}]},{"@type":"BreadcrumbList","@id":"https:\/\/www.visit-ulcinj.com\/blog\/2008\/05\/11\/nazalost-vec-videno-za-radnike-vojne-ustanove-%e2%80%9eboka-u-vladanosu\/#breadcrumb","itemListElement":[{"@type":"ListItem","position":1,"name":"Na\u017ealost, ve? vi?eno za radnike Vojne ustanove \u201eBoka&#8221; u Vladanosu"}]},{"@type":"Person","@id":"https:\/\/www.visit-ulcinj.com\/blog\/#\/schema\/person\/dcab619c614d3038751c63bc2aadc06d","name":"ulqini","sameAs":["http:\/\/www.visit-ulcinj.com"],"url":"https:\/\/www.visit-ulcinj.com\/blog\/author\/admin\/"}]}},"jetpack_featured_media_url":"","jetpack_sharing_enabled":true,"jetpack_shortlink":"https:\/\/wp.me\/pe6lTn-oH","_links":{"self":[{"href":"https:\/\/www.visit-ulcinj.com\/blog\/wp-json\/wp\/v2\/posts\/1531"}],"collection":[{"href":"https:\/\/www.visit-ulcinj.com\/blog\/wp-json\/wp\/v2\/posts"}],"about":[{"href":"https:\/\/www.visit-ulcinj.com\/blog\/wp-json\/wp\/v2\/types\/post"}],"author":[{"embeddable":true,"href":"https:\/\/www.visit-ulcinj.com\/blog\/wp-json\/wp\/v2\/users\/1"}],"replies":[{"embeddable":true,"href":"https:\/\/www.visit-ulcinj.com\/blog\/wp-json\/wp\/v2\/comments?post=1531"}],"version-history":[{"count":0,"href":"https:\/\/www.visit-ulcinj.com\/blog\/wp-json\/wp\/v2\/posts\/1531\/revisions"}],"wp:attachment":[{"href":"https:\/\/www.visit-ulcinj.com\/blog\/wp-json\/wp\/v2\/media?parent=1531"}],"wp:term":[{"taxonomy":"category","embeddable":true,"href":"https:\/\/www.visit-ulcinj.com\/blog\/wp-json\/wp\/v2\/categories?post=1531"},{"taxonomy":"post_tag","embeddable":true,"href":"https:\/\/www.visit-ulcinj.com\/blog\/wp-json\/wp\/v2\/tags?post=1531"}],"curies":[{"name":"wp","href":"https:\/\/api.w.org\/{rel}","templated":true}]}}