{"id":1532,"date":"2008-05-11T10:02:11","date_gmt":"2008-05-11T15:02:11","guid":{"rendered":"http:\/\/www.visit-ulcinj.com\/blog\/?p=1532"},"modified":"2008-05-11T10:04:01","modified_gmt":"2008-05-11T15:04:01","slug":"libri-i-carla-del-pontes-gjuetia","status":"publish","type":"post","link":"https:\/\/www.visit-ulcinj.com\/blog\/2008\/05\/11\/libri-i-carla-del-pontes-gjuetia\/","title":{"rendered":"Libri i Carla Del Pontes &#8220;Gjuetia&#8221;"},"content":{"rendered":"<p><img loading=\"lazy\" class=\"alignleft\" style=\"float: left;\" src=\"http:\/\/www.swissinfo.ch\/xobix_media\/images\/sri\/2008\/sriimg20080408_8945761_2.jpg\" alt=\"CARLA DEL PONTE : LA CACCIA\" width=\"277\" height=\"210\" \/><strong>Shqiptari n\u00eb shtyll\u00ebn e turpit<\/strong><br \/>\nNuk \u00ebsht\u00eb fjala se ne duhet ta paraqesim veten m\u00eb t\u00eb mir\u00eb se \u00e7ka jemi dhe tani, dikush na e prish k\u00ebt\u00eb pamje t\u00eb mrekullueshme p\u00ebr vetveten ton\u00eb. Jo, edhe ne jemi si t\u00eb gjith\u00eb popujt e tjer\u00eb, jemi popull i ndersh\u00ebm, por ka edhe njer\u00ebz q\u00eb merren me kriminalitet t\u00eb organizuar. Dhe nuk duhet t\u00eb shqet\u00ebsohemi. K\u00ebshtu ndodh edhe me popujt m\u00eb t\u00eb qytet\u00ebruar t\u00eb bot\u00ebs.<br \/>\nQe disa jav\u00eb, opinioni shqiptar dhe bot\u00ebror \u00ebsht\u00eb tronditur nga pohimet e ish kryeprokurores s\u00eb Gjykat\u00ebs p\u00ebr krime lufte n\u00eb Hag\u00eb, Carla del Ponte, se n\u00eb koh\u00ebn e luft\u00ebs n\u00eb Kosov\u00eb, 1999, luft\u00ebtar\u00ebt e U\u00c7K-s\u00eb kan\u00eb b\u00ebr\u00eb treg\u00ebti me organet e serb\u00ebve t\u00eb z\u00ebn\u00eb rob. K\u00ebta t\u00eb rob\u00ebruar, rreth 300, jan\u00eb transportuar n\u00ebp\u00ebr Kuk\u00ebs dhe Tropoj\u00eb deri n\u00eb Burrel, ku nga k\u00ebta jan\u00eb nxjerr\u00eb organet dhe jan\u00eb transportuar p\u00ebrmes aeroportit Rinas n\u00ebp\u00ebr bot\u00eb.<br \/>\nKur e kam d\u00ebgjuar t\u00eb par\u00ebn her\u00eb k\u00ebt\u00eb lajm n\u00eb media elektronike, kjo ka ting\u00eblluar aq tmerrsh\u00ebm sa q\u00eb m\u00eb ka ardhur n\u00eb moment t\u00eb vjelli. Aociacioni i par\u00eb ka qe kanibali Lector nga filmi &#8220;The Silence Of The Innocence&#8221;. Ose rasti i nj\u00eb afaristi t\u00eb ri japonez, q\u00eb e ka dashur aq shum\u00eb t\u00eb fejuar\u00ebn e vet sa q\u00eb e ka vrar\u00eb dhe e ka ngr\u00ebn\u00eb. Besoj se nuk ka shqiptar i cili n\u00eb k\u00ebto momente nuk e ndien veten tep\u00ebr keq dhe disi t\u00eb turp\u00ebruar. E ndiej vet\u00ebn m\u00eb zi se ato dy garuese n\u00eb atletik\u00eb t\u00eb Nigeris\u00eb, n\u00eb stafeten 4x100m para disa vitesh n\u00eb Olimpiad\u00eb, kur \u00ebsht\u00eb zbuluar se burrat e tyre jan\u00eb ushqyer, mes tjerash me mish njer\u00ebzish.<br \/>\nNuk \u00ebsht\u00eb fjala se ne duhet ta paraqesim veten m\u00eb t\u00eb mir\u00eb se \u00e7ka jemi dhe tani, dikush na e prish k\u00ebt\u00eb pamje t\u00eb mrekullueshme p\u00ebr vetveten ton\u00eb. Jo, edhe ne jemi si t\u00eb gjith\u00eb popujt e tjer\u00eb, jemi popull i ndersh\u00ebm, por ka edhe njer\u00ebz q\u00eb merren me kriminalitet t\u00eb organizuar. Dhe nuk duhet t\u00eb shqet\u00ebsohemi. K\u00ebshtu ndodh edhe me popujt m\u00eb t\u00eb qytet\u00ebruar t\u00eb bot\u00ebs. Italia, p.sh., e cila \u00ebsht\u00eb shtyll\u00eb kryesore e kultur\u00ebs europiane, e ka lindur nj\u00eb organizat\u00eb aq t\u00eb tmerrshme \u00e7far\u00eb \u00ebsht\u00eb Mafia, sipas s\u00eb cil\u00ebs kan\u00eb filluar t\u00eb quhen edhe organizatat e tjera kriminele n\u00eb bot\u00eb. Nj\u00eb Japoni, e cila nd\u00ebr shtetet lindore shquhet p\u00ebr kultur\u00eb t\u00eb lart\u00eb, e ka lindur organizat\u00ebn e kriminalitetit t\u00eb eg\u00ebr \u00e7far\u00eb \u00ebsht\u00eb Jakuzi. &#8220;Sa m\u00eb e madhe \u00ebsht\u00eb faqja, po aq e madhe \u00ebsht\u00eb edhe shpina&#8221; thot\u00eb Zeni &#8211; filozofi e budist\u00ebve japonez\u00eb. Shpeshher\u00eb jemi \u00e7uditur se si ka qen\u00eb e<img loading=\"lazy\" class=\"alignright\" style=\"float: right;\" src=\"http:\/\/www.aporrea.org\/imagenes\/gente\/carla_ponte_ex_fiscal_tribunal_onu_ex_yugoslavia_p.jpg\" alt=\"CARLA DEL PONTE \" width=\"216\" height=\"294\" \/> mundur q\u00eb nj\u00eb popull aq i madh civilizues, q\u00eb e ka mbrojtur qytet\u00ebrimin europian nga arab\u00ebt, ka mundur ta themeloj\u00eb nj\u00eb institucion \u00e7far\u00eb ka qen\u00eb inkuizicioni. Ose, si kan\u00eb mundur gjerman\u00ebt, popull themelues i Europ\u00ebs s\u00eb Re, pas r\u00ebnies s\u00eb Perandoris\u00eb romake, atdheu i filozof\u00ebve dhe kompozitor\u00ebve m\u00eb t\u00eb m\u00ebdhenj n\u00eb bot\u00eb, t\u00eb b\u00ebj\u00eb krime \u00e7far\u00eb kan\u00eb qen\u00eb ato t\u00eb gjenocidit n\u00eb Luft\u00ebn e Dyt\u00eb Bot\u00ebrore. Po, k\u00ebshtu funksionon natyra, k\u00ebshtu funksionon njeriu, sepse edhe vet\u00eb njeriu \u00ebsht\u00eb nj\u00eb qenie q\u00eb i n\u00ebnshtrohet ndikimit t\u00eb epsheve t\u00eb natyr\u00ebs, dhe ndonj\u00ebher\u00eb agresiviteti i tij nuk mbetet n\u00eb nivel individual, por merr p\u00ebrmasa kolektive. \u00c7ka desha t\u00eb them me k\u00ebt\u00eb? Nuk duhet t\u00eb shqet\u00ebsohemi m\u00eb tep\u00ebr se\u00e7 duhet dhe t\u00eb demantojm\u00eb n\u00eb nivel komb\u00ebtar. Kjo \u00ebsht\u00eb gj\u00eb e kot\u00eb. Sa m\u00eb shum\u00eb q\u00eb demantohet, \u00e7ohet m\u00eb shum\u00eb pluh\u00ebr. K\u00ebt\u00eb pohim t\u00eb del Pontes do ta demantoj m\u00eb s\u00eb miri koha dhe rjedha e ngjarjeve n\u00eb k\u00ebt\u00eb rajon t\u00eb Europ\u00ebs. Dhe ne, si etnos i cili n\u00eb t\u00eb ardhmen do t\u00eb jet\u00eb n\u00eb nj\u00eb pozit\u00eb jasht\u00ebzakonisht t\u00eb mir\u00eb gjeostrategjike n\u00eb Ballkan duhet t\u00eb p\u00ebrbijm\u00eb koh\u00eb pas koh\u00eb nga di\u00e7ka. Sepse, edhe kur \u00ebsht\u00eb situata ideale, nuk mund t\u00eb jet\u00eb \u00e7do gj\u00eb perfekte.<br \/>\n<strong>Xhoana M. Perkaj<br \/>\n<a href=\"xhoanaperkaj@yahoo.com\" target=\"_blank\"> xhoanaperkaj@yahoo.com<\/a><br \/>\nKOHA JAVORE<\/strong><\/p>\n","protected":false},"excerpt":{"rendered":"<p><img loading=\"lazy\" class=\"alignleft\" style=\"float: left;\" src=\"http:\/\/www.swissinfo.ch\/xobix_media\/images\/sri\/2008\/sriimg20080408_8945761_2.jpg\" alt=\"CARLA DEL PONTE : LA CACCIA\" width=\"140\" height=\"140\" \/><\/p>\n","protected":false},"author":1,"featured_media":0,"comment_status":"open","ping_status":"closed","sticky":false,"template":"","format":"standard","meta":{"spay_email":"","jetpack_publicize_message":"","jetpack_is_tweetstorm":false,"jetpack_publicize_feature_enabled":true},"categories":[8,6],"tags":[3140,3142,3141,2707],"jetpack_publicize_connections":[],"yoast_head":"<!-- This site is optimized with the Yoast SEO plugin v19.1 - https:\/\/yoast.com\/wordpress\/plugins\/seo\/ -->\n<title>Libri i Carla Del Pontes &quot;Gjuetia&quot; - Lajme nga Ulqini<\/title>\n<meta name=\"robots\" content=\"index, follow, max-snippet:-1, max-image-preview:large, max-video-preview:-1\" \/>\n<link rel=\"canonical\" href=\"https:\/\/www.visit-ulcinj.com\/blog\/2008\/05\/11\/libri-i-carla-del-pontes-gjuetia\/\" \/>\n<meta property=\"og:locale\" content=\"en_US\" \/>\n<meta property=\"og:type\" content=\"article\" \/>\n<meta property=\"og:title\" content=\"Libri i Carla Del Pontes &quot;Gjuetia&quot; - Lajme nga Ulqini\" \/>\n<meta property=\"og:url\" content=\"https:\/\/www.visit-ulcinj.com\/blog\/2008\/05\/11\/libri-i-carla-del-pontes-gjuetia\/\" \/>\n<meta property=\"og:site_name\" content=\"Lajme nga Ulqini\" \/>\n<meta property=\"article:published_time\" content=\"2008-05-11T15:02:11+00:00\" \/>\n<meta property=\"article:modified_time\" content=\"2008-05-11T15:04:01+00:00\" \/>\n<meta property=\"og:image\" content=\"http:\/\/www.swissinfo.ch\/xobix_media\/images\/sri\/2008\/sriimg20080408_8945761_2.jpg\" \/>\n<meta name=\"twitter:label1\" content=\"Written by\" \/>\n\t<meta name=\"twitter:data1\" content=\"ulqini\" \/>\n\t<meta name=\"twitter:label2\" content=\"Est. reading time\" \/>\n\t<meta name=\"twitter:data2\" content=\"4 minutes\" \/>\n<script type=\"application\/ld+json\" class=\"yoast-schema-graph\">{\"@context\":\"https:\/\/schema.org\",\"@graph\":[{\"@type\":\"WebSite\",\"@id\":\"https:\/\/www.visit-ulcinj.com\/blog\/#website\",\"url\":\"https:\/\/www.visit-ulcinj.com\/blog\/\",\"name\":\"Lajme nga Ulqini\",\"description\":\"Lajme,Vijesti,Ulqini,Ulqin,Crna Gora,Mali i Zi\",\"potentialAction\":[{\"@type\":\"SearchAction\",\"target\":{\"@type\":\"EntryPoint\",\"urlTemplate\":\"https:\/\/www.visit-ulcinj.com\/blog\/?s={search_term_string}\"},\"query-input\":\"required name=search_term_string\"}],\"inLanguage\":\"en-US\"},{\"@type\":\"ImageObject\",\"inLanguage\":\"en-US\",\"@id\":\"https:\/\/www.visit-ulcinj.com\/blog\/2008\/05\/11\/libri-i-carla-del-pontes-gjuetia\/#primaryimage\",\"url\":\"http:\/\/www.swissinfo.ch\/xobix_media\/images\/sri\/2008\/sriimg20080408_8945761_2.jpg\",\"contentUrl\":\"http:\/\/www.swissinfo.ch\/xobix_media\/images\/sri\/2008\/sriimg20080408_8945761_2.jpg\"},{\"@type\":\"WebPage\",\"@id\":\"https:\/\/www.visit-ulcinj.com\/blog\/2008\/05\/11\/libri-i-carla-del-pontes-gjuetia\/#webpage\",\"url\":\"https:\/\/www.visit-ulcinj.com\/blog\/2008\/05\/11\/libri-i-carla-del-pontes-gjuetia\/\",\"name\":\"Libri i Carla Del Pontes \\\"Gjuetia\\\" - Lajme nga Ulqini\",\"isPartOf\":{\"@id\":\"https:\/\/www.visit-ulcinj.com\/blog\/#website\"},\"primaryImageOfPage\":{\"@id\":\"https:\/\/www.visit-ulcinj.com\/blog\/2008\/05\/11\/libri-i-carla-del-pontes-gjuetia\/#primaryimage\"},\"datePublished\":\"2008-05-11T15:02:11+00:00\",\"dateModified\":\"2008-05-11T15:04:01+00:00\",\"author\":{\"@id\":\"https:\/\/www.visit-ulcinj.com\/blog\/#\/schema\/person\/dcab619c614d3038751c63bc2aadc06d\"},\"breadcrumb\":{\"@id\":\"https:\/\/www.visit-ulcinj.com\/blog\/2008\/05\/11\/libri-i-carla-del-pontes-gjuetia\/#breadcrumb\"},\"inLanguage\":\"en-US\",\"potentialAction\":[{\"@type\":\"ReadAction\",\"target\":[\"https:\/\/www.visit-ulcinj.com\/blog\/2008\/05\/11\/libri-i-carla-del-pontes-gjuetia\/\"]}]},{\"@type\":\"BreadcrumbList\",\"@id\":\"https:\/\/www.visit-ulcinj.com\/blog\/2008\/05\/11\/libri-i-carla-del-pontes-gjuetia\/#breadcrumb\",\"itemListElement\":[{\"@type\":\"ListItem\",\"position\":1,\"name\":\"Libri i Carla Del Pontes &#8220;Gjuetia&#8221;\"}]},{\"@type\":\"Person\",\"@id\":\"https:\/\/www.visit-ulcinj.com\/blog\/#\/schema\/person\/dcab619c614d3038751c63bc2aadc06d\",\"name\":\"ulqini\",\"sameAs\":[\"http:\/\/www.visit-ulcinj.com\"],\"url\":\"https:\/\/www.visit-ulcinj.com\/blog\/author\/admin\/\"}]}<\/script>\n<!-- \/ Yoast SEO plugin. -->","yoast_head_json":{"title":"Libri i Carla Del Pontes \"Gjuetia\" - Lajme nga Ulqini","robots":{"index":"index","follow":"follow","max-snippet":"max-snippet:-1","max-image-preview":"max-image-preview:large","max-video-preview":"max-video-preview:-1"},"canonical":"https:\/\/www.visit-ulcinj.com\/blog\/2008\/05\/11\/libri-i-carla-del-pontes-gjuetia\/","og_locale":"en_US","og_type":"article","og_title":"Libri i Carla Del Pontes \"Gjuetia\" - Lajme nga Ulqini","og_url":"https:\/\/www.visit-ulcinj.com\/blog\/2008\/05\/11\/libri-i-carla-del-pontes-gjuetia\/","og_site_name":"Lajme nga Ulqini","article_published_time":"2008-05-11T15:02:11+00:00","article_modified_time":"2008-05-11T15:04:01+00:00","og_image":[{"url":"http:\/\/www.swissinfo.ch\/xobix_media\/images\/sri\/2008\/sriimg20080408_8945761_2.jpg"}],"twitter_misc":{"Written by":"ulqini","Est. reading time":"4 minutes"},"schema":{"@context":"https:\/\/schema.org","@graph":[{"@type":"WebSite","@id":"https:\/\/www.visit-ulcinj.com\/blog\/#website","url":"https:\/\/www.visit-ulcinj.com\/blog\/","name":"Lajme nga Ulqini","description":"Lajme,Vijesti,Ulqini,Ulqin,Crna Gora,Mali i Zi","potentialAction":[{"@type":"SearchAction","target":{"@type":"EntryPoint","urlTemplate":"https:\/\/www.visit-ulcinj.com\/blog\/?s={search_term_string}"},"query-input":"required name=search_term_string"}],"inLanguage":"en-US"},{"@type":"ImageObject","inLanguage":"en-US","@id":"https:\/\/www.visit-ulcinj.com\/blog\/2008\/05\/11\/libri-i-carla-del-pontes-gjuetia\/#primaryimage","url":"http:\/\/www.swissinfo.ch\/xobix_media\/images\/sri\/2008\/sriimg20080408_8945761_2.jpg","contentUrl":"http:\/\/www.swissinfo.ch\/xobix_media\/images\/sri\/2008\/sriimg20080408_8945761_2.jpg"},{"@type":"WebPage","@id":"https:\/\/www.visit-ulcinj.com\/blog\/2008\/05\/11\/libri-i-carla-del-pontes-gjuetia\/#webpage","url":"https:\/\/www.visit-ulcinj.com\/blog\/2008\/05\/11\/libri-i-carla-del-pontes-gjuetia\/","name":"Libri i Carla Del Pontes \"Gjuetia\" - Lajme nga Ulqini","isPartOf":{"@id":"https:\/\/www.visit-ulcinj.com\/blog\/#website"},"primaryImageOfPage":{"@id":"https:\/\/www.visit-ulcinj.com\/blog\/2008\/05\/11\/libri-i-carla-del-pontes-gjuetia\/#primaryimage"},"datePublished":"2008-05-11T15:02:11+00:00","dateModified":"2008-05-11T15:04:01+00:00","author":{"@id":"https:\/\/www.visit-ulcinj.com\/blog\/#\/schema\/person\/dcab619c614d3038751c63bc2aadc06d"},"breadcrumb":{"@id":"https:\/\/www.visit-ulcinj.com\/blog\/2008\/05\/11\/libri-i-carla-del-pontes-gjuetia\/#breadcrumb"},"inLanguage":"en-US","potentialAction":[{"@type":"ReadAction","target":["https:\/\/www.visit-ulcinj.com\/blog\/2008\/05\/11\/libri-i-carla-del-pontes-gjuetia\/"]}]},{"@type":"BreadcrumbList","@id":"https:\/\/www.visit-ulcinj.com\/blog\/2008\/05\/11\/libri-i-carla-del-pontes-gjuetia\/#breadcrumb","itemListElement":[{"@type":"ListItem","position":1,"name":"Libri i Carla Del Pontes &#8220;Gjuetia&#8221;"}]},{"@type":"Person","@id":"https:\/\/www.visit-ulcinj.com\/blog\/#\/schema\/person\/dcab619c614d3038751c63bc2aadc06d","name":"ulqini","sameAs":["http:\/\/www.visit-ulcinj.com"],"url":"https:\/\/www.visit-ulcinj.com\/blog\/author\/admin\/"}]}},"jetpack_featured_media_url":"","jetpack_sharing_enabled":true,"jetpack_shortlink":"https:\/\/wp.me\/pe6lTn-oI","_links":{"self":[{"href":"https:\/\/www.visit-ulcinj.com\/blog\/wp-json\/wp\/v2\/posts\/1532"}],"collection":[{"href":"https:\/\/www.visit-ulcinj.com\/blog\/wp-json\/wp\/v2\/posts"}],"about":[{"href":"https:\/\/www.visit-ulcinj.com\/blog\/wp-json\/wp\/v2\/types\/post"}],"author":[{"embeddable":true,"href":"https:\/\/www.visit-ulcinj.com\/blog\/wp-json\/wp\/v2\/users\/1"}],"replies":[{"embeddable":true,"href":"https:\/\/www.visit-ulcinj.com\/blog\/wp-json\/wp\/v2\/comments?post=1532"}],"version-history":[{"count":0,"href":"https:\/\/www.visit-ulcinj.com\/blog\/wp-json\/wp\/v2\/posts\/1532\/revisions"}],"wp:attachment":[{"href":"https:\/\/www.visit-ulcinj.com\/blog\/wp-json\/wp\/v2\/media?parent=1532"}],"wp:term":[{"taxonomy":"category","embeddable":true,"href":"https:\/\/www.visit-ulcinj.com\/blog\/wp-json\/wp\/v2\/categories?post=1532"},{"taxonomy":"post_tag","embeddable":true,"href":"https:\/\/www.visit-ulcinj.com\/blog\/wp-json\/wp\/v2\/tags?post=1532"}],"curies":[{"name":"wp","href":"https:\/\/api.w.org\/{rel}","templated":true}]}}