{"id":1535,"date":"2008-05-11T10:30:45","date_gmt":"2008-05-11T15:30:45","guid":{"rendered":"http:\/\/www.visit-ulcinj.com\/blog\/?p=1535"},"modified":"2008-05-11T10:30:45","modified_gmt":"2008-05-11T15:30:45","slug":"njohja-e-kosoves-nga-vendet-fqinje","status":"publish","type":"post","link":"https:\/\/www.visit-ulcinj.com\/blog\/2008\/05\/11\/njohja-e-kosoves-nga-vendet-fqinje\/","title":{"rendered":"Njohja e Kosov\u00ebs nga vendet fqinje"},"content":{"rendered":"<p><img loading=\"lazy\" class=\"alignleft\" style=\"float: left;\" src=\"http:\/\/gdb.rferl.org\/9317BE77-A8A5-47D2-82B3-4AD72C3F9C7D_mw800_mh600.jpg\" alt=\"FLAMURI I KOSOVES\" width=\"250\" height=\"167\" \/>Qeveria e Kosov\u00ebs thot\u00eb se ka b\u00ebr\u00eb mjaft q\u00eb t\u2019u garantoj\u00eb Maqedonis\u00eb dhe Malit t\u00eb Zi se shteti i Kosov\u00ebs paraqet stabilitet p\u00ebr rajonin. Opozita konsideron se nuk \u00ebsht\u00eb b\u00ebr\u00eb mjaft.<br \/>\nVendet fqinje i kan\u00eb garancat e Kosov\u00ebs se ajo nuk ka pretendime territoriale ndaj tyre dhe se Republika e Kosov\u00ebs angazhohet p\u00ebr raporte t\u00eb mira e korrekte me fqinj\u00ebt, thon\u00eb n\u00eb qeverin\u00eb e Kosov\u00ebs.<br \/>\nDuke i komentuar disa deklarata kontradiktore t\u00eb k\u00ebtyre dit\u00ebve nga Shkupi zyrtar, ku mes tjerash presidenti maqedonas \u00ebsht\u00eb p\u00ebrfolur t\u00eb ket\u00eb th\u00ebn\u00eb se shteti i Kosov\u00ebs paraqet dhe k\u00ebrc\u00ebnim p\u00ebr rajonin, z\u00ebvend\u00ebskryeministri Hajredin Ku\u00e7i thot\u00eb se deklaratat e tilla mund t\u00eb ken\u00eb qen\u00eb edhe n\u00eb funksion t\u00eb fushat\u00ebs elektorale n\u00eb k\u00ebt\u00eb vend.<br \/>\nKu\u00e7i pret q\u00eb Maqedonia t\u00eb reflektoj politik\u00eb korrekte ndaj Kosov\u00ebs dhe ta njoh realitetin e ri.<br \/>\n\u201cMendoj se kjo \u00e7\u00ebshtje ka t\u00eb b\u00ebj me zhvillimet brenda p\u00ebrbrenda Maqedonis\u00eb, por deklaratat e tilla nuk i kontribuojn\u00eb raporteve nd\u00ebrshtet\u00ebrore po me siguri q\u00eb mund t\u00eb ken\u00eb edhe elemente t\u00eb deklaratave elektorale\u201d, theksoi Ku\u00e7i.<br \/>\nN\u00eb an\u00ebn tjet\u00ebr, opozita n\u00eb Prishtin\u00eb konsideron se qeveria \u00ebsht\u00eb dashur t\u00eb angazhohet m\u00eb shum\u00eb n\u00eb raport me Maqedonin\u00eb dhe Malin e Zi, si dy vende fqinje, p\u00ebr nj\u00eb njohje me t\u00eb shpejt.<br \/>\nVonesa e njohjes s\u00eb Kosov\u00ebs nga ana e Maqedonis\u00eb nuk e leht\u00ebson, por e v\u00ebshtir\u00ebson procesin, thot\u00eb n\u00ebnkryetari i AAK-s\u00eb, Bajram Kosumi. Sipas tij, nuk mungojn\u00eb q\u00ebndrimet e drejta verbale t\u00eb lider\u00ebve t\u00eb Maqedonis\u00eb, por mungojn\u00eb hapat konkret p\u00ebr ta njohur realitetin e ri kushtetues n\u00eb Kosov\u00eb.<br \/>\nKosumi thot\u00eb se qeveria e Kosov\u00ebs megjithat\u00eb n\u00eb situata t\u00eb tilla e ka p\u00ebr obligim q\u00eb t\u00eb angazhohet m\u00eb shum\u00eb dhe t\u00eb mos pres vet\u00ebm nismat amerikane t\u00eb BE-s\u00eb p\u00ebr njohjen e Kosov\u00ebs.<br \/>\n\u201cQeveria e Kosov\u00ebs dhe institucionet tjera publike e kan\u00eb p\u00ebr obligim q\u00eb t\u00eb b\u00ebjn\u00eb gjith\u00e7ka q\u00eb mund t\u00eb b\u00ebhet q\u00eb t\u00eb leht\u00ebsohet njohja e shtetit t\u00eb Kosov\u00ebs nga t\u00eb gjitha vendet n\u00eb p\u00ebrgjith\u00ebsi, por sidomos nga vendet e rajonit. Qeveria nuk duhet t\u00eb k\u00ebnaqet me pun\u00ebn q\u00eb b\u00ebjn\u00eb t\u00eb tjer\u00ebt p\u00ebr ne, n\u00eb radh\u00eb t\u00eb par\u00eb diplomacia amerikane, BE-ja e tjera, por duhet t\u00eb marr\u00eb nism\u00ebn vet q\u00eb t\u2019ia leht\u00ebsoj pun\u00ebn edhe qeveris\u00eb s\u00eb Maqedonis\u00eb edhe asaj t\u00eb Malit t\u00eb Zi, p\u00ebr ta njohur Kosov\u00ebn\u201d, tha Kosumi.<br \/>\nN\u00eb \u00e7do rast, Bajram Kosumi thot\u00eb po ashtu se opozita do t\u00eb ishte e gatshme ta ndihmoj qeverin\u00eb e Kosov\u00ebs n\u00eb \u00e7\u00ebshtjet e interesit mbar\u00eb kosovar, si\u00e7 \u00ebsht\u00eb njohja. Por, ai nuk sheh se deri m\u00eb tash, qeveria dhe kryeministri kan\u00eb marr\u00eb ndonj\u00eb nism\u00eb n\u00eb k\u00ebt\u00eb drejtim.<br \/>\n\u201cPajtohem se jan\u00eb disa gjera q\u00eb nuk lidhen m\u00eb pozit\u00ebn e opozit\u00ebn. \u00c7\u00ebshtja e njohjes apo ajo e pranimit t\u00eb Kosov\u00ebs n\u00eb OKB \u00ebsht\u00eb prioritet i qeveris\u00eb, por natyrisht edhe opozita, \u00e7do parti politike, duhet ta ndihmoj aty ku mundet. N\u00eb \u00e7do moment, jo vet\u00ebm, pas periudh\u00ebs tranzitore, por edhe tash ne jemi t\u00eb gatsh\u00ebm dhe besoj se e ndihmojm\u00eb. Por, qeveria e ka p\u00ebrgjegj\u00ebsin\u00eb, ajo duhet ta marr\u00eb nism\u00ebn, ajo duhet t\u2019i nis\u00eb k\u00ebto procese\u201d, tha Kosumi.<img loading=\"lazy\" class=\"alignright\" style=\"float: right;\" src=\"http:\/\/www.kosovanews.info\/documents\/politike\/PERSONAT\/HAJREDIN_KUCI.JPG\" alt=\"haradin kuqi\" width=\"250\" height=\"160\" \/><br \/>\nPor, p\u00ebr dallim nga Kosumi, z\u00ebvend\u00ebskryeministri Hajredin Ku\u00e7i thot\u00eb se qeveria dhe institucionet i kan\u00eb kryer obligimet e veta n\u00eb raport edhe me vendet fqinje t\u00eb cilave Kosova u ka ofruar bashk\u00ebpunim e marr\u00ebdh\u00ebnie korrekte duke mos pasur asnj\u00ebher\u00eb pretendime territoriale apo pretendime tjera ndaj fqinj\u00ebve.<br \/>\n\u201cN\u00eb momentin e shpalljes s\u00eb pavar\u00ebsis\u00eb, ne nuk kemi shpallur pretendime territoriale ndaj askujt. Kemi ofruar miq\u00ebsi t\u00eb mir\u00eb, n\u00eb k\u00ebt\u00eb kuptim edhe me Maqedonis\u00eb e Malin e Zi. Por kan\u00eb qen\u00eb zhvillimet e brendshme dhe balansi i forcave brenda tyre q\u00eb ndoshta p\u00ebr disa dit\u00eb e kan\u00eb vonuar njohjen\u201d, pohoi Ku\u00e7i.<br \/>\nKosova \u00ebsht\u00eb njohur deri m\u00eb tash nga rreth 40 vende. Nga fqinj\u00ebt, mungon ende njohja nga Maqedonia, Mali i Zi si dhe nga Serbia q\u00eb deklarohet krejt\u00ebsisht kund\u00ebr pavar\u00ebsis\u00eb s\u00eb Kosov\u00ebs. P\u00ebrderisa nga vendet e ish Jugosllavis\u00eb, Sllovenia dhe Kroacia e kan\u00eb njohur shtetin e Kosov\u00ebs.<br \/>\n<strong>Autor \/ Evropaelire <\/strong><\/p>\n","protected":false},"excerpt":{"rendered":"<p><img loading=\"lazy\" class=\"alignleft\" style=\"float: left;\" src=\"http:\/\/gdb.rferl.org\/9317BE77-A8A5-47D2-82B3-4AD72C3F9C7D_mw800_mh600.jpg\" alt=\"FLAMURI I KOSOVES\" width=\"140\" height=\"140\" \/><\/p>\n","protected":false},"author":1,"featured_media":0,"comment_status":"open","ping_status":"closed","sticky":false,"template":"","format":"standard","meta":{"spay_email":"","jetpack_publicize_message":"","jetpack_is_tweetstorm":false,"jetpack_publicize_feature_enabled":true},"categories":[1,14,12],"tags":[3146,59,3147,2805,2754,2334,3145,235,3148,3149],"jetpack_publicize_connections":[],"yoast_head":"<!-- This site is optimized with the Yoast SEO plugin v19.1 - https:\/\/yoast.com\/wordpress\/plugins\/seo\/ -->\n<title>Njohja e Kosov\u00ebs nga vendet fqinje - Lajme nga Ulqini<\/title>\n<meta name=\"robots\" content=\"index, follow, max-snippet:-1, max-image-preview:large, max-video-preview:-1\" \/>\n<link rel=\"canonical\" href=\"https:\/\/www.visit-ulcinj.com\/blog\/2008\/05\/11\/njohja-e-kosoves-nga-vendet-fqinje\/\" \/>\n<meta property=\"og:locale\" content=\"en_US\" \/>\n<meta property=\"og:type\" content=\"article\" \/>\n<meta property=\"og:title\" content=\"Njohja e Kosov\u00ebs nga vendet fqinje - Lajme nga Ulqini\" \/>\n<meta property=\"og:url\" content=\"https:\/\/www.visit-ulcinj.com\/blog\/2008\/05\/11\/njohja-e-kosoves-nga-vendet-fqinje\/\" \/>\n<meta property=\"og:site_name\" content=\"Lajme nga Ulqini\" \/>\n<meta property=\"article:published_time\" content=\"2008-05-11T15:30:45+00:00\" \/>\n<meta property=\"og:image\" content=\"http:\/\/gdb.rferl.org\/9317BE77-A8A5-47D2-82B3-4AD72C3F9C7D_mw800_mh600.jpg\" \/>\n<meta name=\"twitter:label1\" content=\"Written by\" \/>\n\t<meta name=\"twitter:data1\" content=\"ulqini\" \/>\n\t<meta name=\"twitter:label2\" content=\"Est. reading time\" \/>\n\t<meta name=\"twitter:data2\" content=\"4 minutes\" \/>\n<script type=\"application\/ld+json\" class=\"yoast-schema-graph\">{\"@context\":\"https:\/\/schema.org\",\"@graph\":[{\"@type\":\"WebSite\",\"@id\":\"https:\/\/www.visit-ulcinj.com\/blog\/#website\",\"url\":\"https:\/\/www.visit-ulcinj.com\/blog\/\",\"name\":\"Lajme nga Ulqini\",\"description\":\"Lajme,Vijesti,Ulqini,Ulqin,Crna Gora,Mali i Zi\",\"potentialAction\":[{\"@type\":\"SearchAction\",\"target\":{\"@type\":\"EntryPoint\",\"urlTemplate\":\"https:\/\/www.visit-ulcinj.com\/blog\/?s={search_term_string}\"},\"query-input\":\"required name=search_term_string\"}],\"inLanguage\":\"en-US\"},{\"@type\":\"ImageObject\",\"inLanguage\":\"en-US\",\"@id\":\"https:\/\/www.visit-ulcinj.com\/blog\/2008\/05\/11\/njohja-e-kosoves-nga-vendet-fqinje\/#primaryimage\",\"url\":\"http:\/\/gdb.rferl.org\/9317BE77-A8A5-47D2-82B3-4AD72C3F9C7D_mw800_mh600.jpg\",\"contentUrl\":\"http:\/\/gdb.rferl.org\/9317BE77-A8A5-47D2-82B3-4AD72C3F9C7D_mw800_mh600.jpg\"},{\"@type\":\"WebPage\",\"@id\":\"https:\/\/www.visit-ulcinj.com\/blog\/2008\/05\/11\/njohja-e-kosoves-nga-vendet-fqinje\/#webpage\",\"url\":\"https:\/\/www.visit-ulcinj.com\/blog\/2008\/05\/11\/njohja-e-kosoves-nga-vendet-fqinje\/\",\"name\":\"Njohja e Kosov\u00ebs nga vendet fqinje - Lajme nga Ulqini\",\"isPartOf\":{\"@id\":\"https:\/\/www.visit-ulcinj.com\/blog\/#website\"},\"primaryImageOfPage\":{\"@id\":\"https:\/\/www.visit-ulcinj.com\/blog\/2008\/05\/11\/njohja-e-kosoves-nga-vendet-fqinje\/#primaryimage\"},\"datePublished\":\"2008-05-11T15:30:45+00:00\",\"dateModified\":\"2008-05-11T15:30:45+00:00\",\"author\":{\"@id\":\"https:\/\/www.visit-ulcinj.com\/blog\/#\/schema\/person\/dcab619c614d3038751c63bc2aadc06d\"},\"breadcrumb\":{\"@id\":\"https:\/\/www.visit-ulcinj.com\/blog\/2008\/05\/11\/njohja-e-kosoves-nga-vendet-fqinje\/#breadcrumb\"},\"inLanguage\":\"en-US\",\"potentialAction\":[{\"@type\":\"ReadAction\",\"target\":[\"https:\/\/www.visit-ulcinj.com\/blog\/2008\/05\/11\/njohja-e-kosoves-nga-vendet-fqinje\/\"]}]},{\"@type\":\"BreadcrumbList\",\"@id\":\"https:\/\/www.visit-ulcinj.com\/blog\/2008\/05\/11\/njohja-e-kosoves-nga-vendet-fqinje\/#breadcrumb\",\"itemListElement\":[{\"@type\":\"ListItem\",\"position\":1,\"name\":\"Njohja e Kosov\u00ebs nga vendet fqinje\"}]},{\"@type\":\"Person\",\"@id\":\"https:\/\/www.visit-ulcinj.com\/blog\/#\/schema\/person\/dcab619c614d3038751c63bc2aadc06d\",\"name\":\"ulqini\",\"sameAs\":[\"http:\/\/www.visit-ulcinj.com\"],\"url\":\"https:\/\/www.visit-ulcinj.com\/blog\/author\/admin\/\"}]}<\/script>\n<!-- \/ Yoast SEO plugin. -->","yoast_head_json":{"title":"Njohja e Kosov\u00ebs nga vendet fqinje - Lajme nga Ulqini","robots":{"index":"index","follow":"follow","max-snippet":"max-snippet:-1","max-image-preview":"max-image-preview:large","max-video-preview":"max-video-preview:-1"},"canonical":"https:\/\/www.visit-ulcinj.com\/blog\/2008\/05\/11\/njohja-e-kosoves-nga-vendet-fqinje\/","og_locale":"en_US","og_type":"article","og_title":"Njohja e Kosov\u00ebs nga vendet fqinje - Lajme nga Ulqini","og_url":"https:\/\/www.visit-ulcinj.com\/blog\/2008\/05\/11\/njohja-e-kosoves-nga-vendet-fqinje\/","og_site_name":"Lajme nga Ulqini","article_published_time":"2008-05-11T15:30:45+00:00","og_image":[{"url":"http:\/\/gdb.rferl.org\/9317BE77-A8A5-47D2-82B3-4AD72C3F9C7D_mw800_mh600.jpg"}],"twitter_misc":{"Written by":"ulqini","Est. reading time":"4 minutes"},"schema":{"@context":"https:\/\/schema.org","@graph":[{"@type":"WebSite","@id":"https:\/\/www.visit-ulcinj.com\/blog\/#website","url":"https:\/\/www.visit-ulcinj.com\/blog\/","name":"Lajme nga Ulqini","description":"Lajme,Vijesti,Ulqini,Ulqin,Crna Gora,Mali i Zi","potentialAction":[{"@type":"SearchAction","target":{"@type":"EntryPoint","urlTemplate":"https:\/\/www.visit-ulcinj.com\/blog\/?s={search_term_string}"},"query-input":"required name=search_term_string"}],"inLanguage":"en-US"},{"@type":"ImageObject","inLanguage":"en-US","@id":"https:\/\/www.visit-ulcinj.com\/blog\/2008\/05\/11\/njohja-e-kosoves-nga-vendet-fqinje\/#primaryimage","url":"http:\/\/gdb.rferl.org\/9317BE77-A8A5-47D2-82B3-4AD72C3F9C7D_mw800_mh600.jpg","contentUrl":"http:\/\/gdb.rferl.org\/9317BE77-A8A5-47D2-82B3-4AD72C3F9C7D_mw800_mh600.jpg"},{"@type":"WebPage","@id":"https:\/\/www.visit-ulcinj.com\/blog\/2008\/05\/11\/njohja-e-kosoves-nga-vendet-fqinje\/#webpage","url":"https:\/\/www.visit-ulcinj.com\/blog\/2008\/05\/11\/njohja-e-kosoves-nga-vendet-fqinje\/","name":"Njohja e Kosov\u00ebs nga vendet fqinje - Lajme nga Ulqini","isPartOf":{"@id":"https:\/\/www.visit-ulcinj.com\/blog\/#website"},"primaryImageOfPage":{"@id":"https:\/\/www.visit-ulcinj.com\/blog\/2008\/05\/11\/njohja-e-kosoves-nga-vendet-fqinje\/#primaryimage"},"datePublished":"2008-05-11T15:30:45+00:00","dateModified":"2008-05-11T15:30:45+00:00","author":{"@id":"https:\/\/www.visit-ulcinj.com\/blog\/#\/schema\/person\/dcab619c614d3038751c63bc2aadc06d"},"breadcrumb":{"@id":"https:\/\/www.visit-ulcinj.com\/blog\/2008\/05\/11\/njohja-e-kosoves-nga-vendet-fqinje\/#breadcrumb"},"inLanguage":"en-US","potentialAction":[{"@type":"ReadAction","target":["https:\/\/www.visit-ulcinj.com\/blog\/2008\/05\/11\/njohja-e-kosoves-nga-vendet-fqinje\/"]}]},{"@type":"BreadcrumbList","@id":"https:\/\/www.visit-ulcinj.com\/blog\/2008\/05\/11\/njohja-e-kosoves-nga-vendet-fqinje\/#breadcrumb","itemListElement":[{"@type":"ListItem","position":1,"name":"Njohja e Kosov\u00ebs nga vendet fqinje"}]},{"@type":"Person","@id":"https:\/\/www.visit-ulcinj.com\/blog\/#\/schema\/person\/dcab619c614d3038751c63bc2aadc06d","name":"ulqini","sameAs":["http:\/\/www.visit-ulcinj.com"],"url":"https:\/\/www.visit-ulcinj.com\/blog\/author\/admin\/"}]}},"jetpack_featured_media_url":"","jetpack_sharing_enabled":true,"jetpack_shortlink":"https:\/\/wp.me\/pe6lTn-oL","_links":{"self":[{"href":"https:\/\/www.visit-ulcinj.com\/blog\/wp-json\/wp\/v2\/posts\/1535"}],"collection":[{"href":"https:\/\/www.visit-ulcinj.com\/blog\/wp-json\/wp\/v2\/posts"}],"about":[{"href":"https:\/\/www.visit-ulcinj.com\/blog\/wp-json\/wp\/v2\/types\/post"}],"author":[{"embeddable":true,"href":"https:\/\/www.visit-ulcinj.com\/blog\/wp-json\/wp\/v2\/users\/1"}],"replies":[{"embeddable":true,"href":"https:\/\/www.visit-ulcinj.com\/blog\/wp-json\/wp\/v2\/comments?post=1535"}],"version-history":[{"count":0,"href":"https:\/\/www.visit-ulcinj.com\/blog\/wp-json\/wp\/v2\/posts\/1535\/revisions"}],"wp:attachment":[{"href":"https:\/\/www.visit-ulcinj.com\/blog\/wp-json\/wp\/v2\/media?parent=1535"}],"wp:term":[{"taxonomy":"category","embeddable":true,"href":"https:\/\/www.visit-ulcinj.com\/blog\/wp-json\/wp\/v2\/categories?post=1535"},{"taxonomy":"post_tag","embeddable":true,"href":"https:\/\/www.visit-ulcinj.com\/blog\/wp-json\/wp\/v2\/tags?post=1535"}],"curies":[{"name":"wp","href":"https:\/\/api.w.org\/{rel}","templated":true}]}}