{"id":15350,"date":"2009-03-23T21:28:50","date_gmt":"2009-03-23T20:28:50","guid":{"rendered":"http:\/\/www.visit-ulcinj.com\/blog\/?p=15350"},"modified":"2009-03-23T21:28:50","modified_gmt":"2009-03-23T20:28:50","slug":"fillon-gjykimi-ndaj-tete-te-pandehurve-per-krime-lufte","status":"publish","type":"post","link":"https:\/\/www.visit-ulcinj.com\/blog\/2009\/03\/23\/fillon-gjykimi-ndaj-tete-te-pandehurve-per-krime-lufte\/","title":{"rendered":"Fillon gjykimi ndaj tet\u00eb t\u00eb pandehurve p\u00ebr krime lufte"},"content":{"rendered":"<p><a href=\"http:\/\/www.visit-ulcinj.com\/blog\/wp-content\/uploads\/2009\/03\/fillon-gjykimi-ndaj-tete-te-pandehurve-per-krime-lufte.jpg\"><img loading=\"lazy\" class=\"alignleft size-full wp-image-15351\" title=\"fillon-gjykimi-ndaj-tete-te-pandehurve-per-krime-lufte\" src=\"http:\/\/www.visit-ulcinj.com\/blog\/wp-content\/uploads\/2009\/03\/fillon-gjykimi-ndaj-tete-te-pandehurve-per-krime-lufte.jpg\" alt=\"fillon-gjykimi-ndaj-tete-te-pandehurve-per-krime-lufte\" width=\"377\" height=\"302\" \/><\/a>Vrasja e refugjat\u00ebve n\u00eb Husaj m\u00eb 18 prill t\u00eb vitit 1999 dhe vrasjet e tjera t\u00eb refugjat\u00ebve kosovar\u00eb n\u00eb Mal\u00ebsin\u00eb e Rozhaj\u00ebs gjat\u00eb muajve mars-qershor t\u00eb po atij viti soll\u00ebn bilancin tragjik prej 21 personave t\u00eb vrar\u00eb, n\u00eb mesin e t\u00eb cil\u00ebve f\u00ebmij\u00eb, plaka, pleq e t\u00eb rinj. Drejt\u00ebsia malazeze tet\u00eb vjet pas k\u00ebtij krimi makab\u00ebr ka shprehur gatishm\u00ebri p\u00ebr ndri\u00e7imin e k\u00ebtij krimi. Akuza ndaj tet\u00eb t\u00eb dyshuarve dhe paraburgosja e tyre kan\u00eb ngjallur shpresa tek t\u00eb af\u00ebrmit e t\u00eb d\u00ebmtuarve kosovar\u00eb se shteti i Malit t\u00eb Zi \u00ebsht\u00eb i gatsh\u00ebm p\u00ebr t\u00eb zbardhur k\u00ebt\u00eb krim. Po ashtu nga avokat\u00ebt Velia Muriq dhe Zenel Mekaj kuptojm\u00eb s\u00eb nga Kosova n\u00eb Gjykat\u00ebn e Lart\u00eb t\u00eb Bijello Poles do t\u00eb marrin pjes\u00eb afro 30 d\u00ebshmitar\u00eb dhe familjar\u00eb t\u00eb t\u00eb d\u00ebmtuarve. Ky proces gjyq\u00ebsor fillon sot dhe koh\u00ebzgjatja e tij \u00ebsht\u00eb e paparashikueshme, pasiq\u00eb disa nga t\u00eb akuzuarit ende ndodhen n\u00eb liri.<br \/>\nVrasjet serike grupore dhe individuale t\u00eb refugjat\u00ebve kosovar\u00eb para dhjet\u00eb viteve sot po shqyrtohen n\u00eb Gjykat\u00ebn e Lart\u00eb n\u00eb Bijello Pole. Nga tet\u00eb t\u00eb akuzuarit, n\u00eb gjykat\u00eb do t\u00eb paraqiten shtat\u00eb prej tyre, pasiq\u00eb i akuzuari kryesor, ish-komandanti i korpusit t\u00eb par\u00eb t\u00eb Podgoric\u00ebs Predrag Pavle Strugar vazhdon t\u00eb mos u dor\u00ebzohet organeve t\u00eb drejt\u00ebsis\u00eb edhe p\u00ebrkund\u00ebr pohimeve t\u00eb avokatit Velia Muriq se i k\u00ebrkuari vazhdon t\u00eb strehohet n\u00eb Serbi. Nd\u00ebrkaq para k\u00ebsaj gjykate dhe trupit gjykues q\u00eb p\u00ebrb\u00ebhet nga kryegjyqtari Drago Konotar e ndihm\u00ebsi i tij Arif Adroviq si dhe tre porotnik\u00eb, do t\u00eb paraqiten t\u00eb pandehurit Mom\u00e7illo Bajraktaroviq (54), Petar Llabudoviq (49), Aco Knezheviq ( 43), Petar Llabudoviq ( 49), Branisllav Randiq ( 42), Boro Novakoviq ( 31), Miro Bojeviq (42) e Radomir Gjurashkoviq (45). Aktakuza i ngakon p\u00ebr pjes\u00ebmarrje n\u00eb vrasjen e 21 civil\u00ebve shqiptar\u00eb nga Kosova n\u00eb periudh\u00ebn kohore mars-qershor t\u00eb vitit 1999, krime k\u00ebto t\u00eb kryera n\u00eb territorin e komun\u00ebs s\u00eb Rozhaj\u00ebs. Avokati nga Rozhaja, Velia Muriq t\u00eb h\u00ebn\u00ebn n\u00eb adres\u00eb t\u00eb kryeministrit malazias z. Millo Gjukanoviq ka d\u00ebrguar nism\u00ebn p\u00ebr arritjen e paq\u00ebsimit gjyq\u00ebsor p\u00ebr kompensim material t\u00eb krimit t\u00eb luft\u00ebs p\u00ebr 21 familje t\u00eb d\u00ebmtuara. Konkretisht k\u00ebt\u00eb nism\u00eb ky avokat e ka d\u00ebrguar edhe ne Ministrin\u00eb e Drejt\u00ebsis\u00eb, n\u00eb Gjykat\u00ebn e Lart\u00eb, n\u00eb Prokurorin e shtetit si dhe n\u00eb Gjykaten Themelore n\u00eb Podgoric\u00eb. Nga burime t\u00eb sigurta kuptuam se ky dokument u \u00ebsht\u00eb nisur edhe ambasadave me renome t\u00eb akredituara n\u00eb Podgoric\u00eb, si ambasadorit amerikan Roderik Moor dhe ambasadorit t\u00eb Shqip\u00ebris\u00eb z. Tonin Beci. P\u00ebrfaq\u00ebsuesi i familjeve t\u00eb d\u00ebmtuara avokati Muriq mendon q\u00eb paq\u00ebsimi gjyq\u00ebsor p\u00ebr t\u00eb cilin ka paraqitur iniciativ\u00ebn, \u00ebsht\u00eb forma m\u00eb afirmative e p\u00ebrfundimit t\u00eb kontesteve gjyq\u00ebsore dhe ka theksuar: &#8220;Dhembja t\u00eb cil\u00ebn e vuajn\u00eb familjet p\u00ebr shkak t\u00eb krimeve t\u00eb p\u00ebrjetuara, me asgj\u00eb nuk mund t\u00eb fshihet, e madje as me vendim gjyq\u00ebsor. Megjithat\u00eb, me paq\u00ebsim gjyq\u00ebsor, Mali i Zi do t\u00eb radhitej n\u00eb radh\u00ebn e shteteve demokratike t\u00eb cilat jan\u00eb t\u00eb vendosura q\u00eb n\u00eb m\u00ebnyr\u00eb objektive t\u00eb ballafaqohen me t\u00eb kaluar\u00ebn, do t\u00eb tregonte q\u00ebndrim t\u00eb kuptuesh\u00ebm ndaj k\u00ebrkesave t\u00eb arsyeshme t\u00eb familjeve t\u00eb d\u00ebmtuara, do t\u00eb jepte shembull t\u00eb ve\u00e7ant\u00eb n\u00eb rajon dhe do t\u00eb d\u00ebshmonte gatishm\u00ebrin\u00eb konkrete drejt afrimit t\u00eb popujve t\u00eb cil\u00ebt historikisht dhe pashmangshm\u00ebrisht jan\u00eb t\u00eb orientuar drejt nj\u00ebri tjetrit n\u00eb k\u00ebto hap\u00ebsira&#8221; &#8211; ka th\u00ebn\u00eb Muriq. Ai ka shtuar se me marr\u00ebveshjen p\u00ebr paq\u00ebsim gjyq\u00ebsor n\u00eb mas\u00eb m\u00eb t\u00eb madhe do t\u00eb arrihet efekti human, kurse Mali i Zi do t\u00eb radhitej ne radh\u00ebn e shteteve n\u00eb t\u00eb cilat t\u00eb drejtat njer\u00ebzore dhe qytetare t\u00eb p\u00ebrcaktuara me ligj t\u00eb t\u00eb realizohen n\u00eb nivelin e standardeve m\u00eb t\u00eb larta t\u00eb rregulluara me dokumentet nd\u00ebrkomb\u00ebtare n\u00ebnshkrues i t\u00eb cilave \u00ebsht\u00eb Mali i Zi.<\/p>\n<p><strong>Ali Daci<br \/>\nKoha Javore<\/strong><\/p>\n","protected":false},"excerpt":{"rendered":"<p>Vrasja e refugjat\u00ebve n\u00eb Husaj m\u00eb 18 prill t\u00eb vitit 1999 dhe vrasjet e tjera t\u00eb refugjat\u00ebve kosovar\u00eb n\u00eb Mal\u00ebsin\u00eb e Rozhaj\u00ebs gjat\u00eb muajve mars-qershor t\u00eb po atij viti soll\u00ebn bilancin tragjik prej 21 personave t\u00eb vrar\u00eb, n\u00eb mesin e t\u00eb cil\u00ebve f\u00ebmij\u00eb, plaka, pleq e t\u00eb rinj. Drejt\u00ebsia malazeze tet\u00eb vjet pas k\u00ebtij krimi [&hellip;]<\/p>\n","protected":false},"author":1,"featured_media":0,"comment_status":"open","ping_status":"closed","sticky":false,"template":"","format":"standard","meta":{"spay_email":"","jetpack_publicize_message":"","jetpack_is_tweetstorm":false,"jetpack_publicize_feature_enabled":true},"categories":[14],"tags":[8313],"jetpack_publicize_connections":[],"yoast_head":"<!-- This site is optimized with the Yoast SEO plugin v19.1 - https:\/\/yoast.com\/wordpress\/plugins\/seo\/ -->\n<title>Fillon gjykimi ndaj tet\u00eb t\u00eb pandehurve p\u00ebr krime lufte - Lajme nga Ulqini<\/title>\n<meta name=\"description\" content=\"Vrasja e refugjat\u00ebve n\u00eb Husaj m\u00eb 18 prill t\u00eb vitit 1999 dhe vrasjet e tjera t\u00eb refugjat\u00ebve kosovar\u00eb n\u00eb Mal\u00ebsin\u00eb e Rozhaj\u00ebs gjat\u00eb muajve mars-qershor t\u00eb po\" \/>\n<meta name=\"robots\" content=\"index, follow, max-snippet:-1, max-image-preview:large, max-video-preview:-1\" \/>\n<link rel=\"canonical\" href=\"https:\/\/www.visit-ulcinj.com\/blog\/2009\/03\/23\/fillon-gjykimi-ndaj-tete-te-pandehurve-per-krime-lufte\/\" \/>\n<meta property=\"og:locale\" content=\"en_US\" \/>\n<meta property=\"og:type\" content=\"article\" \/>\n<meta property=\"og:title\" content=\"Fillon gjykimi ndaj tet\u00eb t\u00eb pandehurve p\u00ebr krime lufte - Lajme nga Ulqini\" \/>\n<meta property=\"og:description\" content=\"Vrasja e refugjat\u00ebve n\u00eb Husaj m\u00eb 18 prill t\u00eb vitit 1999 dhe vrasjet e tjera t\u00eb refugjat\u00ebve kosovar\u00eb n\u00eb Mal\u00ebsin\u00eb e Rozhaj\u00ebs gjat\u00eb muajve mars-qershor t\u00eb po\" \/>\n<meta property=\"og:url\" content=\"https:\/\/www.visit-ulcinj.com\/blog\/2009\/03\/23\/fillon-gjykimi-ndaj-tete-te-pandehurve-per-krime-lufte\/\" \/>\n<meta property=\"og:site_name\" content=\"Lajme nga Ulqini\" \/>\n<meta property=\"article:published_time\" content=\"2009-03-23T20:28:50+00:00\" \/>\n<meta property=\"og:image\" content=\"http:\/\/www.visit-ulcinj.com\/blog\/wp-content\/uploads\/2009\/03\/fillon-gjykimi-ndaj-tete-te-pandehurve-per-krime-lufte.jpg\" \/>\n<meta name=\"twitter:label1\" content=\"Written by\" \/>\n\t<meta name=\"twitter:data1\" content=\"ulqini\" \/>\n\t<meta name=\"twitter:label2\" content=\"Est. reading time\" \/>\n\t<meta name=\"twitter:data2\" content=\"3 minutes\" \/>\n<script type=\"application\/ld+json\" class=\"yoast-schema-graph\">{\"@context\":\"https:\/\/schema.org\",\"@graph\":[{\"@type\":\"WebSite\",\"@id\":\"https:\/\/www.visit-ulcinj.com\/blog\/#website\",\"url\":\"https:\/\/www.visit-ulcinj.com\/blog\/\",\"name\":\"Lajme nga Ulqini\",\"description\":\"Lajme,Vijesti,Ulqini,Ulqin,Crna Gora,Mali i Zi\",\"potentialAction\":[{\"@type\":\"SearchAction\",\"target\":{\"@type\":\"EntryPoint\",\"urlTemplate\":\"https:\/\/www.visit-ulcinj.com\/blog\/?s={search_term_string}\"},\"query-input\":\"required name=search_term_string\"}],\"inLanguage\":\"en-US\"},{\"@type\":\"ImageObject\",\"inLanguage\":\"en-US\",\"@id\":\"https:\/\/www.visit-ulcinj.com\/blog\/2009\/03\/23\/fillon-gjykimi-ndaj-tete-te-pandehurve-per-krime-lufte\/#primaryimage\",\"url\":\"https:\/\/www.visit-ulcinj.com\/blog\/wp-content\/uploads\/2009\/03\/fillon-gjykimi-ndaj-tete-te-pandehurve-per-krime-lufte.jpg\",\"contentUrl\":\"https:\/\/www.visit-ulcinj.com\/blog\/wp-content\/uploads\/2009\/03\/fillon-gjykimi-ndaj-tete-te-pandehurve-per-krime-lufte.jpg\",\"width\":\"300\",\"height\":\"241\"},{\"@type\":\"WebPage\",\"@id\":\"https:\/\/www.visit-ulcinj.com\/blog\/2009\/03\/23\/fillon-gjykimi-ndaj-tete-te-pandehurve-per-krime-lufte\/#webpage\",\"url\":\"https:\/\/www.visit-ulcinj.com\/blog\/2009\/03\/23\/fillon-gjykimi-ndaj-tete-te-pandehurve-per-krime-lufte\/\",\"name\":\"Fillon gjykimi ndaj tet\u00eb t\u00eb pandehurve p\u00ebr krime lufte - Lajme nga Ulqini\",\"isPartOf\":{\"@id\":\"https:\/\/www.visit-ulcinj.com\/blog\/#website\"},\"primaryImageOfPage\":{\"@id\":\"https:\/\/www.visit-ulcinj.com\/blog\/2009\/03\/23\/fillon-gjykimi-ndaj-tete-te-pandehurve-per-krime-lufte\/#primaryimage\"},\"datePublished\":\"2009-03-23T20:28:50+00:00\",\"dateModified\":\"2009-03-23T20:28:50+00:00\",\"author\":{\"@id\":\"https:\/\/www.visit-ulcinj.com\/blog\/#\/schema\/person\/dcab619c614d3038751c63bc2aadc06d\"},\"description\":\"Vrasja e refugjat\u00ebve n\u00eb Husaj m\u00eb 18 prill t\u00eb vitit 1999 dhe vrasjet e tjera t\u00eb refugjat\u00ebve kosovar\u00eb n\u00eb Mal\u00ebsin\u00eb e Rozhaj\u00ebs gjat\u00eb muajve mars-qershor t\u00eb po\",\"breadcrumb\":{\"@id\":\"https:\/\/www.visit-ulcinj.com\/blog\/2009\/03\/23\/fillon-gjykimi-ndaj-tete-te-pandehurve-per-krime-lufte\/#breadcrumb\"},\"inLanguage\":\"en-US\",\"potentialAction\":[{\"@type\":\"ReadAction\",\"target\":[\"https:\/\/www.visit-ulcinj.com\/blog\/2009\/03\/23\/fillon-gjykimi-ndaj-tete-te-pandehurve-per-krime-lufte\/\"]}]},{\"@type\":\"BreadcrumbList\",\"@id\":\"https:\/\/www.visit-ulcinj.com\/blog\/2009\/03\/23\/fillon-gjykimi-ndaj-tete-te-pandehurve-per-krime-lufte\/#breadcrumb\",\"itemListElement\":[{\"@type\":\"ListItem\",\"position\":1,\"name\":\"Fillon gjykimi ndaj tet\u00eb t\u00eb pandehurve p\u00ebr krime lufte\"}]},{\"@type\":\"Person\",\"@id\":\"https:\/\/www.visit-ulcinj.com\/blog\/#\/schema\/person\/dcab619c614d3038751c63bc2aadc06d\",\"name\":\"ulqini\",\"sameAs\":[\"http:\/\/www.visit-ulcinj.com\"],\"url\":\"https:\/\/www.visit-ulcinj.com\/blog\/author\/admin\/\"}]}<\/script>\n<!-- \/ Yoast SEO plugin. -->","yoast_head_json":{"title":"Fillon gjykimi ndaj tet\u00eb t\u00eb pandehurve p\u00ebr krime lufte - Lajme nga Ulqini","description":"Vrasja e refugjat\u00ebve n\u00eb Husaj m\u00eb 18 prill t\u00eb vitit 1999 dhe vrasjet e tjera t\u00eb refugjat\u00ebve kosovar\u00eb n\u00eb Mal\u00ebsin\u00eb e Rozhaj\u00ebs gjat\u00eb muajve mars-qershor t\u00eb po","robots":{"index":"index","follow":"follow","max-snippet":"max-snippet:-1","max-image-preview":"max-image-preview:large","max-video-preview":"max-video-preview:-1"},"canonical":"https:\/\/www.visit-ulcinj.com\/blog\/2009\/03\/23\/fillon-gjykimi-ndaj-tete-te-pandehurve-per-krime-lufte\/","og_locale":"en_US","og_type":"article","og_title":"Fillon gjykimi ndaj tet\u00eb t\u00eb pandehurve p\u00ebr krime lufte - Lajme nga Ulqini","og_description":"Vrasja e refugjat\u00ebve n\u00eb Husaj m\u00eb 18 prill t\u00eb vitit 1999 dhe vrasjet e tjera t\u00eb refugjat\u00ebve kosovar\u00eb n\u00eb Mal\u00ebsin\u00eb e Rozhaj\u00ebs gjat\u00eb muajve mars-qershor t\u00eb po","og_url":"https:\/\/www.visit-ulcinj.com\/blog\/2009\/03\/23\/fillon-gjykimi-ndaj-tete-te-pandehurve-per-krime-lufte\/","og_site_name":"Lajme nga Ulqini","article_published_time":"2009-03-23T20:28:50+00:00","og_image":[{"url":"http:\/\/www.visit-ulcinj.com\/blog\/wp-content\/uploads\/2009\/03\/fillon-gjykimi-ndaj-tete-te-pandehurve-per-krime-lufte.jpg"}],"twitter_misc":{"Written by":"ulqini","Est. reading time":"3 minutes"},"schema":{"@context":"https:\/\/schema.org","@graph":[{"@type":"WebSite","@id":"https:\/\/www.visit-ulcinj.com\/blog\/#website","url":"https:\/\/www.visit-ulcinj.com\/blog\/","name":"Lajme nga Ulqini","description":"Lajme,Vijesti,Ulqini,Ulqin,Crna Gora,Mali i Zi","potentialAction":[{"@type":"SearchAction","target":{"@type":"EntryPoint","urlTemplate":"https:\/\/www.visit-ulcinj.com\/blog\/?s={search_term_string}"},"query-input":"required name=search_term_string"}],"inLanguage":"en-US"},{"@type":"ImageObject","inLanguage":"en-US","@id":"https:\/\/www.visit-ulcinj.com\/blog\/2009\/03\/23\/fillon-gjykimi-ndaj-tete-te-pandehurve-per-krime-lufte\/#primaryimage","url":"https:\/\/www.visit-ulcinj.com\/blog\/wp-content\/uploads\/2009\/03\/fillon-gjykimi-ndaj-tete-te-pandehurve-per-krime-lufte.jpg","contentUrl":"https:\/\/www.visit-ulcinj.com\/blog\/wp-content\/uploads\/2009\/03\/fillon-gjykimi-ndaj-tete-te-pandehurve-per-krime-lufte.jpg","width":"300","height":"241"},{"@type":"WebPage","@id":"https:\/\/www.visit-ulcinj.com\/blog\/2009\/03\/23\/fillon-gjykimi-ndaj-tete-te-pandehurve-per-krime-lufte\/#webpage","url":"https:\/\/www.visit-ulcinj.com\/blog\/2009\/03\/23\/fillon-gjykimi-ndaj-tete-te-pandehurve-per-krime-lufte\/","name":"Fillon gjykimi ndaj tet\u00eb t\u00eb pandehurve p\u00ebr krime lufte - Lajme nga Ulqini","isPartOf":{"@id":"https:\/\/www.visit-ulcinj.com\/blog\/#website"},"primaryImageOfPage":{"@id":"https:\/\/www.visit-ulcinj.com\/blog\/2009\/03\/23\/fillon-gjykimi-ndaj-tete-te-pandehurve-per-krime-lufte\/#primaryimage"},"datePublished":"2009-03-23T20:28:50+00:00","dateModified":"2009-03-23T20:28:50+00:00","author":{"@id":"https:\/\/www.visit-ulcinj.com\/blog\/#\/schema\/person\/dcab619c614d3038751c63bc2aadc06d"},"description":"Vrasja e refugjat\u00ebve n\u00eb Husaj m\u00eb 18 prill t\u00eb vitit 1999 dhe vrasjet e tjera t\u00eb refugjat\u00ebve kosovar\u00eb n\u00eb Mal\u00ebsin\u00eb e Rozhaj\u00ebs gjat\u00eb muajve mars-qershor t\u00eb po","breadcrumb":{"@id":"https:\/\/www.visit-ulcinj.com\/blog\/2009\/03\/23\/fillon-gjykimi-ndaj-tete-te-pandehurve-per-krime-lufte\/#breadcrumb"},"inLanguage":"en-US","potentialAction":[{"@type":"ReadAction","target":["https:\/\/www.visit-ulcinj.com\/blog\/2009\/03\/23\/fillon-gjykimi-ndaj-tete-te-pandehurve-per-krime-lufte\/"]}]},{"@type":"BreadcrumbList","@id":"https:\/\/www.visit-ulcinj.com\/blog\/2009\/03\/23\/fillon-gjykimi-ndaj-tete-te-pandehurve-per-krime-lufte\/#breadcrumb","itemListElement":[{"@type":"ListItem","position":1,"name":"Fillon gjykimi ndaj tet\u00eb t\u00eb pandehurve p\u00ebr krime lufte"}]},{"@type":"Person","@id":"https:\/\/www.visit-ulcinj.com\/blog\/#\/schema\/person\/dcab619c614d3038751c63bc2aadc06d","name":"ulqini","sameAs":["http:\/\/www.visit-ulcinj.com"],"url":"https:\/\/www.visit-ulcinj.com\/blog\/author\/admin\/"}]}},"jetpack_featured_media_url":"","jetpack_sharing_enabled":true,"jetpack_shortlink":"https:\/\/wp.me\/pe6lTn-3ZA","_links":{"self":[{"href":"https:\/\/www.visit-ulcinj.com\/blog\/wp-json\/wp\/v2\/posts\/15350"}],"collection":[{"href":"https:\/\/www.visit-ulcinj.com\/blog\/wp-json\/wp\/v2\/posts"}],"about":[{"href":"https:\/\/www.visit-ulcinj.com\/blog\/wp-json\/wp\/v2\/types\/post"}],"author":[{"embeddable":true,"href":"https:\/\/www.visit-ulcinj.com\/blog\/wp-json\/wp\/v2\/users\/1"}],"replies":[{"embeddable":true,"href":"https:\/\/www.visit-ulcinj.com\/blog\/wp-json\/wp\/v2\/comments?post=15350"}],"version-history":[{"count":0,"href":"https:\/\/www.visit-ulcinj.com\/blog\/wp-json\/wp\/v2\/posts\/15350\/revisions"}],"wp:attachment":[{"href":"https:\/\/www.visit-ulcinj.com\/blog\/wp-json\/wp\/v2\/media?parent=15350"}],"wp:term":[{"taxonomy":"category","embeddable":true,"href":"https:\/\/www.visit-ulcinj.com\/blog\/wp-json\/wp\/v2\/categories?post=15350"},{"taxonomy":"post_tag","embeddable":true,"href":"https:\/\/www.visit-ulcinj.com\/blog\/wp-json\/wp\/v2\/tags?post=15350"}],"curies":[{"name":"wp","href":"https:\/\/api.w.org\/{rel}","templated":true}]}}