{"id":1536,"date":"2008-05-12T00:41:15","date_gmt":"2008-05-12T05:41:15","guid":{"rendered":"http:\/\/www.visit-ulcinj.com\/blog\/?p=1536"},"modified":"2008-05-12T00:42:43","modified_gmt":"2008-05-12T05:42:43","slug":"roman-abramovic-zainteresovan-za-valdanos","status":"publish","type":"post","link":"https:\/\/www.visit-ulcinj.com\/blog\/2008\/05\/12\/roman-abramovic-zainteresovan-za-valdanos\/","title":{"rendered":"Roman Abramovi? zainteresovan za Valdanos"},"content":{"rendered":"<p><img loading=\"lazy\" class=\"alignleft\" style=\"float: left;\" src=\"http:\/\/herostrat.blog.hr\/slike\/roman.jpg\" alt=\"Roman Abramovi?\" width=\"200\" height=\"150\" \/>PODGORICA &#8211; Ruski oligarh namjerava da ovih dana posjeti Crnu Goru ili po\u0161alje nekog od ?elnika svojih kompanija da razgovara sa crnogorskim vlastima o tom poslu.<br \/>\nRuski milijarder Roman Abramovi? zainteresovan je da dugoro?no zakupi uvalu <strong><a title=\"VALDANOS\" href=\"http:\/\/www.valdanos.com\/\" target=\"_blank\">Valdanos<\/a><\/strong> na Crnogorskom primorju i spreman je da ulo\u017ei vi\u0161e od 1,2 milijardi EUR. Abramovi? namjerava da ovih dana posjeti Crnu Goru ili po\u0161alje nekog od ?elnika svojih kompanija da razgovara sa crnogorskim vlastima o tom poslu, pi\u0161e CG Ekonomist. Intresovanje za zakup <strong><a title=\"VALDANOS\" href=\"http:\/\/www.valdanos.com\/\" target=\"_blank\">Valdanosa<\/a><\/strong>, Velike pla\u017ee kod Ulcinja i crnogorskih aerodroma ranije je objavila i austrijska kompanija Soravia, ?iji je direktor Hano Soravia objavio da bi ta kompanija \u017eeljela da investira u najju\u017eniji dio crnogorske obale.<a href=\"http:\/\/www.visit-ulcinj.com\/blog\/wp-content\/uploads\/2008\/03\/valdanosi-1.jpg\"><img loading=\"lazy\" class=\"alignright attachment wp-att-1055\" style=\"float: right;\" src=\"http:\/\/www.visit-ulcinj.com\/blog\/wp-content\/uploads\/2008\/03\/valdanosi-1.thumbnail.jpg\" alt=\"Baie de Valdanos\" width=\"200\" height=\"161\" \/><\/a><br \/>\nCrnogorski Savjet za privatizaciju pozvao je 28. marta zainteresovane me?unarodne investitore da do 15. maja poka\u017eu interesovanje za dugoro?ni zakup biv\u0161eg vojnog odmarali\u0161ta Ostrvo cvije?a kod Tivta i kompleksa <strong><a title=\"VALDANOS\" href=\"http:\/\/www.valdanos.com\/\" target=\"_blank\">Valdanos<\/a><\/strong>. Vlada od zakupca o?ekuje da od dva lokaliteta na Crnogorskom primorju izgradi jedinstvene i multifunkcionalne turisti?ke komplekse visokog nivoa, koji nude niz aktivnosti za odmor i rekreaciju, ali na na?in koji ne?e ugroziti njihov prirodni ambijent i ekolo\u0161ko bogatstvo.<br \/>\nOd zakupca se o?ekuje da izgradi kompleks hotela sa objektima za rekreaciju kategorisanih sa ?etiri plus i pet zvjezdica kojima ?e upravljati me?unarodni turisti?ki operater koji se dokazao u tom poslu.<br \/>\n<a href=\"http:\/\/www.visit-ulcinj.com\/blog\/wp-content\/uploads\/2008\/03\/plazha-e-valdanosit-_3_.jpg\"><img loading=\"lazy\" class=\"alignleft attachment wp-att-829\" style=\"float: left;\" src=\"http:\/\/www.visit-ulcinj.com\/blog\/wp-content\/uploads\/2008\/03\/plazha-e-valdanosit-_3_.thumbnail.jpg\" alt=\"Valdanos Bucht_ulcinj.\" width=\"200\" height=\"130\" \/><\/a> Ponude moraju sadr\u017eati detaljne konceptualne, projektantske, investicione i operativne planove, koje ?e procjenjivati Tenderska komisija sistemom bodovanja, koji ?e biti detaljno obja\u0161njen u tenderskoj dokumentaciji koju ?e dobiti svaki ponu?a?.<br \/>\nPonu?a?i ?e dostaviti finansijsku ponudu koja uklju?uje trajanje zakupa, iznos zakupnine, strukturu, uslove i vremenske rokove. Zakupac ?e pla?ati godi\u0161nju zakupninu na osnovu prometa, ali ?e biti propisana minimalna garantovana zakupnina. On je obavezan da dostavi plan investiranja u lokaciju, koji ?e morati da realizuje u periodu od tri godine nakon potpisivanja ugovora o zakupu.<br \/>\nPrilikom ocjenjivanja ponuda, glavni kriterijum ?e biti visina planirane investicije.<br \/>\n<strong>Izvor \/Mina-Business<\/strong><\/p>\n<p><strong><a title=\"VALDANOS\" href=\"http:\/\/www.valdanos.com\/\" target=\"_blank\">http:\/\/www.valdanos.com\/<\/a><\/strong><\/p>\n<!-- vimeo error: not a vimeo video -->\n","protected":false},"excerpt":{"rendered":"<p><img loading=\"lazy\" class=\"alignleft\" style=\"float: left;\" src=\"http:\/\/herostrat.blog.hr\/slike\/roman.jpg\" alt=\"Roman Abramovi?\" width=\"140\" height=\"140\" \/><\/p>\n","protected":false},"author":1,"featured_media":0,"comment_status":"open","ping_status":"closed","sticky":false,"template":"","format":"standard","meta":{"spay_email":"","jetpack_publicize_message":"","jetpack_is_tweetstorm":false,"jetpack_publicize_feature_enabled":true},"categories":[10,12,15],"tags":[2212,20,2126,564,79,2378,467,466,19,136,2124,2123],"jetpack_publicize_connections":[],"yoast_head":"<!-- This site is optimized with the Yoast SEO plugin v19.1 - https:\/\/yoast.com\/wordpress\/plugins\/seo\/ -->\n<title>Roman Abramovi? zainteresovan za Valdanos - Lajme nga Ulqini<\/title>\n<meta name=\"robots\" content=\"index, follow, max-snippet:-1, max-image-preview:large, max-video-preview:-1\" \/>\n<link rel=\"canonical\" href=\"https:\/\/www.visit-ulcinj.com\/blog\/2008\/05\/12\/roman-abramovic-zainteresovan-za-valdanos\/\" \/>\n<meta property=\"og:locale\" content=\"en_US\" \/>\n<meta property=\"og:type\" content=\"article\" \/>\n<meta property=\"og:title\" content=\"Roman Abramovi? zainteresovan za Valdanos - Lajme nga Ulqini\" \/>\n<meta property=\"og:url\" content=\"https:\/\/www.visit-ulcinj.com\/blog\/2008\/05\/12\/roman-abramovic-zainteresovan-za-valdanos\/\" \/>\n<meta property=\"og:site_name\" content=\"Lajme nga Ulqini\" \/>\n<meta property=\"article:published_time\" content=\"2008-05-12T05:41:15+00:00\" \/>\n<meta property=\"article:modified_time\" content=\"2008-05-12T05:42:43+00:00\" \/>\n<meta property=\"og:image\" content=\"http:\/\/herostrat.blog.hr\/slike\/roman.jpg\" \/>\n<meta name=\"twitter:label1\" content=\"Written by\" \/>\n\t<meta name=\"twitter:data1\" content=\"ulqini\" \/>\n\t<meta name=\"twitter:label2\" content=\"Est. reading time\" \/>\n\t<meta name=\"twitter:data2\" content=\"2 minutes\" \/>\n<script type=\"application\/ld+json\" class=\"yoast-schema-graph\">{\"@context\":\"https:\/\/schema.org\",\"@graph\":[{\"@type\":\"WebSite\",\"@id\":\"https:\/\/www.visit-ulcinj.com\/blog\/#website\",\"url\":\"https:\/\/www.visit-ulcinj.com\/blog\/\",\"name\":\"Lajme nga Ulqini\",\"description\":\"Lajme,Vijesti,Ulqini,Ulqin,Crna Gora,Mali i Zi\",\"potentialAction\":[{\"@type\":\"SearchAction\",\"target\":{\"@type\":\"EntryPoint\",\"urlTemplate\":\"https:\/\/www.visit-ulcinj.com\/blog\/?s={search_term_string}\"},\"query-input\":\"required name=search_term_string\"}],\"inLanguage\":\"en-US\"},{\"@type\":\"ImageObject\",\"inLanguage\":\"en-US\",\"@id\":\"https:\/\/www.visit-ulcinj.com\/blog\/2008\/05\/12\/roman-abramovic-zainteresovan-za-valdanos\/#primaryimage\",\"url\":\"http:\/\/herostrat.blog.hr\/slike\/roman.jpg\",\"contentUrl\":\"http:\/\/herostrat.blog.hr\/slike\/roman.jpg\"},{\"@type\":\"WebPage\",\"@id\":\"https:\/\/www.visit-ulcinj.com\/blog\/2008\/05\/12\/roman-abramovic-zainteresovan-za-valdanos\/#webpage\",\"url\":\"https:\/\/www.visit-ulcinj.com\/blog\/2008\/05\/12\/roman-abramovic-zainteresovan-za-valdanos\/\",\"name\":\"Roman Abramovi? zainteresovan za Valdanos - Lajme nga Ulqini\",\"isPartOf\":{\"@id\":\"https:\/\/www.visit-ulcinj.com\/blog\/#website\"},\"primaryImageOfPage\":{\"@id\":\"https:\/\/www.visit-ulcinj.com\/blog\/2008\/05\/12\/roman-abramovic-zainteresovan-za-valdanos\/#primaryimage\"},\"datePublished\":\"2008-05-12T05:41:15+00:00\",\"dateModified\":\"2008-05-12T05:42:43+00:00\",\"author\":{\"@id\":\"https:\/\/www.visit-ulcinj.com\/blog\/#\/schema\/person\/dcab619c614d3038751c63bc2aadc06d\"},\"breadcrumb\":{\"@id\":\"https:\/\/www.visit-ulcinj.com\/blog\/2008\/05\/12\/roman-abramovic-zainteresovan-za-valdanos\/#breadcrumb\"},\"inLanguage\":\"en-US\",\"potentialAction\":[{\"@type\":\"ReadAction\",\"target\":[\"https:\/\/www.visit-ulcinj.com\/blog\/2008\/05\/12\/roman-abramovic-zainteresovan-za-valdanos\/\"]}]},{\"@type\":\"BreadcrumbList\",\"@id\":\"https:\/\/www.visit-ulcinj.com\/blog\/2008\/05\/12\/roman-abramovic-zainteresovan-za-valdanos\/#breadcrumb\",\"itemListElement\":[{\"@type\":\"ListItem\",\"position\":1,\"name\":\"Roman Abramovi? zainteresovan za Valdanos\"}]},{\"@type\":\"Person\",\"@id\":\"https:\/\/www.visit-ulcinj.com\/blog\/#\/schema\/person\/dcab619c614d3038751c63bc2aadc06d\",\"name\":\"ulqini\",\"sameAs\":[\"http:\/\/www.visit-ulcinj.com\"],\"url\":\"https:\/\/www.visit-ulcinj.com\/blog\/author\/admin\/\"}]}<\/script>\n<!-- \/ Yoast SEO plugin. -->","yoast_head_json":{"title":"Roman Abramovi? zainteresovan za Valdanos - Lajme nga Ulqini","robots":{"index":"index","follow":"follow","max-snippet":"max-snippet:-1","max-image-preview":"max-image-preview:large","max-video-preview":"max-video-preview:-1"},"canonical":"https:\/\/www.visit-ulcinj.com\/blog\/2008\/05\/12\/roman-abramovic-zainteresovan-za-valdanos\/","og_locale":"en_US","og_type":"article","og_title":"Roman Abramovi? zainteresovan za Valdanos - Lajme nga Ulqini","og_url":"https:\/\/www.visit-ulcinj.com\/blog\/2008\/05\/12\/roman-abramovic-zainteresovan-za-valdanos\/","og_site_name":"Lajme nga Ulqini","article_published_time":"2008-05-12T05:41:15+00:00","article_modified_time":"2008-05-12T05:42:43+00:00","og_image":[{"url":"http:\/\/herostrat.blog.hr\/slike\/roman.jpg"}],"twitter_misc":{"Written by":"ulqini","Est. reading time":"2 minutes"},"schema":{"@context":"https:\/\/schema.org","@graph":[{"@type":"WebSite","@id":"https:\/\/www.visit-ulcinj.com\/blog\/#website","url":"https:\/\/www.visit-ulcinj.com\/blog\/","name":"Lajme nga Ulqini","description":"Lajme,Vijesti,Ulqini,Ulqin,Crna Gora,Mali i Zi","potentialAction":[{"@type":"SearchAction","target":{"@type":"EntryPoint","urlTemplate":"https:\/\/www.visit-ulcinj.com\/blog\/?s={search_term_string}"},"query-input":"required name=search_term_string"}],"inLanguage":"en-US"},{"@type":"ImageObject","inLanguage":"en-US","@id":"https:\/\/www.visit-ulcinj.com\/blog\/2008\/05\/12\/roman-abramovic-zainteresovan-za-valdanos\/#primaryimage","url":"http:\/\/herostrat.blog.hr\/slike\/roman.jpg","contentUrl":"http:\/\/herostrat.blog.hr\/slike\/roman.jpg"},{"@type":"WebPage","@id":"https:\/\/www.visit-ulcinj.com\/blog\/2008\/05\/12\/roman-abramovic-zainteresovan-za-valdanos\/#webpage","url":"https:\/\/www.visit-ulcinj.com\/blog\/2008\/05\/12\/roman-abramovic-zainteresovan-za-valdanos\/","name":"Roman Abramovi? zainteresovan za Valdanos - Lajme nga Ulqini","isPartOf":{"@id":"https:\/\/www.visit-ulcinj.com\/blog\/#website"},"primaryImageOfPage":{"@id":"https:\/\/www.visit-ulcinj.com\/blog\/2008\/05\/12\/roman-abramovic-zainteresovan-za-valdanos\/#primaryimage"},"datePublished":"2008-05-12T05:41:15+00:00","dateModified":"2008-05-12T05:42:43+00:00","author":{"@id":"https:\/\/www.visit-ulcinj.com\/blog\/#\/schema\/person\/dcab619c614d3038751c63bc2aadc06d"},"breadcrumb":{"@id":"https:\/\/www.visit-ulcinj.com\/blog\/2008\/05\/12\/roman-abramovic-zainteresovan-za-valdanos\/#breadcrumb"},"inLanguage":"en-US","potentialAction":[{"@type":"ReadAction","target":["https:\/\/www.visit-ulcinj.com\/blog\/2008\/05\/12\/roman-abramovic-zainteresovan-za-valdanos\/"]}]},{"@type":"BreadcrumbList","@id":"https:\/\/www.visit-ulcinj.com\/blog\/2008\/05\/12\/roman-abramovic-zainteresovan-za-valdanos\/#breadcrumb","itemListElement":[{"@type":"ListItem","position":1,"name":"Roman Abramovi? zainteresovan za Valdanos"}]},{"@type":"Person","@id":"https:\/\/www.visit-ulcinj.com\/blog\/#\/schema\/person\/dcab619c614d3038751c63bc2aadc06d","name":"ulqini","sameAs":["http:\/\/www.visit-ulcinj.com"],"url":"https:\/\/www.visit-ulcinj.com\/blog\/author\/admin\/"}]}},"jetpack_featured_media_url":"","jetpack_sharing_enabled":true,"jetpack_shortlink":"https:\/\/wp.me\/pe6lTn-oM","_links":{"self":[{"href":"https:\/\/www.visit-ulcinj.com\/blog\/wp-json\/wp\/v2\/posts\/1536"}],"collection":[{"href":"https:\/\/www.visit-ulcinj.com\/blog\/wp-json\/wp\/v2\/posts"}],"about":[{"href":"https:\/\/www.visit-ulcinj.com\/blog\/wp-json\/wp\/v2\/types\/post"}],"author":[{"embeddable":true,"href":"https:\/\/www.visit-ulcinj.com\/blog\/wp-json\/wp\/v2\/users\/1"}],"replies":[{"embeddable":true,"href":"https:\/\/www.visit-ulcinj.com\/blog\/wp-json\/wp\/v2\/comments?post=1536"}],"version-history":[{"count":0,"href":"https:\/\/www.visit-ulcinj.com\/blog\/wp-json\/wp\/v2\/posts\/1536\/revisions"}],"wp:attachment":[{"href":"https:\/\/www.visit-ulcinj.com\/blog\/wp-json\/wp\/v2\/media?parent=1536"}],"wp:term":[{"taxonomy":"category","embeddable":true,"href":"https:\/\/www.visit-ulcinj.com\/blog\/wp-json\/wp\/v2\/categories?post=1536"},{"taxonomy":"post_tag","embeddable":true,"href":"https:\/\/www.visit-ulcinj.com\/blog\/wp-json\/wp\/v2\/tags?post=1536"}],"curies":[{"name":"wp","href":"https:\/\/api.w.org\/{rel}","templated":true}]}}