{"id":1537,"date":"2008-05-12T07:41:41","date_gmt":"2008-05-12T12:41:41","guid":{"rendered":"http:\/\/www.visit-ulcinj.com\/blog\/?p=1537"},"modified":"2008-05-12T07:41:41","modified_gmt":"2008-05-12T12:41:41","slug":"hulumtuesi-i-shkeljes-se-te-drejtave-te-njeriut-aleksander-sasha-zekoviq","status":"publish","type":"post","link":"https:\/\/www.visit-ulcinj.com\/blog\/2008\/05\/12\/hulumtuesi-i-shkeljes-se-te-drejtave-te-njeriut-aleksander-sasha-zekoviq\/","title":{"rendered":"Hulumtuesi i shkeljes s\u00eb t\u00eb drejtave t\u00eb njeriut, Aleksand\u00ebr Sasha Zekoviq"},"content":{"rendered":"<p><img loading=\"lazy\" class=\"alignleft\" style=\"float: left;\" src=\"http:\/\/bosnjaci.net\/foto\/Sasa_Zekovic_21_big.jpg\" alt=\"Aleksandar Sa\u0161a Zekovi? \" width=\"227\" height=\"258\" \/><strong>T\u00eb njoftohet opinioni p\u00ebr hetimin<\/strong><br \/>\nPodgoric\u00eb &#8211; Hulumtuesi i shkeljes s\u00eb t\u00eb drejtave t\u00eb njeriut, Aleksand\u00ebr Sasha Zekoviq, ka k\u00ebrkuar nga kryeprokurorja e re e Malit t\u00eb Zi, Ranka \u00c7arapiq, q\u00eb t\u00eb b\u00ebj\u00eb \u00e7`\u00ebsht\u00eb e mundur n\u00eb m\u00ebnyr\u00eb q\u00eb opinioni malazez t\u00eb jet\u00eb m\u00eb n\u00eb fund i informuar n\u00eb m\u00ebnyr\u00eb korrekte dhe profesionale mbi inicimin e hetimit dhe rezultatet e tij sa i p\u00ebrket \u00e7\u00ebshtjes s\u00eb keqtrajtimit dhe ushtrimit t\u00eb dhun\u00ebs ndaj personave t\u00eb arrestuar gjat\u00eb operacionit policor &#8220;Fluturimi i shqiponj\u00ebs&#8221; si dhe an\u00ebtar\u00ebve t\u00eb familjeve t\u00eb tyre.<br \/>\nN\u00eb letr\u00ebn d\u00ebrguar kryeprokurores \u00c7arapiq, Zekoviq thekson se ambasadori i Malit t\u00eb Zi n\u00eb SHBA, Miodrag Vllahoviq, e ka informuar n\u00eb fillim t\u00eb dhjetorit t\u00eb vitit t\u00eb kaluar senatorin amerikan Karl Levin se \u00ebsht\u00eb inicuar procedura hetimore ndaj kat\u00ebr n\u00ebpun\u00ebsve policor\u00eb Mark Kaleziq, Nenad Shqekiq, Darko Shekullarac dhe Millorad Mitroviq.<br \/>\nZekoviq citon letr\u00ebn e ambasadorit Vllahoviq, n\u00eb t\u00eb cil\u00ebn thuhet se &#8220;hetimi ndaj tyre \u00ebsht\u00eb inicuar p\u00ebr shkak t\u00eb keqtrajtimit dhe ushtrimit t\u00eb dhun\u00ebs, n\u00eb baz\u00eb t\u00eb nenin 167, paragrafi 2, i Kodit Penal. P\u00ebrndryshe, p\u00ebr k\u00ebt\u00eb vep\u00ebr penale, n\u00eb rastin e n\u00ebpun\u00ebsve parashikohet d\u00ebnimi deri n\u00eb pes\u00eb vjet burg&#8221;.<img loading=\"lazy\" class=\"alignright\" style=\"float: right;\" src=\"http:\/\/bizniscg.info\/spaw\/images\/ranka-carapic.jpg\" alt=\"Ranka ?arapi?\" width=\"125\" height=\"93\" \/><br \/>\nDuke u bazuar n\u00eb p\u00ebrgjigjen e ambasadorit Vllahoviq d\u00ebrguar senatorit Levin, Zekoviq shkruan se Vllahoviq me k\u00ebt\u00eb rast ka b\u00ebr\u00eb t\u00eb ditur se prokurori themelor shtet\u00ebror ka k\u00ebrkuar nga policia q\u00eb t\u00eb b\u00ebj\u00eb identifikimin e personave t\u00eb tjer\u00eb, t\u00eb cil\u00ebt d\u00ebshmitar\u00ebt i kan\u00eb identifikuar si kryes t\u00eb mundsh\u00ebm t\u00eb k\u00ebsaj vepre penale dhe se parashikon q\u00eb grumbullimi i t\u00eb dh\u00ebnave dhe identifikimi t\u00eb p\u00ebrfundoj\u00eb deri n\u00eb fund t\u00eb vitit 2007.<br \/>\n&#8220;Nj\u00eb num\u00ebr i personave q\u00eb kan\u00eb d\u00ebshmuar p\u00ebr ushtrimin e tortur\u00ebs m\u00eb ka njoftuar se askush deri m\u00eb sot nuk i ka njoftuar ata p\u00ebr \u00e7far\u00ebdo procedure hetimore e as q\u00eb si viktima t\u00eb tortur\u00ebs kan\u00eb informacion se \u00e7far\u00eb dhe kund\u00ebr kujt \u00ebsht\u00eb nd\u00ebrmarr\u00eb konkretisht&#8221;, thot\u00eb Zekoviq n\u00eb letr\u00ebn e tij.<br \/>\n<strong>(Kohapress)<\/strong><\/p>\n","protected":false},"excerpt":{"rendered":"<p><img loading=\"lazy\" class=\"alignleft\" style=\"float: left;\" src=\"http:\/\/bosnjaci.net\/foto\/Sasa_Zekovic_21_big.jpg\" alt=\"Aleksandar Sa\u0161a Zekovi? \" width=\"140\" height=\"140\" \/><\/p>\n","protected":false},"author":1,"featured_media":0,"comment_status":"open","ping_status":"closed","sticky":false,"template":"","format":"standard","meta":{"spay_email":"","jetpack_publicize_message":"","jetpack_is_tweetstorm":false,"jetpack_publicize_feature_enabled":true},"categories":[1,12],"tags":[3159,3151,3157,196,3155,3158,3153,3156,3150,3152,3154],"jetpack_publicize_connections":[],"yoast_head":"<!-- This site is optimized with the Yoast SEO plugin v19.1 - https:\/\/yoast.com\/wordpress\/plugins\/seo\/ -->\n<title>Hulumtuesi i shkeljes s\u00eb t\u00eb drejtave t\u00eb njeriut, Aleksand\u00ebr Sasha Zekoviq - Lajme nga Ulqini<\/title>\n<meta name=\"robots\" content=\"index, follow, max-snippet:-1, max-image-preview:large, max-video-preview:-1\" \/>\n<link rel=\"canonical\" href=\"https:\/\/www.visit-ulcinj.com\/blog\/2008\/05\/12\/hulumtuesi-i-shkeljes-se-te-drejtave-te-njeriut-aleksander-sasha-zekoviq\/\" \/>\n<meta property=\"og:locale\" content=\"en_US\" \/>\n<meta property=\"og:type\" content=\"article\" \/>\n<meta property=\"og:title\" content=\"Hulumtuesi i shkeljes s\u00eb t\u00eb drejtave t\u00eb njeriut, Aleksand\u00ebr Sasha Zekoviq - Lajme nga Ulqini\" \/>\n<meta property=\"og:url\" content=\"https:\/\/www.visit-ulcinj.com\/blog\/2008\/05\/12\/hulumtuesi-i-shkeljes-se-te-drejtave-te-njeriut-aleksander-sasha-zekoviq\/\" \/>\n<meta property=\"og:site_name\" content=\"Lajme nga Ulqini\" \/>\n<meta property=\"article:published_time\" content=\"2008-05-12T12:41:41+00:00\" \/>\n<meta property=\"og:image\" content=\"http:\/\/bosnjaci.net\/foto\/Sasa_Zekovic_21_big.jpg\" \/>\n<meta name=\"twitter:label1\" content=\"Written by\" \/>\n\t<meta name=\"twitter:data1\" content=\"ulqini\" \/>\n\t<meta name=\"twitter:label2\" content=\"Est. reading time\" \/>\n\t<meta name=\"twitter:data2\" content=\"2 minutes\" \/>\n<script type=\"application\/ld+json\" class=\"yoast-schema-graph\">{\"@context\":\"https:\/\/schema.org\",\"@graph\":[{\"@type\":\"WebSite\",\"@id\":\"https:\/\/www.visit-ulcinj.com\/blog\/#website\",\"url\":\"https:\/\/www.visit-ulcinj.com\/blog\/\",\"name\":\"Lajme nga Ulqini\",\"description\":\"Lajme,Vijesti,Ulqini,Ulqin,Crna Gora,Mali i Zi\",\"potentialAction\":[{\"@type\":\"SearchAction\",\"target\":{\"@type\":\"EntryPoint\",\"urlTemplate\":\"https:\/\/www.visit-ulcinj.com\/blog\/?s={search_term_string}\"},\"query-input\":\"required name=search_term_string\"}],\"inLanguage\":\"en-US\"},{\"@type\":\"ImageObject\",\"inLanguage\":\"en-US\",\"@id\":\"https:\/\/www.visit-ulcinj.com\/blog\/2008\/05\/12\/hulumtuesi-i-shkeljes-se-te-drejtave-te-njeriut-aleksander-sasha-zekoviq\/#primaryimage\",\"url\":\"http:\/\/bosnjaci.net\/foto\/Sasa_Zekovic_21_big.jpg\",\"contentUrl\":\"http:\/\/bosnjaci.net\/foto\/Sasa_Zekovic_21_big.jpg\"},{\"@type\":\"WebPage\",\"@id\":\"https:\/\/www.visit-ulcinj.com\/blog\/2008\/05\/12\/hulumtuesi-i-shkeljes-se-te-drejtave-te-njeriut-aleksander-sasha-zekoviq\/#webpage\",\"url\":\"https:\/\/www.visit-ulcinj.com\/blog\/2008\/05\/12\/hulumtuesi-i-shkeljes-se-te-drejtave-te-njeriut-aleksander-sasha-zekoviq\/\",\"name\":\"Hulumtuesi i shkeljes s\u00eb t\u00eb drejtave t\u00eb njeriut, Aleksand\u00ebr Sasha Zekoviq - Lajme nga Ulqini\",\"isPartOf\":{\"@id\":\"https:\/\/www.visit-ulcinj.com\/blog\/#website\"},\"primaryImageOfPage\":{\"@id\":\"https:\/\/www.visit-ulcinj.com\/blog\/2008\/05\/12\/hulumtuesi-i-shkeljes-se-te-drejtave-te-njeriut-aleksander-sasha-zekoviq\/#primaryimage\"},\"datePublished\":\"2008-05-12T12:41:41+00:00\",\"dateModified\":\"2008-05-12T12:41:41+00:00\",\"author\":{\"@id\":\"https:\/\/www.visit-ulcinj.com\/blog\/#\/schema\/person\/dcab619c614d3038751c63bc2aadc06d\"},\"breadcrumb\":{\"@id\":\"https:\/\/www.visit-ulcinj.com\/blog\/2008\/05\/12\/hulumtuesi-i-shkeljes-se-te-drejtave-te-njeriut-aleksander-sasha-zekoviq\/#breadcrumb\"},\"inLanguage\":\"en-US\",\"potentialAction\":[{\"@type\":\"ReadAction\",\"target\":[\"https:\/\/www.visit-ulcinj.com\/blog\/2008\/05\/12\/hulumtuesi-i-shkeljes-se-te-drejtave-te-njeriut-aleksander-sasha-zekoviq\/\"]}]},{\"@type\":\"BreadcrumbList\",\"@id\":\"https:\/\/www.visit-ulcinj.com\/blog\/2008\/05\/12\/hulumtuesi-i-shkeljes-se-te-drejtave-te-njeriut-aleksander-sasha-zekoviq\/#breadcrumb\",\"itemListElement\":[{\"@type\":\"ListItem\",\"position\":1,\"name\":\"Hulumtuesi i shkeljes s\u00eb t\u00eb drejtave t\u00eb njeriut, Aleksand\u00ebr Sasha Zekoviq\"}]},{\"@type\":\"Person\",\"@id\":\"https:\/\/www.visit-ulcinj.com\/blog\/#\/schema\/person\/dcab619c614d3038751c63bc2aadc06d\",\"name\":\"ulqini\",\"sameAs\":[\"http:\/\/www.visit-ulcinj.com\"],\"url\":\"https:\/\/www.visit-ulcinj.com\/blog\/author\/admin\/\"}]}<\/script>\n<!-- \/ Yoast SEO plugin. -->","yoast_head_json":{"title":"Hulumtuesi i shkeljes s\u00eb t\u00eb drejtave t\u00eb njeriut, Aleksand\u00ebr Sasha Zekoviq - Lajme nga Ulqini","robots":{"index":"index","follow":"follow","max-snippet":"max-snippet:-1","max-image-preview":"max-image-preview:large","max-video-preview":"max-video-preview:-1"},"canonical":"https:\/\/www.visit-ulcinj.com\/blog\/2008\/05\/12\/hulumtuesi-i-shkeljes-se-te-drejtave-te-njeriut-aleksander-sasha-zekoviq\/","og_locale":"en_US","og_type":"article","og_title":"Hulumtuesi i shkeljes s\u00eb t\u00eb drejtave t\u00eb njeriut, Aleksand\u00ebr Sasha Zekoviq - Lajme nga Ulqini","og_url":"https:\/\/www.visit-ulcinj.com\/blog\/2008\/05\/12\/hulumtuesi-i-shkeljes-se-te-drejtave-te-njeriut-aleksander-sasha-zekoviq\/","og_site_name":"Lajme nga Ulqini","article_published_time":"2008-05-12T12:41:41+00:00","og_image":[{"url":"http:\/\/bosnjaci.net\/foto\/Sasa_Zekovic_21_big.jpg"}],"twitter_misc":{"Written by":"ulqini","Est. reading time":"2 minutes"},"schema":{"@context":"https:\/\/schema.org","@graph":[{"@type":"WebSite","@id":"https:\/\/www.visit-ulcinj.com\/blog\/#website","url":"https:\/\/www.visit-ulcinj.com\/blog\/","name":"Lajme nga Ulqini","description":"Lajme,Vijesti,Ulqini,Ulqin,Crna Gora,Mali i Zi","potentialAction":[{"@type":"SearchAction","target":{"@type":"EntryPoint","urlTemplate":"https:\/\/www.visit-ulcinj.com\/blog\/?s={search_term_string}"},"query-input":"required name=search_term_string"}],"inLanguage":"en-US"},{"@type":"ImageObject","inLanguage":"en-US","@id":"https:\/\/www.visit-ulcinj.com\/blog\/2008\/05\/12\/hulumtuesi-i-shkeljes-se-te-drejtave-te-njeriut-aleksander-sasha-zekoviq\/#primaryimage","url":"http:\/\/bosnjaci.net\/foto\/Sasa_Zekovic_21_big.jpg","contentUrl":"http:\/\/bosnjaci.net\/foto\/Sasa_Zekovic_21_big.jpg"},{"@type":"WebPage","@id":"https:\/\/www.visit-ulcinj.com\/blog\/2008\/05\/12\/hulumtuesi-i-shkeljes-se-te-drejtave-te-njeriut-aleksander-sasha-zekoviq\/#webpage","url":"https:\/\/www.visit-ulcinj.com\/blog\/2008\/05\/12\/hulumtuesi-i-shkeljes-se-te-drejtave-te-njeriut-aleksander-sasha-zekoviq\/","name":"Hulumtuesi i shkeljes s\u00eb t\u00eb drejtave t\u00eb njeriut, Aleksand\u00ebr Sasha Zekoviq - Lajme nga Ulqini","isPartOf":{"@id":"https:\/\/www.visit-ulcinj.com\/blog\/#website"},"primaryImageOfPage":{"@id":"https:\/\/www.visit-ulcinj.com\/blog\/2008\/05\/12\/hulumtuesi-i-shkeljes-se-te-drejtave-te-njeriut-aleksander-sasha-zekoviq\/#primaryimage"},"datePublished":"2008-05-12T12:41:41+00:00","dateModified":"2008-05-12T12:41:41+00:00","author":{"@id":"https:\/\/www.visit-ulcinj.com\/blog\/#\/schema\/person\/dcab619c614d3038751c63bc2aadc06d"},"breadcrumb":{"@id":"https:\/\/www.visit-ulcinj.com\/blog\/2008\/05\/12\/hulumtuesi-i-shkeljes-se-te-drejtave-te-njeriut-aleksander-sasha-zekoviq\/#breadcrumb"},"inLanguage":"en-US","potentialAction":[{"@type":"ReadAction","target":["https:\/\/www.visit-ulcinj.com\/blog\/2008\/05\/12\/hulumtuesi-i-shkeljes-se-te-drejtave-te-njeriut-aleksander-sasha-zekoviq\/"]}]},{"@type":"BreadcrumbList","@id":"https:\/\/www.visit-ulcinj.com\/blog\/2008\/05\/12\/hulumtuesi-i-shkeljes-se-te-drejtave-te-njeriut-aleksander-sasha-zekoviq\/#breadcrumb","itemListElement":[{"@type":"ListItem","position":1,"name":"Hulumtuesi i shkeljes s\u00eb t\u00eb drejtave t\u00eb njeriut, Aleksand\u00ebr Sasha Zekoviq"}]},{"@type":"Person","@id":"https:\/\/www.visit-ulcinj.com\/blog\/#\/schema\/person\/dcab619c614d3038751c63bc2aadc06d","name":"ulqini","sameAs":["http:\/\/www.visit-ulcinj.com"],"url":"https:\/\/www.visit-ulcinj.com\/blog\/author\/admin\/"}]}},"jetpack_featured_media_url":"","jetpack_sharing_enabled":true,"jetpack_shortlink":"https:\/\/wp.me\/pe6lTn-oN","_links":{"self":[{"href":"https:\/\/www.visit-ulcinj.com\/blog\/wp-json\/wp\/v2\/posts\/1537"}],"collection":[{"href":"https:\/\/www.visit-ulcinj.com\/blog\/wp-json\/wp\/v2\/posts"}],"about":[{"href":"https:\/\/www.visit-ulcinj.com\/blog\/wp-json\/wp\/v2\/types\/post"}],"author":[{"embeddable":true,"href":"https:\/\/www.visit-ulcinj.com\/blog\/wp-json\/wp\/v2\/users\/1"}],"replies":[{"embeddable":true,"href":"https:\/\/www.visit-ulcinj.com\/blog\/wp-json\/wp\/v2\/comments?post=1537"}],"version-history":[{"count":0,"href":"https:\/\/www.visit-ulcinj.com\/blog\/wp-json\/wp\/v2\/posts\/1537\/revisions"}],"wp:attachment":[{"href":"https:\/\/www.visit-ulcinj.com\/blog\/wp-json\/wp\/v2\/media?parent=1537"}],"wp:term":[{"taxonomy":"category","embeddable":true,"href":"https:\/\/www.visit-ulcinj.com\/blog\/wp-json\/wp\/v2\/categories?post=1537"},{"taxonomy":"post_tag","embeddable":true,"href":"https:\/\/www.visit-ulcinj.com\/blog\/wp-json\/wp\/v2\/tags?post=1537"}],"curies":[{"name":"wp","href":"https:\/\/api.w.org\/{rel}","templated":true}]}}