{"id":154,"date":"2008-01-14T14:10:27","date_gmt":"2008-01-14T19:10:27","guid":{"rendered":"http:\/\/www.visit-ulcinj.com\/blog\/2008\/01\/14\/me-rastin-e-krishtlindjes-ortodokse-kryetari-i-ld-ne-mal-te-zi-mehmet-bardhi-uron-kryepeshkopin-e-kishes-malazeze-z-mihaillo\/"},"modified":"2008-02-12T18:38:14","modified_gmt":"2008-02-12T23:38:14","slug":"me-rastin-e-krishtlindjes-ortodokse-kryetari-i-ld-ne-mal-te-zi-mehmet-bardhi-uron-kryepeshkopin-e-kishes-malazeze-z-mihaillo","status":"publish","type":"post","link":"https:\/\/www.visit-ulcinj.com\/blog\/2008\/01\/14\/me-rastin-e-krishtlindjes-ortodokse-kryetari-i-ld-ne-mal-te-zi-mehmet-bardhi-uron-kryepeshkopin-e-kishes-malazeze-z-mihaillo\/","title":{"rendered":"Me rastin e krishtlindjes ortodokse, kryetari i LD n\u00eb Mal t\u00eb Zi, Mehmet Bardhi uron kryepeshkopin e kish\u00ebs malazeze z. Mihaillo"},"content":{"rendered":"<p><a href=\"http:\/\/www.visit-ulcinj.com\/blog\/2008\/01\/14\/me-rastin-e-krishtlindjes-ortodokse-kryetari-i-ld-ne-mal-te-zi-mehmet-bardhi-uron-kryepeshkopin-e-kishes-malazeze-z-mihaillo\/kryetari-i-ld-ne-mz-mehmet-bardhiulqin\/\" rel=\"attachment wp-att-155\" title=\"Kryetari i LD n\u00eb MZ, Mehmet Bardhi,Ulqin\"><img loading=\"lazy\" src=\"http:\/\/www.visit-ulcinj.com\/blog\/wp-content\/uploads\/2008\/01\/kryetari-i-ld-ne-mz-mehmet-bardhi.jpg\" alt=\"Kryetari i LD n\u00eb MZ, Mehmet Bardhi,Ulqin\" align=\"left\" height=\"173\" hspace=\"2\" vspace=\"2\" width=\"154\" \/><\/a><strong>Virtytet e begatojn\u00eb njeriun<\/strong><\/p>\n<p align=\"justify\">Ulqin &#8211; Kryetari i LD n\u00eb MZ, Mehmet Bardhi, me rastin e Krishtlindjes, i d\u00ebrgoi nj\u00eb urim Kryepeshkopit t\u00eb Kish\u00ebs Ortodokse Malazeze, z. Mihaillo, ku shkruan: &#8220;N\u00eb em\u00ebr t\u00eb Lidhjes Demokratike n\u00eb Mal t\u00eb Zi,<!--more--> partis\u00eb s\u00eb par\u00eb politike t\u00eb shqiptar\u00ebve n\u00eb Malin e Zi, t\u00eb orientimit qytetar e nacional, p\u00ebrfaq\u00ebsueses autentike t\u00eb shqiptar\u00ebve n\u00eb MZ dhe n\u00eb emrin tim, Ju uroj festat e Krishtlindjes.Ju, klerit kishtar dhe t\u00eb gjith\u00eb besimtar\u00ebve.Besimi n\u00eb Zotin, n\u00eb veprat e mira, n\u00eb njer\u00ebz t\u00eb mir\u00eb&#8230; do t`i ndihmoj\u00eb \u00e7dokujt q\u00eb t\u00eb ruaj\u00eb virtytet njer\u00ebzore, kultur\u00ebn,tradit\u00ebn e mir\u00eb&#8230;<br \/>\nPor p\u00ebr besimin dhe lirin\u00eb duhet luftuar gjithnj\u00eb. K\u00ebto askush nuk mund t\u00eb na i dhuroj\u00eb.<br \/>\nUrojm\u00eb q\u00eb edhe k\u00ebto festa t\u00eb na tregojn\u00eb se vlerat njer\u00ebzore &#8211; virtytet dhe e mira madh\u00ebrojn\u00eb e begatojn\u00eb secilin njeri liridash\u00ebs, sidomos edhe n\u00eb k\u00ebto koh\u00ebra.&#8221;<\/p>\n<p>www.kohajavore.cg.yu<\/p>\n","protected":false},"excerpt":{"rendered":"<p><img loading=\"lazy\" src=\"http:\/\/www.visit-ulcinj.com\/blog\/wp-content\/uploads\/2008\/01\/kryetari-i-ld-ne-mz-mehmet-bardhi.jpg\" alt=\"Kryetari i LD n\u00eb MZ, Mehmet Bardhi,Ulqin\" height=\"140\" width=\"140\" \/><\/p>\n","protected":false},"author":1,"featured_media":0,"comment_status":"open","ping_status":"closed","sticky":false,"template":"","format":"standard","meta":{"spay_email":"","jetpack_publicize_message":"","jetpack_is_tweetstorm":false,"jetpack_publicize_feature_enabled":true},"categories":[12],"tags":[1205,504,503,128,347,505,200],"jetpack_publicize_connections":[],"yoast_head":"<!-- This site is optimized with the Yoast SEO plugin v19.1 - https:\/\/yoast.com\/wordpress\/plugins\/seo\/ -->\n<title>Me rastin e krishtlindjes ortodokse, kryetari i LD n\u00eb Mal t\u00eb Zi, Mehmet Bardhi uron kryepeshkopin e kish\u00ebs malazeze z. Mihaillo - Lajme nga Ulqini<\/title>\n<meta name=\"robots\" content=\"index, follow, max-snippet:-1, max-image-preview:large, max-video-preview:-1\" \/>\n<link rel=\"canonical\" href=\"https:\/\/www.visit-ulcinj.com\/blog\/2008\/01\/14\/me-rastin-e-krishtlindjes-ortodokse-kryetari-i-ld-ne-mal-te-zi-mehmet-bardhi-uron-kryepeshkopin-e-kishes-malazeze-z-mihaillo\/\" \/>\n<meta property=\"og:locale\" content=\"en_US\" \/>\n<meta property=\"og:type\" content=\"article\" \/>\n<meta property=\"og:title\" content=\"Me rastin e krishtlindjes ortodokse, kryetari i LD n\u00eb Mal t\u00eb Zi, Mehmet Bardhi uron kryepeshkopin e kish\u00ebs malazeze z. Mihaillo - Lajme nga Ulqini\" \/>\n<meta property=\"og:url\" content=\"https:\/\/www.visit-ulcinj.com\/blog\/2008\/01\/14\/me-rastin-e-krishtlindjes-ortodokse-kryetari-i-ld-ne-mal-te-zi-mehmet-bardhi-uron-kryepeshkopin-e-kishes-malazeze-z-mihaillo\/\" \/>\n<meta property=\"og:site_name\" content=\"Lajme nga Ulqini\" \/>\n<meta property=\"article:published_time\" content=\"2008-01-14T19:10:27+00:00\" \/>\n<meta property=\"article:modified_time\" content=\"2008-02-12T23:38:14+00:00\" \/>\n<meta property=\"og:image\" content=\"http:\/\/www.visit-ulcinj.com\/blog\/wp-content\/uploads\/2008\/01\/kryetari-i-ld-ne-mz-mehmet-bardhi.jpg\" \/>\n<meta name=\"twitter:label1\" content=\"Written by\" \/>\n\t<meta name=\"twitter:data1\" content=\"ulqini\" \/>\n\t<meta name=\"twitter:label2\" content=\"Est. reading time\" \/>\n\t<meta name=\"twitter:data2\" content=\"1 minute\" \/>\n<script type=\"application\/ld+json\" class=\"yoast-schema-graph\">{\"@context\":\"https:\/\/schema.org\",\"@graph\":[{\"@type\":\"WebSite\",\"@id\":\"https:\/\/www.visit-ulcinj.com\/blog\/#website\",\"url\":\"https:\/\/www.visit-ulcinj.com\/blog\/\",\"name\":\"Lajme nga Ulqini\",\"description\":\"Lajme,Vijesti,Ulqini,Ulqin,Crna Gora,Mali i Zi\",\"potentialAction\":[{\"@type\":\"SearchAction\",\"target\":{\"@type\":\"EntryPoint\",\"urlTemplate\":\"https:\/\/www.visit-ulcinj.com\/blog\/?s={search_term_string}\"},\"query-input\":\"required name=search_term_string\"}],\"inLanguage\":\"en-US\"},{\"@type\":\"ImageObject\",\"inLanguage\":\"en-US\",\"@id\":\"https:\/\/www.visit-ulcinj.com\/blog\/2008\/01\/14\/me-rastin-e-krishtlindjes-ortodokse-kryetari-i-ld-ne-mal-te-zi-mehmet-bardhi-uron-kryepeshkopin-e-kishes-malazeze-z-mihaillo\/#primaryimage\",\"url\":\"http:\/\/www.visit-ulcinj.com\/blog\/wp-content\/uploads\/2008\/01\/kryetari-i-ld-ne-mz-mehmet-bardhi.jpg\",\"contentUrl\":\"http:\/\/www.visit-ulcinj.com\/blog\/wp-content\/uploads\/2008\/01\/kryetari-i-ld-ne-mz-mehmet-bardhi.jpg\"},{\"@type\":\"WebPage\",\"@id\":\"https:\/\/www.visit-ulcinj.com\/blog\/2008\/01\/14\/me-rastin-e-krishtlindjes-ortodokse-kryetari-i-ld-ne-mal-te-zi-mehmet-bardhi-uron-kryepeshkopin-e-kishes-malazeze-z-mihaillo\/#webpage\",\"url\":\"https:\/\/www.visit-ulcinj.com\/blog\/2008\/01\/14\/me-rastin-e-krishtlindjes-ortodokse-kryetari-i-ld-ne-mal-te-zi-mehmet-bardhi-uron-kryepeshkopin-e-kishes-malazeze-z-mihaillo\/\",\"name\":\"Me rastin e krishtlindjes ortodokse, kryetari i LD n\u00eb Mal t\u00eb Zi, Mehmet Bardhi uron kryepeshkopin e kish\u00ebs malazeze z. Mihaillo - Lajme nga Ulqini\",\"isPartOf\":{\"@id\":\"https:\/\/www.visit-ulcinj.com\/blog\/#website\"},\"primaryImageOfPage\":{\"@id\":\"https:\/\/www.visit-ulcinj.com\/blog\/2008\/01\/14\/me-rastin-e-krishtlindjes-ortodokse-kryetari-i-ld-ne-mal-te-zi-mehmet-bardhi-uron-kryepeshkopin-e-kishes-malazeze-z-mihaillo\/#primaryimage\"},\"datePublished\":\"2008-01-14T19:10:27+00:00\",\"dateModified\":\"2008-02-12T23:38:14+00:00\",\"author\":{\"@id\":\"https:\/\/www.visit-ulcinj.com\/blog\/#\/schema\/person\/dcab619c614d3038751c63bc2aadc06d\"},\"breadcrumb\":{\"@id\":\"https:\/\/www.visit-ulcinj.com\/blog\/2008\/01\/14\/me-rastin-e-krishtlindjes-ortodokse-kryetari-i-ld-ne-mal-te-zi-mehmet-bardhi-uron-kryepeshkopin-e-kishes-malazeze-z-mihaillo\/#breadcrumb\"},\"inLanguage\":\"en-US\",\"potentialAction\":[{\"@type\":\"ReadAction\",\"target\":[\"https:\/\/www.visit-ulcinj.com\/blog\/2008\/01\/14\/me-rastin-e-krishtlindjes-ortodokse-kryetari-i-ld-ne-mal-te-zi-mehmet-bardhi-uron-kryepeshkopin-e-kishes-malazeze-z-mihaillo\/\"]}]},{\"@type\":\"BreadcrumbList\",\"@id\":\"https:\/\/www.visit-ulcinj.com\/blog\/2008\/01\/14\/me-rastin-e-krishtlindjes-ortodokse-kryetari-i-ld-ne-mal-te-zi-mehmet-bardhi-uron-kryepeshkopin-e-kishes-malazeze-z-mihaillo\/#breadcrumb\",\"itemListElement\":[{\"@type\":\"ListItem\",\"position\":1,\"name\":\"Me rastin e krishtlindjes ortodokse, kryetari i LD n\u00eb Mal t\u00eb Zi, Mehmet Bardhi uron kryepeshkopin e kish\u00ebs malazeze z. Mihaillo\"}]},{\"@type\":\"Person\",\"@id\":\"https:\/\/www.visit-ulcinj.com\/blog\/#\/schema\/person\/dcab619c614d3038751c63bc2aadc06d\",\"name\":\"ulqini\",\"sameAs\":[\"http:\/\/www.visit-ulcinj.com\"],\"url\":\"https:\/\/www.visit-ulcinj.com\/blog\/author\/admin\/\"}]}<\/script>\n<!-- \/ Yoast SEO plugin. -->","yoast_head_json":{"title":"Me rastin e krishtlindjes ortodokse, kryetari i LD n\u00eb Mal t\u00eb Zi, Mehmet Bardhi uron kryepeshkopin e kish\u00ebs malazeze z. Mihaillo - Lajme nga Ulqini","robots":{"index":"index","follow":"follow","max-snippet":"max-snippet:-1","max-image-preview":"max-image-preview:large","max-video-preview":"max-video-preview:-1"},"canonical":"https:\/\/www.visit-ulcinj.com\/blog\/2008\/01\/14\/me-rastin-e-krishtlindjes-ortodokse-kryetari-i-ld-ne-mal-te-zi-mehmet-bardhi-uron-kryepeshkopin-e-kishes-malazeze-z-mihaillo\/","og_locale":"en_US","og_type":"article","og_title":"Me rastin e krishtlindjes ortodokse, kryetari i LD n\u00eb Mal t\u00eb Zi, Mehmet Bardhi uron kryepeshkopin e kish\u00ebs malazeze z. Mihaillo - Lajme nga Ulqini","og_url":"https:\/\/www.visit-ulcinj.com\/blog\/2008\/01\/14\/me-rastin-e-krishtlindjes-ortodokse-kryetari-i-ld-ne-mal-te-zi-mehmet-bardhi-uron-kryepeshkopin-e-kishes-malazeze-z-mihaillo\/","og_site_name":"Lajme nga Ulqini","article_published_time":"2008-01-14T19:10:27+00:00","article_modified_time":"2008-02-12T23:38:14+00:00","og_image":[{"url":"http:\/\/www.visit-ulcinj.com\/blog\/wp-content\/uploads\/2008\/01\/kryetari-i-ld-ne-mz-mehmet-bardhi.jpg"}],"twitter_misc":{"Written by":"ulqini","Est. reading time":"1 minute"},"schema":{"@context":"https:\/\/schema.org","@graph":[{"@type":"WebSite","@id":"https:\/\/www.visit-ulcinj.com\/blog\/#website","url":"https:\/\/www.visit-ulcinj.com\/blog\/","name":"Lajme nga Ulqini","description":"Lajme,Vijesti,Ulqini,Ulqin,Crna Gora,Mali i Zi","potentialAction":[{"@type":"SearchAction","target":{"@type":"EntryPoint","urlTemplate":"https:\/\/www.visit-ulcinj.com\/blog\/?s={search_term_string}"},"query-input":"required name=search_term_string"}],"inLanguage":"en-US"},{"@type":"ImageObject","inLanguage":"en-US","@id":"https:\/\/www.visit-ulcinj.com\/blog\/2008\/01\/14\/me-rastin-e-krishtlindjes-ortodokse-kryetari-i-ld-ne-mal-te-zi-mehmet-bardhi-uron-kryepeshkopin-e-kishes-malazeze-z-mihaillo\/#primaryimage","url":"http:\/\/www.visit-ulcinj.com\/blog\/wp-content\/uploads\/2008\/01\/kryetari-i-ld-ne-mz-mehmet-bardhi.jpg","contentUrl":"http:\/\/www.visit-ulcinj.com\/blog\/wp-content\/uploads\/2008\/01\/kryetari-i-ld-ne-mz-mehmet-bardhi.jpg"},{"@type":"WebPage","@id":"https:\/\/www.visit-ulcinj.com\/blog\/2008\/01\/14\/me-rastin-e-krishtlindjes-ortodokse-kryetari-i-ld-ne-mal-te-zi-mehmet-bardhi-uron-kryepeshkopin-e-kishes-malazeze-z-mihaillo\/#webpage","url":"https:\/\/www.visit-ulcinj.com\/blog\/2008\/01\/14\/me-rastin-e-krishtlindjes-ortodokse-kryetari-i-ld-ne-mal-te-zi-mehmet-bardhi-uron-kryepeshkopin-e-kishes-malazeze-z-mihaillo\/","name":"Me rastin e krishtlindjes ortodokse, kryetari i LD n\u00eb Mal t\u00eb Zi, Mehmet Bardhi uron kryepeshkopin e kish\u00ebs malazeze z. Mihaillo - Lajme nga Ulqini","isPartOf":{"@id":"https:\/\/www.visit-ulcinj.com\/blog\/#website"},"primaryImageOfPage":{"@id":"https:\/\/www.visit-ulcinj.com\/blog\/2008\/01\/14\/me-rastin-e-krishtlindjes-ortodokse-kryetari-i-ld-ne-mal-te-zi-mehmet-bardhi-uron-kryepeshkopin-e-kishes-malazeze-z-mihaillo\/#primaryimage"},"datePublished":"2008-01-14T19:10:27+00:00","dateModified":"2008-02-12T23:38:14+00:00","author":{"@id":"https:\/\/www.visit-ulcinj.com\/blog\/#\/schema\/person\/dcab619c614d3038751c63bc2aadc06d"},"breadcrumb":{"@id":"https:\/\/www.visit-ulcinj.com\/blog\/2008\/01\/14\/me-rastin-e-krishtlindjes-ortodokse-kryetari-i-ld-ne-mal-te-zi-mehmet-bardhi-uron-kryepeshkopin-e-kishes-malazeze-z-mihaillo\/#breadcrumb"},"inLanguage":"en-US","potentialAction":[{"@type":"ReadAction","target":["https:\/\/www.visit-ulcinj.com\/blog\/2008\/01\/14\/me-rastin-e-krishtlindjes-ortodokse-kryetari-i-ld-ne-mal-te-zi-mehmet-bardhi-uron-kryepeshkopin-e-kishes-malazeze-z-mihaillo\/"]}]},{"@type":"BreadcrumbList","@id":"https:\/\/www.visit-ulcinj.com\/blog\/2008\/01\/14\/me-rastin-e-krishtlindjes-ortodokse-kryetari-i-ld-ne-mal-te-zi-mehmet-bardhi-uron-kryepeshkopin-e-kishes-malazeze-z-mihaillo\/#breadcrumb","itemListElement":[{"@type":"ListItem","position":1,"name":"Me rastin e krishtlindjes ortodokse, kryetari i LD n\u00eb Mal t\u00eb Zi, Mehmet Bardhi uron kryepeshkopin e kish\u00ebs malazeze z. Mihaillo"}]},{"@type":"Person","@id":"https:\/\/www.visit-ulcinj.com\/blog\/#\/schema\/person\/dcab619c614d3038751c63bc2aadc06d","name":"ulqini","sameAs":["http:\/\/www.visit-ulcinj.com"],"url":"https:\/\/www.visit-ulcinj.com\/blog\/author\/admin\/"}]}},"jetpack_featured_media_url":"","jetpack_sharing_enabled":true,"jetpack_shortlink":"https:\/\/wp.me\/pe6lTn-2u","_links":{"self":[{"href":"https:\/\/www.visit-ulcinj.com\/blog\/wp-json\/wp\/v2\/posts\/154"}],"collection":[{"href":"https:\/\/www.visit-ulcinj.com\/blog\/wp-json\/wp\/v2\/posts"}],"about":[{"href":"https:\/\/www.visit-ulcinj.com\/blog\/wp-json\/wp\/v2\/types\/post"}],"author":[{"embeddable":true,"href":"https:\/\/www.visit-ulcinj.com\/blog\/wp-json\/wp\/v2\/users\/1"}],"replies":[{"embeddable":true,"href":"https:\/\/www.visit-ulcinj.com\/blog\/wp-json\/wp\/v2\/comments?post=154"}],"version-history":[{"count":0,"href":"https:\/\/www.visit-ulcinj.com\/blog\/wp-json\/wp\/v2\/posts\/154\/revisions"}],"wp:attachment":[{"href":"https:\/\/www.visit-ulcinj.com\/blog\/wp-json\/wp\/v2\/media?parent=154"}],"wp:term":[{"taxonomy":"category","embeddable":true,"href":"https:\/\/www.visit-ulcinj.com\/blog\/wp-json\/wp\/v2\/categories?post=154"},{"taxonomy":"post_tag","embeddable":true,"href":"https:\/\/www.visit-ulcinj.com\/blog\/wp-json\/wp\/v2\/tags?post=154"}],"curies":[{"name":"wp","href":"https:\/\/api.w.org\/{rel}","templated":true}]}}