{"id":1541,"date":"2008-05-13T09:21:06","date_gmt":"2008-05-13T14:21:06","guid":{"rendered":"http:\/\/www.visit-ulcinj.com\/blog\/?p=1541"},"modified":"2008-05-13T09:21:06","modified_gmt":"2008-05-13T14:21:06","slug":"tahir-tahiri-izabran-je-juce-za-predsjednika-nacionalnog-savjeta-albanaca-u-crnoj-gori","status":"publish","type":"post","link":"https:\/\/www.visit-ulcinj.com\/blog\/2008\/05\/13\/tahir-tahiri-izabran-je-juce-za-predsjednika-nacionalnog-savjeta-albanaca-u-crnoj-gori\/","title":{"rendered":"Tahir Tahiri izabran je ju?e za predsjednika Nacionalnog savjeta Albanaca u Crnoj Gori"},"content":{"rendered":"<p><a href=\"http:\/\/www.visit-ulcinj.com\/blog\/wp-content\/uploads\/2008\/05\/tahir-tahiri-kryetar-i-kshillit-nacional-shqiptar.jpg\"><img loading=\"lazy\" class=\"alignleft attachment wp-att-1542\" style=\"float: left;\" src=\"http:\/\/www.visit-ulcinj.com\/blog\/wp-content\/uploads\/2008\/05\/tahir-tahiri-kryetar-i-kshillit-nacional-shqiptar.thumbnail.jpg\" alt=\"Tahir Tahiri kryetar i kshillit nacional shqiptar n\u00eb Mal t\u00eb Zi\" width=\"195\" height=\"200\" \/><\/a><strong>Maratonska sjednica nacionalnog savjeta albanaca<\/strong><br \/>\nUlcinj &#8211; Visoki funkcioner Bardhijevog Demokratskog saveza Tahir Tahiri izabran je ju?e za predsjednika Nacionalnog savjeta Albanaca u Crnoj Gori.<br \/>\nNa maratonskoj sjednici, koja je sa prekidima trajala vi\u0161e od 5 sati, za Tahirija je na kraju glasalo 25 od ukupno 26 prisutnih ?lanova Savjeta. Na sjednici nijesu bili ?lanovi Savjeta iz redova Dino\u0161ine DUA, koja osporava regularnost elektorske Skup\u0161tine.<br \/>\n\u201cAlbanci u Crnoj Gori imaju jo\u0161 dosta toga da tra\u017ee od dr\u017eave, a Crna Gora mora mnogo vi\u0161e da uradi na ostvarivanju prava Albanaca\u201d, kazao je Tahiri sino? \u201cVijestima\u201d, isti?u?i da o?ekuje dobru saradnju sa svim ?lanovim Savjeta \u201cbez obzira kojoj politi?koj opciji oni pripadali\u201d.<br \/>\nSjednici, na kojoj je usvojen i privremeni poslovnik, prisustvovao je i \u0161ef ulcinjskog DPS-a i poslanik Ljui? \u0160krelja. On je \u201cVijestima\u201d sino? kazao da je podr\u017eao Tahirija za predsjednika Savjeta i odbacio mogu?nost da bi njegovo u?e\u0161?e na sjednici moglo da poremeti odnose sa koalicionim partnerima iz DUA.<br \/>\n\u201cNemam obavezu da konsultujem koalicione partnere, jer sam ?lanstvo u Savjetu stekao po principu automatizma i svojevoljno\u201c, kazao je \u0160krelja.<br \/>\n<strong>S.A<br \/>\nVIJESTI<\/strong><\/p>\n","protected":false},"excerpt":{"rendered":"<p><img loading=\"lazy\" class=\"alignleft attachment wp-att-1542\" style=\"float: left;\" src=\"http:\/\/www.visit-ulcinj.com\/blog\/wp-content\/uploads\/2008\/05\/tahir-tahiri-kryetar-i-kshillit-nacional-shqiptar.thumbnail.jpg\" alt=\"Tahir Tahiri kryetar i kshillit nacional shqiptar n\u00eb Mal t\u00eb Zi\" width=\"140\" height=\"140\" \/><\/p>\n","protected":false},"author":1,"featured_media":0,"comment_status":"open","ping_status":"closed","sticky":false,"template":"","format":"standard","meta":{"spay_email":"","jetpack_publicize_message":"","jetpack_is_tweetstorm":false,"jetpack_publicize_feature_enabled":true},"categories":[1,6,12],"tags":[530,87,941,2544,899,3162,3163],"jetpack_publicize_connections":[],"yoast_head":"<!-- This site is optimized with the Yoast SEO plugin v19.1 - https:\/\/yoast.com\/wordpress\/plugins\/seo\/ -->\n<title>Tahir Tahiri izabran je ju?e za predsjednika Nacionalnog savjeta Albanaca u Crnoj Gori - Lajme nga Ulqini<\/title>\n<meta name=\"robots\" content=\"index, follow, max-snippet:-1, max-image-preview:large, max-video-preview:-1\" \/>\n<link rel=\"canonical\" href=\"https:\/\/www.visit-ulcinj.com\/blog\/2008\/05\/13\/tahir-tahiri-izabran-je-juce-za-predsjednika-nacionalnog-savjeta-albanaca-u-crnoj-gori\/\" \/>\n<meta property=\"og:locale\" content=\"en_US\" \/>\n<meta property=\"og:type\" content=\"article\" \/>\n<meta property=\"og:title\" content=\"Tahir Tahiri izabran je ju?e za predsjednika Nacionalnog savjeta Albanaca u Crnoj Gori - Lajme nga Ulqini\" \/>\n<meta property=\"og:url\" content=\"https:\/\/www.visit-ulcinj.com\/blog\/2008\/05\/13\/tahir-tahiri-izabran-je-juce-za-predsjednika-nacionalnog-savjeta-albanaca-u-crnoj-gori\/\" \/>\n<meta property=\"og:site_name\" content=\"Lajme nga Ulqini\" \/>\n<meta property=\"article:published_time\" content=\"2008-05-13T14:21:06+00:00\" \/>\n<meta property=\"og:image\" content=\"http:\/\/www.visit-ulcinj.com\/blog\/wp-content\/uploads\/2008\/05\/tahir-tahiri-kryetar-i-kshillit-nacional-shqiptar.thumbnail.jpg\" \/>\n<meta name=\"twitter:label1\" content=\"Written by\" \/>\n\t<meta name=\"twitter:data1\" content=\"ulqini\" \/>\n\t<meta name=\"twitter:label2\" content=\"Est. reading time\" \/>\n\t<meta name=\"twitter:data2\" content=\"1 minute\" \/>\n<script type=\"application\/ld+json\" class=\"yoast-schema-graph\">{\"@context\":\"https:\/\/schema.org\",\"@graph\":[{\"@type\":\"WebSite\",\"@id\":\"https:\/\/www.visit-ulcinj.com\/blog\/#website\",\"url\":\"https:\/\/www.visit-ulcinj.com\/blog\/\",\"name\":\"Lajme nga Ulqini\",\"description\":\"Lajme,Vijesti,Ulqini,Ulqin,Crna Gora,Mali i Zi\",\"potentialAction\":[{\"@type\":\"SearchAction\",\"target\":{\"@type\":\"EntryPoint\",\"urlTemplate\":\"https:\/\/www.visit-ulcinj.com\/blog\/?s={search_term_string}\"},\"query-input\":\"required name=search_term_string\"}],\"inLanguage\":\"en-US\"},{\"@type\":\"ImageObject\",\"inLanguage\":\"en-US\",\"@id\":\"https:\/\/www.visit-ulcinj.com\/blog\/2008\/05\/13\/tahir-tahiri-izabran-je-juce-za-predsjednika-nacionalnog-savjeta-albanaca-u-crnoj-gori\/#primaryimage\",\"url\":\"http:\/\/www.visit-ulcinj.com\/blog\/wp-content\/uploads\/2008\/05\/tahir-tahiri-kryetar-i-kshillit-nacional-shqiptar.thumbnail.jpg\",\"contentUrl\":\"http:\/\/www.visit-ulcinj.com\/blog\/wp-content\/uploads\/2008\/05\/tahir-tahiri-kryetar-i-kshillit-nacional-shqiptar.thumbnail.jpg\"},{\"@type\":\"WebPage\",\"@id\":\"https:\/\/www.visit-ulcinj.com\/blog\/2008\/05\/13\/tahir-tahiri-izabran-je-juce-za-predsjednika-nacionalnog-savjeta-albanaca-u-crnoj-gori\/#webpage\",\"url\":\"https:\/\/www.visit-ulcinj.com\/blog\/2008\/05\/13\/tahir-tahiri-izabran-je-juce-za-predsjednika-nacionalnog-savjeta-albanaca-u-crnoj-gori\/\",\"name\":\"Tahir Tahiri izabran je ju?e za predsjednika Nacionalnog savjeta Albanaca u Crnoj Gori - Lajme nga Ulqini\",\"isPartOf\":{\"@id\":\"https:\/\/www.visit-ulcinj.com\/blog\/#website\"},\"primaryImageOfPage\":{\"@id\":\"https:\/\/www.visit-ulcinj.com\/blog\/2008\/05\/13\/tahir-tahiri-izabran-je-juce-za-predsjednika-nacionalnog-savjeta-albanaca-u-crnoj-gori\/#primaryimage\"},\"datePublished\":\"2008-05-13T14:21:06+00:00\",\"dateModified\":\"2008-05-13T14:21:06+00:00\",\"author\":{\"@id\":\"https:\/\/www.visit-ulcinj.com\/blog\/#\/schema\/person\/dcab619c614d3038751c63bc2aadc06d\"},\"breadcrumb\":{\"@id\":\"https:\/\/www.visit-ulcinj.com\/blog\/2008\/05\/13\/tahir-tahiri-izabran-je-juce-za-predsjednika-nacionalnog-savjeta-albanaca-u-crnoj-gori\/#breadcrumb\"},\"inLanguage\":\"en-US\",\"potentialAction\":[{\"@type\":\"ReadAction\",\"target\":[\"https:\/\/www.visit-ulcinj.com\/blog\/2008\/05\/13\/tahir-tahiri-izabran-je-juce-za-predsjednika-nacionalnog-savjeta-albanaca-u-crnoj-gori\/\"]}]},{\"@type\":\"BreadcrumbList\",\"@id\":\"https:\/\/www.visit-ulcinj.com\/blog\/2008\/05\/13\/tahir-tahiri-izabran-je-juce-za-predsjednika-nacionalnog-savjeta-albanaca-u-crnoj-gori\/#breadcrumb\",\"itemListElement\":[{\"@type\":\"ListItem\",\"position\":1,\"name\":\"Tahir Tahiri izabran je ju?e za predsjednika Nacionalnog savjeta Albanaca u Crnoj Gori\"}]},{\"@type\":\"Person\",\"@id\":\"https:\/\/www.visit-ulcinj.com\/blog\/#\/schema\/person\/dcab619c614d3038751c63bc2aadc06d\",\"name\":\"ulqini\",\"sameAs\":[\"http:\/\/www.visit-ulcinj.com\"],\"url\":\"https:\/\/www.visit-ulcinj.com\/blog\/author\/admin\/\"}]}<\/script>\n<!-- \/ Yoast SEO plugin. -->","yoast_head_json":{"title":"Tahir Tahiri izabran je ju?e za predsjednika Nacionalnog savjeta Albanaca u Crnoj Gori - Lajme nga Ulqini","robots":{"index":"index","follow":"follow","max-snippet":"max-snippet:-1","max-image-preview":"max-image-preview:large","max-video-preview":"max-video-preview:-1"},"canonical":"https:\/\/www.visit-ulcinj.com\/blog\/2008\/05\/13\/tahir-tahiri-izabran-je-juce-za-predsjednika-nacionalnog-savjeta-albanaca-u-crnoj-gori\/","og_locale":"en_US","og_type":"article","og_title":"Tahir Tahiri izabran je ju?e za predsjednika Nacionalnog savjeta Albanaca u Crnoj Gori - Lajme nga Ulqini","og_url":"https:\/\/www.visit-ulcinj.com\/blog\/2008\/05\/13\/tahir-tahiri-izabran-je-juce-za-predsjednika-nacionalnog-savjeta-albanaca-u-crnoj-gori\/","og_site_name":"Lajme nga Ulqini","article_published_time":"2008-05-13T14:21:06+00:00","og_image":[{"url":"http:\/\/www.visit-ulcinj.com\/blog\/wp-content\/uploads\/2008\/05\/tahir-tahiri-kryetar-i-kshillit-nacional-shqiptar.thumbnail.jpg"}],"twitter_misc":{"Written by":"ulqini","Est. reading time":"1 minute"},"schema":{"@context":"https:\/\/schema.org","@graph":[{"@type":"WebSite","@id":"https:\/\/www.visit-ulcinj.com\/blog\/#website","url":"https:\/\/www.visit-ulcinj.com\/blog\/","name":"Lajme nga Ulqini","description":"Lajme,Vijesti,Ulqini,Ulqin,Crna Gora,Mali i Zi","potentialAction":[{"@type":"SearchAction","target":{"@type":"EntryPoint","urlTemplate":"https:\/\/www.visit-ulcinj.com\/blog\/?s={search_term_string}"},"query-input":"required name=search_term_string"}],"inLanguage":"en-US"},{"@type":"ImageObject","inLanguage":"en-US","@id":"https:\/\/www.visit-ulcinj.com\/blog\/2008\/05\/13\/tahir-tahiri-izabran-je-juce-za-predsjednika-nacionalnog-savjeta-albanaca-u-crnoj-gori\/#primaryimage","url":"http:\/\/www.visit-ulcinj.com\/blog\/wp-content\/uploads\/2008\/05\/tahir-tahiri-kryetar-i-kshillit-nacional-shqiptar.thumbnail.jpg","contentUrl":"http:\/\/www.visit-ulcinj.com\/blog\/wp-content\/uploads\/2008\/05\/tahir-tahiri-kryetar-i-kshillit-nacional-shqiptar.thumbnail.jpg"},{"@type":"WebPage","@id":"https:\/\/www.visit-ulcinj.com\/blog\/2008\/05\/13\/tahir-tahiri-izabran-je-juce-za-predsjednika-nacionalnog-savjeta-albanaca-u-crnoj-gori\/#webpage","url":"https:\/\/www.visit-ulcinj.com\/blog\/2008\/05\/13\/tahir-tahiri-izabran-je-juce-za-predsjednika-nacionalnog-savjeta-albanaca-u-crnoj-gori\/","name":"Tahir Tahiri izabran je ju?e za predsjednika Nacionalnog savjeta Albanaca u Crnoj Gori - Lajme nga Ulqini","isPartOf":{"@id":"https:\/\/www.visit-ulcinj.com\/blog\/#website"},"primaryImageOfPage":{"@id":"https:\/\/www.visit-ulcinj.com\/blog\/2008\/05\/13\/tahir-tahiri-izabran-je-juce-za-predsjednika-nacionalnog-savjeta-albanaca-u-crnoj-gori\/#primaryimage"},"datePublished":"2008-05-13T14:21:06+00:00","dateModified":"2008-05-13T14:21:06+00:00","author":{"@id":"https:\/\/www.visit-ulcinj.com\/blog\/#\/schema\/person\/dcab619c614d3038751c63bc2aadc06d"},"breadcrumb":{"@id":"https:\/\/www.visit-ulcinj.com\/blog\/2008\/05\/13\/tahir-tahiri-izabran-je-juce-za-predsjednika-nacionalnog-savjeta-albanaca-u-crnoj-gori\/#breadcrumb"},"inLanguage":"en-US","potentialAction":[{"@type":"ReadAction","target":["https:\/\/www.visit-ulcinj.com\/blog\/2008\/05\/13\/tahir-tahiri-izabran-je-juce-za-predsjednika-nacionalnog-savjeta-albanaca-u-crnoj-gori\/"]}]},{"@type":"BreadcrumbList","@id":"https:\/\/www.visit-ulcinj.com\/blog\/2008\/05\/13\/tahir-tahiri-izabran-je-juce-za-predsjednika-nacionalnog-savjeta-albanaca-u-crnoj-gori\/#breadcrumb","itemListElement":[{"@type":"ListItem","position":1,"name":"Tahir Tahiri izabran je ju?e za predsjednika Nacionalnog savjeta Albanaca u Crnoj Gori"}]},{"@type":"Person","@id":"https:\/\/www.visit-ulcinj.com\/blog\/#\/schema\/person\/dcab619c614d3038751c63bc2aadc06d","name":"ulqini","sameAs":["http:\/\/www.visit-ulcinj.com"],"url":"https:\/\/www.visit-ulcinj.com\/blog\/author\/admin\/"}]}},"jetpack_featured_media_url":"","jetpack_sharing_enabled":true,"jetpack_shortlink":"https:\/\/wp.me\/pe6lTn-oR","_links":{"self":[{"href":"https:\/\/www.visit-ulcinj.com\/blog\/wp-json\/wp\/v2\/posts\/1541"}],"collection":[{"href":"https:\/\/www.visit-ulcinj.com\/blog\/wp-json\/wp\/v2\/posts"}],"about":[{"href":"https:\/\/www.visit-ulcinj.com\/blog\/wp-json\/wp\/v2\/types\/post"}],"author":[{"embeddable":true,"href":"https:\/\/www.visit-ulcinj.com\/blog\/wp-json\/wp\/v2\/users\/1"}],"replies":[{"embeddable":true,"href":"https:\/\/www.visit-ulcinj.com\/blog\/wp-json\/wp\/v2\/comments?post=1541"}],"version-history":[{"count":0,"href":"https:\/\/www.visit-ulcinj.com\/blog\/wp-json\/wp\/v2\/posts\/1541\/revisions"}],"wp:attachment":[{"href":"https:\/\/www.visit-ulcinj.com\/blog\/wp-json\/wp\/v2\/media?parent=1541"}],"wp:term":[{"taxonomy":"category","embeddable":true,"href":"https:\/\/www.visit-ulcinj.com\/blog\/wp-json\/wp\/v2\/categories?post=1541"},{"taxonomy":"post_tag","embeddable":true,"href":"https:\/\/www.visit-ulcinj.com\/blog\/wp-json\/wp\/v2\/tags?post=1541"}],"curies":[{"name":"wp","href":"https:\/\/api.w.org\/{rel}","templated":true}]}}