{"id":15419,"date":"2009-03-24T00:26:02","date_gmt":"2009-03-23T23:26:02","guid":{"rendered":"http:\/\/www.visit-ulcinj.com\/blog\/?p=15419"},"modified":"2009-03-24T00:33:50","modified_gmt":"2009-03-23T23:33:50","slug":"bisede-me-ferhat-dinoshen-kryetar-dhe-bartes-i-listes-se-udsh-se-per-deputete-ne-zgjedhjet-parlamentare","status":"publish","type":"post","link":"https:\/\/www.visit-ulcinj.com\/blog\/2009\/03\/24\/bisede-me-ferhat-dinoshen-kryetar-dhe-bartes-i-listes-se-udsh-se-per-deputete-ne-zgjedhjet-parlamentare\/","title":{"rendered":"Video &#8211; Bised\u00eb me Ferhat Dinosh\u00ebn, kryetar dhe bart\u00ebs i list\u00ebs s\u00eb udsh-s\u00eb p\u00ebr deputet\u00eb n\u00eb zgjedhjet parlamentare"},"content":{"rendered":"<p><strong><a href=\"http:\/\/www.visit-ulcinj.com\/blog\/wp-content\/uploads\/2009\/03\/ferhat-dinosha.jpg\"><img loading=\"lazy\" class=\"alignleft size-full wp-image-15416\" title=\"ferhat-dinosha\" src=\"http:\/\/www.visit-ulcinj.com\/blog\/wp-content\/uploads\/2009\/03\/ferhat-dinosha.jpg\" alt=\"ferhat-dinosha\" width=\"315\" height=\"315\" srcset=\"https:\/\/www.visit-ulcinj.com\/blog\/wp-content\/uploads\/2009\/03\/ferhat-dinosha.jpg 315w, https:\/\/www.visit-ulcinj.com\/blog\/wp-content\/uploads\/2009\/03\/ferhat-dinosha-150x150.jpg 150w, https:\/\/www.visit-ulcinj.com\/blog\/wp-content\/uploads\/2009\/03\/ferhat-dinosha-300x300.jpg 300w\" sizes=\"(max-width: 315px) 100vw, 315px\" \/><\/a>Bised\u00eb me Ferhat Dinosh\u00ebn, kryetar dhe bart\u00ebs i list\u00ebs s\u00eb udsh-s\u00eb p\u00ebr deputet\u00eb n\u00eb zgjedhjet parlamentare t\u00eb 29 marsit<br \/>\nLuftojm\u00eb p\u00ebr mandatin e dyt\u00eb n\u00eb Parlament<\/strong><\/p>\n<p>Koha javore: Z. Dinosha, \u00e7far\u00eb prisni nga k\u00ebto zgjedhje parlamentare?<\/p>\n<p>F. Dinosha: Un\u00eb pres q\u00eb UDSH t\u00eb dal\u00eb parti edhe m\u00eb serioze n\u00eb Parlamentin e Malit t\u00eb Zi, do t\u00eb thot\u00eb me m\u00eb shum\u00eb vota. M\u00eb vjen keq q\u00eb shqiptar\u00ebt kan\u00eb dal\u00eb n\u00eb shum\u00eb kolona, por n\u00eb situat\u00ebn q\u00eb kemi mendoj se votuesi shqiptar do ta ket\u00eb t\u00eb qart\u00eb se fal\u00eb pozicionimeve t\u00eb deritashme n\u00eb sken\u00ebn politike t\u00eb Malit t\u00eb Zi, UDSH mund t\u00eb llogaris\u00eb me rritje t\u00eb votave. Ne kemi numrin 12 i cili \u00ebsht\u00eb dyshifror dhe e kemi zb\u00ebrthyer k\u00ebsisoji: numri 1 p\u00ebr nj\u00eb post n\u00eb qeveri, kurse numri 2 p\u00ebr dy mandate n\u00eb Parlament. Ne luftojm\u00eb p\u00ebr mandatin e dyt\u00eb n\u00eb Parlamentin e Malit t\u00eb Zi.<\/p>\n<p>Koha javore: Pse duhet t\u2019Ju votojn\u00eb shqiptar\u00ebt?<\/p>\n<p>F. Dinosha: Ato q\u00eb kan\u00eb shqiptar\u00ebt sot m\u00eb shum\u00eb se\u00e7 kan\u00eb pasur n\u00eb komuniz\u00ebm i kan\u00eb fal\u00eb nismave dhe projekteve t\u00eb UDSH-s\u00eb. K\u00ebtu duhet radhitur maternitetin e par\u00eb n\u00eb Ulqin, Fakultetin e par\u00eb shqip n\u00eb Podgoric\u00eb, komun\u00ebn e par\u00eb urbane me rreth kat\u00ebr milion\u00eb euro buxhet, Ligjin e par\u00eb p\u00ebr simbole komb\u00ebtare, Ligjin e par\u00eb p\u00ebr t\u00eb drejta dhe liri t\u00eb pakicave, K\u00ebshillin e par\u00eb Nacional t\u00eb Shqiptar\u00ebve q\u00eb del nga ky ligj, Fondin e par\u00eb p\u00ebr Pakica, vendkalimet e reja kufitare me shtetin e am\u00eb &#8211; Republik\u00ebn e Shqip\u00ebris\u00eb, dokumentin e par\u00eb n\u00eb form\u00eb t\u00eb Platform\u00ebs p\u00ebr Statusin e ve\u00e7ant\u00eb t\u00eb shqiptar\u00ebve n\u00eb Mal t\u00eb Zi q\u00eb n\u00eb vitin 2000, ndihm\u00ebn e ve\u00e7ant\u00eb p\u00ebr pavar\u00ebsimin e Malit t\u00eb Zi; ne kemi qen\u00eb subjekti i vet\u00ebm q\u00eb n\u00eb m\u00ebnyr\u00eb transparente i ka ftuar shqiptar\u00ebt q\u00eb t\u00eb p\u00ebrkrahin pavar\u00ebsin\u00eb e Malit t\u00eb Zi, t\u00eb bindur se pavar\u00ebsia e Malit t\u00eb Zi \u00ebsht\u00eb paradhom\u00eb p\u00ebr pavar\u00ebsin\u00eb e Kosov\u00ebs. Koha na ka dh\u00ebn\u00eb t\u00eb drejt\u00eb meq\u00eb qeveria e shtetit t\u00eb pavarur t\u00eb Malit t\u00eb Zi ka njohur pavar\u00ebsin\u00eb e Kosov\u00ebs jo shum\u00eb koh\u00eb pas shpalljes s\u00eb saj. Pozicionimi i UDSH-s\u00eb ka ndikuar q\u00eb Mali i Zi zyrtar t\u00eb ket\u00eb marr\u00ebdh\u00ebnie gjithnj\u00eb e m\u00eb t\u00eb mira me Republik\u00ebn e Shqip\u00ebris\u00eb dhe t\u00eb tregoj\u00eb gatishm\u00ebri p\u00ebr fqinj\u00ebsi t\u00eb mir\u00eb me Kosov\u00ebn me t\u00eb cil\u00ebn presim q\u00eb gjat\u00eb k\u00ebtij viti t\u00eb vendosen marr\u00ebdh\u00ebnie diplomatike. Ve\u00e7 k\u00ebsaj, nuk duhet harruar se gjat\u00eb bombardimeve t\u00eb NATO-s, t\u00eb provokuara nga regjimi i Sllobodan Millosheviqit, i vetmi subjekt shqiptar n\u00eb Mal t\u00eb Zi q\u00eb ka pasur p\u00ebrfaq\u00ebsuesin e vet n\u00eb mikrofonin publik t\u00eb Parlamentit t\u00eb Malit t\u00eb Zi ka qen\u00eb prap\u00eb UDSH. N\u00eb k\u00ebt\u00eb m\u00ebnyr\u00eb jemi t\u00eb bindur dhe kjo na thuhet edhe n\u00eb qendra t\u00eb tjera shqiptare se UDSH \u00ebsht\u00eb b\u00ebr\u00eb emblem\u00eb e interesit politik e nacional t\u00eb shqiptar\u00ebve n\u00eb Mal t\u00eb Zi dhe kontributor i pakap\u00ebrcyesh\u00ebm n\u00eb proceset demokratike n\u00eb k\u00ebt\u00eb shtet dhe n\u00eb rajon.<br \/>\nN\u00ebse hiqen k\u00ebto q\u00eb u num\u00ebruan dhe n\u00ebse duam t\u00eb num\u00ebrojm\u00eb projektet e realizuara t\u00eb subjekteve t\u00eb tjera shqiptare, at\u00ebher\u00eb fitojm\u00eb rezultatin zero.<\/p>\n<p>Koha javore: Cila \u00ebsht\u00eb p\u00ebrpar\u00ebsia Juaj n\u00eb krahasim me bart\u00ebsit e listave t\u00eb tjera p\u00ebr deputet\u00eb q\u00eb garojn\u00eb n\u00eb vendvotimet n\u00eb trevat ku jetojn\u00eb shqiptar\u00ebt?<\/p>\n<p>F. Dinosha: Un\u00eb si deputet n\u00eb m\u00eb shum\u00eb mandate n\u00eb Parlamentin e Malit t\u00eb Zi ia kam dal\u00eb t\u00eb vendosi bashk\u00ebpunim t\u00eb mir\u00eb jo vet\u00ebm me faktorin antimillosheviqian n\u00eb Mal t\u00eb Zi, por edhe me faktorin nd\u00ebrkomb\u00ebtar, sidomos me at\u00eb ameriakan. Jan\u00eb mbajtur disa tryeza t\u00eb rrumbullak\u00ebta edhe gjat\u00eb koh\u00ebs s\u00eb Millosheviqit, edhe m\u00eb pas, ku tem\u00eb bosht kan\u00eb qen\u00eb shqiptar\u00ebt n\u00eb Ballkan dhe un\u00eb kam marr\u00eb pjes\u00eb duke pasur ftes\u00eb nga amerikan\u00ebt n\u00eb t\u00eb gjitha k\u00ebto tryeza. N\u00eb to asnj\u00ebher\u00eb nuk kan\u00eb qen\u00eb p\u00ebrfaq\u00ebsuesit e partive t\u00eb tjera shqiptare, as shqiptar\u00ebt e partis\u00eb n\u00eb pushtet. K\u00ebshtu q\u00eb mendoj se kam krijuar logjistika p\u00ebr t\u00eb vazhduar kontakte t\u00eb mir\u00ebfillta me qendra vendimmarr\u00ebse kur \u00ebsht\u00eb fjala p\u00ebr politikat rajonale dhe mendoj se kjo \u00ebsht\u00eb nj\u00eb baz\u00eb e mir\u00eb p\u00ebr t\u00eb marr\u00eb besimin e shqiptar\u00ebve p\u00ebr t\u00eb vazhduar prezenca e p\u00ebrfaq\u00ebsimit t\u00eb tyre n\u00eb t\u00eb gjitha tryezat q\u00eb jan\u00eb me r\u00ebnd\u00ebsi jo vet\u00ebm p\u00ebr ecurit\u00eb n\u00eb Mal t\u00eb Zi, por edhe p\u00ebr ato rajonale.<br \/>\nVe\u00e7 k\u00ebsaj, projektet e sip\u00ebr p\u00ebrmendura jan\u00eb fryt i bashk\u00ebpunimit dhe sugjerimeve q\u00eb kisha rastin t\u2019i merrja nga p\u00ebrfaq\u00ebsuesit relevant\u00eb t\u00eb politikave shqiptare dhe nga dashamir\u00eb t\u00eb \u00e7muar t\u00eb bashk\u00ebsis\u00eb nd\u00ebrkomb\u00ebtare. M\u00eb duket se jam i vetmi p\u00ebrfaq\u00ebsues i partive shqiptare i cili mund t\u00eb mbaj\u00eb ligj\u00ebrat\u00eb n\u00eb qendrat e r\u00ebnd\u00ebsishme nd\u00ebrkomb\u00ebtare pa patur nevoj\u00eb p\u00ebr p\u00ebrkthyes, gj\u00eb q\u00eb m\u00eb ka ndihmuar edhe n\u00eb mandatet e deritashme.<br \/>\nN\u00ebse t\u00eb gjitha k\u00ebto mund t\u00eb ken\u00eb pak\u00ebz konotacion subjektiv, un\u00eb dua t\u00eb informoj lexuesin tuaj se Ferhat Dinosha \u00ebsht\u00eb bart\u00ebs i Medaljes s\u00eb Art\u00eb t\u00eb Lidhjes s\u00eb Prizrenit t\u00eb akorduar nga Presidenti historik Ibrahim Rugova n\u00eb vitin 2003, bart\u00ebs i \u00c7mimit Vjetor \u201cPolitikani modern p\u00ebr integrime\u201d nga Festivali Nd\u00ebrkomb\u00ebtar \u201cImazhi shqiptar 2006\u201d, bart\u00ebs i \u00c7mimit t\u00eb lart\u00eb \u201cPjet\u00ebr Bogdani\u201d nga Unioni Artusitik i Kombit shqiptar n\u00eb vitin 2009, bart\u00ebs i mir\u00ebnjohjes s\u00eb Akademis\u00eb Diplomatike Shqiptare me rastin e 55-vjetorit tim, n\u00eb shkurt t\u00eb k\u00ebtij viti, dhe bart\u00ebs i titullit \u201cAmbasador i Paqes\u201d nga Federata Nd\u00ebrkomb\u00ebtare e Paqes &#8211; Tiran\u00eb, n\u00eb mars t\u00eb k\u00ebtij viti. Jam edhe autor i nj\u00eb liri publicistik me titull \u201cNj\u00eb n\u00ebn\u00eb kan\u00eb edhe blet\u00ebt\u201d, i botuar nga Akademia Diplomatike Shqiptare dhe autor i nj\u00eb p\u00ebrmbledhjeje me poezi, me titull \u201cLama e Doklit\u201d. Te kjo p\u00ebrmbledhje hetohet nj\u00eb poet i cili pashmangshm\u00ebrisht \u00ebsht\u00eb dashur t\u00eb b\u00ebhej deputet n\u00eb faz\u00ebn kur qenia komb\u00ebtare ishte n\u00eb rrezik.<\/p>\n<p><strong>Bisedoi: I. Kallaba<br \/>\nKoha Javore<\/strong><\/p>\n<p><strong><!--YouTube Error: bad URL entered--><br \/>\n<\/strong><\/p>\n","protected":false},"excerpt":{"rendered":"<p>Bised\u00eb me Ferhat Dinosh\u00ebn, kryetar dhe bart\u00ebs i list\u00ebs s\u00eb udsh-s\u00eb p\u00ebr deputet\u00eb n\u00eb zgjedhjet parlamentare t\u00eb 29 marsit Luftojm\u00eb p\u00ebr mandatin e dyt\u00eb n\u00eb Parlament Koha javore: Z. Dinosha, \u00e7far\u00eb prisni nga k\u00ebto zgjedhje parlamentare? F. Dinosha: Un\u00eb pres q\u00eb UDSH t\u00eb dal\u00eb parti edhe m\u00eb serioze n\u00eb Parlamentin e Malit t\u00eb Zi, do [&hellip;]<\/p>\n","protected":false},"author":1,"featured_media":0,"comment_status":"open","ping_status":"closed","sticky":false,"template":"","format":"standard","meta":{"spay_email":"","jetpack_publicize_message":"","jetpack_is_tweetstorm":false,"jetpack_publicize_feature_enabled":true},"categories":[1],"tags":[8319,8321,95,2394,200,18],"jetpack_publicize_connections":[],"yoast_head":"<!-- This site is optimized with the Yoast SEO plugin v19.1 - https:\/\/yoast.com\/wordpress\/plugins\/seo\/ -->\n<title>Video - Bised\u00eb me Ferhat Dinosh\u00ebn, kryetar dhe bart\u00ebs i list\u00ebs s\u00eb udsh-s\u00eb p\u00ebr deputet\u00eb n\u00eb zgjedhjet parlamentare - Lajme nga Ulqini<\/title>\n<meta name=\"description\" content=\"Bised\u00eb me Ferhat Dinosh\u00ebn, kryetar dhe bart\u00ebs i list\u00ebs s\u00eb udsh-s\u00eb p\u00ebr deputet\u00eb n\u00eb zgjedhjet parlamentare t\u00eb 29 marsit Luftojm\u00eb p\u00ebr mandatin e dyt\u00eb n\u00eb\" \/>\n<meta name=\"robots\" content=\"index, follow, max-snippet:-1, max-image-preview:large, max-video-preview:-1\" \/>\n<link rel=\"canonical\" href=\"https:\/\/www.visit-ulcinj.com\/blog\/2009\/03\/24\/bisede-me-ferhat-dinoshen-kryetar-dhe-bartes-i-listes-se-udsh-se-per-deputete-ne-zgjedhjet-parlamentare\/\" \/>\n<meta property=\"og:locale\" content=\"en_US\" \/>\n<meta property=\"og:type\" content=\"article\" \/>\n<meta property=\"og:title\" content=\"Video - Bised\u00eb me Ferhat Dinosh\u00ebn, kryetar dhe bart\u00ebs i list\u00ebs s\u00eb udsh-s\u00eb p\u00ebr deputet\u00eb n\u00eb zgjedhjet parlamentare - Lajme nga Ulqini\" \/>\n<meta property=\"og:description\" content=\"Bised\u00eb me Ferhat Dinosh\u00ebn, kryetar dhe bart\u00ebs i list\u00ebs s\u00eb udsh-s\u00eb p\u00ebr deputet\u00eb n\u00eb zgjedhjet parlamentare t\u00eb 29 marsit Luftojm\u00eb p\u00ebr mandatin e dyt\u00eb n\u00eb\" \/>\n<meta property=\"og:url\" content=\"https:\/\/www.visit-ulcinj.com\/blog\/2009\/03\/24\/bisede-me-ferhat-dinoshen-kryetar-dhe-bartes-i-listes-se-udsh-se-per-deputete-ne-zgjedhjet-parlamentare\/\" \/>\n<meta property=\"og:site_name\" content=\"Lajme nga Ulqini\" \/>\n<meta property=\"article:published_time\" content=\"2009-03-23T23:26:02+00:00\" \/>\n<meta property=\"article:modified_time\" content=\"2009-03-23T23:33:50+00:00\" \/>\n<meta property=\"og:image\" content=\"http:\/\/www.visit-ulcinj.com\/blog\/wp-content\/uploads\/2009\/03\/ferhat-dinosha.jpg\" \/>\n<meta name=\"twitter:label1\" content=\"Written by\" \/>\n\t<meta name=\"twitter:data1\" content=\"ulqini\" \/>\n\t<meta name=\"twitter:label2\" content=\"Est. reading time\" \/>\n\t<meta name=\"twitter:data2\" content=\"5 minutes\" \/>\n<script type=\"application\/ld+json\" class=\"yoast-schema-graph\">{\"@context\":\"https:\/\/schema.org\",\"@graph\":[{\"@type\":\"WebSite\",\"@id\":\"https:\/\/www.visit-ulcinj.com\/blog\/#website\",\"url\":\"https:\/\/www.visit-ulcinj.com\/blog\/\",\"name\":\"Lajme nga Ulqini\",\"description\":\"Lajme,Vijesti,Ulqini,Ulqin,Crna Gora,Mali i Zi\",\"potentialAction\":[{\"@type\":\"SearchAction\",\"target\":{\"@type\":\"EntryPoint\",\"urlTemplate\":\"https:\/\/www.visit-ulcinj.com\/blog\/?s={search_term_string}\"},\"query-input\":\"required name=search_term_string\"}],\"inLanguage\":\"en-US\"},{\"@type\":\"ImageObject\",\"inLanguage\":\"en-US\",\"@id\":\"https:\/\/www.visit-ulcinj.com\/blog\/2009\/03\/24\/bisede-me-ferhat-dinoshen-kryetar-dhe-bartes-i-listes-se-udsh-se-per-deputete-ne-zgjedhjet-parlamentare\/#primaryimage\",\"url\":\"https:\/\/www.visit-ulcinj.com\/blog\/wp-content\/uploads\/2009\/03\/ferhat-dinosha.jpg\",\"contentUrl\":\"https:\/\/www.visit-ulcinj.com\/blog\/wp-content\/uploads\/2009\/03\/ferhat-dinosha.jpg\",\"width\":\"315\",\"height\":\"315\"},{\"@type\":\"WebPage\",\"@id\":\"https:\/\/www.visit-ulcinj.com\/blog\/2009\/03\/24\/bisede-me-ferhat-dinoshen-kryetar-dhe-bartes-i-listes-se-udsh-se-per-deputete-ne-zgjedhjet-parlamentare\/#webpage\",\"url\":\"https:\/\/www.visit-ulcinj.com\/blog\/2009\/03\/24\/bisede-me-ferhat-dinoshen-kryetar-dhe-bartes-i-listes-se-udsh-se-per-deputete-ne-zgjedhjet-parlamentare\/\",\"name\":\"Video - Bised\u00eb me Ferhat Dinosh\u00ebn, kryetar dhe bart\u00ebs i list\u00ebs s\u00eb udsh-s\u00eb p\u00ebr deputet\u00eb n\u00eb zgjedhjet parlamentare - Lajme nga Ulqini\",\"isPartOf\":{\"@id\":\"https:\/\/www.visit-ulcinj.com\/blog\/#website\"},\"primaryImageOfPage\":{\"@id\":\"https:\/\/www.visit-ulcinj.com\/blog\/2009\/03\/24\/bisede-me-ferhat-dinoshen-kryetar-dhe-bartes-i-listes-se-udsh-se-per-deputete-ne-zgjedhjet-parlamentare\/#primaryimage\"},\"datePublished\":\"2009-03-23T23:26:02+00:00\",\"dateModified\":\"2009-03-23T23:33:50+00:00\",\"author\":{\"@id\":\"https:\/\/www.visit-ulcinj.com\/blog\/#\/schema\/person\/dcab619c614d3038751c63bc2aadc06d\"},\"description\":\"Bised\u00eb me Ferhat Dinosh\u00ebn, kryetar dhe bart\u00ebs i list\u00ebs s\u00eb udsh-s\u00eb p\u00ebr deputet\u00eb n\u00eb zgjedhjet parlamentare t\u00eb 29 marsit Luftojm\u00eb p\u00ebr mandatin e dyt\u00eb n\u00eb\",\"breadcrumb\":{\"@id\":\"https:\/\/www.visit-ulcinj.com\/blog\/2009\/03\/24\/bisede-me-ferhat-dinoshen-kryetar-dhe-bartes-i-listes-se-udsh-se-per-deputete-ne-zgjedhjet-parlamentare\/#breadcrumb\"},\"inLanguage\":\"en-US\",\"potentialAction\":[{\"@type\":\"ReadAction\",\"target\":[\"https:\/\/www.visit-ulcinj.com\/blog\/2009\/03\/24\/bisede-me-ferhat-dinoshen-kryetar-dhe-bartes-i-listes-se-udsh-se-per-deputete-ne-zgjedhjet-parlamentare\/\"]}]},{\"@type\":\"BreadcrumbList\",\"@id\":\"https:\/\/www.visit-ulcinj.com\/blog\/2009\/03\/24\/bisede-me-ferhat-dinoshen-kryetar-dhe-bartes-i-listes-se-udsh-se-per-deputete-ne-zgjedhjet-parlamentare\/#breadcrumb\",\"itemListElement\":[{\"@type\":\"ListItem\",\"position\":1,\"name\":\"Video &#8211; Bised\u00eb me Ferhat Dinosh\u00ebn, kryetar dhe bart\u00ebs i list\u00ebs s\u00eb udsh-s\u00eb p\u00ebr deputet\u00eb n\u00eb zgjedhjet parlamentare\"}]},{\"@type\":\"Person\",\"@id\":\"https:\/\/www.visit-ulcinj.com\/blog\/#\/schema\/person\/dcab619c614d3038751c63bc2aadc06d\",\"name\":\"ulqini\",\"sameAs\":[\"http:\/\/www.visit-ulcinj.com\"],\"url\":\"https:\/\/www.visit-ulcinj.com\/blog\/author\/admin\/\"}]}<\/script>\n<!-- \/ Yoast SEO plugin. -->","yoast_head_json":{"title":"Video - Bised\u00eb me Ferhat Dinosh\u00ebn, kryetar dhe bart\u00ebs i list\u00ebs s\u00eb udsh-s\u00eb p\u00ebr deputet\u00eb n\u00eb zgjedhjet parlamentare - Lajme nga Ulqini","description":"Bised\u00eb me Ferhat Dinosh\u00ebn, kryetar dhe bart\u00ebs i list\u00ebs s\u00eb udsh-s\u00eb p\u00ebr deputet\u00eb n\u00eb zgjedhjet parlamentare t\u00eb 29 marsit Luftojm\u00eb p\u00ebr mandatin e dyt\u00eb n\u00eb","robots":{"index":"index","follow":"follow","max-snippet":"max-snippet:-1","max-image-preview":"max-image-preview:large","max-video-preview":"max-video-preview:-1"},"canonical":"https:\/\/www.visit-ulcinj.com\/blog\/2009\/03\/24\/bisede-me-ferhat-dinoshen-kryetar-dhe-bartes-i-listes-se-udsh-se-per-deputete-ne-zgjedhjet-parlamentare\/","og_locale":"en_US","og_type":"article","og_title":"Video - Bised\u00eb me Ferhat Dinosh\u00ebn, kryetar dhe bart\u00ebs i list\u00ebs s\u00eb udsh-s\u00eb p\u00ebr deputet\u00eb n\u00eb zgjedhjet parlamentare - Lajme nga Ulqini","og_description":"Bised\u00eb me Ferhat Dinosh\u00ebn, kryetar dhe bart\u00ebs i list\u00ebs s\u00eb udsh-s\u00eb p\u00ebr deputet\u00eb n\u00eb zgjedhjet parlamentare t\u00eb 29 marsit Luftojm\u00eb p\u00ebr mandatin e dyt\u00eb n\u00eb","og_url":"https:\/\/www.visit-ulcinj.com\/blog\/2009\/03\/24\/bisede-me-ferhat-dinoshen-kryetar-dhe-bartes-i-listes-se-udsh-se-per-deputete-ne-zgjedhjet-parlamentare\/","og_site_name":"Lajme nga Ulqini","article_published_time":"2009-03-23T23:26:02+00:00","article_modified_time":"2009-03-23T23:33:50+00:00","og_image":[{"url":"http:\/\/www.visit-ulcinj.com\/blog\/wp-content\/uploads\/2009\/03\/ferhat-dinosha.jpg"}],"twitter_misc":{"Written by":"ulqini","Est. reading time":"5 minutes"},"schema":{"@context":"https:\/\/schema.org","@graph":[{"@type":"WebSite","@id":"https:\/\/www.visit-ulcinj.com\/blog\/#website","url":"https:\/\/www.visit-ulcinj.com\/blog\/","name":"Lajme nga Ulqini","description":"Lajme,Vijesti,Ulqini,Ulqin,Crna Gora,Mali i Zi","potentialAction":[{"@type":"SearchAction","target":{"@type":"EntryPoint","urlTemplate":"https:\/\/www.visit-ulcinj.com\/blog\/?s={search_term_string}"},"query-input":"required name=search_term_string"}],"inLanguage":"en-US"},{"@type":"ImageObject","inLanguage":"en-US","@id":"https:\/\/www.visit-ulcinj.com\/blog\/2009\/03\/24\/bisede-me-ferhat-dinoshen-kryetar-dhe-bartes-i-listes-se-udsh-se-per-deputete-ne-zgjedhjet-parlamentare\/#primaryimage","url":"https:\/\/www.visit-ulcinj.com\/blog\/wp-content\/uploads\/2009\/03\/ferhat-dinosha.jpg","contentUrl":"https:\/\/www.visit-ulcinj.com\/blog\/wp-content\/uploads\/2009\/03\/ferhat-dinosha.jpg","width":"315","height":"315"},{"@type":"WebPage","@id":"https:\/\/www.visit-ulcinj.com\/blog\/2009\/03\/24\/bisede-me-ferhat-dinoshen-kryetar-dhe-bartes-i-listes-se-udsh-se-per-deputete-ne-zgjedhjet-parlamentare\/#webpage","url":"https:\/\/www.visit-ulcinj.com\/blog\/2009\/03\/24\/bisede-me-ferhat-dinoshen-kryetar-dhe-bartes-i-listes-se-udsh-se-per-deputete-ne-zgjedhjet-parlamentare\/","name":"Video - Bised\u00eb me Ferhat Dinosh\u00ebn, kryetar dhe bart\u00ebs i list\u00ebs s\u00eb udsh-s\u00eb p\u00ebr deputet\u00eb n\u00eb zgjedhjet parlamentare - Lajme nga Ulqini","isPartOf":{"@id":"https:\/\/www.visit-ulcinj.com\/blog\/#website"},"primaryImageOfPage":{"@id":"https:\/\/www.visit-ulcinj.com\/blog\/2009\/03\/24\/bisede-me-ferhat-dinoshen-kryetar-dhe-bartes-i-listes-se-udsh-se-per-deputete-ne-zgjedhjet-parlamentare\/#primaryimage"},"datePublished":"2009-03-23T23:26:02+00:00","dateModified":"2009-03-23T23:33:50+00:00","author":{"@id":"https:\/\/www.visit-ulcinj.com\/blog\/#\/schema\/person\/dcab619c614d3038751c63bc2aadc06d"},"description":"Bised\u00eb me Ferhat Dinosh\u00ebn, kryetar dhe bart\u00ebs i list\u00ebs s\u00eb udsh-s\u00eb p\u00ebr deputet\u00eb n\u00eb zgjedhjet parlamentare t\u00eb 29 marsit Luftojm\u00eb p\u00ebr mandatin e dyt\u00eb n\u00eb","breadcrumb":{"@id":"https:\/\/www.visit-ulcinj.com\/blog\/2009\/03\/24\/bisede-me-ferhat-dinoshen-kryetar-dhe-bartes-i-listes-se-udsh-se-per-deputete-ne-zgjedhjet-parlamentare\/#breadcrumb"},"inLanguage":"en-US","potentialAction":[{"@type":"ReadAction","target":["https:\/\/www.visit-ulcinj.com\/blog\/2009\/03\/24\/bisede-me-ferhat-dinoshen-kryetar-dhe-bartes-i-listes-se-udsh-se-per-deputete-ne-zgjedhjet-parlamentare\/"]}]},{"@type":"BreadcrumbList","@id":"https:\/\/www.visit-ulcinj.com\/blog\/2009\/03\/24\/bisede-me-ferhat-dinoshen-kryetar-dhe-bartes-i-listes-se-udsh-se-per-deputete-ne-zgjedhjet-parlamentare\/#breadcrumb","itemListElement":[{"@type":"ListItem","position":1,"name":"Video &#8211; Bised\u00eb me Ferhat Dinosh\u00ebn, kryetar dhe bart\u00ebs i list\u00ebs s\u00eb udsh-s\u00eb p\u00ebr deputet\u00eb n\u00eb zgjedhjet parlamentare"}]},{"@type":"Person","@id":"https:\/\/www.visit-ulcinj.com\/blog\/#\/schema\/person\/dcab619c614d3038751c63bc2aadc06d","name":"ulqini","sameAs":["http:\/\/www.visit-ulcinj.com"],"url":"https:\/\/www.visit-ulcinj.com\/blog\/author\/admin\/"}]}},"jetpack_featured_media_url":"","jetpack_sharing_enabled":true,"jetpack_shortlink":"https:\/\/wp.me\/pe6lTn-40H","_links":{"self":[{"href":"https:\/\/www.visit-ulcinj.com\/blog\/wp-json\/wp\/v2\/posts\/15419"}],"collection":[{"href":"https:\/\/www.visit-ulcinj.com\/blog\/wp-json\/wp\/v2\/posts"}],"about":[{"href":"https:\/\/www.visit-ulcinj.com\/blog\/wp-json\/wp\/v2\/types\/post"}],"author":[{"embeddable":true,"href":"https:\/\/www.visit-ulcinj.com\/blog\/wp-json\/wp\/v2\/users\/1"}],"replies":[{"embeddable":true,"href":"https:\/\/www.visit-ulcinj.com\/blog\/wp-json\/wp\/v2\/comments?post=15419"}],"version-history":[{"count":0,"href":"https:\/\/www.visit-ulcinj.com\/blog\/wp-json\/wp\/v2\/posts\/15419\/revisions"}],"wp:attachment":[{"href":"https:\/\/www.visit-ulcinj.com\/blog\/wp-json\/wp\/v2\/media?parent=15419"}],"wp:term":[{"taxonomy":"category","embeddable":true,"href":"https:\/\/www.visit-ulcinj.com\/blog\/wp-json\/wp\/v2\/categories?post=15419"},{"taxonomy":"post_tag","embeddable":true,"href":"https:\/\/www.visit-ulcinj.com\/blog\/wp-json\/wp\/v2\/tags?post=15419"}],"curies":[{"name":"wp","href":"https:\/\/api.w.org\/{rel}","templated":true}]}}