{"id":15451,"date":"2009-03-25T18:18:16","date_gmt":"2009-03-25T17:18:16","guid":{"rendered":"http:\/\/www.visit-ulcinj.com\/blog\/?p=15451"},"modified":"2009-03-25T18:18:16","modified_gmt":"2009-03-25T17:18:16","slug":"ulcinj-u-unesco-vode-djela-a-ne-slike","status":"publish","type":"post","link":"https:\/\/www.visit-ulcinj.com\/blog\/2009\/03\/25\/ulcinj-u-unesco-vode-djela-a-ne-slike\/","title":{"rendered":"Ulcinj: U UNESCO vode djela, a ne slike"},"content":{"rendered":"<p><strong><a href=\"http:\/\/www.visit-ulcinj.com\/blog\/wp-content\/uploads\/2009\/03\/stari-grad-ulcinj-montenegro11.jpg\"><img loading=\"lazy\" class=\"alignleft size-medium wp-image-15580\" title=\"stari-grad-ulcinj-montenegro11\" src=\"http:\/\/www.visit-ulcinj.com\/blog\/wp-content\/uploads\/2009\/03\/stari-grad-ulcinj-montenegro11-300x294.jpg\" alt=\"stari-grad-ulcinj-montenegro11\" width=\"570\" height=\"400\" \/><\/a>NVO \u201eKALJAJA\u201c OCIJENILA DA OP\u0160TINA ULCINJ MORA VI\u0160E PA\u017dNJE POSVE?IVATI STAROM GRADU<\/strong><br \/>\nUlcinj &#8211; Dru\u0161tvo prijatelja ulcinjskog Starog grada \u201eKaljaja\u201c pozvalo je lokalnu vlast da popravi infrastrukturu i nastavi kaldrmisanje ulica unutar drevnih zidina i posjetilo da je vrijeme da po?ne izgradnju lu?ice Kacema.<br \/>\nPredsjednik dru\u0161tva Ismet Karamanaga ocijenio je da bi Op\u0161tina morala mnogo vi\u0161e pa\u017enje da posveti Starom gradu, budu?i da je rije? o spomeniku prve kategorije i pretendentu za ?lanstvo u UNESCO, ali i \u201enajva\u017enijem dijelu na\u0161e pro\u0161losti i kolijevci kulture\u201c.<br \/>\n&#8211; Lijepo je vidjeti kako slike sa motivima Starog grada vise na zidovima gotovo svih kancelarija. No, to nije dovoljno. Do\u0161lo je vrijeme da se drevnim zidinama posveti mnogo vi\u0161e pa\u017enje, jer slike u kancelarijama po?inju da blijede &#8211; kazao je Karamanaga.<br \/>\nOn je pozdravio kaldrmisanje Stare ?ar\u0161ije u gradu i naglasio da bi novom kaldrmom trebalo prekriti i ulice u Starom gradu.<br \/>\n&#8211; Postoje?a kaldrma ra?erna je kamenom od ru\u0161evina sa izuzetkom dijela na sjevernoj strani Starog grada. Nastavak kaldrmisanja je jedan od prioritenih projekata, osim ako ne \u017eelimo vje?ito da ?ekamo ispred vrata UNESCO. Tako?e, veoma je bitno popraviti infrastrukturu, a posebno javnu rasvjetu jer nekoliko nakrivljenih stubova predstavlja permanentnu opasnost za djecu i sve nas koji \u017eivimo tu &#8211; upozorio je Karamanaga.<br \/>\nNapominju?i da je ve?i dio infrastrukture u Starom gradu izgra?en poslije zemljotresa 1979. godine, on je kazao da su vlasti ulagale u njeno odr\u017eavanje i popravke, \u201eali ne dovoljno da bi se u Starom gradu kvalitetnije \u017eivjelo\u201c.<br \/>\nLu?ica Kacema, naveo je Karamanaga, bila bi uvertira za izgradnju marine \u201ekoja je toliko neophodna Ulcinju\u201c.<\/p>\n<p>Za investicije da se pita cetinjski zavod<br \/>\n&#8211; Tra\u017eimo da Komunalno tretira Stari grad kao ostale djelove Ulcinja. Nije dovoljno samo iznositi sme?e traktorom koji smo prije 10 godina dobili na poklon. Prostor unutar drevnih zidina treba ure?ivati i oplemenjivati kao druge djelove grada &#8211; kazao je Karamanaga.<br \/>\nPohvaliv\u0161i i donaciju Rotari kluba, koji je obnovio staru ?esmu ispred Dvora Bal\u0161i?a, Karamanaga je kazao da je izvorno ime ?esme Taphana, a ne Tophana.<br \/>\nOn je konstatovao da se za sve investicije unutar zidina mora konsultovati Republi?ki zavod sa Cetinja, pod ?ijom je jurisdikcijom Stari grad.<\/p>\n<p><strong>S.A.<br \/>\nVijesti<\/strong><\/p>\n<p><strong>\n\t\t<style type=\"text\/css\">\n\t\t\t#gallery-1 {\n\t\t\t\tmargin: auto;\n\t\t\t}\n\t\t\t#gallery-1 .gallery-item {\n\t\t\t\tfloat: left;\n\t\t\t\tmargin-top: 10px;\n\t\t\t\ttext-align: center;\n\t\t\t\twidth: 33%;\n\t\t\t}\n\t\t\t#gallery-1 img {\n\t\t\t\tborder: 2px solid #cfcfcf;\n\t\t\t}\n\t\t\t#gallery-1 .gallery-caption {\n\t\t\t\tmargin-left: 0;\n\t\t\t}\n\t\t\t\/* see gallery_shortcode() in wp-includes\/media.php *\/\n\t\t<\/style>\n\t\t<div id='gallery-1' class='gallery galleryid-15451 gallery-columns-3 gallery-size-thumbnail'><dl class='gallery-item'>\n\t\t\t<dt class='gallery-icon landscape'>\n\t\t\t\t<a href='https:\/\/www.visit-ulcinj.com\/blog\/2009\/03\/25\/ulcinj-u-unesco-vode-djela-a-ne-slike\/ulcinj-u-unesco-vode-djela-a-ne-slike\/'><img width=\"150\" height=\"150\" src=\"https:\/\/www.visit-ulcinj.com\/blog\/wp-content\/uploads\/2009\/03\/ulcinj-u-unesco-vode-djela-a-ne-slike-150x150.jpg\" class=\"attachment-thumbnail size-thumbnail\" alt=\"\" loading=\"lazy\" \/><\/a>\n\t\t\t<\/dt><\/dl><dl class='gallery-item'>\n\t\t\t<dt class='gallery-icon landscape'>\n\t\t\t\t<a href='https:\/\/www.visit-ulcinj.com\/blog\/2009\/03\/25\/ulcinj-u-unesco-vode-djela-a-ne-slike\/stari-grad-ulcinj-montenegro1\/'><img width=\"150\" height=\"150\" src=\"https:\/\/www.visit-ulcinj.com\/blog\/wp-content\/uploads\/2009\/03\/stari-grad-ulcinj-montenegro1-150x150.jpg\" class=\"attachment-thumbnail size-thumbnail\" alt=\"\" loading=\"lazy\" \/><\/a>\n\t\t\t<\/dt><\/dl><dl class='gallery-item'>\n\t\t\t<dt class='gallery-icon landscape'>\n\t\t\t\t<a href='https:\/\/www.visit-ulcinj.com\/blog\/2009\/03\/25\/ulcinj-u-unesco-vode-djela-a-ne-slike\/stari-grad-ulcinj-montenegro2\/'><img width=\"150\" height=\"150\" src=\"https:\/\/www.visit-ulcinj.com\/blog\/wp-content\/uploads\/2009\/03\/stari-grad-ulcinj-montenegro2-150x150.jpg\" class=\"attachment-thumbnail size-thumbnail\" alt=\"\" loading=\"lazy\" \/><\/a>\n\t\t\t<\/dt><\/dl><br style=\"clear: both\" \/><dl class='gallery-item'>\n\t\t\t<dt class='gallery-icon landscape'>\n\t\t\t\t<a href='https:\/\/www.visit-ulcinj.com\/blog\/2009\/03\/25\/ulcinj-u-unesco-vode-djela-a-ne-slike\/stari-grad-ulcinj-montenegro3\/'><img width=\"150\" height=\"150\" src=\"https:\/\/www.visit-ulcinj.com\/blog\/wp-content\/uploads\/2009\/03\/stari-grad-ulcinj-montenegro3-150x150.jpg\" class=\"attachment-thumbnail size-thumbnail\" alt=\"\" loading=\"lazy\" \/><\/a>\n\t\t\t<\/dt><\/dl><dl class='gallery-item'>\n\t\t\t<dt class='gallery-icon landscape'>\n\t\t\t\t<a href='https:\/\/www.visit-ulcinj.com\/blog\/2009\/03\/25\/ulcinj-u-unesco-vode-djela-a-ne-slike\/stari-grad-ulcinj-montenegro4\/'><img width=\"150\" height=\"150\" src=\"https:\/\/www.visit-ulcinj.com\/blog\/wp-content\/uploads\/2009\/03\/stari-grad-ulcinj-montenegro4-150x150.jpg\" class=\"attachment-thumbnail size-thumbnail\" alt=\"\" loading=\"lazy\" \/><\/a>\n\t\t\t<\/dt><\/dl><dl class='gallery-item'>\n\t\t\t<dt class='gallery-icon landscape'>\n\t\t\t\t<a href='https:\/\/www.visit-ulcinj.com\/blog\/2009\/03\/25\/ulcinj-u-unesco-vode-djela-a-ne-slike\/stari-grad-ulcinj-montenegro5\/'><img width=\"150\" height=\"150\" src=\"https:\/\/www.visit-ulcinj.com\/blog\/wp-content\/uploads\/2009\/03\/stari-grad-ulcinj-montenegro5-150x150.jpg\" class=\"attachment-thumbnail size-thumbnail\" alt=\"\" loading=\"lazy\" \/><\/a>\n\t\t\t<\/dt><\/dl><br style=\"clear: both\" \/><dl class='gallery-item'>\n\t\t\t<dt class='gallery-icon landscape'>\n\t\t\t\t<a href='https:\/\/www.visit-ulcinj.com\/blog\/2009\/03\/25\/ulcinj-u-unesco-vode-djela-a-ne-slike\/stari-grad-ulcinj-montenegro6\/'><img width=\"150\" height=\"150\" src=\"https:\/\/www.visit-ulcinj.com\/blog\/wp-content\/uploads\/2009\/03\/stari-grad-ulcinj-montenegro6-150x150.jpg\" class=\"attachment-thumbnail size-thumbnail\" alt=\"\" loading=\"lazy\" \/><\/a>\n\t\t\t<\/dt><\/dl><dl class='gallery-item'>\n\t\t\t<dt class='gallery-icon landscape'>\n\t\t\t\t<a href='https:\/\/www.visit-ulcinj.com\/blog\/2009\/03\/25\/ulcinj-u-unesco-vode-djela-a-ne-slike\/stari-grad-ulcinj-montenegro7\/'><img width=\"150\" height=\"150\" src=\"https:\/\/www.visit-ulcinj.com\/blog\/wp-content\/uploads\/2009\/03\/stari-grad-ulcinj-montenegro7-150x150.jpg\" class=\"attachment-thumbnail size-thumbnail\" alt=\"\" loading=\"lazy\" \/><\/a>\n\t\t\t<\/dt><\/dl><dl class='gallery-item'>\n\t\t\t<dt class='gallery-icon landscape'>\n\t\t\t\t<a href='https:\/\/www.visit-ulcinj.com\/blog\/2009\/03\/25\/ulcinj-u-unesco-vode-djela-a-ne-slike\/stari-grad-ulcinj-montenegro8\/'><img width=\"150\" height=\"150\" src=\"https:\/\/www.visit-ulcinj.com\/blog\/wp-content\/uploads\/2009\/03\/stari-grad-ulcinj-montenegro8-150x150.jpg\" class=\"attachment-thumbnail size-thumbnail\" alt=\"\" loading=\"lazy\" \/><\/a>\n\t\t\t<\/dt><\/dl><br style=\"clear: both\" \/><dl class='gallery-item'>\n\t\t\t<dt class='gallery-icon landscape'>\n\t\t\t\t<a href='https:\/\/www.visit-ulcinj.com\/blog\/2009\/03\/25\/ulcinj-u-unesco-vode-djela-a-ne-slike\/stari-grad-ulcinj-montenegro9\/'><img width=\"150\" height=\"150\" src=\"https:\/\/www.visit-ulcinj.com\/blog\/wp-content\/uploads\/2009\/03\/stari-grad-ulcinj-montenegro9-150x150.jpg\" class=\"attachment-thumbnail size-thumbnail\" alt=\"\" loading=\"lazy\" \/><\/a>\n\t\t\t<\/dt><\/dl><dl class='gallery-item'>\n\t\t\t<dt class='gallery-icon landscape'>\n\t\t\t\t<a href='https:\/\/www.visit-ulcinj.com\/blog\/2009\/03\/25\/ulcinj-u-unesco-vode-djela-a-ne-slike\/stari-grad-ulcinj-montenegro10\/'><img width=\"150\" height=\"150\" src=\"https:\/\/www.visit-ulcinj.com\/blog\/wp-content\/uploads\/2009\/03\/stari-grad-ulcinj-montenegro10-150x150.jpg\" class=\"attachment-thumbnail size-thumbnail\" alt=\"\" loading=\"lazy\" \/><\/a>\n\t\t\t<\/dt><\/dl><dl class='gallery-item'>\n\t\t\t<dt class='gallery-icon landscape'>\n\t\t\t\t<a href='https:\/\/www.visit-ulcinj.com\/blog\/2009\/03\/25\/ulcinj-u-unesco-vode-djela-a-ne-slike\/stari-grad-ulcinj-montenegro11\/'><img width=\"150\" height=\"150\" src=\"https:\/\/www.visit-ulcinj.com\/blog\/wp-content\/uploads\/2009\/03\/stari-grad-ulcinj-montenegro11-150x150.jpg\" class=\"attachment-thumbnail size-thumbnail\" alt=\"\" loading=\"lazy\" \/><\/a>\n\t\t\t<\/dt><\/dl><br style=\"clear: both\" \/><dl class='gallery-item'>\n\t\t\t<dt class='gallery-icon landscape'>\n\t\t\t\t<a href='https:\/\/www.visit-ulcinj.com\/blog\/2009\/03\/25\/ulcinj-u-unesco-vode-djela-a-ne-slike\/stari-grad-ulcinj-montenegro12\/'><img width=\"150\" height=\"150\" src=\"https:\/\/www.visit-ulcinj.com\/blog\/wp-content\/uploads\/2009\/03\/stari-grad-ulcinj-montenegro12-150x150.jpg\" class=\"attachment-thumbnail size-thumbnail\" alt=\"\" loading=\"lazy\" \/><\/a>\n\t\t\t<\/dt><\/dl><dl class='gallery-item'>\n\t\t\t<dt class='gallery-icon landscape'>\n\t\t\t\t<a href='https:\/\/www.visit-ulcinj.com\/blog\/2009\/03\/25\/ulcinj-u-unesco-vode-djela-a-ne-slike\/stari-grad-ulcinj-montenegro13\/'><img width=\"150\" height=\"150\" src=\"https:\/\/www.visit-ulcinj.com\/blog\/wp-content\/uploads\/2009\/03\/stari-grad-ulcinj-montenegro13-150x150.jpg\" class=\"attachment-thumbnail size-thumbnail\" alt=\"\" loading=\"lazy\" \/><\/a>\n\t\t\t<\/dt><\/dl><dl class='gallery-item'>\n\t\t\t<dt class='gallery-icon landscape'>\n\t\t\t\t<a href='https:\/\/www.visit-ulcinj.com\/blog\/2009\/03\/25\/ulcinj-u-unesco-vode-djela-a-ne-slike\/stari-grad-ulcinj-montenegro14\/'><img width=\"150\" height=\"150\" src=\"https:\/\/www.visit-ulcinj.com\/blog\/wp-content\/uploads\/2009\/03\/stari-grad-ulcinj-montenegro14-150x150.jpg\" class=\"attachment-thumbnail size-thumbnail\" alt=\"\" loading=\"lazy\" \/><\/a>\n\t\t\t<\/dt><\/dl><br style=\"clear: both\" \/><dl class='gallery-item'>\n\t\t\t<dt class='gallery-icon landscape'>\n\t\t\t\t<a href='https:\/\/www.visit-ulcinj.com\/blog\/2009\/03\/25\/ulcinj-u-unesco-vode-djela-a-ne-slike\/stari-grad-ulcinj-montenegro15\/'><img width=\"150\" height=\"150\" src=\"https:\/\/www.visit-ulcinj.com\/blog\/wp-content\/uploads\/2009\/03\/stari-grad-ulcinj-montenegro15-150x150.jpg\" class=\"attachment-thumbnail size-thumbnail\" alt=\"\" loading=\"lazy\" \/><\/a>\n\t\t\t<\/dt><\/dl><dl class='gallery-item'>\n\t\t\t<dt class='gallery-icon landscape'>\n\t\t\t\t<a href='https:\/\/www.visit-ulcinj.com\/blog\/2009\/03\/25\/ulcinj-u-unesco-vode-djela-a-ne-slike\/stari-grad-ulcinj-montenegro16\/'><img width=\"150\" height=\"150\" src=\"https:\/\/www.visit-ulcinj.com\/blog\/wp-content\/uploads\/2009\/03\/stari-grad-ulcinj-montenegro16-150x150.jpg\" class=\"attachment-thumbnail size-thumbnail\" alt=\"\" loading=\"lazy\" \/><\/a>\n\t\t\t<\/dt><\/dl><dl class='gallery-item'>\n\t\t\t<dt class='gallery-icon landscape'>\n\t\t\t\t<a href='https:\/\/www.visit-ulcinj.com\/blog\/2009\/03\/25\/ulcinj-u-unesco-vode-djela-a-ne-slike\/stari-grad-ulcinj-montenegro17\/'><img width=\"150\" height=\"150\" src=\"https:\/\/www.visit-ulcinj.com\/blog\/wp-content\/uploads\/2009\/03\/stari-grad-ulcinj-montenegro17-150x150.jpg\" class=\"attachment-thumbnail size-thumbnail\" alt=\"\" loading=\"lazy\" \/><\/a>\n\t\t\t<\/dt><\/dl><br style=\"clear: both\" \/><dl class='gallery-item'>\n\t\t\t<dt class='gallery-icon landscape'>\n\t\t\t\t<a href='https:\/\/www.visit-ulcinj.com\/blog\/2009\/03\/25\/ulcinj-u-unesco-vode-djela-a-ne-slike\/stari-grad-ulcinj-montenegro18\/'><img width=\"150\" height=\"150\" src=\"https:\/\/www.visit-ulcinj.com\/blog\/wp-content\/uploads\/2009\/03\/stari-grad-ulcinj-montenegro18-150x150.jpg\" class=\"attachment-thumbnail size-thumbnail\" alt=\"\" loading=\"lazy\" \/><\/a>\n\t\t\t<\/dt><\/dl><dl class='gallery-item'>\n\t\t\t<dt class='gallery-icon landscape'>\n\t\t\t\t<a href='https:\/\/www.visit-ulcinj.com\/blog\/2009\/03\/25\/ulcinj-u-unesco-vode-djela-a-ne-slike\/stari-grad-ulcinj-montenegro19\/'><img width=\"150\" height=\"150\" src=\"https:\/\/www.visit-ulcinj.com\/blog\/wp-content\/uploads\/2009\/03\/stari-grad-ulcinj-montenegro19-150x150.jpg\" class=\"attachment-thumbnail size-thumbnail\" alt=\"\" loading=\"lazy\" \/><\/a>\n\t\t\t<\/dt><\/dl><dl class='gallery-item'>\n\t\t\t<dt class='gallery-icon landscape'>\n\t\t\t\t<a href='https:\/\/www.visit-ulcinj.com\/blog\/2009\/03\/25\/ulcinj-u-unesco-vode-djela-a-ne-slike\/stari-grad-ulcinj-montenegro26\/'><img width=\"150\" height=\"150\" src=\"https:\/\/www.visit-ulcinj.com\/blog\/wp-content\/uploads\/2009\/03\/stari-grad-ulcinj-montenegro26-150x150.jpg\" class=\"attachment-thumbnail size-thumbnail\" alt=\"\" loading=\"lazy\" \/><\/a>\n\t\t\t<\/dt><\/dl><br style=\"clear: both\" \/>\n\t\t<\/div>\n<\/p>\n<p><\/strong><\/p>\n<p><strong><!-- vimeo error: not a vimeo video --><br \/>\n<\/strong><\/p>\n<p><strong><br \/>\n<\/strong><\/p>\n","protected":false},"excerpt":{"rendered":"<p>NVO \u201eKALJAJA\u201c OCIJENILA DA OP\u0160TINA ULCINJ MORA VI\u0160E PA\u017dNJE POSVE?IVATI STAROM GRADU Ulcinj &#8211; Dru\u0161tvo prijatelja ulcinjskog Starog grada \u201eKaljaja\u201c pozvalo je lokalnu vlast da popravi infrastrukturu i nastavi kaldrmisanje ulica unutar drevnih zidina i posjetilo da je vrijeme da po?ne izgradnju lu?ice Kacema. Predsjednik dru\u0161tva Ismet Karamanaga ocijenio je da bi Op\u0161tina morala mnogo [&hellip;]<\/p>\n","protected":false},"author":1,"featured_media":0,"comment_status":"open","ping_status":"closed","sticky":false,"template":"","format":"standard","meta":{"spay_email":"","jetpack_publicize_message":"","jetpack_is_tweetstorm":false,"jetpack_publicize_feature_enabled":true},"categories":[8337],"tags":[8345,20,8344],"jetpack_publicize_connections":[],"yoast_head":"<!-- This site is optimized with the Yoast SEO plugin v19.1 - https:\/\/yoast.com\/wordpress\/plugins\/seo\/ -->\n<title>Ulcinj: U UNESCO vode djela, a ne slike - Lajme nga Ulqini<\/title>\n<meta name=\"description\" content=\"NVO \u201eKALJAJA\u201c OCIJENILA DA OP\u0160TINA ULCINJ MORA VI\u0160E PA\u017dNJE POSVE?IVATI STAROM GRADU Ulcinj - Dru\u0161tvo prijatelja ulcinjskog Starog grada \u201eKaljaja\u201c pozvalo\" \/>\n<meta name=\"robots\" content=\"index, follow, max-snippet:-1, max-image-preview:large, max-video-preview:-1\" \/>\n<link rel=\"canonical\" href=\"https:\/\/www.visit-ulcinj.com\/blog\/2009\/03\/25\/ulcinj-u-unesco-vode-djela-a-ne-slike\/\" \/>\n<meta property=\"og:locale\" content=\"en_US\" \/>\n<meta property=\"og:type\" content=\"article\" \/>\n<meta property=\"og:title\" content=\"Ulcinj: U UNESCO vode djela, a ne slike - Lajme nga Ulqini\" \/>\n<meta property=\"og:description\" content=\"NVO \u201eKALJAJA\u201c OCIJENILA DA OP\u0160TINA ULCINJ MORA VI\u0160E PA\u017dNJE POSVE?IVATI STAROM GRADU Ulcinj - Dru\u0161tvo prijatelja ulcinjskog Starog grada \u201eKaljaja\u201c pozvalo\" \/>\n<meta property=\"og:url\" content=\"https:\/\/www.visit-ulcinj.com\/blog\/2009\/03\/25\/ulcinj-u-unesco-vode-djela-a-ne-slike\/\" \/>\n<meta property=\"og:site_name\" content=\"Lajme nga Ulqini\" \/>\n<meta property=\"article:published_time\" content=\"2009-03-25T17:18:16+00:00\" \/>\n<meta property=\"og:image\" content=\"https:\/\/www.visit-ulcinj.com\/blog\/wp-content\/uploads\/2009\/03\/ulcinj-u-unesco-vode-djela-a-ne-slike-150x150.jpg\" \/>\n<meta name=\"twitter:label1\" content=\"Written by\" \/>\n\t<meta name=\"twitter:data1\" content=\"ulqini\" \/>\n\t<meta name=\"twitter:label2\" content=\"Est. reading time\" \/>\n\t<meta name=\"twitter:data2\" content=\"2 minutes\" \/>\n<script type=\"application\/ld+json\" class=\"yoast-schema-graph\">{\"@context\":\"https:\/\/schema.org\",\"@graph\":[{\"@type\":\"WebSite\",\"@id\":\"https:\/\/www.visit-ulcinj.com\/blog\/#website\",\"url\":\"https:\/\/www.visit-ulcinj.com\/blog\/\",\"name\":\"Lajme nga Ulqini\",\"description\":\"Lajme,Vijesti,Ulqini,Ulqin,Crna Gora,Mali i Zi\",\"potentialAction\":[{\"@type\":\"SearchAction\",\"target\":{\"@type\":\"EntryPoint\",\"urlTemplate\":\"https:\/\/www.visit-ulcinj.com\/blog\/?s={search_term_string}\"},\"query-input\":\"required name=search_term_string\"}],\"inLanguage\":\"en-US\"},{\"@type\":\"ImageObject\",\"inLanguage\":\"en-US\",\"@id\":\"https:\/\/www.visit-ulcinj.com\/blog\/2009\/03\/25\/ulcinj-u-unesco-vode-djela-a-ne-slike\/#primaryimage\",\"url\":\"https:\/\/www.visit-ulcinj.com\/blog\/wp-content\/uploads\/2009\/03\/stari-grad-ulcinj-montenegro11.jpg\",\"contentUrl\":\"https:\/\/www.visit-ulcinj.com\/blog\/wp-content\/uploads\/2009\/03\/stari-grad-ulcinj-montenegro11.jpg\",\"width\":\"1280\",\"height\":\"1256\"},{\"@type\":\"WebPage\",\"@id\":\"https:\/\/www.visit-ulcinj.com\/blog\/2009\/03\/25\/ulcinj-u-unesco-vode-djela-a-ne-slike\/#webpage\",\"url\":\"https:\/\/www.visit-ulcinj.com\/blog\/2009\/03\/25\/ulcinj-u-unesco-vode-djela-a-ne-slike\/\",\"name\":\"Ulcinj: U UNESCO vode djela, a ne slike - Lajme nga Ulqini\",\"isPartOf\":{\"@id\":\"https:\/\/www.visit-ulcinj.com\/blog\/#website\"},\"primaryImageOfPage\":{\"@id\":\"https:\/\/www.visit-ulcinj.com\/blog\/2009\/03\/25\/ulcinj-u-unesco-vode-djela-a-ne-slike\/#primaryimage\"},\"datePublished\":\"2009-03-25T17:18:16+00:00\",\"dateModified\":\"2009-03-25T17:18:16+00:00\",\"author\":{\"@id\":\"https:\/\/www.visit-ulcinj.com\/blog\/#\/schema\/person\/dcab619c614d3038751c63bc2aadc06d\"},\"description\":\"NVO \u201eKALJAJA\u201c OCIJENILA DA OP\u0160TINA ULCINJ MORA VI\u0160E PA\u017dNJE POSVE?IVATI STAROM GRADU Ulcinj - Dru\u0161tvo prijatelja ulcinjskog Starog grada \u201eKaljaja\u201c pozvalo\",\"breadcrumb\":{\"@id\":\"https:\/\/www.visit-ulcinj.com\/blog\/2009\/03\/25\/ulcinj-u-unesco-vode-djela-a-ne-slike\/#breadcrumb\"},\"inLanguage\":\"en-US\",\"potentialAction\":[{\"@type\":\"ReadAction\",\"target\":[\"https:\/\/www.visit-ulcinj.com\/blog\/2009\/03\/25\/ulcinj-u-unesco-vode-djela-a-ne-slike\/\"]}]},{\"@type\":\"BreadcrumbList\",\"@id\":\"https:\/\/www.visit-ulcinj.com\/blog\/2009\/03\/25\/ulcinj-u-unesco-vode-djela-a-ne-slike\/#breadcrumb\",\"itemListElement\":[{\"@type\":\"ListItem\",\"position\":1,\"name\":\"Ulcinj: U UNESCO vode djela, a ne slike\"}]},{\"@type\":\"Person\",\"@id\":\"https:\/\/www.visit-ulcinj.com\/blog\/#\/schema\/person\/dcab619c614d3038751c63bc2aadc06d\",\"name\":\"ulqini\",\"sameAs\":[\"http:\/\/www.visit-ulcinj.com\"],\"url\":\"https:\/\/www.visit-ulcinj.com\/blog\/author\/admin\/\"}]}<\/script>\n<!-- \/ Yoast SEO plugin. -->","yoast_head_json":{"title":"Ulcinj: U UNESCO vode djela, a ne slike - Lajme nga Ulqini","description":"NVO \u201eKALJAJA\u201c OCIJENILA DA OP\u0160TINA ULCINJ MORA VI\u0160E PA\u017dNJE POSVE?IVATI STAROM GRADU Ulcinj - Dru\u0161tvo prijatelja ulcinjskog Starog grada \u201eKaljaja\u201c pozvalo","robots":{"index":"index","follow":"follow","max-snippet":"max-snippet:-1","max-image-preview":"max-image-preview:large","max-video-preview":"max-video-preview:-1"},"canonical":"https:\/\/www.visit-ulcinj.com\/blog\/2009\/03\/25\/ulcinj-u-unesco-vode-djela-a-ne-slike\/","og_locale":"en_US","og_type":"article","og_title":"Ulcinj: U UNESCO vode djela, a ne slike - Lajme nga Ulqini","og_description":"NVO \u201eKALJAJA\u201c OCIJENILA DA OP\u0160TINA ULCINJ MORA VI\u0160E PA\u017dNJE POSVE?IVATI STAROM GRADU Ulcinj - Dru\u0161tvo prijatelja ulcinjskog Starog grada \u201eKaljaja\u201c pozvalo","og_url":"https:\/\/www.visit-ulcinj.com\/blog\/2009\/03\/25\/ulcinj-u-unesco-vode-djela-a-ne-slike\/","og_site_name":"Lajme nga Ulqini","article_published_time":"2009-03-25T17:18:16+00:00","og_image":[{"url":"https:\/\/www.visit-ulcinj.com\/blog\/wp-content\/uploads\/2009\/03\/ulcinj-u-unesco-vode-djela-a-ne-slike-150x150.jpg"}],"twitter_misc":{"Written by":"ulqini","Est. reading time":"2 minutes"},"schema":{"@context":"https:\/\/schema.org","@graph":[{"@type":"WebSite","@id":"https:\/\/www.visit-ulcinj.com\/blog\/#website","url":"https:\/\/www.visit-ulcinj.com\/blog\/","name":"Lajme nga Ulqini","description":"Lajme,Vijesti,Ulqini,Ulqin,Crna Gora,Mali i Zi","potentialAction":[{"@type":"SearchAction","target":{"@type":"EntryPoint","urlTemplate":"https:\/\/www.visit-ulcinj.com\/blog\/?s={search_term_string}"},"query-input":"required name=search_term_string"}],"inLanguage":"en-US"},{"@type":"ImageObject","inLanguage":"en-US","@id":"https:\/\/www.visit-ulcinj.com\/blog\/2009\/03\/25\/ulcinj-u-unesco-vode-djela-a-ne-slike\/#primaryimage","url":"https:\/\/www.visit-ulcinj.com\/blog\/wp-content\/uploads\/2009\/03\/stari-grad-ulcinj-montenegro11.jpg","contentUrl":"https:\/\/www.visit-ulcinj.com\/blog\/wp-content\/uploads\/2009\/03\/stari-grad-ulcinj-montenegro11.jpg","width":"1280","height":"1256"},{"@type":"WebPage","@id":"https:\/\/www.visit-ulcinj.com\/blog\/2009\/03\/25\/ulcinj-u-unesco-vode-djela-a-ne-slike\/#webpage","url":"https:\/\/www.visit-ulcinj.com\/blog\/2009\/03\/25\/ulcinj-u-unesco-vode-djela-a-ne-slike\/","name":"Ulcinj: U UNESCO vode djela, a ne slike - Lajme nga Ulqini","isPartOf":{"@id":"https:\/\/www.visit-ulcinj.com\/blog\/#website"},"primaryImageOfPage":{"@id":"https:\/\/www.visit-ulcinj.com\/blog\/2009\/03\/25\/ulcinj-u-unesco-vode-djela-a-ne-slike\/#primaryimage"},"datePublished":"2009-03-25T17:18:16+00:00","dateModified":"2009-03-25T17:18:16+00:00","author":{"@id":"https:\/\/www.visit-ulcinj.com\/blog\/#\/schema\/person\/dcab619c614d3038751c63bc2aadc06d"},"description":"NVO \u201eKALJAJA\u201c OCIJENILA DA OP\u0160TINA ULCINJ MORA VI\u0160E PA\u017dNJE POSVE?IVATI STAROM GRADU Ulcinj - Dru\u0161tvo prijatelja ulcinjskog Starog grada \u201eKaljaja\u201c pozvalo","breadcrumb":{"@id":"https:\/\/www.visit-ulcinj.com\/blog\/2009\/03\/25\/ulcinj-u-unesco-vode-djela-a-ne-slike\/#breadcrumb"},"inLanguage":"en-US","potentialAction":[{"@type":"ReadAction","target":["https:\/\/www.visit-ulcinj.com\/blog\/2009\/03\/25\/ulcinj-u-unesco-vode-djela-a-ne-slike\/"]}]},{"@type":"BreadcrumbList","@id":"https:\/\/www.visit-ulcinj.com\/blog\/2009\/03\/25\/ulcinj-u-unesco-vode-djela-a-ne-slike\/#breadcrumb","itemListElement":[{"@type":"ListItem","position":1,"name":"Ulcinj: U UNESCO vode djela, a ne slike"}]},{"@type":"Person","@id":"https:\/\/www.visit-ulcinj.com\/blog\/#\/schema\/person\/dcab619c614d3038751c63bc2aadc06d","name":"ulqini","sameAs":["http:\/\/www.visit-ulcinj.com"],"url":"https:\/\/www.visit-ulcinj.com\/blog\/author\/admin\/"}]}},"jetpack_featured_media_url":"","jetpack_sharing_enabled":true,"jetpack_shortlink":"https:\/\/wp.me\/pe6lTn-41d","_links":{"self":[{"href":"https:\/\/www.visit-ulcinj.com\/blog\/wp-json\/wp\/v2\/posts\/15451"}],"collection":[{"href":"https:\/\/www.visit-ulcinj.com\/blog\/wp-json\/wp\/v2\/posts"}],"about":[{"href":"https:\/\/www.visit-ulcinj.com\/blog\/wp-json\/wp\/v2\/types\/post"}],"author":[{"embeddable":true,"href":"https:\/\/www.visit-ulcinj.com\/blog\/wp-json\/wp\/v2\/users\/1"}],"replies":[{"embeddable":true,"href":"https:\/\/www.visit-ulcinj.com\/blog\/wp-json\/wp\/v2\/comments?post=15451"}],"version-history":[{"count":0,"href":"https:\/\/www.visit-ulcinj.com\/blog\/wp-json\/wp\/v2\/posts\/15451\/revisions"}],"wp:attachment":[{"href":"https:\/\/www.visit-ulcinj.com\/blog\/wp-json\/wp\/v2\/media?parent=15451"}],"wp:term":[{"taxonomy":"category","embeddable":true,"href":"https:\/\/www.visit-ulcinj.com\/blog\/wp-json\/wp\/v2\/categories?post=15451"},{"taxonomy":"post_tag","embeddable":true,"href":"https:\/\/www.visit-ulcinj.com\/blog\/wp-json\/wp\/v2\/tags?post=15451"}],"curies":[{"name":"wp","href":"https:\/\/api.w.org\/{rel}","templated":true}]}}