{"id":15462,"date":"2009-03-25T10:26:20","date_gmt":"2009-03-25T09:26:20","guid":{"rendered":"http:\/\/www.visit-ulcinj.com\/blog\/?p=15462"},"modified":"2009-03-25T10:26:20","modified_gmt":"2009-03-25T09:26:20","slug":"lirita-dhe-bjordi-nuk-dua-qe-te-shfrytezojne-rastin","status":"publish","type":"post","link":"https:\/\/www.visit-ulcinj.com\/blog\/2009\/03\/25\/lirita-dhe-bjordi-nuk-dua-qe-te-shfrytezojne-rastin\/","title":{"rendered":"Lirita dhe Bjordi : Nuk dua q\u00eb t\u00eb shfryt\u00ebzojn\u00eb rastin"},"content":{"rendered":"<p><em><span class=\"newsdate\"><a href=\"http:\/\/www.visit-ulcinj.com\/blog\/wp-content\/uploads\/2009\/03\/per-merzitjenliritabjordi.jpg\"><img loading=\"lazy\" class=\"alignleft size-full wp-image-15463\" title=\"per-merzitjen-lirita-bjordi-big-brother-albania-2\" src=\"http:\/\/www.visit-ulcinj.com\/blog\/wp-content\/uploads\/2009\/03\/per-merzitjenliritabjordi.jpg\" alt=\"per-merzitjen-lirita-bjordi-big-brother-albania-2\" width=\"300\" height=\"205\" \/><\/a>22\/03\/09 12:00<\/span><\/em><\/p>\n<p>Lirita dhe Bjordi bisedojn\u00eb n\u00eb kop\u00ebsht. Ai e pyet se p\u00ebrse ajo \u00ebsht\u00eb e m\u00ebrzitur dhe Lirita i tregon se ka q\u00eb gjat\u00eb spektaklit q\u00eb ndjehet k\u00ebshtu. Ajo i tregon se Arbana e pyeti n\u00eb dhom\u00ebn e rr\u00ebfimit se p\u00ebrse nuk reagoi gjat\u00eb debatit t\u00eb Aid\u00ebs dhe Adel\u00ebs dhe se ajo iu p\u00ebrgjigj se ajo s\u2019mund t\u00eb fliste p\u00ebr t\u00eb tjer\u00ebt, pasi vet\u00eb nuk ishte p\u00ebrfshir\u00eb n\u00eb at\u00eb debat. Ajo i tregon Bjordit se ia b\u00ebri t\u00eb ditur Arban\u00ebs se situata n\u00eb sht\u00ebpi \u00ebsht\u00eb ndryshe nga ajo jasht\u00eb apo nga ajo q\u00eb duket nga jasht\u00eb dhe se banor\u00ebt nuk kan\u00eb me se t\u00eb merren tjet\u00ebr p\u00ebrvec se me njeri-tjetrin. Ajo thot\u00eb se kur e pyet\u00ebn se cila kishte t\u00eb drejt\u00eb, n\u00eb ato momente u ngut e nuk mundi t\u00eb fliste dhe kjo e b\u00ebri q\u00eb t\u00eb m\u00ebrzitej. Lirita tregon se kjo ishte nj\u00eb arsye q\u00eb ajo ta shprehte m\u00ebrzitjen, pasi ka disa dit\u00eb q\u00eb ndjehet k\u00ebshtu sepse i jan\u00eb akumuluar strese.<\/p>\n","protected":false},"excerpt":{"rendered":"<p>22\/03\/09 12:00 Lirita dhe Bjordi bisedojn\u00eb n\u00eb kop\u00ebsht. Ai e pyet se p\u00ebrse ajo \u00ebsht\u00eb e m\u00ebrzitur dhe Lirita i tregon se ka q\u00eb gjat\u00eb spektaklit q\u00eb ndjehet k\u00ebshtu. Ajo i tregon se Arbana e pyeti n\u00eb dhom\u00ebn e rr\u00ebfimit se p\u00ebrse nuk reagoi gjat\u00eb debatit t\u00eb Aid\u00ebs dhe Adel\u00ebs dhe se ajo iu p\u00ebrgjigj [&hellip;]<\/p>\n","protected":false},"author":1,"featured_media":0,"comment_status":"open","ping_status":"closed","sticky":false,"template":"","format":"standard","meta":{"spay_email":"","jetpack_publicize_message":"","jetpack_is_tweetstorm":false,"jetpack_publicize_feature_enabled":true},"categories":[6502],"tags":[6883,6516,6712,6522,7541,6542,6891],"jetpack_publicize_connections":[],"yoast_head":"<!-- This site is optimized with the Yoast SEO plugin v19.1 - https:\/\/yoast.com\/wordpress\/plugins\/seo\/ -->\n<title>Lirita dhe Bjordi : Nuk dua q\u00c3\u00ab t\u00c3\u00ab shfryt\u00c3\u00abzojn\u00c3\u00ab rastin | Big Brother Albania 2<\/title>\n<meta name=\"description\" content=\"Big Brother Albania 2 - Lirita dhe Bjordi bisedojn\u00c3\u00ab n\u00c3\u00ab kop\u00c3\u00absht. Ai e pyet se p\u00c3\u00abrse ajo \u00c3\u00absht\u00c3\u00ab e m\u00c3\u00abrzitur dhe Lirita i tregon se ka q\u00c3\u00ab gjat\u00c3\u00ab spektaklit q\u00c3\u00ab ndjehet k\u00c3\u00abshtu.\" \/>\n<meta name=\"robots\" content=\"index, follow, max-snippet:-1, max-image-preview:large, max-video-preview:-1\" \/>\n<link rel=\"canonical\" href=\"https:\/\/www.visit-ulcinj.com\/blog\/2009\/03\/25\/lirita-dhe-bjordi-nuk-dua-qe-te-shfrytezojne-rastin\/\" \/>\n<meta property=\"og:locale\" content=\"en_US\" \/>\n<meta property=\"og:type\" content=\"article\" \/>\n<meta property=\"og:title\" content=\"Lirita dhe Bjordi : Nuk dua q\u00c3\u00ab t\u00c3\u00ab shfryt\u00c3\u00abzojn\u00c3\u00ab rastin | Big Brother Albania 2\" \/>\n<meta property=\"og:description\" content=\"Big Brother Albania 2 - Lirita dhe Bjordi bisedojn\u00c3\u00ab n\u00c3\u00ab kop\u00c3\u00absht. Ai e pyet se p\u00c3\u00abrse ajo \u00c3\u00absht\u00c3\u00ab e m\u00c3\u00abrzitur dhe Lirita i tregon se ka q\u00c3\u00ab gjat\u00c3\u00ab spektaklit q\u00c3\u00ab ndjehet k\u00c3\u00abshtu.\" \/>\n<meta property=\"og:url\" content=\"https:\/\/www.visit-ulcinj.com\/blog\/2009\/03\/25\/lirita-dhe-bjordi-nuk-dua-qe-te-shfrytezojne-rastin\/\" \/>\n<meta property=\"og:site_name\" content=\"Lajme nga Ulqini\" \/>\n<meta property=\"article:published_time\" content=\"2009-03-25T09:26:20+00:00\" \/>\n<meta property=\"og:image\" content=\"http:\/\/www.visit-ulcinj.com\/blog\/wp-content\/uploads\/2009\/03\/per-merzitjenliritabjordi.jpg\" \/>\n<meta name=\"twitter:label1\" content=\"Written by\" \/>\n\t<meta name=\"twitter:data1\" content=\"ulqini\" \/>\n\t<meta name=\"twitter:label2\" content=\"Est. reading time\" \/>\n\t<meta name=\"twitter:data2\" content=\"1 minute\" \/>\n<script type=\"application\/ld+json\" class=\"yoast-schema-graph\">{\"@context\":\"https:\/\/schema.org\",\"@graph\":[{\"@type\":\"WebSite\",\"@id\":\"https:\/\/www.visit-ulcinj.com\/blog\/#website\",\"url\":\"https:\/\/www.visit-ulcinj.com\/blog\/\",\"name\":\"Lajme nga Ulqini\",\"description\":\"Lajme,Vijesti,Ulqini,Ulqin,Crna Gora,Mali i Zi\",\"potentialAction\":[{\"@type\":\"SearchAction\",\"target\":{\"@type\":\"EntryPoint\",\"urlTemplate\":\"https:\/\/www.visit-ulcinj.com\/blog\/?s={search_term_string}\"},\"query-input\":\"required name=search_term_string\"}],\"inLanguage\":\"en-US\"},{\"@type\":\"ImageObject\",\"inLanguage\":\"en-US\",\"@id\":\"https:\/\/www.visit-ulcinj.com\/blog\/2009\/03\/25\/lirita-dhe-bjordi-nuk-dua-qe-te-shfrytezojne-rastin\/#primaryimage\",\"url\":\"http:\/\/www.visit-ulcinj.com\/blog\/wp-content\/uploads\/2009\/03\/per-merzitjenliritabjordi.jpg\",\"contentUrl\":\"http:\/\/www.visit-ulcinj.com\/blog\/wp-content\/uploads\/2009\/03\/per-merzitjenliritabjordi.jpg\"},{\"@type\":\"WebPage\",\"@id\":\"https:\/\/www.visit-ulcinj.com\/blog\/2009\/03\/25\/lirita-dhe-bjordi-nuk-dua-qe-te-shfrytezojne-rastin\/#webpage\",\"url\":\"https:\/\/www.visit-ulcinj.com\/blog\/2009\/03\/25\/lirita-dhe-bjordi-nuk-dua-qe-te-shfrytezojne-rastin\/\",\"name\":\"Lirita dhe Bjordi : Nuk dua q\u00c3\u00ab t\u00c3\u00ab shfryt\u00c3\u00abzojn\u00c3\u00ab rastin | Big Brother Albania 2\",\"isPartOf\":{\"@id\":\"https:\/\/www.visit-ulcinj.com\/blog\/#website\"},\"primaryImageOfPage\":{\"@id\":\"https:\/\/www.visit-ulcinj.com\/blog\/2009\/03\/25\/lirita-dhe-bjordi-nuk-dua-qe-te-shfrytezojne-rastin\/#primaryimage\"},\"datePublished\":\"2009-03-25T09:26:20+00:00\",\"dateModified\":\"2009-03-25T09:26:20+00:00\",\"author\":{\"@id\":\"https:\/\/www.visit-ulcinj.com\/blog\/#\/schema\/person\/dcab619c614d3038751c63bc2aadc06d\"},\"description\":\"Big Brother Albania 2 - Lirita dhe Bjordi bisedojn\u00c3\u00ab n\u00c3\u00ab kop\u00c3\u00absht. Ai e pyet se p\u00c3\u00abrse ajo \u00c3\u00absht\u00c3\u00ab e m\u00c3\u00abrzitur dhe Lirita i tregon se ka q\u00c3\u00ab gjat\u00c3\u00ab spektaklit q\u00c3\u00ab ndjehet k\u00c3\u00abshtu.\",\"breadcrumb\":{\"@id\":\"https:\/\/www.visit-ulcinj.com\/blog\/2009\/03\/25\/lirita-dhe-bjordi-nuk-dua-qe-te-shfrytezojne-rastin\/#breadcrumb\"},\"inLanguage\":\"en-US\",\"potentialAction\":[{\"@type\":\"ReadAction\",\"target\":[\"https:\/\/www.visit-ulcinj.com\/blog\/2009\/03\/25\/lirita-dhe-bjordi-nuk-dua-qe-te-shfrytezojne-rastin\/\"]}]},{\"@type\":\"BreadcrumbList\",\"@id\":\"https:\/\/www.visit-ulcinj.com\/blog\/2009\/03\/25\/lirita-dhe-bjordi-nuk-dua-qe-te-shfrytezojne-rastin\/#breadcrumb\",\"itemListElement\":[{\"@type\":\"ListItem\",\"position\":1,\"name\":\"Lirita dhe Bjordi : Nuk dua q\u00eb t\u00eb shfryt\u00ebzojn\u00eb rastin\"}]},{\"@type\":\"Person\",\"@id\":\"https:\/\/www.visit-ulcinj.com\/blog\/#\/schema\/person\/dcab619c614d3038751c63bc2aadc06d\",\"name\":\"ulqini\",\"sameAs\":[\"http:\/\/www.visit-ulcinj.com\"],\"url\":\"https:\/\/www.visit-ulcinj.com\/blog\/author\/admin\/\"}]}<\/script>\n<!-- \/ Yoast SEO plugin. -->","yoast_head_json":{"title":"Lirita dhe Bjordi : Nuk dua q\u00c3\u00ab t\u00c3\u00ab shfryt\u00c3\u00abzojn\u00c3\u00ab rastin | Big Brother Albania 2","description":"Big Brother Albania 2 - Lirita dhe Bjordi bisedojn\u00c3\u00ab n\u00c3\u00ab kop\u00c3\u00absht. Ai e pyet se p\u00c3\u00abrse ajo \u00c3\u00absht\u00c3\u00ab e m\u00c3\u00abrzitur dhe Lirita i tregon se ka q\u00c3\u00ab gjat\u00c3\u00ab spektaklit q\u00c3\u00ab ndjehet k\u00c3\u00abshtu.","robots":{"index":"index","follow":"follow","max-snippet":"max-snippet:-1","max-image-preview":"max-image-preview:large","max-video-preview":"max-video-preview:-1"},"canonical":"https:\/\/www.visit-ulcinj.com\/blog\/2009\/03\/25\/lirita-dhe-bjordi-nuk-dua-qe-te-shfrytezojne-rastin\/","og_locale":"en_US","og_type":"article","og_title":"Lirita dhe Bjordi : Nuk dua q\u00c3\u00ab t\u00c3\u00ab shfryt\u00c3\u00abzojn\u00c3\u00ab rastin | Big Brother Albania 2","og_description":"Big Brother Albania 2 - Lirita dhe Bjordi bisedojn\u00c3\u00ab n\u00c3\u00ab kop\u00c3\u00absht. Ai e pyet se p\u00c3\u00abrse ajo \u00c3\u00absht\u00c3\u00ab e m\u00c3\u00abrzitur dhe Lirita i tregon se ka q\u00c3\u00ab gjat\u00c3\u00ab spektaklit q\u00c3\u00ab ndjehet k\u00c3\u00abshtu.","og_url":"https:\/\/www.visit-ulcinj.com\/blog\/2009\/03\/25\/lirita-dhe-bjordi-nuk-dua-qe-te-shfrytezojne-rastin\/","og_site_name":"Lajme nga Ulqini","article_published_time":"2009-03-25T09:26:20+00:00","og_image":[{"url":"http:\/\/www.visit-ulcinj.com\/blog\/wp-content\/uploads\/2009\/03\/per-merzitjenliritabjordi.jpg"}],"twitter_misc":{"Written by":"ulqini","Est. reading time":"1 minute"},"schema":{"@context":"https:\/\/schema.org","@graph":[{"@type":"WebSite","@id":"https:\/\/www.visit-ulcinj.com\/blog\/#website","url":"https:\/\/www.visit-ulcinj.com\/blog\/","name":"Lajme nga Ulqini","description":"Lajme,Vijesti,Ulqini,Ulqin,Crna Gora,Mali i Zi","potentialAction":[{"@type":"SearchAction","target":{"@type":"EntryPoint","urlTemplate":"https:\/\/www.visit-ulcinj.com\/blog\/?s={search_term_string}"},"query-input":"required name=search_term_string"}],"inLanguage":"en-US"},{"@type":"ImageObject","inLanguage":"en-US","@id":"https:\/\/www.visit-ulcinj.com\/blog\/2009\/03\/25\/lirita-dhe-bjordi-nuk-dua-qe-te-shfrytezojne-rastin\/#primaryimage","url":"http:\/\/www.visit-ulcinj.com\/blog\/wp-content\/uploads\/2009\/03\/per-merzitjenliritabjordi.jpg","contentUrl":"http:\/\/www.visit-ulcinj.com\/blog\/wp-content\/uploads\/2009\/03\/per-merzitjenliritabjordi.jpg"},{"@type":"WebPage","@id":"https:\/\/www.visit-ulcinj.com\/blog\/2009\/03\/25\/lirita-dhe-bjordi-nuk-dua-qe-te-shfrytezojne-rastin\/#webpage","url":"https:\/\/www.visit-ulcinj.com\/blog\/2009\/03\/25\/lirita-dhe-bjordi-nuk-dua-qe-te-shfrytezojne-rastin\/","name":"Lirita dhe Bjordi : Nuk dua q\u00c3\u00ab t\u00c3\u00ab shfryt\u00c3\u00abzojn\u00c3\u00ab rastin | Big Brother Albania 2","isPartOf":{"@id":"https:\/\/www.visit-ulcinj.com\/blog\/#website"},"primaryImageOfPage":{"@id":"https:\/\/www.visit-ulcinj.com\/blog\/2009\/03\/25\/lirita-dhe-bjordi-nuk-dua-qe-te-shfrytezojne-rastin\/#primaryimage"},"datePublished":"2009-03-25T09:26:20+00:00","dateModified":"2009-03-25T09:26:20+00:00","author":{"@id":"https:\/\/www.visit-ulcinj.com\/blog\/#\/schema\/person\/dcab619c614d3038751c63bc2aadc06d"},"description":"Big Brother Albania 2 - Lirita dhe Bjordi bisedojn\u00c3\u00ab n\u00c3\u00ab kop\u00c3\u00absht. Ai e pyet se p\u00c3\u00abrse ajo \u00c3\u00absht\u00c3\u00ab e m\u00c3\u00abrzitur dhe Lirita i tregon se ka q\u00c3\u00ab gjat\u00c3\u00ab spektaklit q\u00c3\u00ab ndjehet k\u00c3\u00abshtu.","breadcrumb":{"@id":"https:\/\/www.visit-ulcinj.com\/blog\/2009\/03\/25\/lirita-dhe-bjordi-nuk-dua-qe-te-shfrytezojne-rastin\/#breadcrumb"},"inLanguage":"en-US","potentialAction":[{"@type":"ReadAction","target":["https:\/\/www.visit-ulcinj.com\/blog\/2009\/03\/25\/lirita-dhe-bjordi-nuk-dua-qe-te-shfrytezojne-rastin\/"]}]},{"@type":"BreadcrumbList","@id":"https:\/\/www.visit-ulcinj.com\/blog\/2009\/03\/25\/lirita-dhe-bjordi-nuk-dua-qe-te-shfrytezojne-rastin\/#breadcrumb","itemListElement":[{"@type":"ListItem","position":1,"name":"Lirita dhe Bjordi : Nuk dua q\u00eb t\u00eb shfryt\u00ebzojn\u00eb rastin"}]},{"@type":"Person","@id":"https:\/\/www.visit-ulcinj.com\/blog\/#\/schema\/person\/dcab619c614d3038751c63bc2aadc06d","name":"ulqini","sameAs":["http:\/\/www.visit-ulcinj.com"],"url":"https:\/\/www.visit-ulcinj.com\/blog\/author\/admin\/"}]}},"jetpack_featured_media_url":"","jetpack_sharing_enabled":true,"jetpack_shortlink":"https:\/\/wp.me\/pe6lTn-41o","_links":{"self":[{"href":"https:\/\/www.visit-ulcinj.com\/blog\/wp-json\/wp\/v2\/posts\/15462"}],"collection":[{"href":"https:\/\/www.visit-ulcinj.com\/blog\/wp-json\/wp\/v2\/posts"}],"about":[{"href":"https:\/\/www.visit-ulcinj.com\/blog\/wp-json\/wp\/v2\/types\/post"}],"author":[{"embeddable":true,"href":"https:\/\/www.visit-ulcinj.com\/blog\/wp-json\/wp\/v2\/users\/1"}],"replies":[{"embeddable":true,"href":"https:\/\/www.visit-ulcinj.com\/blog\/wp-json\/wp\/v2\/comments?post=15462"}],"version-history":[{"count":0,"href":"https:\/\/www.visit-ulcinj.com\/blog\/wp-json\/wp\/v2\/posts\/15462\/revisions"}],"wp:attachment":[{"href":"https:\/\/www.visit-ulcinj.com\/blog\/wp-json\/wp\/v2\/media?parent=15462"}],"wp:term":[{"taxonomy":"category","embeddable":true,"href":"https:\/\/www.visit-ulcinj.com\/blog\/wp-json\/wp\/v2\/categories?post=15462"},{"taxonomy":"post_tag","embeddable":true,"href":"https:\/\/www.visit-ulcinj.com\/blog\/wp-json\/wp\/v2\/tags?post=15462"}],"curies":[{"name":"wp","href":"https:\/\/api.w.org\/{rel}","templated":true}]}}