{"id":15465,"date":"2009-03-25T10:29:29","date_gmt":"2009-03-25T09:29:29","guid":{"rendered":"http:\/\/www.visit-ulcinj.com\/blog\/?p=15465"},"modified":"2009-03-25T10:29:29","modified_gmt":"2009-03-25T09:29:29","slug":"buxheti-i-javes","status":"publish","type":"post","link":"https:\/\/www.visit-ulcinj.com\/blog\/2009\/03\/25\/buxheti-i-javes\/","title":{"rendered":"Buxheti i jav\u00ebs"},"content":{"rendered":"<p><em><span class=\"newsdate\"><a href=\"http:\/\/www.visit-ulcinj.com\/blog\/wp-content\/uploads\/2009\/02\/buxheti-i-javes-okk.jpg\"><img loading=\"lazy\" class=\"alignleft size-full wp-image-10958\" title=\"big-brother-albania-buxheti-i-javes-okk\" src=\"http:\/\/www.visit-ulcinj.com\/blog\/wp-content\/uploads\/2009\/02\/buxheti-i-javes-okk.jpg\" alt=\"big-brother-albania-buxheti-i-javes-okk\" width=\"300\" height=\"205\" \/><\/a>22\/03\/09 13:15<\/span><\/em><\/p>\n<p>Banor\u00ebt mblidhen t\u00eb gjith\u00eb n\u00eb sallon pasi do t\u00eb filloj\u00eb diskutimi dhe hartimi i list\u00ebs p\u00ebr buxhetin dhe blerjet e k\u00ebsaj jave. Kryefamiljarja e k\u00ebsaj jave, Adelajda, lexon rregullat dhe kushtet t\u00eb cilat banor\u00ebt duhet t\u2019i respektojn\u00eb p\u00ebr buxhetin e k\u00ebsaj jave. Ajo u thot\u00eb banor\u00ebve se shuma q\u00eb mund t\u00eb shpenzojn\u00eb p\u00ebr k\u00ebt\u00eb jav\u00eb \u00ebsht\u00eb p\u00ebrgjysmuar sepse ata nuk arrit\u00ebn t\u00eb kalonin prov\u00ebn e jav\u00ebs. Adelajda u k\u00ebrkon banor\u00ebve q\u00eb ta ndihmojn\u00eb, pasi p\u00ebr t\u00eb kjo \u00ebsht\u00eb hera e par\u00eb si kryefamiljare. Ajo i k\u00ebrkon Arjonit dhe Sorit q\u00eb si fillim t\u00eb p\u00ebrcaktojn\u00eb produktet e nevojshme p\u00ebr kuzhin\u00ebn por, banor\u00ebt e k\u00ebshillojn\u00eb q\u00eb t\u2019i marr\u00eb me radh\u00eb ashtu si i kan\u00eb b\u00ebr\u00eb edhe her\u00ebt e tjera. Bjordi, Sori dhe Dritani e ndihmojn\u00eb n\u00eb p\u00ebrllogaritje, nd\u00ebrsa banor\u00ebt e tjer\u00eb afrohen p\u00ebr t\u00eb th\u00ebn\u00eb preferencat e tyre. P\u00ebrgatitja e buxhetit b\u00ebhet qet\u00ebsisht nga banor\u00ebt.<\/p>\n","protected":false},"excerpt":{"rendered":"<p>22\/03\/09 13:15 Banor\u00ebt mblidhen t\u00eb gjith\u00eb n\u00eb sallon pasi do t\u00eb filloj\u00eb diskutimi dhe hartimi i list\u00ebs p\u00ebr buxhetin dhe blerjet e k\u00ebsaj jave. Kryefamiljarja e k\u00ebsaj jave, Adelajda, lexon rregullat dhe kushtet t\u00eb cilat banor\u00ebt duhet t\u2019i respektojn\u00eb p\u00ebr buxhetin e k\u00ebsaj jave. Ajo u thot\u00eb banor\u00ebve se shuma q\u00eb mund t\u00eb shpenzojn\u00eb p\u00ebr [&hellip;]<\/p>\n","protected":false},"author":1,"featured_media":0,"comment_status":"open","ping_status":"closed","sticky":false,"template":"","format":"standard","meta":{"spay_email":"","jetpack_publicize_message":"","jetpack_is_tweetstorm":false,"jetpack_publicize_feature_enabled":true},"categories":[6502],"tags":[8334,6883,6516,6712,8333,6891],"jetpack_publicize_connections":[],"yoast_head":"<!-- This site is optimized with the Yoast SEO plugin v19.1 - https:\/\/yoast.com\/wordpress\/plugins\/seo\/ -->\n<title>Buxheti i jav\u00ebs - Lajme nga Ulqini<\/title>\n<meta name=\"description\" content=\"22\/03\/09 13:15 Banor\u00ebt mblidhen t\u00eb gjith\u00eb n\u00eb sallon pasi do t\u00eb filloj\u00eb diskutimi dhe hartimi i list\u00ebs p\u00ebr buxhetin dhe blerjet e k\u00ebsaj jave.\" \/>\n<meta name=\"robots\" content=\"index, follow, max-snippet:-1, max-image-preview:large, max-video-preview:-1\" \/>\n<link rel=\"canonical\" href=\"https:\/\/www.visit-ulcinj.com\/blog\/2009\/03\/25\/buxheti-i-javes\/\" \/>\n<meta property=\"og:locale\" content=\"en_US\" \/>\n<meta property=\"og:type\" content=\"article\" \/>\n<meta property=\"og:title\" content=\"Buxheti i jav\u00ebs - Lajme nga Ulqini\" \/>\n<meta property=\"og:description\" content=\"22\/03\/09 13:15 Banor\u00ebt mblidhen t\u00eb gjith\u00eb n\u00eb sallon pasi do t\u00eb filloj\u00eb diskutimi dhe hartimi i list\u00ebs p\u00ebr buxhetin dhe blerjet e k\u00ebsaj jave.\" \/>\n<meta property=\"og:url\" content=\"https:\/\/www.visit-ulcinj.com\/blog\/2009\/03\/25\/buxheti-i-javes\/\" \/>\n<meta property=\"og:site_name\" content=\"Lajme nga Ulqini\" \/>\n<meta property=\"article:published_time\" content=\"2009-03-25T09:29:29+00:00\" \/>\n<meta property=\"og:image\" content=\"http:\/\/www.visit-ulcinj.com\/blog\/wp-content\/uploads\/2009\/02\/buxheti-i-javes-okk.jpg\" \/>\n<meta name=\"twitter:label1\" content=\"Written by\" \/>\n\t<meta name=\"twitter:data1\" content=\"ulqini\" \/>\n\t<meta name=\"twitter:label2\" content=\"Est. reading time\" \/>\n\t<meta name=\"twitter:data2\" content=\"1 minute\" \/>\n<script type=\"application\/ld+json\" class=\"yoast-schema-graph\">{\"@context\":\"https:\/\/schema.org\",\"@graph\":[{\"@type\":\"WebSite\",\"@id\":\"https:\/\/www.visit-ulcinj.com\/blog\/#website\",\"url\":\"https:\/\/www.visit-ulcinj.com\/blog\/\",\"name\":\"Lajme nga Ulqini\",\"description\":\"Lajme,Vijesti,Ulqini,Ulqin,Crna Gora,Mali i Zi\",\"potentialAction\":[{\"@type\":\"SearchAction\",\"target\":{\"@type\":\"EntryPoint\",\"urlTemplate\":\"https:\/\/www.visit-ulcinj.com\/blog\/?s={search_term_string}\"},\"query-input\":\"required name=search_term_string\"}],\"inLanguage\":\"en-US\"},{\"@type\":\"ImageObject\",\"inLanguage\":\"en-US\",\"@id\":\"https:\/\/www.visit-ulcinj.com\/blog\/2009\/03\/25\/buxheti-i-javes\/#primaryimage\",\"url\":\"http:\/\/www.visit-ulcinj.com\/blog\/wp-content\/uploads\/2009\/02\/buxheti-i-javes-okk.jpg\",\"contentUrl\":\"http:\/\/www.visit-ulcinj.com\/blog\/wp-content\/uploads\/2009\/02\/buxheti-i-javes-okk.jpg\"},{\"@type\":\"WebPage\",\"@id\":\"https:\/\/www.visit-ulcinj.com\/blog\/2009\/03\/25\/buxheti-i-javes\/#webpage\",\"url\":\"https:\/\/www.visit-ulcinj.com\/blog\/2009\/03\/25\/buxheti-i-javes\/\",\"name\":\"Buxheti i jav\u00ebs - Lajme nga Ulqini\",\"isPartOf\":{\"@id\":\"https:\/\/www.visit-ulcinj.com\/blog\/#website\"},\"primaryImageOfPage\":{\"@id\":\"https:\/\/www.visit-ulcinj.com\/blog\/2009\/03\/25\/buxheti-i-javes\/#primaryimage\"},\"datePublished\":\"2009-03-25T09:29:29+00:00\",\"dateModified\":\"2009-03-25T09:29:29+00:00\",\"author\":{\"@id\":\"https:\/\/www.visit-ulcinj.com\/blog\/#\/schema\/person\/dcab619c614d3038751c63bc2aadc06d\"},\"description\":\"22\/03\/09 13:15 Banor\u00ebt mblidhen t\u00eb gjith\u00eb n\u00eb sallon pasi do t\u00eb filloj\u00eb diskutimi dhe hartimi i list\u00ebs p\u00ebr buxhetin dhe blerjet e k\u00ebsaj jave.\",\"breadcrumb\":{\"@id\":\"https:\/\/www.visit-ulcinj.com\/blog\/2009\/03\/25\/buxheti-i-javes\/#breadcrumb\"},\"inLanguage\":\"en-US\",\"potentialAction\":[{\"@type\":\"ReadAction\",\"target\":[\"https:\/\/www.visit-ulcinj.com\/blog\/2009\/03\/25\/buxheti-i-javes\/\"]}]},{\"@type\":\"BreadcrumbList\",\"@id\":\"https:\/\/www.visit-ulcinj.com\/blog\/2009\/03\/25\/buxheti-i-javes\/#breadcrumb\",\"itemListElement\":[{\"@type\":\"ListItem\",\"position\":1,\"name\":\"Buxheti i jav\u00ebs\"}]},{\"@type\":\"Person\",\"@id\":\"https:\/\/www.visit-ulcinj.com\/blog\/#\/schema\/person\/dcab619c614d3038751c63bc2aadc06d\",\"name\":\"ulqini\",\"sameAs\":[\"http:\/\/www.visit-ulcinj.com\"],\"url\":\"https:\/\/www.visit-ulcinj.com\/blog\/author\/admin\/\"}]}<\/script>\n<!-- \/ Yoast SEO plugin. -->","yoast_head_json":{"title":"Buxheti i jav\u00ebs - Lajme nga Ulqini","description":"22\/03\/09 13:15 Banor\u00ebt mblidhen t\u00eb gjith\u00eb n\u00eb sallon pasi do t\u00eb filloj\u00eb diskutimi dhe hartimi i list\u00ebs p\u00ebr buxhetin dhe blerjet e k\u00ebsaj jave.","robots":{"index":"index","follow":"follow","max-snippet":"max-snippet:-1","max-image-preview":"max-image-preview:large","max-video-preview":"max-video-preview:-1"},"canonical":"https:\/\/www.visit-ulcinj.com\/blog\/2009\/03\/25\/buxheti-i-javes\/","og_locale":"en_US","og_type":"article","og_title":"Buxheti i jav\u00ebs - Lajme nga Ulqini","og_description":"22\/03\/09 13:15 Banor\u00ebt mblidhen t\u00eb gjith\u00eb n\u00eb sallon pasi do t\u00eb filloj\u00eb diskutimi dhe hartimi i list\u00ebs p\u00ebr buxhetin dhe blerjet e k\u00ebsaj jave.","og_url":"https:\/\/www.visit-ulcinj.com\/blog\/2009\/03\/25\/buxheti-i-javes\/","og_site_name":"Lajme nga Ulqini","article_published_time":"2009-03-25T09:29:29+00:00","og_image":[{"url":"http:\/\/www.visit-ulcinj.com\/blog\/wp-content\/uploads\/2009\/02\/buxheti-i-javes-okk.jpg"}],"twitter_misc":{"Written by":"ulqini","Est. reading time":"1 minute"},"schema":{"@context":"https:\/\/schema.org","@graph":[{"@type":"WebSite","@id":"https:\/\/www.visit-ulcinj.com\/blog\/#website","url":"https:\/\/www.visit-ulcinj.com\/blog\/","name":"Lajme nga Ulqini","description":"Lajme,Vijesti,Ulqini,Ulqin,Crna Gora,Mali i Zi","potentialAction":[{"@type":"SearchAction","target":{"@type":"EntryPoint","urlTemplate":"https:\/\/www.visit-ulcinj.com\/blog\/?s={search_term_string}"},"query-input":"required name=search_term_string"}],"inLanguage":"en-US"},{"@type":"ImageObject","inLanguage":"en-US","@id":"https:\/\/www.visit-ulcinj.com\/blog\/2009\/03\/25\/buxheti-i-javes\/#primaryimage","url":"http:\/\/www.visit-ulcinj.com\/blog\/wp-content\/uploads\/2009\/02\/buxheti-i-javes-okk.jpg","contentUrl":"http:\/\/www.visit-ulcinj.com\/blog\/wp-content\/uploads\/2009\/02\/buxheti-i-javes-okk.jpg"},{"@type":"WebPage","@id":"https:\/\/www.visit-ulcinj.com\/blog\/2009\/03\/25\/buxheti-i-javes\/#webpage","url":"https:\/\/www.visit-ulcinj.com\/blog\/2009\/03\/25\/buxheti-i-javes\/","name":"Buxheti i jav\u00ebs - Lajme nga Ulqini","isPartOf":{"@id":"https:\/\/www.visit-ulcinj.com\/blog\/#website"},"primaryImageOfPage":{"@id":"https:\/\/www.visit-ulcinj.com\/blog\/2009\/03\/25\/buxheti-i-javes\/#primaryimage"},"datePublished":"2009-03-25T09:29:29+00:00","dateModified":"2009-03-25T09:29:29+00:00","author":{"@id":"https:\/\/www.visit-ulcinj.com\/blog\/#\/schema\/person\/dcab619c614d3038751c63bc2aadc06d"},"description":"22\/03\/09 13:15 Banor\u00ebt mblidhen t\u00eb gjith\u00eb n\u00eb sallon pasi do t\u00eb filloj\u00eb diskutimi dhe hartimi i list\u00ebs p\u00ebr buxhetin dhe blerjet e k\u00ebsaj jave.","breadcrumb":{"@id":"https:\/\/www.visit-ulcinj.com\/blog\/2009\/03\/25\/buxheti-i-javes\/#breadcrumb"},"inLanguage":"en-US","potentialAction":[{"@type":"ReadAction","target":["https:\/\/www.visit-ulcinj.com\/blog\/2009\/03\/25\/buxheti-i-javes\/"]}]},{"@type":"BreadcrumbList","@id":"https:\/\/www.visit-ulcinj.com\/blog\/2009\/03\/25\/buxheti-i-javes\/#breadcrumb","itemListElement":[{"@type":"ListItem","position":1,"name":"Buxheti i jav\u00ebs"}]},{"@type":"Person","@id":"https:\/\/www.visit-ulcinj.com\/blog\/#\/schema\/person\/dcab619c614d3038751c63bc2aadc06d","name":"ulqini","sameAs":["http:\/\/www.visit-ulcinj.com"],"url":"https:\/\/www.visit-ulcinj.com\/blog\/author\/admin\/"}]}},"jetpack_featured_media_url":"","jetpack_sharing_enabled":true,"jetpack_shortlink":"https:\/\/wp.me\/pe6lTn-41r","_links":{"self":[{"href":"https:\/\/www.visit-ulcinj.com\/blog\/wp-json\/wp\/v2\/posts\/15465"}],"collection":[{"href":"https:\/\/www.visit-ulcinj.com\/blog\/wp-json\/wp\/v2\/posts"}],"about":[{"href":"https:\/\/www.visit-ulcinj.com\/blog\/wp-json\/wp\/v2\/types\/post"}],"author":[{"embeddable":true,"href":"https:\/\/www.visit-ulcinj.com\/blog\/wp-json\/wp\/v2\/users\/1"}],"replies":[{"embeddable":true,"href":"https:\/\/www.visit-ulcinj.com\/blog\/wp-json\/wp\/v2\/comments?post=15465"}],"version-history":[{"count":0,"href":"https:\/\/www.visit-ulcinj.com\/blog\/wp-json\/wp\/v2\/posts\/15465\/revisions"}],"wp:attachment":[{"href":"https:\/\/www.visit-ulcinj.com\/blog\/wp-json\/wp\/v2\/media?parent=15465"}],"wp:term":[{"taxonomy":"category","embeddable":true,"href":"https:\/\/www.visit-ulcinj.com\/blog\/wp-json\/wp\/v2\/categories?post=15465"},{"taxonomy":"post_tag","embeddable":true,"href":"https:\/\/www.visit-ulcinj.com\/blog\/wp-json\/wp\/v2\/tags?post=15465"}],"curies":[{"name":"wp","href":"https:\/\/api.w.org\/{rel}","templated":true}]}}