{"id":1547,"date":"2008-05-13T11:53:48","date_gmt":"2008-05-13T16:53:48","guid":{"rendered":"http:\/\/www.visit-ulcinj.com\/blog\/?p=1547"},"modified":"2008-05-13T11:53:48","modified_gmt":"2008-05-13T16:53:48","slug":"protesta-paqesore-ne-podgorice-koha-eshte-per-drejtesi","status":"publish","type":"post","link":"https:\/\/www.visit-ulcinj.com\/blog\/2008\/05\/13\/protesta-paqesore-ne-podgorice-koha-eshte-per-drejtesi\/","title":{"rendered":"Protesta paq\u00ebsore n\u00eb Podgoric\u00eb: &#8220;Koha \u00ebsht\u00eb p\u00ebr drejt\u00ebsi&#8221;"},"content":{"rendered":"<p><a href=\"http:\/\/www.visit-ulcinj.com\/blog\/wp-content\/uploads\/2008\/05\/ferhat-dinosha-001-2.jpg\"><img loading=\"lazy\" class=\"alignleft attachment wp-att-1548\" style=\"float: left;\" src=\"http:\/\/www.visit-ulcinj.com\/blog\/wp-content\/uploads\/2008\/05\/ferhat-dinosha-001-2.thumbnail.jpg\" alt=\"FERHAT DINOSHA_001\" width=\"200\" height=\"155\" \/><\/a><strong>Organizator\u00eb:Subjektet politike shqiptare q\u00eb veprojn\u00eb n\u00eb Mal\u00ebsi<br \/>\nP\u00ebr LD n\u00eb MZ Nikoll\u00eb Camaj, P\u00ebr UDSH-n\u00eb Ferhat Dinosha, P\u00ebr ASH-re Vasel Sinishtaj<\/strong><br \/>\nPodgoric\u00eb:N\u00eb protesten o sotme para nd\u00ebrteses s\u00eb gjyqit t\u00eb lart n\u00eb Podgoric\u00eb, p\u00ebrfaq\u00ebsuesit e partive politke shqiptare q\u00eb veprojn\u00eb n\u00eb Mal\u00ebsi (LD, UDSH, ASH) dhe familjar\u00ebt e t\u00eb arrestuarve n\u00eb akcionin &#8220;Fluturimi i Shqiponj\u00ebs&#8221; deklaruan se do t\u00eb vazhdojn\u00eb me protesta n\u00eb rast se nuk do t\u00eb fitojn\u00eb p\u00ebrgjigje n\u00eb k\u00ebrkesat e tyre. Nj\u00eb nd\u00ebr k\u00ebrkesat \u00ebsht\u00eb q\u00eb t\u00eb ndalin procesi gjyq\u00ebsor dhe t\u00eb u mund\u00ebsohet t\u00eb arrestuarve t\u00eb mbrohen nga liria (k\u00ebrkesat mund ti lexoni n\u00eb shkrimin e djesh\u00ebm nga protesta n\u00eb Tuz    kliko).<br \/>\nGjat\u00eb protest\u00ebs paq\u00ebsore organizator\u00ebt k\u00ebrkuan q\u00eb t\u00eb zbardhet sjedhja e polic\u00ebve gjat akcionit &#8220;Fluturimi i Shqiponj\u00ebs&#8221;.<br \/>\nKryetar i Alternativ\u00ebs Shqiptare z. Vasel Sinishtaj p\u00ebrkujtoi se polic\u00ebt tejkaluan kompetencat e tyre gjat arrestimeve.<img loading=\"lazy\" class=\"alignright\" style=\"float: right;\" src=\"http:\/\/malesia.org\/ngjarjet\/2008\/maj\/podgoric\/medium_medium_Foto%2036.jpg\" alt=\"\" width=\"273\" height=\"221\" \/><br \/>\n&#8211; Ky proces gjyq\u00ebsor\u00eb po zgjat teper shum\u00eb n\u00eb shtetin t\u00eb cilin ne shqiptar\u00ebt e dham voten e cila i dha pavar\u00ebsine k\u00ebti shteti. Nuk \u00ebsht\u00eb ve\u00e7 pavar\u00ebsia e r\u00ebnd\u00ebsishme por edhe demokracia dhe drejt\u00ebsia e shtetit. N\u00ebse k\u00ebto mungojn\u00eb, at\u00ebher\u00eb as nuk na duhet ky shtet &#8211; deklaroi Sinishtaj.<\/p>\n<p>Duke p\u00ebrkujtuar se kaloi mjaft koh\u00eb nga akcioni &#8220;Fluturimi i Shqiponj\u00ebs&#8221; kryetari i Unionit Demokratik t\u00eb Shqiptar\u00ebve z. Ferhat Dinosha thot se ka ardhur koha t\u00eb dihet e verteta e k\u00ebti akcioni. Ai n\u00eb em\u00ebr t\u00eb organizatorit k\u00ebroi t\u00eb vertet\u00ebn e plot e t\u00eb arrestuarve.<br \/>\n&#8211; P\u00ebr k\u00ebt\u00eb do t\u00eb k\u00ebrkojm\u00eb ndihmen e faktorit t\u00eb huaj, e sidomos atij amerikan pasi n\u00eb mes t\u00eb arrestuarve ka edhe shtetas amerikan. Do t\u00eb punojm\u00eb n\u00eb m\u00ebnyr\u00eb q\u00eb mos t\u00eb luhasim marrdh\u00ebnjet n\u00eb mes popujve n\u00eb Mal t\u00eb Zi.<br \/>\nE verteta e plot\u00eb do ta ndihmoj k\u00ebt\u00eb &#8211; deklaroi Dinosha.<\/p>\n<p><strong>\/Vijesti\/<\/strong><span style=\"font-family: Verdana; color: #333333; font-size: xx-small;\"><strong>MALESIA.ORG<\/strong><\/span><\/p>\n<p><strong>SHIKO FOTOGRAFIT E PROTEST\u00cbS  NGA WWW.MALSIA.ORG\/<\/strong><\/p>\n<div><span style=\"font-family: Tahoma; color: #000000;\"><a href=\"http:\/\/malesia.org\/ngjarjet\/2008\/maj\/podgoric\/index2.html\">Next<\/a><\/span><\/div>\n<div><span style=\"font-family: Tahoma; color: #000000;\"> <strong>1<\/strong> <a href=\"http:\/\/malesia.org\/ngjarjet\/2008\/maj\/podgoric\/index2.html\">2<\/a> <a href=\"http:\/\/malesia.org\/ngjarjet\/2008\/maj\/podgoric\/index3.html\">3<\/a> <a href=\"http:\/\/malesia.org\/ngjarjet\/2008\/maj\/podgoric\/index4.html\">4<\/a> <\/span><\/div>\n<table border=\"0\" cellspacing=\"8\" cellpadding=\"8\" width=\"500\">\n<tbody>\n<tr>\n<td align=\"center\" valign=\"middle\" bgcolor=\"#eeeeee\"><span style=\"font-family: Tahoma; color: #000000;\"><a href=\"http:\/\/malesia.org\/ngjarjet\/2008\/maj\/podgoric\/Foto56.html\"><img loading=\"lazy\" src=\"http:\/\/malesia.org\/ngjarjet\/2008\/maj\/podgoric\/thumb_Foto56.jpg\" border=\"0\" alt=\"\" width=\"150\" height=\"122\" \/><\/a><\/span><\/td>\n<td align=\"center\" valign=\"middle\" bgcolor=\"#eeeeee\"><span style=\"font-family: Tahoma; color: #000000;\"><a href=\"http:\/\/malesia.org\/ngjarjet\/2008\/maj\/podgoric\/Foto23.html\"><img loading=\"lazy\" src=\"http:\/\/malesia.org\/ngjarjet\/2008\/maj\/podgoric\/thumb_Foto23.jpg\" border=\"0\" alt=\"\" width=\"150\" height=\"122\" \/><\/a><\/span><\/td>\n<td align=\"center\" valign=\"middle\" bgcolor=\"#eeeeee\"><span style=\"font-family: Tahoma; color: #000000;\"><a href=\"http:\/\/malesia.org\/ngjarjet\/2008\/maj\/podgoric\/Foto22.html\"><img loading=\"lazy\" src=\"http:\/\/malesia.org\/ngjarjet\/2008\/maj\/podgoric\/thumb_Foto22.jpg\" border=\"0\" alt=\"\" width=\"150\" height=\"122\" \/><\/a><\/span><\/td>\n<td align=\"center\" valign=\"middle\" bgcolor=\"#eeeeee\"><span style=\"font-family: Tahoma; color: #000000;\"><a href=\"http:\/\/malesia.org\/ngjarjet\/2008\/maj\/podgoric\/Foto20.html\"><img loading=\"lazy\" src=\"http:\/\/malesia.org\/ngjarjet\/2008\/maj\/podgoric\/thumb_Foto20.jpg\" border=\"0\" alt=\"\" width=\"150\" height=\"122\" \/><\/a><\/span><\/td>\n<\/tr>\n<tr>\n<td align=\"center\" valign=\"middle\" bgcolor=\"#eeeeee\"><span style=\"font-family: Tahoma; color: #000000;\"><a href=\"http:\/\/malesia.org\/ngjarjet\/2008\/maj\/podgoric\/Foto19.html\"><img loading=\"lazy\" src=\"http:\/\/malesia.org\/ngjarjet\/2008\/maj\/podgoric\/thumb_Foto19.jpg\" border=\"0\" alt=\"\" width=\"150\" height=\"122\" \/><\/a><\/span><\/td>\n<td align=\"center\" valign=\"middle\" bgcolor=\"#eeeeee\"><span style=\"font-family: Tahoma; color: #000000;\"><a href=\"http:\/\/malesia.org\/ngjarjet\/2008\/maj\/podgoric\/Foto18.html\"><img loading=\"lazy\" src=\"http:\/\/malesia.org\/ngjarjet\/2008\/maj\/podgoric\/thumb_Foto18.jpg\" border=\"0\" alt=\"\" width=\"150\" height=\"122\" \/><\/a><\/span><\/td>\n<td align=\"center\" valign=\"middle\" bgcolor=\"#eeeeee\"><span style=\"font-family: Tahoma; color: #000000;\"><a href=\"http:\/\/malesia.org\/ngjarjet\/2008\/maj\/podgoric\/Foto17.html\"><img loading=\"lazy\" src=\"http:\/\/malesia.org\/ngjarjet\/2008\/maj\/podgoric\/thumb_Foto17.jpg\" border=\"0\" alt=\"\" width=\"150\" height=\"122\" \/><\/a><\/span><\/td>\n<td align=\"center\" valign=\"middle\" bgcolor=\"#eeeeee\"><span style=\"font-family: Tahoma; color: #000000;\"><a href=\"http:\/\/malesia.org\/ngjarjet\/2008\/maj\/podgoric\/Foto15.html\"><img loading=\"lazy\" src=\"http:\/\/malesia.org\/ngjarjet\/2008\/maj\/podgoric\/thumb_Foto15.jpg\" border=\"0\" alt=\"\" width=\"150\" height=\"122\" \/><\/a><\/span><\/td>\n<\/tr>\n<tr>\n<td align=\"center\" valign=\"middle\" bgcolor=\"#eeeeee\"><span style=\"font-family: Tahoma; color: #000000;\"><a href=\"http:\/\/malesia.org\/ngjarjet\/2008\/maj\/podgoric\/Foto14.html\"><img loading=\"lazy\" src=\"http:\/\/malesia.org\/ngjarjet\/2008\/maj\/podgoric\/thumb_Foto14.jpg\" border=\"0\" alt=\"\" width=\"150\" height=\"122\" \/><\/a><\/span><\/td>\n<td align=\"center\" valign=\"middle\" bgcolor=\"#eeeeee\"><span style=\"font-family: Tahoma; color: #000000;\"><a href=\"http:\/\/malesia.org\/ngjarjet\/2008\/maj\/podgoric\/Foto11.html\"><img loading=\"lazy\" src=\"http:\/\/malesia.org\/ngjarjet\/2008\/maj\/podgoric\/thumb_Foto11.jpg\" border=\"0\" alt=\"\" width=\"150\" height=\"122\" \/><\/a><\/span><\/td>\n<td align=\"center\" valign=\"middle\" bgcolor=\"#eeeeee\"><span style=\"font-family: Tahoma; color: #000000;\"><a href=\"http:\/\/malesia.org\/ngjarjet\/2008\/maj\/podgoric\/Foto6.html\"><img loading=\"lazy\" src=\"http:\/\/malesia.org\/ngjarjet\/2008\/maj\/podgoric\/thumb_Foto6.jpg\" border=\"0\" alt=\"\" width=\"150\" height=\"122\" \/><\/a><\/span><\/td>\n<td align=\"center\" valign=\"middle\" bgcolor=\"#eeeeee\"><span style=\"font-family: Tahoma; color: #000000;\"><a href=\"http:\/\/malesia.org\/ngjarjet\/2008\/maj\/podgoric\/medium_Foto%208.html\"><img loading=\"lazy\" src=\"http:\/\/malesia.org\/ngjarjet\/2008\/maj\/podgoric\/thumb_medium_Foto%208.jpg\" border=\"0\" alt=\"\" width=\"150\" height=\"122\" \/><\/a><\/span><\/td>\n<\/tr>\n<tr>\n<td align=\"center\" valign=\"middle\" bgcolor=\"#eeeeee\"><span style=\"font-family: Tahoma; color: #000000;\"><a href=\"http:\/\/malesia.org\/ngjarjet\/2008\/maj\/podgoric\/medium_Foto%207.html\"><img loading=\"lazy\" src=\"http:\/\/malesia.org\/ngjarjet\/2008\/maj\/podgoric\/thumb_medium_Foto%207.jpg\" border=\"0\" alt=\"\" width=\"150\" height=\"122\" \/><\/a><\/span><\/td>\n<td align=\"center\" valign=\"middle\" bgcolor=\"#eeeeee\"><span style=\"font-family: Tahoma; color: #000000;\"><a href=\"http:\/\/malesia.org\/ngjarjet\/2008\/maj\/podgoric\/medium_Foto%206.html\"><img loading=\"lazy\" src=\"http:\/\/malesia.org\/ngjarjet\/2008\/maj\/podgoric\/thumb_medium_Foto%206.jpg\" border=\"0\" alt=\"\" width=\"150\" height=\"122\" \/><\/a><\/span><\/td>\n<td align=\"center\" valign=\"middle\" bgcolor=\"#eeeeee\"><span style=\"font-family: Tahoma; color: #000000;\"><a href=\"http:\/\/malesia.org\/ngjarjet\/2008\/maj\/podgoric\/medium_Foto%2058.html\"><img loading=\"lazy\" src=\"http:\/\/malesia.org\/ngjarjet\/2008\/maj\/podgoric\/thumb_medium_Foto%2058.jpg\" border=\"0\" alt=\"\" width=\"150\" height=\"122\" \/><\/a><\/span><\/td>\n<td align=\"center\" valign=\"middle\" bgcolor=\"#eeeeee\"><span style=\"font-family: Tahoma; color: #000000;\"><a href=\"http:\/\/malesia.org\/ngjarjet\/2008\/maj\/podgoric\/medium_Foto%2057.html\"><img loading=\"lazy\" src=\"http:\/\/malesia.org\/ngjarjet\/2008\/maj\/podgoric\/thumb_medium_Foto%2057.jpg\" border=\"0\" alt=\"\" width=\"150\" height=\"122\" \/><\/a><\/span><\/td>\n<\/tr>\n<\/tbody>\n<\/table>\n","protected":false},"excerpt":{"rendered":"<p><img loading=\"lazy\" class=\"alignleft attachment wp-att-1548\" style=\"float: left;\" src=\"http:\/\/www.visit-ulcinj.com\/blog\/wp-content\/uploads\/2008\/05\/ferhat-dinosha-001-2.thumbnail.jpg\" alt=\"FERHAT DINOSHA_001\" width=\"140\" height=\"140\" \/><\/p>\n","protected":false},"author":1,"featured_media":0,"comment_status":"open","ping_status":"closed","sticky":false,"template":"","format":"standard","meta":{"spay_email":"","jetpack_publicize_message":"","jetpack_is_tweetstorm":false,"jetpack_publicize_feature_enabled":true},"categories":[6,12],"tags":[97,1940,195,2226],"jetpack_publicize_connections":[],"yoast_head":"<!-- This site is optimized with the Yoast SEO plugin v19.1 - https:\/\/yoast.com\/wordpress\/plugins\/seo\/ -->\n<title>Protesta paq\u00ebsore n\u00eb Podgoric\u00eb: &quot;Koha \u00ebsht\u00eb p\u00ebr drejt\u00ebsi&quot; - Lajme nga Ulqini<\/title>\n<meta name=\"robots\" content=\"index, follow, max-snippet:-1, max-image-preview:large, max-video-preview:-1\" \/>\n<link rel=\"canonical\" href=\"https:\/\/www.visit-ulcinj.com\/blog\/2008\/05\/13\/protesta-paqesore-ne-podgorice-koha-eshte-per-drejtesi\/\" \/>\n<meta property=\"og:locale\" content=\"en_US\" \/>\n<meta property=\"og:type\" content=\"article\" \/>\n<meta property=\"og:title\" content=\"Protesta paq\u00ebsore n\u00eb Podgoric\u00eb: &quot;Koha \u00ebsht\u00eb p\u00ebr drejt\u00ebsi&quot; - Lajme nga Ulqini\" \/>\n<meta property=\"og:url\" content=\"https:\/\/www.visit-ulcinj.com\/blog\/2008\/05\/13\/protesta-paqesore-ne-podgorice-koha-eshte-per-drejtesi\/\" \/>\n<meta property=\"og:site_name\" content=\"Lajme nga Ulqini\" \/>\n<meta property=\"article:published_time\" content=\"2008-05-13T16:53:48+00:00\" \/>\n<meta property=\"og:image\" content=\"http:\/\/www.visit-ulcinj.com\/blog\/wp-content\/uploads\/2008\/05\/ferhat-dinosha-001-2.thumbnail.jpg\" \/>\n<meta name=\"twitter:label1\" content=\"Written by\" \/>\n\t<meta name=\"twitter:data1\" content=\"ulqini\" \/>\n\t<meta name=\"twitter:label2\" content=\"Est. reading time\" \/>\n\t<meta name=\"twitter:data2\" content=\"2 minutes\" \/>\n<script type=\"application\/ld+json\" class=\"yoast-schema-graph\">{\"@context\":\"https:\/\/schema.org\",\"@graph\":[{\"@type\":\"WebSite\",\"@id\":\"https:\/\/www.visit-ulcinj.com\/blog\/#website\",\"url\":\"https:\/\/www.visit-ulcinj.com\/blog\/\",\"name\":\"Lajme nga Ulqini\",\"description\":\"Lajme,Vijesti,Ulqini,Ulqin,Crna Gora,Mali i Zi\",\"potentialAction\":[{\"@type\":\"SearchAction\",\"target\":{\"@type\":\"EntryPoint\",\"urlTemplate\":\"https:\/\/www.visit-ulcinj.com\/blog\/?s={search_term_string}\"},\"query-input\":\"required name=search_term_string\"}],\"inLanguage\":\"en-US\"},{\"@type\":\"ImageObject\",\"inLanguage\":\"en-US\",\"@id\":\"https:\/\/www.visit-ulcinj.com\/blog\/2008\/05\/13\/protesta-paqesore-ne-podgorice-koha-eshte-per-drejtesi\/#primaryimage\",\"url\":\"http:\/\/www.visit-ulcinj.com\/blog\/wp-content\/uploads\/2008\/05\/ferhat-dinosha-001-2.thumbnail.jpg\",\"contentUrl\":\"http:\/\/www.visit-ulcinj.com\/blog\/wp-content\/uploads\/2008\/05\/ferhat-dinosha-001-2.thumbnail.jpg\"},{\"@type\":\"WebPage\",\"@id\":\"https:\/\/www.visit-ulcinj.com\/blog\/2008\/05\/13\/protesta-paqesore-ne-podgorice-koha-eshte-per-drejtesi\/#webpage\",\"url\":\"https:\/\/www.visit-ulcinj.com\/blog\/2008\/05\/13\/protesta-paqesore-ne-podgorice-koha-eshte-per-drejtesi\/\",\"name\":\"Protesta paq\u00ebsore n\u00eb Podgoric\u00eb: \\\"Koha \u00ebsht\u00eb p\u00ebr drejt\u00ebsi\\\" - Lajme nga Ulqini\",\"isPartOf\":{\"@id\":\"https:\/\/www.visit-ulcinj.com\/blog\/#website\"},\"primaryImageOfPage\":{\"@id\":\"https:\/\/www.visit-ulcinj.com\/blog\/2008\/05\/13\/protesta-paqesore-ne-podgorice-koha-eshte-per-drejtesi\/#primaryimage\"},\"datePublished\":\"2008-05-13T16:53:48+00:00\",\"dateModified\":\"2008-05-13T16:53:48+00:00\",\"author\":{\"@id\":\"https:\/\/www.visit-ulcinj.com\/blog\/#\/schema\/person\/dcab619c614d3038751c63bc2aadc06d\"},\"breadcrumb\":{\"@id\":\"https:\/\/www.visit-ulcinj.com\/blog\/2008\/05\/13\/protesta-paqesore-ne-podgorice-koha-eshte-per-drejtesi\/#breadcrumb\"},\"inLanguage\":\"en-US\",\"potentialAction\":[{\"@type\":\"ReadAction\",\"target\":[\"https:\/\/www.visit-ulcinj.com\/blog\/2008\/05\/13\/protesta-paqesore-ne-podgorice-koha-eshte-per-drejtesi\/\"]}]},{\"@type\":\"BreadcrumbList\",\"@id\":\"https:\/\/www.visit-ulcinj.com\/blog\/2008\/05\/13\/protesta-paqesore-ne-podgorice-koha-eshte-per-drejtesi\/#breadcrumb\",\"itemListElement\":[{\"@type\":\"ListItem\",\"position\":1,\"name\":\"Protesta paq\u00ebsore n\u00eb Podgoric\u00eb: &#8220;Koha \u00ebsht\u00eb p\u00ebr drejt\u00ebsi&#8221;\"}]},{\"@type\":\"Person\",\"@id\":\"https:\/\/www.visit-ulcinj.com\/blog\/#\/schema\/person\/dcab619c614d3038751c63bc2aadc06d\",\"name\":\"ulqini\",\"sameAs\":[\"http:\/\/www.visit-ulcinj.com\"],\"url\":\"https:\/\/www.visit-ulcinj.com\/blog\/author\/admin\/\"}]}<\/script>\n<!-- \/ Yoast SEO plugin. -->","yoast_head_json":{"title":"Protesta paq\u00ebsore n\u00eb Podgoric\u00eb: \"Koha \u00ebsht\u00eb p\u00ebr drejt\u00ebsi\" - Lajme nga Ulqini","robots":{"index":"index","follow":"follow","max-snippet":"max-snippet:-1","max-image-preview":"max-image-preview:large","max-video-preview":"max-video-preview:-1"},"canonical":"https:\/\/www.visit-ulcinj.com\/blog\/2008\/05\/13\/protesta-paqesore-ne-podgorice-koha-eshte-per-drejtesi\/","og_locale":"en_US","og_type":"article","og_title":"Protesta paq\u00ebsore n\u00eb Podgoric\u00eb: \"Koha \u00ebsht\u00eb p\u00ebr drejt\u00ebsi\" - Lajme nga Ulqini","og_url":"https:\/\/www.visit-ulcinj.com\/blog\/2008\/05\/13\/protesta-paqesore-ne-podgorice-koha-eshte-per-drejtesi\/","og_site_name":"Lajme nga Ulqini","article_published_time":"2008-05-13T16:53:48+00:00","og_image":[{"url":"http:\/\/www.visit-ulcinj.com\/blog\/wp-content\/uploads\/2008\/05\/ferhat-dinosha-001-2.thumbnail.jpg"}],"twitter_misc":{"Written by":"ulqini","Est. reading time":"2 minutes"},"schema":{"@context":"https:\/\/schema.org","@graph":[{"@type":"WebSite","@id":"https:\/\/www.visit-ulcinj.com\/blog\/#website","url":"https:\/\/www.visit-ulcinj.com\/blog\/","name":"Lajme nga Ulqini","description":"Lajme,Vijesti,Ulqini,Ulqin,Crna Gora,Mali i Zi","potentialAction":[{"@type":"SearchAction","target":{"@type":"EntryPoint","urlTemplate":"https:\/\/www.visit-ulcinj.com\/blog\/?s={search_term_string}"},"query-input":"required name=search_term_string"}],"inLanguage":"en-US"},{"@type":"ImageObject","inLanguage":"en-US","@id":"https:\/\/www.visit-ulcinj.com\/blog\/2008\/05\/13\/protesta-paqesore-ne-podgorice-koha-eshte-per-drejtesi\/#primaryimage","url":"http:\/\/www.visit-ulcinj.com\/blog\/wp-content\/uploads\/2008\/05\/ferhat-dinosha-001-2.thumbnail.jpg","contentUrl":"http:\/\/www.visit-ulcinj.com\/blog\/wp-content\/uploads\/2008\/05\/ferhat-dinosha-001-2.thumbnail.jpg"},{"@type":"WebPage","@id":"https:\/\/www.visit-ulcinj.com\/blog\/2008\/05\/13\/protesta-paqesore-ne-podgorice-koha-eshte-per-drejtesi\/#webpage","url":"https:\/\/www.visit-ulcinj.com\/blog\/2008\/05\/13\/protesta-paqesore-ne-podgorice-koha-eshte-per-drejtesi\/","name":"Protesta paq\u00ebsore n\u00eb Podgoric\u00eb: \"Koha \u00ebsht\u00eb p\u00ebr drejt\u00ebsi\" - Lajme nga Ulqini","isPartOf":{"@id":"https:\/\/www.visit-ulcinj.com\/blog\/#website"},"primaryImageOfPage":{"@id":"https:\/\/www.visit-ulcinj.com\/blog\/2008\/05\/13\/protesta-paqesore-ne-podgorice-koha-eshte-per-drejtesi\/#primaryimage"},"datePublished":"2008-05-13T16:53:48+00:00","dateModified":"2008-05-13T16:53:48+00:00","author":{"@id":"https:\/\/www.visit-ulcinj.com\/blog\/#\/schema\/person\/dcab619c614d3038751c63bc2aadc06d"},"breadcrumb":{"@id":"https:\/\/www.visit-ulcinj.com\/blog\/2008\/05\/13\/protesta-paqesore-ne-podgorice-koha-eshte-per-drejtesi\/#breadcrumb"},"inLanguage":"en-US","potentialAction":[{"@type":"ReadAction","target":["https:\/\/www.visit-ulcinj.com\/blog\/2008\/05\/13\/protesta-paqesore-ne-podgorice-koha-eshte-per-drejtesi\/"]}]},{"@type":"BreadcrumbList","@id":"https:\/\/www.visit-ulcinj.com\/blog\/2008\/05\/13\/protesta-paqesore-ne-podgorice-koha-eshte-per-drejtesi\/#breadcrumb","itemListElement":[{"@type":"ListItem","position":1,"name":"Protesta paq\u00ebsore n\u00eb Podgoric\u00eb: &#8220;Koha \u00ebsht\u00eb p\u00ebr drejt\u00ebsi&#8221;"}]},{"@type":"Person","@id":"https:\/\/www.visit-ulcinj.com\/blog\/#\/schema\/person\/dcab619c614d3038751c63bc2aadc06d","name":"ulqini","sameAs":["http:\/\/www.visit-ulcinj.com"],"url":"https:\/\/www.visit-ulcinj.com\/blog\/author\/admin\/"}]}},"jetpack_featured_media_url":"","jetpack_sharing_enabled":true,"jetpack_shortlink":"https:\/\/wp.me\/pe6lTn-oX","_links":{"self":[{"href":"https:\/\/www.visit-ulcinj.com\/blog\/wp-json\/wp\/v2\/posts\/1547"}],"collection":[{"href":"https:\/\/www.visit-ulcinj.com\/blog\/wp-json\/wp\/v2\/posts"}],"about":[{"href":"https:\/\/www.visit-ulcinj.com\/blog\/wp-json\/wp\/v2\/types\/post"}],"author":[{"embeddable":true,"href":"https:\/\/www.visit-ulcinj.com\/blog\/wp-json\/wp\/v2\/users\/1"}],"replies":[{"embeddable":true,"href":"https:\/\/www.visit-ulcinj.com\/blog\/wp-json\/wp\/v2\/comments?post=1547"}],"version-history":[{"count":0,"href":"https:\/\/www.visit-ulcinj.com\/blog\/wp-json\/wp\/v2\/posts\/1547\/revisions"}],"wp:attachment":[{"href":"https:\/\/www.visit-ulcinj.com\/blog\/wp-json\/wp\/v2\/media?parent=1547"}],"wp:term":[{"taxonomy":"category","embeddable":true,"href":"https:\/\/www.visit-ulcinj.com\/blog\/wp-json\/wp\/v2\/categories?post=1547"},{"taxonomy":"post_tag","embeddable":true,"href":"https:\/\/www.visit-ulcinj.com\/blog\/wp-json\/wp\/v2\/tags?post=1547"}],"curies":[{"name":"wp","href":"https:\/\/api.w.org\/{rel}","templated":true}]}}