{"id":15472,"date":"2009-03-25T10:43:13","date_gmt":"2009-03-25T09:43:13","guid":{"rendered":"http:\/\/www.visit-ulcinj.com\/blog\/?p=15472"},"modified":"2009-03-25T10:43:13","modified_gmt":"2009-03-25T09:43:13","slug":"arjon-nuk-me-pelqen-lirita-jote","status":"publish","type":"post","link":"https:\/\/www.visit-ulcinj.com\/blog\/2009\/03\/25\/arjon-nuk-me-pelqen-lirita-jote\/","title":{"rendered":"Arjon : Nuk m\u00eb p\u00eblqen Lirita jote"},"content":{"rendered":"<p><em><span class=\"newsdate\"><a href=\"http:\/\/www.visit-ulcinj.com\/blog\/wp-content\/uploads\/2009\/03\/arjoni-per-liriten.jpg\"><img loading=\"lazy\" class=\"alignleft size-full wp-image-15471\" title=\"arjoni-per-liriten-big-brother-albania-2\" src=\"http:\/\/www.visit-ulcinj.com\/blog\/wp-content\/uploads\/2009\/03\/arjoni-per-liriten.jpg\" alt=\"arjoni-per-liriten-big-brother-albania-2\" width=\"300\" height=\"205\" \/><\/a>23\/03\/09 01:10<\/span><\/em><\/p>\n<p>\u201cNuk m\u00eb p\u00eblqen Lirita jote!\u201d- i ka th\u00ebn\u00eb Arjoni Aid\u00ebs. Ajo ia ka kthyer se e dinte dhe se ishte shum\u00eb e leht\u00eb p\u00ebr ta kuptuar. Sipas Arjonit, Lirita \u00ebsht\u00eb e padobishme p\u00ebr ta n\u00eb sht\u00ebpi. Ai ka th\u00ebn\u00eb se n\u00ebse \u201czysha\u201d u duhej ende, Lirita apo Mimoza nuk u nevojiteshin m\u00eb dhe duhet t\u00eb ishin pik\u00ebrisht ato q\u00eb ata duhet t\u00eb nxirrnin nga sht\u00ebpia. Sipas Arjonit, n\u00eb k\u00ebt\u00eb pik\u00eb q\u00eb kishte arritur loja, ata duhet t\u2019i b\u00ebnin mir\u00eb llogarit\u00eb. Aida nuk ka qen\u00eb e t\u00eb nj\u00ebjtit mendim me t\u00eb. Ajo i ka kujtuar atij, episodin e mbr\u00ebmsh\u00ebm kur Qetsori sulmoi Lirit\u00ebn. Ajo e ka pyetur Arjonin sesi e mendonte ai faktin q\u00eb Qetsori iu \u201chodh\u201d ashtu Lirit\u00ebs, nd\u00ebrkoh\u00eb q\u00eb vet\u00ebm nj\u00eb dit\u00eb m\u00eb par\u00eb, n\u00eb nj\u00eb p\u00ebrplasje t\u00eb ngjashme me \u201czyshen\u201d, ai kishte \u201chapur krahun\u201d. Kjo sipas saj do t\u00eb thoshte di\u00e7ka dhe ishte pik\u00ebrisht fakti q\u00eb \u201czysha\u201d nuk duhej sulmuar m\u00eb, sepse k\u00ebshtu do t\u00eb kthehej n\u00eb nj\u00eb \u201cVIP\u201d e p\u00ebr m\u00eb tep\u00ebr Adelajda, kur sulmohej nga dikush, merrte rolin e viktim\u00ebs dhe n\u00eb syt\u00eb e publikut, personi q\u00eb e sulmonte, pavar\u00ebsisht sa t\u00eb drejt\u00eb kishte, dilte i keqi.<\/p>\n","protected":false},"excerpt":{"rendered":"<p>23\/03\/09 01:10 \u201cNuk m\u00eb p\u00eblqen Lirita jote!\u201d- i ka th\u00ebn\u00eb Arjoni Aid\u00ebs. Ajo ia ka kthyer se e dinte dhe se ishte shum\u00eb e leht\u00eb p\u00ebr ta kuptuar. Sipas Arjonit, Lirita \u00ebsht\u00eb e padobishme p\u00ebr ta n\u00eb sht\u00ebpi. Ai ka th\u00ebn\u00eb se n\u00ebse \u201czysha\u201d u duhej ende, Lirita apo Mimoza nuk u nevojiteshin m\u00eb dhe [&hellip;]<\/p>\n","protected":false},"author":1,"featured_media":0,"comment_status":"open","ping_status":"closed","sticky":false,"template":"","format":"standard","meta":{"spay_email":"","jetpack_publicize_message":"","jetpack_is_tweetstorm":false,"jetpack_publicize_feature_enabled":true},"categories":[6502],"tags":[6529,6537,6525,6883,6516,6712,6542,6544,6900,6891],"jetpack_publicize_connections":[],"yoast_head":"<!-- This site is optimized with the Yoast SEO plugin v19.1 - https:\/\/yoast.com\/wordpress\/plugins\/seo\/ -->\n<title>Arjon : Nuk m\u00c3\u00ab p\u00c3\u00ablqen Lirita jote | Big Brother Albania 2<\/title>\n<meta name=\"description\" content=\"Big Brother Albania 2 - \u00e2\u20ac\u0153Nuk m\u00c3\u00ab p\u00c3\u00ablqen Lirita jote!\u00e2\u20ac\u009d- i ka th\u00c3\u00abn\u00c3\u00ab Arjoni Aid\u00c3\u00abs. Ajo ia ka kthyer se e dinte dhe se ishte shum\u00c3\u00ab e leht\u00c3\u00ab p\u00c3\u00abr ta kuptuar\" \/>\n<meta name=\"robots\" content=\"index, follow, max-snippet:-1, max-image-preview:large, max-video-preview:-1\" \/>\n<link rel=\"canonical\" href=\"https:\/\/www.visit-ulcinj.com\/blog\/2009\/03\/25\/arjon-nuk-me-pelqen-lirita-jote\/\" \/>\n<meta property=\"og:locale\" content=\"en_US\" \/>\n<meta property=\"og:type\" content=\"article\" \/>\n<meta property=\"og:title\" content=\"Arjon : Nuk m\u00c3\u00ab p\u00c3\u00ablqen Lirita jote | Big Brother Albania 2\" \/>\n<meta property=\"og:description\" content=\"Big Brother Albania 2 - \u00e2\u20ac\u0153Nuk m\u00c3\u00ab p\u00c3\u00ablqen Lirita jote!\u00e2\u20ac\u009d- i ka th\u00c3\u00abn\u00c3\u00ab Arjoni Aid\u00c3\u00abs. Ajo ia ka kthyer se e dinte dhe se ishte shum\u00c3\u00ab e leht\u00c3\u00ab p\u00c3\u00abr ta kuptuar\" \/>\n<meta property=\"og:url\" content=\"https:\/\/www.visit-ulcinj.com\/blog\/2009\/03\/25\/arjon-nuk-me-pelqen-lirita-jote\/\" \/>\n<meta property=\"og:site_name\" content=\"Lajme nga Ulqini\" \/>\n<meta property=\"article:published_time\" content=\"2009-03-25T09:43:13+00:00\" \/>\n<meta property=\"og:image\" content=\"http:\/\/www.visit-ulcinj.com\/blog\/wp-content\/uploads\/2009\/03\/arjoni-per-liriten.jpg\" \/>\n<meta name=\"twitter:label1\" content=\"Written by\" \/>\n\t<meta name=\"twitter:data1\" content=\"ulqini\" \/>\n\t<meta name=\"twitter:label2\" content=\"Est. reading time\" \/>\n\t<meta name=\"twitter:data2\" content=\"1 minute\" \/>\n<script type=\"application\/ld+json\" class=\"yoast-schema-graph\">{\"@context\":\"https:\/\/schema.org\",\"@graph\":[{\"@type\":\"WebSite\",\"@id\":\"https:\/\/www.visit-ulcinj.com\/blog\/#website\",\"url\":\"https:\/\/www.visit-ulcinj.com\/blog\/\",\"name\":\"Lajme nga Ulqini\",\"description\":\"Lajme,Vijesti,Ulqini,Ulqin,Crna Gora,Mali i Zi\",\"potentialAction\":[{\"@type\":\"SearchAction\",\"target\":{\"@type\":\"EntryPoint\",\"urlTemplate\":\"https:\/\/www.visit-ulcinj.com\/blog\/?s={search_term_string}\"},\"query-input\":\"required name=search_term_string\"}],\"inLanguage\":\"en-US\"},{\"@type\":\"ImageObject\",\"inLanguage\":\"en-US\",\"@id\":\"https:\/\/www.visit-ulcinj.com\/blog\/2009\/03\/25\/arjon-nuk-me-pelqen-lirita-jote\/#primaryimage\",\"url\":\"http:\/\/www.visit-ulcinj.com\/blog\/wp-content\/uploads\/2009\/03\/arjoni-per-liriten.jpg\",\"contentUrl\":\"http:\/\/www.visit-ulcinj.com\/blog\/wp-content\/uploads\/2009\/03\/arjoni-per-liriten.jpg\"},{\"@type\":\"WebPage\",\"@id\":\"https:\/\/www.visit-ulcinj.com\/blog\/2009\/03\/25\/arjon-nuk-me-pelqen-lirita-jote\/#webpage\",\"url\":\"https:\/\/www.visit-ulcinj.com\/blog\/2009\/03\/25\/arjon-nuk-me-pelqen-lirita-jote\/\",\"name\":\"Arjon : Nuk m\u00c3\u00ab p\u00c3\u00ablqen Lirita jote | Big Brother Albania 2\",\"isPartOf\":{\"@id\":\"https:\/\/www.visit-ulcinj.com\/blog\/#website\"},\"primaryImageOfPage\":{\"@id\":\"https:\/\/www.visit-ulcinj.com\/blog\/2009\/03\/25\/arjon-nuk-me-pelqen-lirita-jote\/#primaryimage\"},\"datePublished\":\"2009-03-25T09:43:13+00:00\",\"dateModified\":\"2009-03-25T09:43:13+00:00\",\"author\":{\"@id\":\"https:\/\/www.visit-ulcinj.com\/blog\/#\/schema\/person\/dcab619c614d3038751c63bc2aadc06d\"},\"description\":\"Big Brother Albania 2 - \u00e2\u20ac\u0153Nuk m\u00c3\u00ab p\u00c3\u00ablqen Lirita jote!\u00e2\u20ac\u009d- i ka th\u00c3\u00abn\u00c3\u00ab Arjoni Aid\u00c3\u00abs. Ajo ia ka kthyer se e dinte dhe se ishte shum\u00c3\u00ab e leht\u00c3\u00ab p\u00c3\u00abr ta kuptuar\",\"breadcrumb\":{\"@id\":\"https:\/\/www.visit-ulcinj.com\/blog\/2009\/03\/25\/arjon-nuk-me-pelqen-lirita-jote\/#breadcrumb\"},\"inLanguage\":\"en-US\",\"potentialAction\":[{\"@type\":\"ReadAction\",\"target\":[\"https:\/\/www.visit-ulcinj.com\/blog\/2009\/03\/25\/arjon-nuk-me-pelqen-lirita-jote\/\"]}]},{\"@type\":\"BreadcrumbList\",\"@id\":\"https:\/\/www.visit-ulcinj.com\/blog\/2009\/03\/25\/arjon-nuk-me-pelqen-lirita-jote\/#breadcrumb\",\"itemListElement\":[{\"@type\":\"ListItem\",\"position\":1,\"name\":\"Arjon : Nuk m\u00eb p\u00eblqen Lirita jote\"}]},{\"@type\":\"Person\",\"@id\":\"https:\/\/www.visit-ulcinj.com\/blog\/#\/schema\/person\/dcab619c614d3038751c63bc2aadc06d\",\"name\":\"ulqini\",\"sameAs\":[\"http:\/\/www.visit-ulcinj.com\"],\"url\":\"https:\/\/www.visit-ulcinj.com\/blog\/author\/admin\/\"}]}<\/script>\n<!-- \/ Yoast SEO plugin. -->","yoast_head_json":{"title":"Arjon : Nuk m\u00c3\u00ab p\u00c3\u00ablqen Lirita jote | Big Brother Albania 2","description":"Big Brother Albania 2 - \u00e2\u20ac\u0153Nuk m\u00c3\u00ab p\u00c3\u00ablqen Lirita jote!\u00e2\u20ac\u009d- i ka th\u00c3\u00abn\u00c3\u00ab Arjoni Aid\u00c3\u00abs. Ajo ia ka kthyer se e dinte dhe se ishte shum\u00c3\u00ab e leht\u00c3\u00ab p\u00c3\u00abr ta kuptuar","robots":{"index":"index","follow":"follow","max-snippet":"max-snippet:-1","max-image-preview":"max-image-preview:large","max-video-preview":"max-video-preview:-1"},"canonical":"https:\/\/www.visit-ulcinj.com\/blog\/2009\/03\/25\/arjon-nuk-me-pelqen-lirita-jote\/","og_locale":"en_US","og_type":"article","og_title":"Arjon : Nuk m\u00c3\u00ab p\u00c3\u00ablqen Lirita jote | Big Brother Albania 2","og_description":"Big Brother Albania 2 - \u00e2\u20ac\u0153Nuk m\u00c3\u00ab p\u00c3\u00ablqen Lirita jote!\u00e2\u20ac\u009d- i ka th\u00c3\u00abn\u00c3\u00ab Arjoni Aid\u00c3\u00abs. Ajo ia ka kthyer se e dinte dhe se ishte shum\u00c3\u00ab e leht\u00c3\u00ab p\u00c3\u00abr ta kuptuar","og_url":"https:\/\/www.visit-ulcinj.com\/blog\/2009\/03\/25\/arjon-nuk-me-pelqen-lirita-jote\/","og_site_name":"Lajme nga Ulqini","article_published_time":"2009-03-25T09:43:13+00:00","og_image":[{"url":"http:\/\/www.visit-ulcinj.com\/blog\/wp-content\/uploads\/2009\/03\/arjoni-per-liriten.jpg"}],"twitter_misc":{"Written by":"ulqini","Est. reading time":"1 minute"},"schema":{"@context":"https:\/\/schema.org","@graph":[{"@type":"WebSite","@id":"https:\/\/www.visit-ulcinj.com\/blog\/#website","url":"https:\/\/www.visit-ulcinj.com\/blog\/","name":"Lajme nga Ulqini","description":"Lajme,Vijesti,Ulqini,Ulqin,Crna Gora,Mali i Zi","potentialAction":[{"@type":"SearchAction","target":{"@type":"EntryPoint","urlTemplate":"https:\/\/www.visit-ulcinj.com\/blog\/?s={search_term_string}"},"query-input":"required name=search_term_string"}],"inLanguage":"en-US"},{"@type":"ImageObject","inLanguage":"en-US","@id":"https:\/\/www.visit-ulcinj.com\/blog\/2009\/03\/25\/arjon-nuk-me-pelqen-lirita-jote\/#primaryimage","url":"http:\/\/www.visit-ulcinj.com\/blog\/wp-content\/uploads\/2009\/03\/arjoni-per-liriten.jpg","contentUrl":"http:\/\/www.visit-ulcinj.com\/blog\/wp-content\/uploads\/2009\/03\/arjoni-per-liriten.jpg"},{"@type":"WebPage","@id":"https:\/\/www.visit-ulcinj.com\/blog\/2009\/03\/25\/arjon-nuk-me-pelqen-lirita-jote\/#webpage","url":"https:\/\/www.visit-ulcinj.com\/blog\/2009\/03\/25\/arjon-nuk-me-pelqen-lirita-jote\/","name":"Arjon : Nuk m\u00c3\u00ab p\u00c3\u00ablqen Lirita jote | Big Brother Albania 2","isPartOf":{"@id":"https:\/\/www.visit-ulcinj.com\/blog\/#website"},"primaryImageOfPage":{"@id":"https:\/\/www.visit-ulcinj.com\/blog\/2009\/03\/25\/arjon-nuk-me-pelqen-lirita-jote\/#primaryimage"},"datePublished":"2009-03-25T09:43:13+00:00","dateModified":"2009-03-25T09:43:13+00:00","author":{"@id":"https:\/\/www.visit-ulcinj.com\/blog\/#\/schema\/person\/dcab619c614d3038751c63bc2aadc06d"},"description":"Big Brother Albania 2 - \u00e2\u20ac\u0153Nuk m\u00c3\u00ab p\u00c3\u00ablqen Lirita jote!\u00e2\u20ac\u009d- i ka th\u00c3\u00abn\u00c3\u00ab Arjoni Aid\u00c3\u00abs. Ajo ia ka kthyer se e dinte dhe se ishte shum\u00c3\u00ab e leht\u00c3\u00ab p\u00c3\u00abr ta kuptuar","breadcrumb":{"@id":"https:\/\/www.visit-ulcinj.com\/blog\/2009\/03\/25\/arjon-nuk-me-pelqen-lirita-jote\/#breadcrumb"},"inLanguage":"en-US","potentialAction":[{"@type":"ReadAction","target":["https:\/\/www.visit-ulcinj.com\/blog\/2009\/03\/25\/arjon-nuk-me-pelqen-lirita-jote\/"]}]},{"@type":"BreadcrumbList","@id":"https:\/\/www.visit-ulcinj.com\/blog\/2009\/03\/25\/arjon-nuk-me-pelqen-lirita-jote\/#breadcrumb","itemListElement":[{"@type":"ListItem","position":1,"name":"Arjon : Nuk m\u00eb p\u00eblqen Lirita jote"}]},{"@type":"Person","@id":"https:\/\/www.visit-ulcinj.com\/blog\/#\/schema\/person\/dcab619c614d3038751c63bc2aadc06d","name":"ulqini","sameAs":["http:\/\/www.visit-ulcinj.com"],"url":"https:\/\/www.visit-ulcinj.com\/blog\/author\/admin\/"}]}},"jetpack_featured_media_url":"","jetpack_sharing_enabled":true,"jetpack_shortlink":"https:\/\/wp.me\/pe6lTn-41y","_links":{"self":[{"href":"https:\/\/www.visit-ulcinj.com\/blog\/wp-json\/wp\/v2\/posts\/15472"}],"collection":[{"href":"https:\/\/www.visit-ulcinj.com\/blog\/wp-json\/wp\/v2\/posts"}],"about":[{"href":"https:\/\/www.visit-ulcinj.com\/blog\/wp-json\/wp\/v2\/types\/post"}],"author":[{"embeddable":true,"href":"https:\/\/www.visit-ulcinj.com\/blog\/wp-json\/wp\/v2\/users\/1"}],"replies":[{"embeddable":true,"href":"https:\/\/www.visit-ulcinj.com\/blog\/wp-json\/wp\/v2\/comments?post=15472"}],"version-history":[{"count":0,"href":"https:\/\/www.visit-ulcinj.com\/blog\/wp-json\/wp\/v2\/posts\/15472\/revisions"}],"wp:attachment":[{"href":"https:\/\/www.visit-ulcinj.com\/blog\/wp-json\/wp\/v2\/media?parent=15472"}],"wp:term":[{"taxonomy":"category","embeddable":true,"href":"https:\/\/www.visit-ulcinj.com\/blog\/wp-json\/wp\/v2\/categories?post=15472"},{"taxonomy":"post_tag","embeddable":true,"href":"https:\/\/www.visit-ulcinj.com\/blog\/wp-json\/wp\/v2\/tags?post=15472"}],"curies":[{"name":"wp","href":"https:\/\/api.w.org\/{rel}","templated":true}]}}