{"id":15477,"date":"2009-03-25T10:57:10","date_gmt":"2009-03-25T09:57:10","guid":{"rendered":"http:\/\/www.visit-ulcinj.com\/blog\/?p=15477"},"modified":"2009-03-25T10:57:10","modified_gmt":"2009-03-25T09:57:10","slug":"aida-me-bjordin-u-ftoha-prej-zyshes","status":"publish","type":"post","link":"https:\/\/www.visit-ulcinj.com\/blog\/2009\/03\/25\/aida-me-bjordin-u-ftoha-prej-zyshes\/","title":{"rendered":"Aida : Me Bjordin u ftoha prej Zyshes"},"content":{"rendered":"<p><em><span class=\"newsdate\"><a href=\"http:\/\/www.visit-ulcinj.com\/blog\/wp-content\/uploads\/2009\/03\/aida-bjordi-adela.jpg\"><img loading=\"lazy\" class=\"alignleft size-full wp-image-15478\" title=\"aida-bjordi-adela-big-brother-albania-2\" src=\"http:\/\/www.visit-ulcinj.com\/blog\/wp-content\/uploads\/2009\/03\/aida-bjordi-adela.jpg\" alt=\"aida-bjordi-adela-big-brother-albania-2\" width=\"300\" height=\"205\" \/><\/a>23\/03\/09 01:00<\/span><\/em><\/p>\n<p>Sipas Aid\u00ebs, Adelajda duke b\u00ebr\u00eb me Bjordin loj\u00ebn \u201ct\u00ebrhiq e mos e k\u00ebput\u2019, po fiton shum\u00eb n\u00eb syt\u00eb e publikut. Sipas saj, ajo po fshihet n\u00ebn petkun e vajz\u00ebs s\u00eb mir\u00eb q\u00eb nuk b\u00ebn veprime t\u00eb pahijshme dhe t\u00eb bij\u00ebs q\u00eb nuk do t\u2019i l\u00ebndoj\u00eb prind\u00ebrit e vet, q\u00eb madje sakrifikon ndjenjat dhe lumturin\u00eb e saj p\u00ebr t\u00eb mos i l\u00ebnduar, duke sajuar k\u00ebshtu historin\u00eb e nj\u00eb dashurie t\u00eb pamundur p\u00ebr t\u00eb t\u00ebrhequr njer\u00ebzit jasht\u00eb sht\u00ebpis\u00eb. \u201cE kupton se \u00e7far\u00eb reklame po i b\u00ebn ajo vetes?!\u201d- i ka th\u00ebn\u00eb Aida Arjonit. Aida ka shtuar se k\u00ebt\u00eb reklam\u00eb ajo e ka b\u00ebr\u00eb edhe me Republik\u00ebn, Mimoz\u00ebn dhe Bjordin. Arjoni ka nd\u00ebrhyr\u00eb duke th\u00ebn\u00eb se Adela ia ka mbushur komplet mendjen Bjordit. Aida ka pohuar dhe ka shtuar se ajo u ftoh me Bjordin pik\u00ebrisht p\u00ebr k\u00ebt\u00eb. Sipas saj, ai kishte ardhur dhe i kishte th\u00ebn\u00eb se ajo nuk e njihte Adel\u00ebn. N\u00eb vazhdim t\u00eb komenteve p\u00ebr \u201czyshen\u201d, Aida ka th\u00ebn\u00eb gjithashtu se kishte qen\u00eb pik\u00ebrisht Adela, q\u00eb n\u00eb rolin e shoqes s\u00eb mir\u00eb, e kishte larguar Bjordin nga Mimoza. Aida i tha Arjonit se si\u00e7 ia kishte treguar vet Mimoza, Adelajda shkonte tek ajo dhe i thoshte se nuk duhet ta l\u00ebndonte Bjordin, nuk duhet ta b\u00ebnte t\u00eb vuante dhe kur Mimoza e pyeste pse po ia thoshte t\u00eb gjitha k\u00ebto, kur Adela e dinte shum\u00eb mir\u00eb q\u00eb ajo nuk kishte t\u00eb tilla q\u00ebllime, ajo vazhdonte p\u00ebrs\u00ebri. T\u00eb gjith\u00eb k\u00ebt\u00eb, sipas Aid\u00ebs, Adelajda e b\u00ebnte p\u00ebr autoreklam\u00eb, duke shfryt\u00ebzuar cdo situat\u00eb apo rrethan\u00eb t\u00eb mundshme p\u00ebr t\u00eb folur p\u00ebr veten. Aida ka shtuar se ajo k\u00ebt\u00eb vazhdon ta b\u00ebj\u00eb, akoma, gjat\u00eb gjith\u00eb koh\u00ebs. \u201cAjo \u00e7do moment thot\u00eb vet\u00ebm \u201cun\u00eb mendoj, un\u00eb,un\u00eb,un\u00eb&#8230;\u201d!\u201d- ka th\u00ebn\u00eb Aida.<\/p>\n","protected":false},"excerpt":{"rendered":"<p>23\/03\/09 01:00 Sipas Aid\u00ebs, Adelajda duke b\u00ebr\u00eb me Bjordin loj\u00ebn \u201ct\u00ebrhiq e mos e k\u00ebput\u2019, po fiton shum\u00eb n\u00eb syt\u00eb e publikut. Sipas saj, ajo po fshihet n\u00ebn petkun e vajz\u00ebs s\u00eb mir\u00eb q\u00eb nuk b\u00ebn veprime t\u00eb pahijshme dhe t\u00eb bij\u00ebs q\u00eb nuk do t\u2019i l\u00ebndoj\u00eb prind\u00ebrit e vet, q\u00eb madje sakrifikon ndjenjat dhe [&hellip;]<\/p>\n","protected":false},"author":1,"featured_media":0,"comment_status":"open","ping_status":"closed","sticky":false,"template":"","format":"standard","meta":{"spay_email":"","jetpack_publicize_message":"","jetpack_is_tweetstorm":false,"jetpack_publicize_feature_enabled":true},"categories":[6502],"tags":[6529,6537,6525,6883,6516,6712,6544,262,6891],"jetpack_publicize_connections":[],"yoast_head":"<!-- This site is optimized with the Yoast SEO plugin v19.1 - https:\/\/yoast.com\/wordpress\/plugins\/seo\/ -->\n<title>Aida : Me Bjordin u ftoha prej Zyshes | Big Brother Albania 2<\/title>\n<meta name=\"description\" content=\"Big Brother Albania 2 - Sipas Aid\u00c3\u00abs, Adelajda duke b\u00c3\u00abr\u00c3\u00ab me Bjordin loj\u00c3\u00abn \u00e2\u20ac\u0153t\u00c3\u00abrhiq e mos e k\u00c3\u00abput\u00e2\u20ac\u2122, po fiton shum\u00c3\u00ab n\u00c3\u00ab syt\u00c3\u00ab e publikut\" \/>\n<meta name=\"robots\" content=\"index, follow, max-snippet:-1, max-image-preview:large, max-video-preview:-1\" \/>\n<link rel=\"canonical\" href=\"https:\/\/www.visit-ulcinj.com\/blog\/2009\/03\/25\/aida-me-bjordin-u-ftoha-prej-zyshes\/\" \/>\n<meta property=\"og:locale\" content=\"en_US\" \/>\n<meta property=\"og:type\" content=\"article\" \/>\n<meta property=\"og:title\" content=\"Aida : Me Bjordin u ftoha prej Zyshes | Big Brother Albania 2\" \/>\n<meta property=\"og:description\" content=\"Big Brother Albania 2 - Sipas Aid\u00c3\u00abs, Adelajda duke b\u00c3\u00abr\u00c3\u00ab me Bjordin loj\u00c3\u00abn \u00e2\u20ac\u0153t\u00c3\u00abrhiq e mos e k\u00c3\u00abput\u00e2\u20ac\u2122, po fiton shum\u00c3\u00ab n\u00c3\u00ab syt\u00c3\u00ab e publikut\" \/>\n<meta property=\"og:url\" content=\"https:\/\/www.visit-ulcinj.com\/blog\/2009\/03\/25\/aida-me-bjordin-u-ftoha-prej-zyshes\/\" \/>\n<meta property=\"og:site_name\" content=\"Lajme nga Ulqini\" \/>\n<meta property=\"article:published_time\" content=\"2009-03-25T09:57:10+00:00\" \/>\n<meta property=\"og:image\" content=\"http:\/\/www.visit-ulcinj.com\/blog\/wp-content\/uploads\/2009\/03\/aida-bjordi-adela.jpg\" \/>\n<meta name=\"twitter:label1\" content=\"Written by\" \/>\n\t<meta name=\"twitter:data1\" content=\"ulqini\" \/>\n\t<meta name=\"twitter:label2\" content=\"Est. reading time\" \/>\n\t<meta name=\"twitter:data2\" content=\"2 minutes\" \/>\n<script type=\"application\/ld+json\" class=\"yoast-schema-graph\">{\"@context\":\"https:\/\/schema.org\",\"@graph\":[{\"@type\":\"WebSite\",\"@id\":\"https:\/\/www.visit-ulcinj.com\/blog\/#website\",\"url\":\"https:\/\/www.visit-ulcinj.com\/blog\/\",\"name\":\"Lajme nga Ulqini\",\"description\":\"Lajme,Vijesti,Ulqini,Ulqin,Crna Gora,Mali i Zi\",\"potentialAction\":[{\"@type\":\"SearchAction\",\"target\":{\"@type\":\"EntryPoint\",\"urlTemplate\":\"https:\/\/www.visit-ulcinj.com\/blog\/?s={search_term_string}\"},\"query-input\":\"required name=search_term_string\"}],\"inLanguage\":\"en-US\"},{\"@type\":\"ImageObject\",\"inLanguage\":\"en-US\",\"@id\":\"https:\/\/www.visit-ulcinj.com\/blog\/2009\/03\/25\/aida-me-bjordin-u-ftoha-prej-zyshes\/#primaryimage\",\"url\":\"http:\/\/www.visit-ulcinj.com\/blog\/wp-content\/uploads\/2009\/03\/aida-bjordi-adela.jpg\",\"contentUrl\":\"http:\/\/www.visit-ulcinj.com\/blog\/wp-content\/uploads\/2009\/03\/aida-bjordi-adela.jpg\"},{\"@type\":\"WebPage\",\"@id\":\"https:\/\/www.visit-ulcinj.com\/blog\/2009\/03\/25\/aida-me-bjordin-u-ftoha-prej-zyshes\/#webpage\",\"url\":\"https:\/\/www.visit-ulcinj.com\/blog\/2009\/03\/25\/aida-me-bjordin-u-ftoha-prej-zyshes\/\",\"name\":\"Aida : Me Bjordin u ftoha prej Zyshes | Big Brother Albania 2\",\"isPartOf\":{\"@id\":\"https:\/\/www.visit-ulcinj.com\/blog\/#website\"},\"primaryImageOfPage\":{\"@id\":\"https:\/\/www.visit-ulcinj.com\/blog\/2009\/03\/25\/aida-me-bjordin-u-ftoha-prej-zyshes\/#primaryimage\"},\"datePublished\":\"2009-03-25T09:57:10+00:00\",\"dateModified\":\"2009-03-25T09:57:10+00:00\",\"author\":{\"@id\":\"https:\/\/www.visit-ulcinj.com\/blog\/#\/schema\/person\/dcab619c614d3038751c63bc2aadc06d\"},\"description\":\"Big Brother Albania 2 - Sipas Aid\u00c3\u00abs, Adelajda duke b\u00c3\u00abr\u00c3\u00ab me Bjordin loj\u00c3\u00abn \u00e2\u20ac\u0153t\u00c3\u00abrhiq e mos e k\u00c3\u00abput\u00e2\u20ac\u2122, po fiton shum\u00c3\u00ab n\u00c3\u00ab syt\u00c3\u00ab e publikut\",\"breadcrumb\":{\"@id\":\"https:\/\/www.visit-ulcinj.com\/blog\/2009\/03\/25\/aida-me-bjordin-u-ftoha-prej-zyshes\/#breadcrumb\"},\"inLanguage\":\"en-US\",\"potentialAction\":[{\"@type\":\"ReadAction\",\"target\":[\"https:\/\/www.visit-ulcinj.com\/blog\/2009\/03\/25\/aida-me-bjordin-u-ftoha-prej-zyshes\/\"]}]},{\"@type\":\"BreadcrumbList\",\"@id\":\"https:\/\/www.visit-ulcinj.com\/blog\/2009\/03\/25\/aida-me-bjordin-u-ftoha-prej-zyshes\/#breadcrumb\",\"itemListElement\":[{\"@type\":\"ListItem\",\"position\":1,\"name\":\"Aida : Me Bjordin u ftoha prej Zyshes\"}]},{\"@type\":\"Person\",\"@id\":\"https:\/\/www.visit-ulcinj.com\/blog\/#\/schema\/person\/dcab619c614d3038751c63bc2aadc06d\",\"name\":\"ulqini\",\"sameAs\":[\"http:\/\/www.visit-ulcinj.com\"],\"url\":\"https:\/\/www.visit-ulcinj.com\/blog\/author\/admin\/\"}]}<\/script>\n<!-- \/ Yoast SEO plugin. -->","yoast_head_json":{"title":"Aida : Me Bjordin u ftoha prej Zyshes | Big Brother Albania 2","description":"Big Brother Albania 2 - Sipas Aid\u00c3\u00abs, Adelajda duke b\u00c3\u00abr\u00c3\u00ab me Bjordin loj\u00c3\u00abn \u00e2\u20ac\u0153t\u00c3\u00abrhiq e mos e k\u00c3\u00abput\u00e2\u20ac\u2122, po fiton shum\u00c3\u00ab n\u00c3\u00ab syt\u00c3\u00ab e publikut","robots":{"index":"index","follow":"follow","max-snippet":"max-snippet:-1","max-image-preview":"max-image-preview:large","max-video-preview":"max-video-preview:-1"},"canonical":"https:\/\/www.visit-ulcinj.com\/blog\/2009\/03\/25\/aida-me-bjordin-u-ftoha-prej-zyshes\/","og_locale":"en_US","og_type":"article","og_title":"Aida : Me Bjordin u ftoha prej Zyshes | Big Brother Albania 2","og_description":"Big Brother Albania 2 - Sipas Aid\u00c3\u00abs, Adelajda duke b\u00c3\u00abr\u00c3\u00ab me Bjordin loj\u00c3\u00abn \u00e2\u20ac\u0153t\u00c3\u00abrhiq e mos e k\u00c3\u00abput\u00e2\u20ac\u2122, po fiton shum\u00c3\u00ab n\u00c3\u00ab syt\u00c3\u00ab e publikut","og_url":"https:\/\/www.visit-ulcinj.com\/blog\/2009\/03\/25\/aida-me-bjordin-u-ftoha-prej-zyshes\/","og_site_name":"Lajme nga Ulqini","article_published_time":"2009-03-25T09:57:10+00:00","og_image":[{"url":"http:\/\/www.visit-ulcinj.com\/blog\/wp-content\/uploads\/2009\/03\/aida-bjordi-adela.jpg"}],"twitter_misc":{"Written by":"ulqini","Est. reading time":"2 minutes"},"schema":{"@context":"https:\/\/schema.org","@graph":[{"@type":"WebSite","@id":"https:\/\/www.visit-ulcinj.com\/blog\/#website","url":"https:\/\/www.visit-ulcinj.com\/blog\/","name":"Lajme nga Ulqini","description":"Lajme,Vijesti,Ulqini,Ulqin,Crna Gora,Mali i Zi","potentialAction":[{"@type":"SearchAction","target":{"@type":"EntryPoint","urlTemplate":"https:\/\/www.visit-ulcinj.com\/blog\/?s={search_term_string}"},"query-input":"required name=search_term_string"}],"inLanguage":"en-US"},{"@type":"ImageObject","inLanguage":"en-US","@id":"https:\/\/www.visit-ulcinj.com\/blog\/2009\/03\/25\/aida-me-bjordin-u-ftoha-prej-zyshes\/#primaryimage","url":"http:\/\/www.visit-ulcinj.com\/blog\/wp-content\/uploads\/2009\/03\/aida-bjordi-adela.jpg","contentUrl":"http:\/\/www.visit-ulcinj.com\/blog\/wp-content\/uploads\/2009\/03\/aida-bjordi-adela.jpg"},{"@type":"WebPage","@id":"https:\/\/www.visit-ulcinj.com\/blog\/2009\/03\/25\/aida-me-bjordin-u-ftoha-prej-zyshes\/#webpage","url":"https:\/\/www.visit-ulcinj.com\/blog\/2009\/03\/25\/aida-me-bjordin-u-ftoha-prej-zyshes\/","name":"Aida : Me Bjordin u ftoha prej Zyshes | Big Brother Albania 2","isPartOf":{"@id":"https:\/\/www.visit-ulcinj.com\/blog\/#website"},"primaryImageOfPage":{"@id":"https:\/\/www.visit-ulcinj.com\/blog\/2009\/03\/25\/aida-me-bjordin-u-ftoha-prej-zyshes\/#primaryimage"},"datePublished":"2009-03-25T09:57:10+00:00","dateModified":"2009-03-25T09:57:10+00:00","author":{"@id":"https:\/\/www.visit-ulcinj.com\/blog\/#\/schema\/person\/dcab619c614d3038751c63bc2aadc06d"},"description":"Big Brother Albania 2 - Sipas Aid\u00c3\u00abs, Adelajda duke b\u00c3\u00abr\u00c3\u00ab me Bjordin loj\u00c3\u00abn \u00e2\u20ac\u0153t\u00c3\u00abrhiq e mos e k\u00c3\u00abput\u00e2\u20ac\u2122, po fiton shum\u00c3\u00ab n\u00c3\u00ab syt\u00c3\u00ab e publikut","breadcrumb":{"@id":"https:\/\/www.visit-ulcinj.com\/blog\/2009\/03\/25\/aida-me-bjordin-u-ftoha-prej-zyshes\/#breadcrumb"},"inLanguage":"en-US","potentialAction":[{"@type":"ReadAction","target":["https:\/\/www.visit-ulcinj.com\/blog\/2009\/03\/25\/aida-me-bjordin-u-ftoha-prej-zyshes\/"]}]},{"@type":"BreadcrumbList","@id":"https:\/\/www.visit-ulcinj.com\/blog\/2009\/03\/25\/aida-me-bjordin-u-ftoha-prej-zyshes\/#breadcrumb","itemListElement":[{"@type":"ListItem","position":1,"name":"Aida : Me Bjordin u ftoha prej Zyshes"}]},{"@type":"Person","@id":"https:\/\/www.visit-ulcinj.com\/blog\/#\/schema\/person\/dcab619c614d3038751c63bc2aadc06d","name":"ulqini","sameAs":["http:\/\/www.visit-ulcinj.com"],"url":"https:\/\/www.visit-ulcinj.com\/blog\/author\/admin\/"}]}},"jetpack_featured_media_url":"","jetpack_sharing_enabled":true,"jetpack_shortlink":"https:\/\/wp.me\/pe6lTn-41D","_links":{"self":[{"href":"https:\/\/www.visit-ulcinj.com\/blog\/wp-json\/wp\/v2\/posts\/15477"}],"collection":[{"href":"https:\/\/www.visit-ulcinj.com\/blog\/wp-json\/wp\/v2\/posts"}],"about":[{"href":"https:\/\/www.visit-ulcinj.com\/blog\/wp-json\/wp\/v2\/types\/post"}],"author":[{"embeddable":true,"href":"https:\/\/www.visit-ulcinj.com\/blog\/wp-json\/wp\/v2\/users\/1"}],"replies":[{"embeddable":true,"href":"https:\/\/www.visit-ulcinj.com\/blog\/wp-json\/wp\/v2\/comments?post=15477"}],"version-history":[{"count":0,"href":"https:\/\/www.visit-ulcinj.com\/blog\/wp-json\/wp\/v2\/posts\/15477\/revisions"}],"wp:attachment":[{"href":"https:\/\/www.visit-ulcinj.com\/blog\/wp-json\/wp\/v2\/media?parent=15477"}],"wp:term":[{"taxonomy":"category","embeddable":true,"href":"https:\/\/www.visit-ulcinj.com\/blog\/wp-json\/wp\/v2\/categories?post=15477"},{"taxonomy":"post_tag","embeddable":true,"href":"https:\/\/www.visit-ulcinj.com\/blog\/wp-json\/wp\/v2\/tags?post=15477"}],"curies":[{"name":"wp","href":"https:\/\/api.w.org\/{rel}","templated":true}]}}