{"id":15480,"date":"2009-03-25T10:59:42","date_gmt":"2009-03-25T09:59:42","guid":{"rendered":"http:\/\/www.visit-ulcinj.com\/blog\/?p=15480"},"modified":"2009-03-25T10:59:42","modified_gmt":"2009-03-25T09:59:42","slug":"aida-adelajda-eshte-provokuese","status":"publish","type":"post","link":"https:\/\/www.visit-ulcinj.com\/blog\/2009\/03\/25\/aida-adelajda-eshte-provokuese\/","title":{"rendered":"Aida : Adelajda \u00ebsht\u00eb provokuese"},"content":{"rendered":"<p><em><span class=\"newsdate\"><a href=\"http:\/\/www.visit-ulcinj.com\/blog\/wp-content\/uploads\/2009\/03\/aida-peradelajden.jpg\"><img loading=\"lazy\" class=\"alignleft size-full wp-image-15481\" title=\"aida-peradelajden\" src=\"http:\/\/www.visit-ulcinj.com\/blog\/wp-content\/uploads\/2009\/03\/aida-peradelajden.jpg\" alt=\"aida-peradelajden\" width=\"300\" height=\"205\" \/><\/a>23\/03\/09 01:50<\/span><\/em><\/p>\n<p>Aida ka th\u00ebn\u00eb p\u00ebr Adelajden se ka shikime provokuese. \u201cAjo edhe Dritanin e shikon n\u00eb m\u00ebnyr\u00eb provokuese!\u201d- \u00ebsht\u00eb shprehur Aida. Sipas saj, Adelajda po nuk hodhi shikime provokuese, q\u00eb t\u00eb ndjehet e ngacmuar, q\u00eb t\u00eb ndjej\u00eb t\u00ebrheqjen q\u00eb krijon, ajo \u201cnuk b\u00ebn muhabet\u201d. Po sipas Aid\u00ebs, Adelajda k\u00ebshtu e ka krijuar edhe jet\u00ebn jasht\u00eb. Aida ka vazhduar edhe m\u00eb tej, duke th\u00ebn\u00eb se nj\u00eb fem\u00ebr t\u00eb till\u00eb ajo e quante t\u00eb cek\u00ebt e t\u00eb ndyr\u00eb. Sipas saj, nj\u00eb fem\u00ebr e till\u00eb nuk do t\u00eb b\u00ebj\u00eb kurr\u00eb paqe me veten dhe do t\u00eb shkat\u00ebrroj\u00eb gjithmon\u00eb familjen e vet<\/p>\n","protected":false},"excerpt":{"rendered":"<p>23\/03\/09 01:50 Aida ka th\u00ebn\u00eb p\u00ebr Adelajden se ka shikime provokuese. \u201cAjo edhe Dritanin e shikon n\u00eb m\u00ebnyr\u00eb provokuese!\u201d- \u00ebsht\u00eb shprehur Aida. Sipas saj, Adelajda po nuk hodhi shikime provokuese, q\u00eb t\u00eb ndjehet e ngacmuar, q\u00eb t\u00eb ndjej\u00eb t\u00ebrheqjen q\u00eb krijon, ajo \u201cnuk b\u00ebn muhabet\u201d. Po sipas Aid\u00ebs, Adelajda k\u00ebshtu e ka krijuar edhe jet\u00ebn [&hellip;]<\/p>\n","protected":false},"author":1,"featured_media":0,"comment_status":"open","ping_status":"closed","sticky":false,"template":"","format":"standard","meta":{"spay_email":"","jetpack_publicize_message":"","jetpack_is_tweetstorm":false,"jetpack_publicize_feature_enabled":true},"categories":[6502],"tags":[6736,6529,6537,6883,6516,6712,6538,6891],"jetpack_publicize_connections":[],"yoast_head":"<!-- This site is optimized with the Yoast SEO plugin v19.1 - https:\/\/yoast.com\/wordpress\/plugins\/seo\/ -->\n<title>Aida : Adelajda \u00c3\u00absht\u00c3\u00ab provokuese | Big Brother Albania 2<\/title>\n<meta name=\"description\" content=\"Big Brother Albania 2 - Aida ka th\u00c3\u00abn\u00c3\u00ab p\u00c3\u00abr Adelajden se ka shikime provokuese.\" \/>\n<meta name=\"robots\" content=\"index, follow, max-snippet:-1, max-image-preview:large, max-video-preview:-1\" \/>\n<link rel=\"canonical\" href=\"https:\/\/www.visit-ulcinj.com\/blog\/2009\/03\/25\/aida-adelajda-eshte-provokuese\/\" \/>\n<meta property=\"og:locale\" content=\"en_US\" \/>\n<meta property=\"og:type\" content=\"article\" \/>\n<meta property=\"og:title\" content=\"Aida : Adelajda \u00c3\u00absht\u00c3\u00ab provokuese | Big Brother Albania 2\" \/>\n<meta property=\"og:description\" content=\"Big Brother Albania 2 - Aida ka th\u00c3\u00abn\u00c3\u00ab p\u00c3\u00abr Adelajden se ka shikime provokuese.\" \/>\n<meta property=\"og:url\" content=\"https:\/\/www.visit-ulcinj.com\/blog\/2009\/03\/25\/aida-adelajda-eshte-provokuese\/\" \/>\n<meta property=\"og:site_name\" content=\"Lajme nga Ulqini\" \/>\n<meta property=\"article:published_time\" content=\"2009-03-25T09:59:42+00:00\" \/>\n<meta property=\"og:image\" content=\"http:\/\/www.visit-ulcinj.com\/blog\/wp-content\/uploads\/2009\/03\/aida-peradelajden.jpg\" \/>\n<meta name=\"twitter:label1\" content=\"Written by\" \/>\n\t<meta name=\"twitter:data1\" content=\"ulqini\" \/>\n\t<meta name=\"twitter:label2\" content=\"Est. reading time\" \/>\n\t<meta name=\"twitter:data2\" content=\"1 minute\" \/>\n<script type=\"application\/ld+json\" class=\"yoast-schema-graph\">{\"@context\":\"https:\/\/schema.org\",\"@graph\":[{\"@type\":\"WebSite\",\"@id\":\"https:\/\/www.visit-ulcinj.com\/blog\/#website\",\"url\":\"https:\/\/www.visit-ulcinj.com\/blog\/\",\"name\":\"Lajme nga Ulqini\",\"description\":\"Lajme,Vijesti,Ulqini,Ulqin,Crna Gora,Mali i Zi\",\"potentialAction\":[{\"@type\":\"SearchAction\",\"target\":{\"@type\":\"EntryPoint\",\"urlTemplate\":\"https:\/\/www.visit-ulcinj.com\/blog\/?s={search_term_string}\"},\"query-input\":\"required name=search_term_string\"}],\"inLanguage\":\"en-US\"},{\"@type\":\"ImageObject\",\"inLanguage\":\"en-US\",\"@id\":\"https:\/\/www.visit-ulcinj.com\/blog\/2009\/03\/25\/aida-adelajda-eshte-provokuese\/#primaryimage\",\"url\":\"http:\/\/www.visit-ulcinj.com\/blog\/wp-content\/uploads\/2009\/03\/aida-peradelajden.jpg\",\"contentUrl\":\"http:\/\/www.visit-ulcinj.com\/blog\/wp-content\/uploads\/2009\/03\/aida-peradelajden.jpg\"},{\"@type\":\"WebPage\",\"@id\":\"https:\/\/www.visit-ulcinj.com\/blog\/2009\/03\/25\/aida-adelajda-eshte-provokuese\/#webpage\",\"url\":\"https:\/\/www.visit-ulcinj.com\/blog\/2009\/03\/25\/aida-adelajda-eshte-provokuese\/\",\"name\":\"Aida : Adelajda \u00c3\u00absht\u00c3\u00ab provokuese | Big Brother Albania 2\",\"isPartOf\":{\"@id\":\"https:\/\/www.visit-ulcinj.com\/blog\/#website\"},\"primaryImageOfPage\":{\"@id\":\"https:\/\/www.visit-ulcinj.com\/blog\/2009\/03\/25\/aida-adelajda-eshte-provokuese\/#primaryimage\"},\"datePublished\":\"2009-03-25T09:59:42+00:00\",\"dateModified\":\"2009-03-25T09:59:42+00:00\",\"author\":{\"@id\":\"https:\/\/www.visit-ulcinj.com\/blog\/#\/schema\/person\/dcab619c614d3038751c63bc2aadc06d\"},\"description\":\"Big Brother Albania 2 - Aida ka th\u00c3\u00abn\u00c3\u00ab p\u00c3\u00abr Adelajden se ka shikime provokuese.\",\"breadcrumb\":{\"@id\":\"https:\/\/www.visit-ulcinj.com\/blog\/2009\/03\/25\/aida-adelajda-eshte-provokuese\/#breadcrumb\"},\"inLanguage\":\"en-US\",\"potentialAction\":[{\"@type\":\"ReadAction\",\"target\":[\"https:\/\/www.visit-ulcinj.com\/blog\/2009\/03\/25\/aida-adelajda-eshte-provokuese\/\"]}]},{\"@type\":\"BreadcrumbList\",\"@id\":\"https:\/\/www.visit-ulcinj.com\/blog\/2009\/03\/25\/aida-adelajda-eshte-provokuese\/#breadcrumb\",\"itemListElement\":[{\"@type\":\"ListItem\",\"position\":1,\"name\":\"Aida : Adelajda \u00ebsht\u00eb provokuese\"}]},{\"@type\":\"Person\",\"@id\":\"https:\/\/www.visit-ulcinj.com\/blog\/#\/schema\/person\/dcab619c614d3038751c63bc2aadc06d\",\"name\":\"ulqini\",\"sameAs\":[\"http:\/\/www.visit-ulcinj.com\"],\"url\":\"https:\/\/www.visit-ulcinj.com\/blog\/author\/admin\/\"}]}<\/script>\n<!-- \/ Yoast SEO plugin. -->","yoast_head_json":{"title":"Aida : Adelajda \u00c3\u00absht\u00c3\u00ab provokuese | Big Brother Albania 2","description":"Big Brother Albania 2 - Aida ka th\u00c3\u00abn\u00c3\u00ab p\u00c3\u00abr Adelajden se ka shikime provokuese.","robots":{"index":"index","follow":"follow","max-snippet":"max-snippet:-1","max-image-preview":"max-image-preview:large","max-video-preview":"max-video-preview:-1"},"canonical":"https:\/\/www.visit-ulcinj.com\/blog\/2009\/03\/25\/aida-adelajda-eshte-provokuese\/","og_locale":"en_US","og_type":"article","og_title":"Aida : Adelajda \u00c3\u00absht\u00c3\u00ab provokuese | Big Brother Albania 2","og_description":"Big Brother Albania 2 - Aida ka th\u00c3\u00abn\u00c3\u00ab p\u00c3\u00abr Adelajden se ka shikime provokuese.","og_url":"https:\/\/www.visit-ulcinj.com\/blog\/2009\/03\/25\/aida-adelajda-eshte-provokuese\/","og_site_name":"Lajme nga Ulqini","article_published_time":"2009-03-25T09:59:42+00:00","og_image":[{"url":"http:\/\/www.visit-ulcinj.com\/blog\/wp-content\/uploads\/2009\/03\/aida-peradelajden.jpg"}],"twitter_misc":{"Written by":"ulqini","Est. reading time":"1 minute"},"schema":{"@context":"https:\/\/schema.org","@graph":[{"@type":"WebSite","@id":"https:\/\/www.visit-ulcinj.com\/blog\/#website","url":"https:\/\/www.visit-ulcinj.com\/blog\/","name":"Lajme nga Ulqini","description":"Lajme,Vijesti,Ulqini,Ulqin,Crna Gora,Mali i Zi","potentialAction":[{"@type":"SearchAction","target":{"@type":"EntryPoint","urlTemplate":"https:\/\/www.visit-ulcinj.com\/blog\/?s={search_term_string}"},"query-input":"required name=search_term_string"}],"inLanguage":"en-US"},{"@type":"ImageObject","inLanguage":"en-US","@id":"https:\/\/www.visit-ulcinj.com\/blog\/2009\/03\/25\/aida-adelajda-eshte-provokuese\/#primaryimage","url":"http:\/\/www.visit-ulcinj.com\/blog\/wp-content\/uploads\/2009\/03\/aida-peradelajden.jpg","contentUrl":"http:\/\/www.visit-ulcinj.com\/blog\/wp-content\/uploads\/2009\/03\/aida-peradelajden.jpg"},{"@type":"WebPage","@id":"https:\/\/www.visit-ulcinj.com\/blog\/2009\/03\/25\/aida-adelajda-eshte-provokuese\/#webpage","url":"https:\/\/www.visit-ulcinj.com\/blog\/2009\/03\/25\/aida-adelajda-eshte-provokuese\/","name":"Aida : Adelajda \u00c3\u00absht\u00c3\u00ab provokuese | Big Brother Albania 2","isPartOf":{"@id":"https:\/\/www.visit-ulcinj.com\/blog\/#website"},"primaryImageOfPage":{"@id":"https:\/\/www.visit-ulcinj.com\/blog\/2009\/03\/25\/aida-adelajda-eshte-provokuese\/#primaryimage"},"datePublished":"2009-03-25T09:59:42+00:00","dateModified":"2009-03-25T09:59:42+00:00","author":{"@id":"https:\/\/www.visit-ulcinj.com\/blog\/#\/schema\/person\/dcab619c614d3038751c63bc2aadc06d"},"description":"Big Brother Albania 2 - Aida ka th\u00c3\u00abn\u00c3\u00ab p\u00c3\u00abr Adelajden se ka shikime provokuese.","breadcrumb":{"@id":"https:\/\/www.visit-ulcinj.com\/blog\/2009\/03\/25\/aida-adelajda-eshte-provokuese\/#breadcrumb"},"inLanguage":"en-US","potentialAction":[{"@type":"ReadAction","target":["https:\/\/www.visit-ulcinj.com\/blog\/2009\/03\/25\/aida-adelajda-eshte-provokuese\/"]}]},{"@type":"BreadcrumbList","@id":"https:\/\/www.visit-ulcinj.com\/blog\/2009\/03\/25\/aida-adelajda-eshte-provokuese\/#breadcrumb","itemListElement":[{"@type":"ListItem","position":1,"name":"Aida : Adelajda \u00ebsht\u00eb provokuese"}]},{"@type":"Person","@id":"https:\/\/www.visit-ulcinj.com\/blog\/#\/schema\/person\/dcab619c614d3038751c63bc2aadc06d","name":"ulqini","sameAs":["http:\/\/www.visit-ulcinj.com"],"url":"https:\/\/www.visit-ulcinj.com\/blog\/author\/admin\/"}]}},"jetpack_featured_media_url":"","jetpack_sharing_enabled":true,"jetpack_shortlink":"https:\/\/wp.me\/pe6lTn-41G","_links":{"self":[{"href":"https:\/\/www.visit-ulcinj.com\/blog\/wp-json\/wp\/v2\/posts\/15480"}],"collection":[{"href":"https:\/\/www.visit-ulcinj.com\/blog\/wp-json\/wp\/v2\/posts"}],"about":[{"href":"https:\/\/www.visit-ulcinj.com\/blog\/wp-json\/wp\/v2\/types\/post"}],"author":[{"embeddable":true,"href":"https:\/\/www.visit-ulcinj.com\/blog\/wp-json\/wp\/v2\/users\/1"}],"replies":[{"embeddable":true,"href":"https:\/\/www.visit-ulcinj.com\/blog\/wp-json\/wp\/v2\/comments?post=15480"}],"version-history":[{"count":0,"href":"https:\/\/www.visit-ulcinj.com\/blog\/wp-json\/wp\/v2\/posts\/15480\/revisions"}],"wp:attachment":[{"href":"https:\/\/www.visit-ulcinj.com\/blog\/wp-json\/wp\/v2\/media?parent=15480"}],"wp:term":[{"taxonomy":"category","embeddable":true,"href":"https:\/\/www.visit-ulcinj.com\/blog\/wp-json\/wp\/v2\/categories?post=15480"},{"taxonomy":"post_tag","embeddable":true,"href":"https:\/\/www.visit-ulcinj.com\/blog\/wp-json\/wp\/v2\/tags?post=15480"}],"curies":[{"name":"wp","href":"https:\/\/api.w.org\/{rel}","templated":true}]}}