{"id":15483,"date":"2009-03-25T11:32:37","date_gmt":"2009-03-25T10:32:37","guid":{"rendered":"http:\/\/www.visit-ulcinj.com\/blog\/?p=15483"},"modified":"2009-03-25T11:32:37","modified_gmt":"2009-03-25T10:32:37","slug":"ani-dhe-aida-kam-probleme-me-leximin","status":"publish","type":"post","link":"https:\/\/www.visit-ulcinj.com\/blog\/2009\/03\/25\/ani-dhe-aida-kam-probleme-me-leximin\/","title":{"rendered":"Ani dhe Aida : Kam probleme me leximin"},"content":{"rendered":"<p><em><span class=\"newsdate\"><a href=\"http:\/\/www.visit-ulcinj.com\/blog\/wp-content\/uploads\/2009\/03\/ani-dhe-aida.jpg\"><img loading=\"lazy\" class=\"alignleft size-full wp-image-15484\" title=\"ani-dhe-aida-big-brother-albania-2\" src=\"http:\/\/www.visit-ulcinj.com\/blog\/wp-content\/uploads\/2009\/03\/ani-dhe-aida.jpg\" alt=\"ani-dhe-aida-big-brother-albania-2\" width=\"300\" height=\"205\" \/><\/a>23\/03\/09 01:57<\/span><\/em><\/p>\n<p>Ani, duke biseduar me Aid\u00ebn dhe Arjoni ka th\u00ebn\u00eb se kishte probleme me leximin. Ai ka th\u00ebn\u00eb se ka shum\u00eb v\u00ebshtir\u00ebsi p\u00ebr t\u00eb lexuar. Aida dhe Arjoni i kan\u00eb th\u00ebn\u00eb se nuk duhet ta ket\u00eb problem apo t\u00eb kompleksohet nga kjo gj\u00eb, sepse edhe ata, n\u00eb momente t\u00eb caktuara, sidomos kur u \u00ebsht\u00eb dashur t\u00eb lexojn\u00eb me z\u00eb t\u00eb lart\u00eb, p.sh list\u00ebn e buxhetit, jan\u00eb gjendur p\u00ebrpara nj\u00eb v\u00ebshtir\u00ebsie t\u00eb till\u00eb.<\/p>\n","protected":false},"excerpt":{"rendered":"<p>23\/03\/09 01:57 Ani, duke biseduar me Aid\u00ebn dhe Arjoni ka th\u00ebn\u00eb se kishte probleme me leximin. Ai ka th\u00ebn\u00eb se ka shum\u00eb v\u00ebshtir\u00ebsi p\u00ebr t\u00eb lexuar. Aida dhe Arjoni i kan\u00eb th\u00ebn\u00eb se nuk duhet ta ket\u00eb problem apo t\u00eb kompleksohet nga kjo gj\u00eb, sepse edhe ata, n\u00eb momente t\u00eb caktuara, sidomos kur u \u00ebsht\u00eb [&hellip;]<\/p>\n","protected":false},"author":1,"featured_media":0,"comment_status":"open","ping_status":"closed","sticky":false,"template":"","format":"standard","meta":{"spay_email":"","jetpack_publicize_message":"","jetpack_is_tweetstorm":false,"jetpack_publicize_feature_enabled":true},"categories":[6502],"tags":[6537,8290,6525,6883,6516,6712,6891],"jetpack_publicize_connections":[],"yoast_head":"<!-- This site is optimized with the Yoast SEO plugin v19.1 - https:\/\/yoast.com\/wordpress\/plugins\/seo\/ -->\n<title>Ani dhe Aida : Kam probleme me leximin | Big Brother Albania 2<\/title>\n<meta name=\"description\" content=\"Big Brother Albania 2 - Ani, duke biseduar me Aid\u00c3\u00abn dhe Arjoni ka th\u00c3\u00abn\u00c3\u00ab se kishte probleme me leximin.\" \/>\n<meta name=\"robots\" content=\"index, follow, max-snippet:-1, max-image-preview:large, max-video-preview:-1\" \/>\n<link rel=\"canonical\" href=\"https:\/\/www.visit-ulcinj.com\/blog\/2009\/03\/25\/ani-dhe-aida-kam-probleme-me-leximin\/\" \/>\n<meta property=\"og:locale\" content=\"en_US\" \/>\n<meta property=\"og:type\" content=\"article\" \/>\n<meta property=\"og:title\" content=\"Ani dhe Aida : Kam probleme me leximin | Big Brother Albania 2\" \/>\n<meta property=\"og:description\" content=\"Big Brother Albania 2 - Ani, duke biseduar me Aid\u00c3\u00abn dhe Arjoni ka th\u00c3\u00abn\u00c3\u00ab se kishte probleme me leximin.\" \/>\n<meta property=\"og:url\" content=\"https:\/\/www.visit-ulcinj.com\/blog\/2009\/03\/25\/ani-dhe-aida-kam-probleme-me-leximin\/\" \/>\n<meta property=\"og:site_name\" content=\"Lajme nga Ulqini\" \/>\n<meta property=\"article:published_time\" content=\"2009-03-25T10:32:37+00:00\" \/>\n<meta property=\"og:image\" content=\"http:\/\/www.visit-ulcinj.com\/blog\/wp-content\/uploads\/2009\/03\/ani-dhe-aida.jpg\" \/>\n<meta name=\"twitter:label1\" content=\"Written by\" \/>\n\t<meta name=\"twitter:data1\" content=\"ulqini\" \/>\n<script type=\"application\/ld+json\" class=\"yoast-schema-graph\">{\"@context\":\"https:\/\/schema.org\",\"@graph\":[{\"@type\":\"WebSite\",\"@id\":\"https:\/\/www.visit-ulcinj.com\/blog\/#website\",\"url\":\"https:\/\/www.visit-ulcinj.com\/blog\/\",\"name\":\"Lajme nga Ulqini\",\"description\":\"Lajme,Vijesti,Ulqini,Ulqin,Crna Gora,Mali i Zi\",\"potentialAction\":[{\"@type\":\"SearchAction\",\"target\":{\"@type\":\"EntryPoint\",\"urlTemplate\":\"https:\/\/www.visit-ulcinj.com\/blog\/?s={search_term_string}\"},\"query-input\":\"required name=search_term_string\"}],\"inLanguage\":\"en-US\"},{\"@type\":\"ImageObject\",\"inLanguage\":\"en-US\",\"@id\":\"https:\/\/www.visit-ulcinj.com\/blog\/2009\/03\/25\/ani-dhe-aida-kam-probleme-me-leximin\/#primaryimage\",\"url\":\"http:\/\/www.visit-ulcinj.com\/blog\/wp-content\/uploads\/2009\/03\/ani-dhe-aida.jpg\",\"contentUrl\":\"http:\/\/www.visit-ulcinj.com\/blog\/wp-content\/uploads\/2009\/03\/ani-dhe-aida.jpg\"},{\"@type\":\"WebPage\",\"@id\":\"https:\/\/www.visit-ulcinj.com\/blog\/2009\/03\/25\/ani-dhe-aida-kam-probleme-me-leximin\/#webpage\",\"url\":\"https:\/\/www.visit-ulcinj.com\/blog\/2009\/03\/25\/ani-dhe-aida-kam-probleme-me-leximin\/\",\"name\":\"Ani dhe Aida : Kam probleme me leximin | Big Brother Albania 2\",\"isPartOf\":{\"@id\":\"https:\/\/www.visit-ulcinj.com\/blog\/#website\"},\"primaryImageOfPage\":{\"@id\":\"https:\/\/www.visit-ulcinj.com\/blog\/2009\/03\/25\/ani-dhe-aida-kam-probleme-me-leximin\/#primaryimage\"},\"datePublished\":\"2009-03-25T10:32:37+00:00\",\"dateModified\":\"2009-03-25T10:32:37+00:00\",\"author\":{\"@id\":\"https:\/\/www.visit-ulcinj.com\/blog\/#\/schema\/person\/dcab619c614d3038751c63bc2aadc06d\"},\"description\":\"Big Brother Albania 2 - Ani, duke biseduar me Aid\u00c3\u00abn dhe Arjoni ka th\u00c3\u00abn\u00c3\u00ab se kishte probleme me leximin.\",\"breadcrumb\":{\"@id\":\"https:\/\/www.visit-ulcinj.com\/blog\/2009\/03\/25\/ani-dhe-aida-kam-probleme-me-leximin\/#breadcrumb\"},\"inLanguage\":\"en-US\",\"potentialAction\":[{\"@type\":\"ReadAction\",\"target\":[\"https:\/\/www.visit-ulcinj.com\/blog\/2009\/03\/25\/ani-dhe-aida-kam-probleme-me-leximin\/\"]}]},{\"@type\":\"BreadcrumbList\",\"@id\":\"https:\/\/www.visit-ulcinj.com\/blog\/2009\/03\/25\/ani-dhe-aida-kam-probleme-me-leximin\/#breadcrumb\",\"itemListElement\":[{\"@type\":\"ListItem\",\"position\":1,\"name\":\"Ani dhe Aida : Kam probleme me leximin\"}]},{\"@type\":\"Person\",\"@id\":\"https:\/\/www.visit-ulcinj.com\/blog\/#\/schema\/person\/dcab619c614d3038751c63bc2aadc06d\",\"name\":\"ulqini\",\"sameAs\":[\"http:\/\/www.visit-ulcinj.com\"],\"url\":\"https:\/\/www.visit-ulcinj.com\/blog\/author\/admin\/\"}]}<\/script>\n<!-- \/ Yoast SEO plugin. -->","yoast_head_json":{"title":"Ani dhe Aida : Kam probleme me leximin | Big Brother Albania 2","description":"Big Brother Albania 2 - Ani, duke biseduar me Aid\u00c3\u00abn dhe Arjoni ka th\u00c3\u00abn\u00c3\u00ab se kishte probleme me leximin.","robots":{"index":"index","follow":"follow","max-snippet":"max-snippet:-1","max-image-preview":"max-image-preview:large","max-video-preview":"max-video-preview:-1"},"canonical":"https:\/\/www.visit-ulcinj.com\/blog\/2009\/03\/25\/ani-dhe-aida-kam-probleme-me-leximin\/","og_locale":"en_US","og_type":"article","og_title":"Ani dhe Aida : Kam probleme me leximin | Big Brother Albania 2","og_description":"Big Brother Albania 2 - Ani, duke biseduar me Aid\u00c3\u00abn dhe Arjoni ka th\u00c3\u00abn\u00c3\u00ab se kishte probleme me leximin.","og_url":"https:\/\/www.visit-ulcinj.com\/blog\/2009\/03\/25\/ani-dhe-aida-kam-probleme-me-leximin\/","og_site_name":"Lajme nga Ulqini","article_published_time":"2009-03-25T10:32:37+00:00","og_image":[{"url":"http:\/\/www.visit-ulcinj.com\/blog\/wp-content\/uploads\/2009\/03\/ani-dhe-aida.jpg"}],"twitter_misc":{"Written by":"ulqini"},"schema":{"@context":"https:\/\/schema.org","@graph":[{"@type":"WebSite","@id":"https:\/\/www.visit-ulcinj.com\/blog\/#website","url":"https:\/\/www.visit-ulcinj.com\/blog\/","name":"Lajme nga Ulqini","description":"Lajme,Vijesti,Ulqini,Ulqin,Crna Gora,Mali i Zi","potentialAction":[{"@type":"SearchAction","target":{"@type":"EntryPoint","urlTemplate":"https:\/\/www.visit-ulcinj.com\/blog\/?s={search_term_string}"},"query-input":"required name=search_term_string"}],"inLanguage":"en-US"},{"@type":"ImageObject","inLanguage":"en-US","@id":"https:\/\/www.visit-ulcinj.com\/blog\/2009\/03\/25\/ani-dhe-aida-kam-probleme-me-leximin\/#primaryimage","url":"http:\/\/www.visit-ulcinj.com\/blog\/wp-content\/uploads\/2009\/03\/ani-dhe-aida.jpg","contentUrl":"http:\/\/www.visit-ulcinj.com\/blog\/wp-content\/uploads\/2009\/03\/ani-dhe-aida.jpg"},{"@type":"WebPage","@id":"https:\/\/www.visit-ulcinj.com\/blog\/2009\/03\/25\/ani-dhe-aida-kam-probleme-me-leximin\/#webpage","url":"https:\/\/www.visit-ulcinj.com\/blog\/2009\/03\/25\/ani-dhe-aida-kam-probleme-me-leximin\/","name":"Ani dhe Aida : Kam probleme me leximin | Big Brother Albania 2","isPartOf":{"@id":"https:\/\/www.visit-ulcinj.com\/blog\/#website"},"primaryImageOfPage":{"@id":"https:\/\/www.visit-ulcinj.com\/blog\/2009\/03\/25\/ani-dhe-aida-kam-probleme-me-leximin\/#primaryimage"},"datePublished":"2009-03-25T10:32:37+00:00","dateModified":"2009-03-25T10:32:37+00:00","author":{"@id":"https:\/\/www.visit-ulcinj.com\/blog\/#\/schema\/person\/dcab619c614d3038751c63bc2aadc06d"},"description":"Big Brother Albania 2 - Ani, duke biseduar me Aid\u00c3\u00abn dhe Arjoni ka th\u00c3\u00abn\u00c3\u00ab se kishte probleme me leximin.","breadcrumb":{"@id":"https:\/\/www.visit-ulcinj.com\/blog\/2009\/03\/25\/ani-dhe-aida-kam-probleme-me-leximin\/#breadcrumb"},"inLanguage":"en-US","potentialAction":[{"@type":"ReadAction","target":["https:\/\/www.visit-ulcinj.com\/blog\/2009\/03\/25\/ani-dhe-aida-kam-probleme-me-leximin\/"]}]},{"@type":"BreadcrumbList","@id":"https:\/\/www.visit-ulcinj.com\/blog\/2009\/03\/25\/ani-dhe-aida-kam-probleme-me-leximin\/#breadcrumb","itemListElement":[{"@type":"ListItem","position":1,"name":"Ani dhe Aida : Kam probleme me leximin"}]},{"@type":"Person","@id":"https:\/\/www.visit-ulcinj.com\/blog\/#\/schema\/person\/dcab619c614d3038751c63bc2aadc06d","name":"ulqini","sameAs":["http:\/\/www.visit-ulcinj.com"],"url":"https:\/\/www.visit-ulcinj.com\/blog\/author\/admin\/"}]}},"jetpack_featured_media_url":"","jetpack_sharing_enabled":true,"jetpack_shortlink":"https:\/\/wp.me\/pe6lTn-41J","_links":{"self":[{"href":"https:\/\/www.visit-ulcinj.com\/blog\/wp-json\/wp\/v2\/posts\/15483"}],"collection":[{"href":"https:\/\/www.visit-ulcinj.com\/blog\/wp-json\/wp\/v2\/posts"}],"about":[{"href":"https:\/\/www.visit-ulcinj.com\/blog\/wp-json\/wp\/v2\/types\/post"}],"author":[{"embeddable":true,"href":"https:\/\/www.visit-ulcinj.com\/blog\/wp-json\/wp\/v2\/users\/1"}],"replies":[{"embeddable":true,"href":"https:\/\/www.visit-ulcinj.com\/blog\/wp-json\/wp\/v2\/comments?post=15483"}],"version-history":[{"count":0,"href":"https:\/\/www.visit-ulcinj.com\/blog\/wp-json\/wp\/v2\/posts\/15483\/revisions"}],"wp:attachment":[{"href":"https:\/\/www.visit-ulcinj.com\/blog\/wp-json\/wp\/v2\/media?parent=15483"}],"wp:term":[{"taxonomy":"category","embeddable":true,"href":"https:\/\/www.visit-ulcinj.com\/blog\/wp-json\/wp\/v2\/categories?post=15483"},{"taxonomy":"post_tag","embeddable":true,"href":"https:\/\/www.visit-ulcinj.com\/blog\/wp-json\/wp\/v2\/tags?post=15483"}],"curies":[{"name":"wp","href":"https:\/\/api.w.org\/{rel}","templated":true}]}}