{"id":15486,"date":"2009-03-25T11:36:16","date_gmt":"2009-03-25T10:36:16","guid":{"rendered":"http:\/\/www.visit-ulcinj.com\/blog\/?p=15486"},"modified":"2009-03-25T11:36:16","modified_gmt":"2009-03-25T10:36:16","slug":"adelajda-dhe-bjordi-ti-nuk-ke-kurajo","status":"publish","type":"post","link":"https:\/\/www.visit-ulcinj.com\/blog\/2009\/03\/25\/adelajda-dhe-bjordi-ti-nuk-ke-kurajo\/","title":{"rendered":"Adelajda dhe Bjordi : Ti nuk ke kurajo"},"content":{"rendered":"<p><em><span class=\"newsdate\"><a href=\"http:\/\/www.visit-ulcinj.com\/blog\/wp-content\/uploads\/2009\/03\/adelajda-dhe-bjordi-bba.jpg\"><img loading=\"lazy\" class=\"alignleft size-full wp-image-15487\" title=\"adelajda-dhe-bjordi-bba\" src=\"http:\/\/www.visit-ulcinj.com\/blog\/wp-content\/uploads\/2009\/03\/adelajda-dhe-bjordi-bba.jpg\" alt=\"adelajda-dhe-bjordi-bba\" width=\"300\" height=\"205\" \/><\/a>23\/03\/09 02:10<\/span><\/em><\/p>\n<p>\u201cTi nuk ke kapur nj\u00ebher\u00eb nj\u00eb lib\u00ebr shkencor dhe ta lexosh p\u00ebr t\u00eb krijuar bindjen t\u00ebnde!\u201d- i ka th\u00ebn\u00eb Bjordi Adelajades, gjat\u00eb nj\u00eb diskutimi mbi jet\u00ebn, gjenez\u00ebn, klonimin dhe argumenta t\u00eb ngjashme, ku Adelajda mbronte prejardhjen nga zoti nd\u00ebrsa Bjordi t\u00eb kund\u00ebrt\u00ebn. Fillimisht biseda u zhvillua mes gjith\u00eb banor\u00ebve, por m\u00eb pas Adela dhe Bjordi e vazhduan diskutimin e tyre m\u00eb vete. Sipas Bjordit, Adelajda nuk ka kurajo t\u2019i thot\u00eb gj\u00ebrat hapur se kishte frik\u00eb se mos l\u00ebndonte njeri. Ajo i ka th\u00ebn\u00eb, pas diskutimesh t\u00eb shumta se preferonte ta zhvillonin k\u00ebt\u00eb bised\u00eb kur t\u00eb ishin jasht\u00eb dhe t\u00eb ishin rehat dhe jo n\u00eb sht\u00ebpin\u00eb e Big Brother. Ajo ka shtuar se ai duhet ta respektoj\u00eb at\u00eb. \u201cUn\u00eb t\u00eb respektoj\u00eb ty, por jo injoranc\u00ebn!\u201d \u2013 i ka th\u00ebn\u00eb Bjordi. Ai ka shtuar se m\u00eb rehat se \u00e7\u2019ishin k\u00ebtu, ku nuk kishin asgj\u00eb p\u00ebr t\u00eb b\u00ebr\u00eb p\u00ebrve\u00e7se t\u00eb flisnin, nuk mund t\u00eb ishin askund tjet\u00ebr.<\/p>\n","protected":false},"excerpt":{"rendered":"<p>23\/03\/09 02:10 \u201cTi nuk ke kapur nj\u00ebher\u00eb nj\u00eb lib\u00ebr shkencor dhe ta lexosh p\u00ebr t\u00eb krijuar bindjen t\u00ebnde!\u201d- i ka th\u00ebn\u00eb Bjordi Adelajades, gjat\u00eb nj\u00eb diskutimi mbi jet\u00ebn, gjenez\u00ebn, klonimin dhe argumenta t\u00eb ngjashme, ku Adelajda mbronte prejardhjen nga zoti nd\u00ebrsa Bjordi t\u00eb kund\u00ebrt\u00ebn. Fillimisht biseda u zhvillua mes gjith\u00eb banor\u00ebve, por m\u00eb pas Adela [&hellip;]<\/p>\n","protected":false},"author":1,"featured_media":0,"comment_status":"open","ping_status":"closed","sticky":false,"template":"","format":"standard","meta":{"spay_email":"","jetpack_publicize_message":"","jetpack_is_tweetstorm":false,"jetpack_publicize_feature_enabled":true},"categories":[6502],"tags":[6529,5057,6506,6516,6712,7129,6522,6891,6693,6887],"jetpack_publicize_connections":[],"yoast_head":"<!-- This site is optimized with the Yoast SEO plugin v19.1 - https:\/\/yoast.com\/wordpress\/plugins\/seo\/ -->\n<title>Adelajda dhe Bjordi : Ti nuk ke kurajo | Big Brother Albania 2<\/title>\n<meta name=\"description\" content=\"Big Brother Albania 2 - \u00e2\u20ac\u0153Ti nuk ke kapur nj\u00c3\u00abher\u00c3\u00ab nj\u00c3\u00ab lib\u00c3\u00abr shkencor dhe ta lexosh p\u00c3\u00abr t\u00c3\u00ab krijuar bindjen t\u00c3\u00abnde!\u00e2\u20ac\u009d- i ka th\u00c3\u00abn\u00c3\u00ab Bjordi Adelajade\" \/>\n<meta name=\"robots\" content=\"index, follow, max-snippet:-1, max-image-preview:large, max-video-preview:-1\" \/>\n<link rel=\"canonical\" href=\"https:\/\/www.visit-ulcinj.com\/blog\/2009\/03\/25\/adelajda-dhe-bjordi-ti-nuk-ke-kurajo\/\" \/>\n<meta property=\"og:locale\" content=\"en_US\" \/>\n<meta property=\"og:type\" content=\"article\" \/>\n<meta property=\"og:title\" content=\"Adelajda dhe Bjordi : Ti nuk ke kurajo | Big Brother Albania 2\" \/>\n<meta property=\"og:description\" content=\"Big Brother Albania 2 - \u00e2\u20ac\u0153Ti nuk ke kapur nj\u00c3\u00abher\u00c3\u00ab nj\u00c3\u00ab lib\u00c3\u00abr shkencor dhe ta lexosh p\u00c3\u00abr t\u00c3\u00ab krijuar bindjen t\u00c3\u00abnde!\u00e2\u20ac\u009d- i ka th\u00c3\u00abn\u00c3\u00ab Bjordi Adelajade\" \/>\n<meta property=\"og:url\" content=\"https:\/\/www.visit-ulcinj.com\/blog\/2009\/03\/25\/adelajda-dhe-bjordi-ti-nuk-ke-kurajo\/\" \/>\n<meta property=\"og:site_name\" content=\"Lajme nga Ulqini\" \/>\n<meta property=\"article:published_time\" content=\"2009-03-25T10:36:16+00:00\" \/>\n<meta property=\"og:image\" content=\"http:\/\/www.visit-ulcinj.com\/blog\/wp-content\/uploads\/2009\/03\/adelajda-dhe-bjordi-bba.jpg\" \/>\n<meta name=\"twitter:label1\" content=\"Written by\" \/>\n\t<meta name=\"twitter:data1\" content=\"ulqini\" \/>\n\t<meta name=\"twitter:label2\" content=\"Est. reading time\" \/>\n\t<meta name=\"twitter:data2\" content=\"1 minute\" \/>\n<script type=\"application\/ld+json\" class=\"yoast-schema-graph\">{\"@context\":\"https:\/\/schema.org\",\"@graph\":[{\"@type\":\"WebSite\",\"@id\":\"https:\/\/www.visit-ulcinj.com\/blog\/#website\",\"url\":\"https:\/\/www.visit-ulcinj.com\/blog\/\",\"name\":\"Lajme nga Ulqini\",\"description\":\"Lajme,Vijesti,Ulqini,Ulqin,Crna Gora,Mali i Zi\",\"potentialAction\":[{\"@type\":\"SearchAction\",\"target\":{\"@type\":\"EntryPoint\",\"urlTemplate\":\"https:\/\/www.visit-ulcinj.com\/blog\/?s={search_term_string}\"},\"query-input\":\"required name=search_term_string\"}],\"inLanguage\":\"en-US\"},{\"@type\":\"ImageObject\",\"inLanguage\":\"en-US\",\"@id\":\"https:\/\/www.visit-ulcinj.com\/blog\/2009\/03\/25\/adelajda-dhe-bjordi-ti-nuk-ke-kurajo\/#primaryimage\",\"url\":\"http:\/\/www.visit-ulcinj.com\/blog\/wp-content\/uploads\/2009\/03\/adelajda-dhe-bjordi-bba.jpg\",\"contentUrl\":\"http:\/\/www.visit-ulcinj.com\/blog\/wp-content\/uploads\/2009\/03\/adelajda-dhe-bjordi-bba.jpg\"},{\"@type\":\"WebPage\",\"@id\":\"https:\/\/www.visit-ulcinj.com\/blog\/2009\/03\/25\/adelajda-dhe-bjordi-ti-nuk-ke-kurajo\/#webpage\",\"url\":\"https:\/\/www.visit-ulcinj.com\/blog\/2009\/03\/25\/adelajda-dhe-bjordi-ti-nuk-ke-kurajo\/\",\"name\":\"Adelajda dhe Bjordi : Ti nuk ke kurajo | Big Brother Albania 2\",\"isPartOf\":{\"@id\":\"https:\/\/www.visit-ulcinj.com\/blog\/#website\"},\"primaryImageOfPage\":{\"@id\":\"https:\/\/www.visit-ulcinj.com\/blog\/2009\/03\/25\/adelajda-dhe-bjordi-ti-nuk-ke-kurajo\/#primaryimage\"},\"datePublished\":\"2009-03-25T10:36:16+00:00\",\"dateModified\":\"2009-03-25T10:36:16+00:00\",\"author\":{\"@id\":\"https:\/\/www.visit-ulcinj.com\/blog\/#\/schema\/person\/dcab619c614d3038751c63bc2aadc06d\"},\"description\":\"Big Brother Albania 2 - \u00e2\u20ac\u0153Ti nuk ke kapur nj\u00c3\u00abher\u00c3\u00ab nj\u00c3\u00ab lib\u00c3\u00abr shkencor dhe ta lexosh p\u00c3\u00abr t\u00c3\u00ab krijuar bindjen t\u00c3\u00abnde!\u00e2\u20ac\u009d- i ka th\u00c3\u00abn\u00c3\u00ab Bjordi Adelajade\",\"breadcrumb\":{\"@id\":\"https:\/\/www.visit-ulcinj.com\/blog\/2009\/03\/25\/adelajda-dhe-bjordi-ti-nuk-ke-kurajo\/#breadcrumb\"},\"inLanguage\":\"en-US\",\"potentialAction\":[{\"@type\":\"ReadAction\",\"target\":[\"https:\/\/www.visit-ulcinj.com\/blog\/2009\/03\/25\/adelajda-dhe-bjordi-ti-nuk-ke-kurajo\/\"]}]},{\"@type\":\"BreadcrumbList\",\"@id\":\"https:\/\/www.visit-ulcinj.com\/blog\/2009\/03\/25\/adelajda-dhe-bjordi-ti-nuk-ke-kurajo\/#breadcrumb\",\"itemListElement\":[{\"@type\":\"ListItem\",\"position\":1,\"name\":\"Adelajda dhe Bjordi : Ti nuk ke kurajo\"}]},{\"@type\":\"Person\",\"@id\":\"https:\/\/www.visit-ulcinj.com\/blog\/#\/schema\/person\/dcab619c614d3038751c63bc2aadc06d\",\"name\":\"ulqini\",\"sameAs\":[\"http:\/\/www.visit-ulcinj.com\"],\"url\":\"https:\/\/www.visit-ulcinj.com\/blog\/author\/admin\/\"}]}<\/script>\n<!-- \/ Yoast SEO plugin. -->","yoast_head_json":{"title":"Adelajda dhe Bjordi : Ti nuk ke kurajo | Big Brother Albania 2","description":"Big Brother Albania 2 - \u00e2\u20ac\u0153Ti nuk ke kapur nj\u00c3\u00abher\u00c3\u00ab nj\u00c3\u00ab lib\u00c3\u00abr shkencor dhe ta lexosh p\u00c3\u00abr t\u00c3\u00ab krijuar bindjen t\u00c3\u00abnde!\u00e2\u20ac\u009d- i ka th\u00c3\u00abn\u00c3\u00ab Bjordi Adelajade","robots":{"index":"index","follow":"follow","max-snippet":"max-snippet:-1","max-image-preview":"max-image-preview:large","max-video-preview":"max-video-preview:-1"},"canonical":"https:\/\/www.visit-ulcinj.com\/blog\/2009\/03\/25\/adelajda-dhe-bjordi-ti-nuk-ke-kurajo\/","og_locale":"en_US","og_type":"article","og_title":"Adelajda dhe Bjordi : Ti nuk ke kurajo | Big Brother Albania 2","og_description":"Big Brother Albania 2 - \u00e2\u20ac\u0153Ti nuk ke kapur nj\u00c3\u00abher\u00c3\u00ab nj\u00c3\u00ab lib\u00c3\u00abr shkencor dhe ta lexosh p\u00c3\u00abr t\u00c3\u00ab krijuar bindjen t\u00c3\u00abnde!\u00e2\u20ac\u009d- i ka th\u00c3\u00abn\u00c3\u00ab Bjordi Adelajade","og_url":"https:\/\/www.visit-ulcinj.com\/blog\/2009\/03\/25\/adelajda-dhe-bjordi-ti-nuk-ke-kurajo\/","og_site_name":"Lajme nga Ulqini","article_published_time":"2009-03-25T10:36:16+00:00","og_image":[{"url":"http:\/\/www.visit-ulcinj.com\/blog\/wp-content\/uploads\/2009\/03\/adelajda-dhe-bjordi-bba.jpg"}],"twitter_misc":{"Written by":"ulqini","Est. reading time":"1 minute"},"schema":{"@context":"https:\/\/schema.org","@graph":[{"@type":"WebSite","@id":"https:\/\/www.visit-ulcinj.com\/blog\/#website","url":"https:\/\/www.visit-ulcinj.com\/blog\/","name":"Lajme nga Ulqini","description":"Lajme,Vijesti,Ulqini,Ulqin,Crna Gora,Mali i Zi","potentialAction":[{"@type":"SearchAction","target":{"@type":"EntryPoint","urlTemplate":"https:\/\/www.visit-ulcinj.com\/blog\/?s={search_term_string}"},"query-input":"required name=search_term_string"}],"inLanguage":"en-US"},{"@type":"ImageObject","inLanguage":"en-US","@id":"https:\/\/www.visit-ulcinj.com\/blog\/2009\/03\/25\/adelajda-dhe-bjordi-ti-nuk-ke-kurajo\/#primaryimage","url":"http:\/\/www.visit-ulcinj.com\/blog\/wp-content\/uploads\/2009\/03\/adelajda-dhe-bjordi-bba.jpg","contentUrl":"http:\/\/www.visit-ulcinj.com\/blog\/wp-content\/uploads\/2009\/03\/adelajda-dhe-bjordi-bba.jpg"},{"@type":"WebPage","@id":"https:\/\/www.visit-ulcinj.com\/blog\/2009\/03\/25\/adelajda-dhe-bjordi-ti-nuk-ke-kurajo\/#webpage","url":"https:\/\/www.visit-ulcinj.com\/blog\/2009\/03\/25\/adelajda-dhe-bjordi-ti-nuk-ke-kurajo\/","name":"Adelajda dhe Bjordi : Ti nuk ke kurajo | Big Brother Albania 2","isPartOf":{"@id":"https:\/\/www.visit-ulcinj.com\/blog\/#website"},"primaryImageOfPage":{"@id":"https:\/\/www.visit-ulcinj.com\/blog\/2009\/03\/25\/adelajda-dhe-bjordi-ti-nuk-ke-kurajo\/#primaryimage"},"datePublished":"2009-03-25T10:36:16+00:00","dateModified":"2009-03-25T10:36:16+00:00","author":{"@id":"https:\/\/www.visit-ulcinj.com\/blog\/#\/schema\/person\/dcab619c614d3038751c63bc2aadc06d"},"description":"Big Brother Albania 2 - \u00e2\u20ac\u0153Ti nuk ke kapur nj\u00c3\u00abher\u00c3\u00ab nj\u00c3\u00ab lib\u00c3\u00abr shkencor dhe ta lexosh p\u00c3\u00abr t\u00c3\u00ab krijuar bindjen t\u00c3\u00abnde!\u00e2\u20ac\u009d- i ka th\u00c3\u00abn\u00c3\u00ab Bjordi Adelajade","breadcrumb":{"@id":"https:\/\/www.visit-ulcinj.com\/blog\/2009\/03\/25\/adelajda-dhe-bjordi-ti-nuk-ke-kurajo\/#breadcrumb"},"inLanguage":"en-US","potentialAction":[{"@type":"ReadAction","target":["https:\/\/www.visit-ulcinj.com\/blog\/2009\/03\/25\/adelajda-dhe-bjordi-ti-nuk-ke-kurajo\/"]}]},{"@type":"BreadcrumbList","@id":"https:\/\/www.visit-ulcinj.com\/blog\/2009\/03\/25\/adelajda-dhe-bjordi-ti-nuk-ke-kurajo\/#breadcrumb","itemListElement":[{"@type":"ListItem","position":1,"name":"Adelajda dhe Bjordi : Ti nuk ke kurajo"}]},{"@type":"Person","@id":"https:\/\/www.visit-ulcinj.com\/blog\/#\/schema\/person\/dcab619c614d3038751c63bc2aadc06d","name":"ulqini","sameAs":["http:\/\/www.visit-ulcinj.com"],"url":"https:\/\/www.visit-ulcinj.com\/blog\/author\/admin\/"}]}},"jetpack_featured_media_url":"","jetpack_sharing_enabled":true,"jetpack_shortlink":"https:\/\/wp.me\/pe6lTn-41M","_links":{"self":[{"href":"https:\/\/www.visit-ulcinj.com\/blog\/wp-json\/wp\/v2\/posts\/15486"}],"collection":[{"href":"https:\/\/www.visit-ulcinj.com\/blog\/wp-json\/wp\/v2\/posts"}],"about":[{"href":"https:\/\/www.visit-ulcinj.com\/blog\/wp-json\/wp\/v2\/types\/post"}],"author":[{"embeddable":true,"href":"https:\/\/www.visit-ulcinj.com\/blog\/wp-json\/wp\/v2\/users\/1"}],"replies":[{"embeddable":true,"href":"https:\/\/www.visit-ulcinj.com\/blog\/wp-json\/wp\/v2\/comments?post=15486"}],"version-history":[{"count":0,"href":"https:\/\/www.visit-ulcinj.com\/blog\/wp-json\/wp\/v2\/posts\/15486\/revisions"}],"wp:attachment":[{"href":"https:\/\/www.visit-ulcinj.com\/blog\/wp-json\/wp\/v2\/media?parent=15486"}],"wp:term":[{"taxonomy":"category","embeddable":true,"href":"https:\/\/www.visit-ulcinj.com\/blog\/wp-json\/wp\/v2\/categories?post=15486"},{"taxonomy":"post_tag","embeddable":true,"href":"https:\/\/www.visit-ulcinj.com\/blog\/wp-json\/wp\/v2\/tags?post=15486"}],"curies":[{"name":"wp","href":"https:\/\/api.w.org\/{rel}","templated":true}]}}