{"id":1549,"date":"2008-05-13T12:44:40","date_gmt":"2008-05-13T17:44:40","guid":{"rendered":"http:\/\/www.visit-ulcinj.com\/blog\/?p=1549"},"modified":"2008-05-13T12:44:40","modified_gmt":"2008-05-13T17:44:40","slug":"gzim-hajdinagalobiracemo-na-crnogorsku-vladu-da-prizna-kosovo","status":"publish","type":"post","link":"https:\/\/www.visit-ulcinj.com\/blog\/2008\/05\/13\/gzim-hajdinagalobiracemo-na-crnogorsku-vladu-da-prizna-kosovo\/","title":{"rendered":"Gzim Hajdinaga:Lobira?emo na crnogorsku vladu da prizna Kosovo"},"content":{"rendered":"<p><a href=\"http:\/\/www.visit-ulcinj.com\/blog\/wp-content\/uploads\/2008\/05\/gezim-hajdinaga_0.jpg\"><img loading=\"lazy\" class=\"alignleft attachment wp-att-1550\" style=\"float: left;\" src=\"http:\/\/www.visit-ulcinj.com\/blog\/wp-content\/uploads\/2008\/05\/gezim-hajdinaga_0.thumbnail.jpg\" alt=\"Gzim hajdinaga_Kalamperovic\" width=\"199\" height=\"126\" \/><\/a><strong>\u0160ef ulcinjske op\u0161tine najavio da ?e albanske stranke uticati na zvani?nu podgoricu<\/strong><br \/>\nAlbanske partije u Crnoj Gori nastavi?e uporno da lobiraju da zvani?na Podgorica prizna nezavisnost Kosova ukoliko do po?etka turisti?ke sezone, najkasnije do juna, to ne uradi Vlada CG &#8211; poru?io je Gzim Hajdinaga, predsjednik Op\u0161tine Ulcinj, na turisti?koj prezentaciji u Pri\u0161tini. Kako je saop\u0161teno iz Informativnog centra Kosova, Hajdinaga je to kazao prilikom susreta sa Sadri Feratijem, ministrom za lokalnu upravu.<img loading=\"lazy\" class=\"alignright\" style=\"float: right;\" src=\"http:\/\/www.kosovapress.com\/ks\/repository\/images\/ferati-hajdinaga1_thmb.jpg\" alt=\"sadri ferati_gezim hajdinaga\" width=\"200\" height=\"150\" \/><br \/>\nS obzirom na to da je Hajdinaga biv\u0161i ministar i da ima veoma dobre veze u Vladi Crne Gore njegova izjava dobila je veliki publicitet. Podsjetimo nedavno je Hajdinagin strana?ki \u0161ef, predsjednik Demokratske unije Albanaca u Crnoj Gori Ferhat Dino\u0161a, izjavio da o?ekuje da Podgorica u maju prizna nezavisnost Kosova, \u201ezbog simbolike koju taj mjesec ima za crnogorsku dr\u017eavu.<br \/>\nKabinet predsjednika op\u0161tine Ulcinj saop\u0161tio je ju?e da je najju\u017enija crnogorska op\u0161tina imala uspje\u0161an nastup na sajmu turizma, mode i obrazovanja koji je od sedmog do devetog maja odr\u017ean u Pri\u0161tini. U saop\u0161tenju se, me?utim, ne pominje <a href=\"http:\/\/www.visit-ulcinj.com\/blog\/wp-content\/uploads\/2008\/05\/gzim-hajdinaga_fatmir-sejdiu.jpg\"><img loading=\"lazy\" class=\"alignleft attachment wp-att-1551\" style=\"float: left;\" src=\"http:\/\/www.visit-ulcinj.com\/blog\/wp-content\/uploads\/2008\/05\/gzim-hajdinaga_fatmir-sejdiu.thumbnail.jpg\" alt=\"gzim hajdinaga_fatmir sejdiu\" width=\"200\" height=\"116\" \/><\/a>da je prvi ?ovjek Ulcinja sa bilo kim razgovarao o priznavanju nezavisnosti u Crnoj Gori.<br \/>\nTokom boravka na Kosovu Hajdinaga se susreo sa mnogim kosovskim zvani?nicima, predsjednikom Kosova Fatmirom Sejdiom, ministrima u vladi Kosova i predsjednicima kosovskih op\u0161tina. Posje?eni su svi ve?i gradovi na Kosovu. Hajdinaga je govorio va\u017enosti kojoj Crna Gora posve?uje turizmu kao glavnoj privrednoj grani i realizovanim investicijama u gradu na pripremi ljetnje sezone. Uputio je poziv gra?anima Kosova da i ove sezone Ulcinj posjete u \u0161to ve?em<a href=\"http:\/\/www.visit-ulcinj.com\/blog\/wp-content\/uploads\/2008\/05\/foto-01-hajdinaga_isa-mustafa1.jpg\"><img loading=\"lazy\" class=\"alignright attachment wp-att-1552\" style=\"float: right;\" src=\"http:\/\/www.visit-ulcinj.com\/blog\/wp-content\/uploads\/2008\/05\/foto-01-hajdinaga_isa-mustafa1.thumbnail.jpg\" alt=\"g\u00ebzim hajdinaga_isa mustafa\" width=\"200\" height=\"150\" \/><\/a> broju.On je dodao da je Crna Gora sve privla?nija destinacija za mnoge turiste i da je, \u0161to se sigurnosti ti?e, sasvim bezbjedna. Tako?e je bilo rije?i i o saradnji izme?u institucija &#8211; ka\u017ee se u saop\u0161tenju, u kome se nagla\u0161ava da je Hajdinaga pozvao grupu kosovskih novinara da po?etkom juna budu njegovi gosti u Ulcinju i na taj na?in se detaljnije upoznaju sa pripremama za ljetnu turisti?ku sezonu. Na kraju saop\u0161tenja isti?e se da je \u0161tand Ulcinja bio jedan od najposje?enijih \u0161tandova na sajmu.<br \/>\n<strong> M.K.<br \/>\nIzvor \/ DAN<\/strong><\/p>\n\n\t\t<style type=\"text\/css\">\n\t\t\t#gallery-1 {\n\t\t\t\tmargin: auto;\n\t\t\t}\n\t\t\t#gallery-1 .gallery-item {\n\t\t\t\tfloat: left;\n\t\t\t\tmargin-top: 10px;\n\t\t\t\ttext-align: center;\n\t\t\t\twidth: 33%;\n\t\t\t}\n\t\t\t#gallery-1 img {\n\t\t\t\tborder: 2px solid #cfcfcf;\n\t\t\t}\n\t\t\t#gallery-1 .gallery-caption {\n\t\t\t\tmargin-left: 0;\n\t\t\t}\n\t\t\t\/* see gallery_shortcode() in wp-includes\/media.php *\/\n\t\t<\/style>\n\t\t<div id='gallery-1' class='gallery galleryid-1549 gallery-columns-3 gallery-size-thumbnail'><dl class='gallery-item'>\n\t\t\t<dt class='gallery-icon landscape'>\n\t\t\t\t<a href='https:\/\/www.visit-ulcinj.com\/blog\/2008\/05\/13\/gzim-hajdinagalobiracemo-na-crnogorsku-vladu-da-prizna-kosovo\/gzim-hajdinaga_kalamperovic\/'><img width=\"150\" height=\"91\" src=\"https:\/\/www.visit-ulcinj.com\/blog\/wp-content\/uploads\/2008\/05\/gezim-hajdinaga_0.jpg\" class=\"attachment-thumbnail size-thumbnail\" alt=\"\" loading=\"lazy\" \/><\/a>\n\t\t\t<\/dt><\/dl><dl class='gallery-item'>\n\t\t\t<dt class='gallery-icon landscape'>\n\t\t\t\t<a href='https:\/\/www.visit-ulcinj.com\/blog\/2008\/05\/13\/gzim-hajdinagalobiracemo-na-crnogorsku-vladu-da-prizna-kosovo\/gzim-hajdinaga_fatmir-sejdiu\/'><img width=\"150\" height=\"87\" src=\"https:\/\/www.visit-ulcinj.com\/blog\/wp-content\/uploads\/2008\/05\/gzim-hajdinaga_fatmir-sejdiu.jpg\" class=\"attachment-thumbnail size-thumbnail\" alt=\"\" loading=\"lazy\" \/><\/a>\n\t\t\t<\/dt><\/dl><dl class='gallery-item'>\n\t\t\t<dt class='gallery-icon landscape'>\n\t\t\t\t<a href='https:\/\/www.visit-ulcinj.com\/blog\/2008\/05\/13\/gzim-hajdinagalobiracemo-na-crnogorsku-vladu-da-prizna-kosovo\/gezim-hajdinaga_isa-mustafa\/'><img width=\"150\" height=\"113\" src=\"https:\/\/www.visit-ulcinj.com\/blog\/wp-content\/uploads\/2008\/05\/foto-01-hajdinaga_isa-mustafa1.jpg\" class=\"attachment-thumbnail size-thumbnail\" alt=\"\" loading=\"lazy\" \/><\/a>\n\t\t\t<\/dt><\/dl><br style=\"clear: both\" \/><dl class='gallery-item'>\n\t\t\t<dt class='gallery-icon landscape'>\n\t\t\t\t<a href='https:\/\/www.visit-ulcinj.com\/blog\/2008\/05\/13\/gzim-hajdinagalobiracemo-na-crnogorsku-vladu-da-prizna-kosovo\/ferati-hajdinaga1\/'><img width=\"150\" height=\"113\" src=\"https:\/\/www.visit-ulcinj.com\/blog\/wp-content\/uploads\/2008\/05\/ferati-hajdinaga1_thmb.jpg\" class=\"attachment-thumbnail size-thumbnail\" alt=\"\" loading=\"lazy\" \/><\/a>\n\t\t\t<\/dt><\/dl><dl class='gallery-item'>\n\t\t\t<dt class='gallery-icon landscape'>\n\t\t\t\t<a href='https:\/\/www.visit-ulcinj.com\/blog\/2008\/05\/13\/gzim-hajdinagalobiracemo-na-crnogorsku-vladu-da-prizna-kosovo\/hajdinaga-kurteshi\/'><img width=\"150\" height=\"128\" src=\"https:\/\/www.visit-ulcinj.com\/blog\/wp-content\/uploads\/2008\/05\/hajdinaga-kurteshi100508_thmb.jpg\" class=\"attachment-thumbnail size-thumbnail\" alt=\"\" loading=\"lazy\" \/><\/a>\n\t\t\t<\/dt><\/dl><dl class='gallery-item'>\n\t\t\t<dt class='gallery-icon landscape'>\n\t\t\t\t<a href='https:\/\/www.visit-ulcinj.com\/blog\/2008\/05\/13\/gzim-hajdinagalobiracemo-na-crnogorsku-vladu-da-prizna-kosovo\/panairi_edukimit_gezim-hajdinaga\/'><img width=\"150\" height=\"113\" src=\"https:\/\/www.visit-ulcinj.com\/blog\/wp-content\/uploads\/2008\/05\/panairi_edukimit_gezim-hajdinaga.jpg\" class=\"attachment-thumbnail size-thumbnail\" alt=\"\" loading=\"lazy\" \/><\/a>\n\t\t\t<\/dt><\/dl><br style=\"clear: both\" \/>\n\t\t<\/div>\n\n","protected":false},"excerpt":{"rendered":"<p><img loading=\"lazy\" class=\"alignleft attachment wp-att-1550\" style=\"float: left;\" src=\"http:\/\/www.visit-ulcinj.com\/blog\/wp-content\/uploads\/2008\/05\/gezim-hajdinaga_0.thumbnail.jpg\" alt=\"Gzim hajdinaga_Kalamperovic\" width=\"140\" height=\"140\" \/><\/p>\n","protected":false},"author":1,"featured_media":0,"comment_status":"open","ping_status":"closed","sticky":false,"template":"","format":"standard","meta":{"spay_email":"","jetpack_publicize_message":"","jetpack_is_tweetstorm":false,"jetpack_publicize_feature_enabled":true},"categories":[6,12],"tags":[20,140,3169,3170,3172,3171,3168,3173],"jetpack_publicize_connections":[],"yoast_head":"<!-- This site is optimized with the Yoast SEO plugin v19.1 - https:\/\/yoast.com\/wordpress\/plugins\/seo\/ -->\n<title>Gzim Hajdinaga:Lobira?emo na crnogorsku vladu da prizna Kosovo - Lajme nga Ulqini<\/title>\n<meta name=\"robots\" content=\"index, follow, max-snippet:-1, max-image-preview:large, max-video-preview:-1\" \/>\n<link rel=\"canonical\" href=\"https:\/\/www.visit-ulcinj.com\/blog\/2008\/05\/13\/gzim-hajdinagalobiracemo-na-crnogorsku-vladu-da-prizna-kosovo\/\" \/>\n<meta property=\"og:locale\" content=\"en_US\" \/>\n<meta property=\"og:type\" content=\"article\" \/>\n<meta property=\"og:title\" content=\"Gzim Hajdinaga:Lobira?emo na crnogorsku vladu da prizna Kosovo - Lajme nga Ulqini\" \/>\n<meta property=\"og:url\" content=\"https:\/\/www.visit-ulcinj.com\/blog\/2008\/05\/13\/gzim-hajdinagalobiracemo-na-crnogorsku-vladu-da-prizna-kosovo\/\" \/>\n<meta property=\"og:site_name\" content=\"Lajme nga Ulqini\" \/>\n<meta property=\"article:published_time\" content=\"2008-05-13T17:44:40+00:00\" \/>\n<meta property=\"og:image\" content=\"https:\/\/www.visit-ulcinj.com\/blog\/wp-content\/uploads\/2008\/05\/gezim-hajdinaga_0.jpg\" \/>\n<meta name=\"twitter:label1\" content=\"Written by\" \/>\n\t<meta name=\"twitter:data1\" content=\"ulqini\" \/>\n\t<meta name=\"twitter:label2\" content=\"Est. reading time\" \/>\n\t<meta name=\"twitter:data2\" content=\"2 minutes\" \/>\n<script type=\"application\/ld+json\" class=\"yoast-schema-graph\">{\"@context\":\"https:\/\/schema.org\",\"@graph\":[{\"@type\":\"WebSite\",\"@id\":\"https:\/\/www.visit-ulcinj.com\/blog\/#website\",\"url\":\"https:\/\/www.visit-ulcinj.com\/blog\/\",\"name\":\"Lajme nga Ulqini\",\"description\":\"Lajme,Vijesti,Ulqini,Ulqin,Crna Gora,Mali i Zi\",\"potentialAction\":[{\"@type\":\"SearchAction\",\"target\":{\"@type\":\"EntryPoint\",\"urlTemplate\":\"https:\/\/www.visit-ulcinj.com\/blog\/?s={search_term_string}\"},\"query-input\":\"required name=search_term_string\"}],\"inLanguage\":\"en-US\"},{\"@type\":\"ImageObject\",\"inLanguage\":\"en-US\",\"@id\":\"https:\/\/www.visit-ulcinj.com\/blog\/2008\/05\/13\/gzim-hajdinagalobiracemo-na-crnogorsku-vladu-da-prizna-kosovo\/#primaryimage\",\"url\":\"http:\/\/www.visit-ulcinj.com\/blog\/wp-content\/uploads\/2008\/05\/gezim-hajdinaga_0.thumbnail.jpg\",\"contentUrl\":\"http:\/\/www.visit-ulcinj.com\/blog\/wp-content\/uploads\/2008\/05\/gezim-hajdinaga_0.thumbnail.jpg\"},{\"@type\":\"WebPage\",\"@id\":\"https:\/\/www.visit-ulcinj.com\/blog\/2008\/05\/13\/gzim-hajdinagalobiracemo-na-crnogorsku-vladu-da-prizna-kosovo\/#webpage\",\"url\":\"https:\/\/www.visit-ulcinj.com\/blog\/2008\/05\/13\/gzim-hajdinagalobiracemo-na-crnogorsku-vladu-da-prizna-kosovo\/\",\"name\":\"Gzim Hajdinaga:Lobira?emo na crnogorsku vladu da prizna Kosovo - Lajme nga Ulqini\",\"isPartOf\":{\"@id\":\"https:\/\/www.visit-ulcinj.com\/blog\/#website\"},\"primaryImageOfPage\":{\"@id\":\"https:\/\/www.visit-ulcinj.com\/blog\/2008\/05\/13\/gzim-hajdinagalobiracemo-na-crnogorsku-vladu-da-prizna-kosovo\/#primaryimage\"},\"datePublished\":\"2008-05-13T17:44:40+00:00\",\"dateModified\":\"2008-05-13T17:44:40+00:00\",\"author\":{\"@id\":\"https:\/\/www.visit-ulcinj.com\/blog\/#\/schema\/person\/dcab619c614d3038751c63bc2aadc06d\"},\"breadcrumb\":{\"@id\":\"https:\/\/www.visit-ulcinj.com\/blog\/2008\/05\/13\/gzim-hajdinagalobiracemo-na-crnogorsku-vladu-da-prizna-kosovo\/#breadcrumb\"},\"inLanguage\":\"en-US\",\"potentialAction\":[{\"@type\":\"ReadAction\",\"target\":[\"https:\/\/www.visit-ulcinj.com\/blog\/2008\/05\/13\/gzim-hajdinagalobiracemo-na-crnogorsku-vladu-da-prizna-kosovo\/\"]}]},{\"@type\":\"BreadcrumbList\",\"@id\":\"https:\/\/www.visit-ulcinj.com\/blog\/2008\/05\/13\/gzim-hajdinagalobiracemo-na-crnogorsku-vladu-da-prizna-kosovo\/#breadcrumb\",\"itemListElement\":[{\"@type\":\"ListItem\",\"position\":1,\"name\":\"Gzim Hajdinaga:Lobira?emo na crnogorsku vladu da prizna Kosovo\"}]},{\"@type\":\"Person\",\"@id\":\"https:\/\/www.visit-ulcinj.com\/blog\/#\/schema\/person\/dcab619c614d3038751c63bc2aadc06d\",\"name\":\"ulqini\",\"sameAs\":[\"http:\/\/www.visit-ulcinj.com\"],\"url\":\"https:\/\/www.visit-ulcinj.com\/blog\/author\/admin\/\"}]}<\/script>\n<!-- \/ Yoast SEO plugin. -->","yoast_head_json":{"title":"Gzim Hajdinaga:Lobira?emo na crnogorsku vladu da prizna Kosovo - Lajme nga Ulqini","robots":{"index":"index","follow":"follow","max-snippet":"max-snippet:-1","max-image-preview":"max-image-preview:large","max-video-preview":"max-video-preview:-1"},"canonical":"https:\/\/www.visit-ulcinj.com\/blog\/2008\/05\/13\/gzim-hajdinagalobiracemo-na-crnogorsku-vladu-da-prizna-kosovo\/","og_locale":"en_US","og_type":"article","og_title":"Gzim Hajdinaga:Lobira?emo na crnogorsku vladu da prizna Kosovo - Lajme nga Ulqini","og_url":"https:\/\/www.visit-ulcinj.com\/blog\/2008\/05\/13\/gzim-hajdinagalobiracemo-na-crnogorsku-vladu-da-prizna-kosovo\/","og_site_name":"Lajme nga Ulqini","article_published_time":"2008-05-13T17:44:40+00:00","og_image":[{"url":"https:\/\/www.visit-ulcinj.com\/blog\/wp-content\/uploads\/2008\/05\/gezim-hajdinaga_0.jpg"}],"twitter_misc":{"Written by":"ulqini","Est. reading time":"2 minutes"},"schema":{"@context":"https:\/\/schema.org","@graph":[{"@type":"WebSite","@id":"https:\/\/www.visit-ulcinj.com\/blog\/#website","url":"https:\/\/www.visit-ulcinj.com\/blog\/","name":"Lajme nga Ulqini","description":"Lajme,Vijesti,Ulqini,Ulqin,Crna Gora,Mali i Zi","potentialAction":[{"@type":"SearchAction","target":{"@type":"EntryPoint","urlTemplate":"https:\/\/www.visit-ulcinj.com\/blog\/?s={search_term_string}"},"query-input":"required name=search_term_string"}],"inLanguage":"en-US"},{"@type":"ImageObject","inLanguage":"en-US","@id":"https:\/\/www.visit-ulcinj.com\/blog\/2008\/05\/13\/gzim-hajdinagalobiracemo-na-crnogorsku-vladu-da-prizna-kosovo\/#primaryimage","url":"http:\/\/www.visit-ulcinj.com\/blog\/wp-content\/uploads\/2008\/05\/gezim-hajdinaga_0.thumbnail.jpg","contentUrl":"http:\/\/www.visit-ulcinj.com\/blog\/wp-content\/uploads\/2008\/05\/gezim-hajdinaga_0.thumbnail.jpg"},{"@type":"WebPage","@id":"https:\/\/www.visit-ulcinj.com\/blog\/2008\/05\/13\/gzim-hajdinagalobiracemo-na-crnogorsku-vladu-da-prizna-kosovo\/#webpage","url":"https:\/\/www.visit-ulcinj.com\/blog\/2008\/05\/13\/gzim-hajdinagalobiracemo-na-crnogorsku-vladu-da-prizna-kosovo\/","name":"Gzim Hajdinaga:Lobira?emo na crnogorsku vladu da prizna Kosovo - Lajme nga Ulqini","isPartOf":{"@id":"https:\/\/www.visit-ulcinj.com\/blog\/#website"},"primaryImageOfPage":{"@id":"https:\/\/www.visit-ulcinj.com\/blog\/2008\/05\/13\/gzim-hajdinagalobiracemo-na-crnogorsku-vladu-da-prizna-kosovo\/#primaryimage"},"datePublished":"2008-05-13T17:44:40+00:00","dateModified":"2008-05-13T17:44:40+00:00","author":{"@id":"https:\/\/www.visit-ulcinj.com\/blog\/#\/schema\/person\/dcab619c614d3038751c63bc2aadc06d"},"breadcrumb":{"@id":"https:\/\/www.visit-ulcinj.com\/blog\/2008\/05\/13\/gzim-hajdinagalobiracemo-na-crnogorsku-vladu-da-prizna-kosovo\/#breadcrumb"},"inLanguage":"en-US","potentialAction":[{"@type":"ReadAction","target":["https:\/\/www.visit-ulcinj.com\/blog\/2008\/05\/13\/gzim-hajdinagalobiracemo-na-crnogorsku-vladu-da-prizna-kosovo\/"]}]},{"@type":"BreadcrumbList","@id":"https:\/\/www.visit-ulcinj.com\/blog\/2008\/05\/13\/gzim-hajdinagalobiracemo-na-crnogorsku-vladu-da-prizna-kosovo\/#breadcrumb","itemListElement":[{"@type":"ListItem","position":1,"name":"Gzim Hajdinaga:Lobira?emo na crnogorsku vladu da prizna Kosovo"}]},{"@type":"Person","@id":"https:\/\/www.visit-ulcinj.com\/blog\/#\/schema\/person\/dcab619c614d3038751c63bc2aadc06d","name":"ulqini","sameAs":["http:\/\/www.visit-ulcinj.com"],"url":"https:\/\/www.visit-ulcinj.com\/blog\/author\/admin\/"}]}},"jetpack_featured_media_url":"","jetpack_sharing_enabled":true,"jetpack_shortlink":"https:\/\/wp.me\/pe6lTn-oZ","_links":{"self":[{"href":"https:\/\/www.visit-ulcinj.com\/blog\/wp-json\/wp\/v2\/posts\/1549"}],"collection":[{"href":"https:\/\/www.visit-ulcinj.com\/blog\/wp-json\/wp\/v2\/posts"}],"about":[{"href":"https:\/\/www.visit-ulcinj.com\/blog\/wp-json\/wp\/v2\/types\/post"}],"author":[{"embeddable":true,"href":"https:\/\/www.visit-ulcinj.com\/blog\/wp-json\/wp\/v2\/users\/1"}],"replies":[{"embeddable":true,"href":"https:\/\/www.visit-ulcinj.com\/blog\/wp-json\/wp\/v2\/comments?post=1549"}],"version-history":[{"count":0,"href":"https:\/\/www.visit-ulcinj.com\/blog\/wp-json\/wp\/v2\/posts\/1549\/revisions"}],"wp:attachment":[{"href":"https:\/\/www.visit-ulcinj.com\/blog\/wp-json\/wp\/v2\/media?parent=1549"}],"wp:term":[{"taxonomy":"category","embeddable":true,"href":"https:\/\/www.visit-ulcinj.com\/blog\/wp-json\/wp\/v2\/categories?post=1549"},{"taxonomy":"post_tag","embeddable":true,"href":"https:\/\/www.visit-ulcinj.com\/blog\/wp-json\/wp\/v2\/tags?post=1549"}],"curies":[{"name":"wp","href":"https:\/\/api.w.org\/{rel}","templated":true}]}}