{"id":15492,"date":"2009-03-25T11:42:55","date_gmt":"2009-03-25T10:42:55","guid":{"rendered":"http:\/\/www.visit-ulcinj.com\/blog\/?p=15492"},"modified":"2009-03-25T11:42:55","modified_gmt":"2009-03-25T10:42:55","slug":"bjordi-adelajda-eshte-shume-e-mire","status":"publish","type":"post","link":"https:\/\/www.visit-ulcinj.com\/blog\/2009\/03\/25\/bjordi-adelajda-eshte-shume-e-mire\/","title":{"rendered":"Bjordi : Adelajda \u00ebsht\u00eb shum\u00eb e mir\u00eb"},"content":{"rendered":"<p><em><span class=\"newsdate\"><a href=\"http:\/\/www.visit-ulcinj.com\/blog\/wp-content\/uploads\/2009\/03\/bjordi-per-adelajden-big-brother-albania-live.jpg\"><img loading=\"lazy\" class=\"alignleft size-full wp-image-15493\" title=\"bjordi-per-adelajden-big-brother-albania-live\" src=\"http:\/\/www.visit-ulcinj.com\/blog\/wp-content\/uploads\/2009\/03\/bjordi-per-adelajden-big-brother-albania-live.jpg\" alt=\"bjordi-per-adelajden-big-brother-albania-live\" width=\"300\" height=\"205\" \/><\/a>23\/03\/09 03:25<\/span><\/em><\/p>\n<p>\u201cTani jam shum\u00eb mir\u00eb!\u201d \u2013 i ka th\u00ebn\u00eb Anjeza Bjordit, kur ky i fundit e ka pyetur n\u00ebse ishte ambjentuar apo jo. Ai ka vazhduar duke i th\u00ebn\u00eb se Adelajda ishte nj\u00eb vajz\u00eb shum\u00eb e mir\u00eb dhe se ishte shum\u00eb ndryshe nga \u00e7\u2019mund t\u00eb dukej jasht\u00eb dhe p\u00ebr k\u00ebt\u00eb ajo duhet ta besonte. Anjeza i ka th\u00ebn\u00eb se nga biseda q\u00eb kishin zhvilluar pak m\u00eb par\u00eb, Adelajda i kishte th\u00ebn\u00eb se ishte shum\u00eb e t\u00ebrhequr n\u00eb disa gj\u00ebra, p\u00ebr shkak t\u00eb mentalitetit t\u00eb vendit ku ka jetuar. Bjordi i ka th\u00ebn\u00eb se mes Adelajdes dhe Mesid\u00ebs, kishte patur keqkuptime, madje disa nga banor\u00ebt e tjer\u00eb e kishin shfryt\u00ebzuar k\u00ebt\u00eb t\u00eb fundit, p\u00ebr t\u2019i v\u00ebn\u00eb kund\u00ebr nj\u00ebra-tjetr\u00ebs. \u201cNdaj nuk do t\u00eb doja q\u00eb t\u00eb ndodhte prap\u00eb!\u201d \u2013 i ka th\u00ebn\u00eb ai Anjez\u00ebs, duke p\u00ebrdorur pothuajse t\u00eb nj\u00ebjtat fjal\u00eb q\u00eb Adelajda ia kishte th\u00ebn\u00eb atij, vet\u00ebm nj\u00eb dit\u00eb m\u00eb par\u00eb. Ai ka shtuar se ajo mund t\u00eb mos e p\u00eblqente Adel\u00ebn, por duhet ta b\u00ebnte k\u00ebt\u00eb pasi ta njihte e jo ta paragjykonte.<\/p>\n","protected":false},"excerpt":{"rendered":"<p>23\/03\/09 03:25 \u201cTani jam shum\u00eb mir\u00eb!\u201d \u2013 i ka th\u00ebn\u00eb Anjeza Bjordit, kur ky i fundit e ka pyetur n\u00ebse ishte ambjentuar apo jo. Ai ka vazhduar duke i th\u00ebn\u00eb se Adelajda ishte nj\u00eb vajz\u00eb shum\u00eb e mir\u00eb dhe se ishte shum\u00eb ndryshe nga \u00e7\u2019mund t\u00eb dukej jasht\u00eb dhe p\u00ebr k\u00ebt\u00eb ajo duhet ta besonte. [&hellip;]<\/p>\n","protected":false},"author":1,"featured_media":0,"comment_status":"open","ping_status":"closed","sticky":false,"template":"","format":"standard","meta":{"spay_email":"","jetpack_publicize_message":"","jetpack_is_tweetstorm":false,"jetpack_publicize_feature_enabled":true},"categories":[6502],"tags":[6529,8289,5057,6506,6516,6712,7129,6522,7364,6544,6891,6693,6887],"jetpack_publicize_connections":[],"yoast_head":"<!-- This site is optimized with the Yoast SEO plugin v19.1 - https:\/\/yoast.com\/wordpress\/plugins\/seo\/ -->\n<title>Bjordi : Adelajda \u00c3\u00absht\u00c3\u00ab shum\u00c3\u00ab e mir\u00c3\u00ab | Big Brother Albania 2<\/title>\n<meta name=\"description\" content=\"Big Brother Albania 2 - \u00e2\u20ac\u0153Tani jam shum\u00c3\u00ab mir\u00c3\u00ab!\u00e2\u20ac\u009d \u00e2\u20ac\u201c i ka th\u00c3\u00abn\u00c3\u00ab Anjeza Bjordit, kur ky i fundit e ka pyetur n\u00c3\u00abse ishte ambjentuar apo jo.\" \/>\n<meta name=\"robots\" content=\"index, follow, max-snippet:-1, max-image-preview:large, max-video-preview:-1\" \/>\n<link rel=\"canonical\" href=\"https:\/\/www.visit-ulcinj.com\/blog\/2009\/03\/25\/bjordi-adelajda-eshte-shume-e-mire\/\" \/>\n<meta property=\"og:locale\" content=\"en_US\" \/>\n<meta property=\"og:type\" content=\"article\" \/>\n<meta property=\"og:title\" content=\"Bjordi : Adelajda \u00c3\u00absht\u00c3\u00ab shum\u00c3\u00ab e mir\u00c3\u00ab | Big Brother Albania 2\" \/>\n<meta property=\"og:description\" content=\"Big Brother Albania 2 - \u00e2\u20ac\u0153Tani jam shum\u00c3\u00ab mir\u00c3\u00ab!\u00e2\u20ac\u009d \u00e2\u20ac\u201c i ka th\u00c3\u00abn\u00c3\u00ab Anjeza Bjordit, kur ky i fundit e ka pyetur n\u00c3\u00abse ishte ambjentuar apo jo.\" \/>\n<meta property=\"og:url\" content=\"https:\/\/www.visit-ulcinj.com\/blog\/2009\/03\/25\/bjordi-adelajda-eshte-shume-e-mire\/\" \/>\n<meta property=\"og:site_name\" content=\"Lajme nga Ulqini\" \/>\n<meta property=\"article:published_time\" content=\"2009-03-25T10:42:55+00:00\" \/>\n<meta property=\"og:image\" content=\"http:\/\/www.visit-ulcinj.com\/blog\/wp-content\/uploads\/2009\/03\/bjordi-per-adelajden-big-brother-albania-live.jpg\" \/>\n<meta name=\"twitter:label1\" content=\"Written by\" \/>\n\t<meta name=\"twitter:data1\" content=\"ulqini\" \/>\n\t<meta name=\"twitter:label2\" content=\"Est. reading time\" \/>\n\t<meta name=\"twitter:data2\" content=\"1 minute\" \/>\n<script type=\"application\/ld+json\" class=\"yoast-schema-graph\">{\"@context\":\"https:\/\/schema.org\",\"@graph\":[{\"@type\":\"WebSite\",\"@id\":\"https:\/\/www.visit-ulcinj.com\/blog\/#website\",\"url\":\"https:\/\/www.visit-ulcinj.com\/blog\/\",\"name\":\"Lajme nga Ulqini\",\"description\":\"Lajme,Vijesti,Ulqini,Ulqin,Crna Gora,Mali i Zi\",\"potentialAction\":[{\"@type\":\"SearchAction\",\"target\":{\"@type\":\"EntryPoint\",\"urlTemplate\":\"https:\/\/www.visit-ulcinj.com\/blog\/?s={search_term_string}\"},\"query-input\":\"required name=search_term_string\"}],\"inLanguage\":\"en-US\"},{\"@type\":\"ImageObject\",\"inLanguage\":\"en-US\",\"@id\":\"https:\/\/www.visit-ulcinj.com\/blog\/2009\/03\/25\/bjordi-adelajda-eshte-shume-e-mire\/#primaryimage\",\"url\":\"http:\/\/www.visit-ulcinj.com\/blog\/wp-content\/uploads\/2009\/03\/bjordi-per-adelajden-big-brother-albania-live.jpg\",\"contentUrl\":\"http:\/\/www.visit-ulcinj.com\/blog\/wp-content\/uploads\/2009\/03\/bjordi-per-adelajden-big-brother-albania-live.jpg\"},{\"@type\":\"WebPage\",\"@id\":\"https:\/\/www.visit-ulcinj.com\/blog\/2009\/03\/25\/bjordi-adelajda-eshte-shume-e-mire\/#webpage\",\"url\":\"https:\/\/www.visit-ulcinj.com\/blog\/2009\/03\/25\/bjordi-adelajda-eshte-shume-e-mire\/\",\"name\":\"Bjordi : Adelajda \u00c3\u00absht\u00c3\u00ab shum\u00c3\u00ab e mir\u00c3\u00ab | Big Brother Albania 2\",\"isPartOf\":{\"@id\":\"https:\/\/www.visit-ulcinj.com\/blog\/#website\"},\"primaryImageOfPage\":{\"@id\":\"https:\/\/www.visit-ulcinj.com\/blog\/2009\/03\/25\/bjordi-adelajda-eshte-shume-e-mire\/#primaryimage\"},\"datePublished\":\"2009-03-25T10:42:55+00:00\",\"dateModified\":\"2009-03-25T10:42:55+00:00\",\"author\":{\"@id\":\"https:\/\/www.visit-ulcinj.com\/blog\/#\/schema\/person\/dcab619c614d3038751c63bc2aadc06d\"},\"description\":\"Big Brother Albania 2 - \u00e2\u20ac\u0153Tani jam shum\u00c3\u00ab mir\u00c3\u00ab!\u00e2\u20ac\u009d \u00e2\u20ac\u201c i ka th\u00c3\u00abn\u00c3\u00ab Anjeza Bjordit, kur ky i fundit e ka pyetur n\u00c3\u00abse ishte ambjentuar apo jo.\",\"breadcrumb\":{\"@id\":\"https:\/\/www.visit-ulcinj.com\/blog\/2009\/03\/25\/bjordi-adelajda-eshte-shume-e-mire\/#breadcrumb\"},\"inLanguage\":\"en-US\",\"potentialAction\":[{\"@type\":\"ReadAction\",\"target\":[\"https:\/\/www.visit-ulcinj.com\/blog\/2009\/03\/25\/bjordi-adelajda-eshte-shume-e-mire\/\"]}]},{\"@type\":\"BreadcrumbList\",\"@id\":\"https:\/\/www.visit-ulcinj.com\/blog\/2009\/03\/25\/bjordi-adelajda-eshte-shume-e-mire\/#breadcrumb\",\"itemListElement\":[{\"@type\":\"ListItem\",\"position\":1,\"name\":\"Bjordi : Adelajda \u00ebsht\u00eb shum\u00eb e mir\u00eb\"}]},{\"@type\":\"Person\",\"@id\":\"https:\/\/www.visit-ulcinj.com\/blog\/#\/schema\/person\/dcab619c614d3038751c63bc2aadc06d\",\"name\":\"ulqini\",\"sameAs\":[\"http:\/\/www.visit-ulcinj.com\"],\"url\":\"https:\/\/www.visit-ulcinj.com\/blog\/author\/admin\/\"}]}<\/script>\n<!-- \/ Yoast SEO plugin. -->","yoast_head_json":{"title":"Bjordi : Adelajda \u00c3\u00absht\u00c3\u00ab shum\u00c3\u00ab e mir\u00c3\u00ab | Big Brother Albania 2","description":"Big Brother Albania 2 - \u00e2\u20ac\u0153Tani jam shum\u00c3\u00ab mir\u00c3\u00ab!\u00e2\u20ac\u009d \u00e2\u20ac\u201c i ka th\u00c3\u00abn\u00c3\u00ab Anjeza Bjordit, kur ky i fundit e ka pyetur n\u00c3\u00abse ishte ambjentuar apo jo.","robots":{"index":"index","follow":"follow","max-snippet":"max-snippet:-1","max-image-preview":"max-image-preview:large","max-video-preview":"max-video-preview:-1"},"canonical":"https:\/\/www.visit-ulcinj.com\/blog\/2009\/03\/25\/bjordi-adelajda-eshte-shume-e-mire\/","og_locale":"en_US","og_type":"article","og_title":"Bjordi : Adelajda \u00c3\u00absht\u00c3\u00ab shum\u00c3\u00ab e mir\u00c3\u00ab | Big Brother Albania 2","og_description":"Big Brother Albania 2 - \u00e2\u20ac\u0153Tani jam shum\u00c3\u00ab mir\u00c3\u00ab!\u00e2\u20ac\u009d \u00e2\u20ac\u201c i ka th\u00c3\u00abn\u00c3\u00ab Anjeza Bjordit, kur ky i fundit e ka pyetur n\u00c3\u00abse ishte ambjentuar apo jo.","og_url":"https:\/\/www.visit-ulcinj.com\/blog\/2009\/03\/25\/bjordi-adelajda-eshte-shume-e-mire\/","og_site_name":"Lajme nga Ulqini","article_published_time":"2009-03-25T10:42:55+00:00","og_image":[{"url":"http:\/\/www.visit-ulcinj.com\/blog\/wp-content\/uploads\/2009\/03\/bjordi-per-adelajden-big-brother-albania-live.jpg"}],"twitter_misc":{"Written by":"ulqini","Est. reading time":"1 minute"},"schema":{"@context":"https:\/\/schema.org","@graph":[{"@type":"WebSite","@id":"https:\/\/www.visit-ulcinj.com\/blog\/#website","url":"https:\/\/www.visit-ulcinj.com\/blog\/","name":"Lajme nga Ulqini","description":"Lajme,Vijesti,Ulqini,Ulqin,Crna Gora,Mali i Zi","potentialAction":[{"@type":"SearchAction","target":{"@type":"EntryPoint","urlTemplate":"https:\/\/www.visit-ulcinj.com\/blog\/?s={search_term_string}"},"query-input":"required name=search_term_string"}],"inLanguage":"en-US"},{"@type":"ImageObject","inLanguage":"en-US","@id":"https:\/\/www.visit-ulcinj.com\/blog\/2009\/03\/25\/bjordi-adelajda-eshte-shume-e-mire\/#primaryimage","url":"http:\/\/www.visit-ulcinj.com\/blog\/wp-content\/uploads\/2009\/03\/bjordi-per-adelajden-big-brother-albania-live.jpg","contentUrl":"http:\/\/www.visit-ulcinj.com\/blog\/wp-content\/uploads\/2009\/03\/bjordi-per-adelajden-big-brother-albania-live.jpg"},{"@type":"WebPage","@id":"https:\/\/www.visit-ulcinj.com\/blog\/2009\/03\/25\/bjordi-adelajda-eshte-shume-e-mire\/#webpage","url":"https:\/\/www.visit-ulcinj.com\/blog\/2009\/03\/25\/bjordi-adelajda-eshte-shume-e-mire\/","name":"Bjordi : Adelajda \u00c3\u00absht\u00c3\u00ab shum\u00c3\u00ab e mir\u00c3\u00ab | Big Brother Albania 2","isPartOf":{"@id":"https:\/\/www.visit-ulcinj.com\/blog\/#website"},"primaryImageOfPage":{"@id":"https:\/\/www.visit-ulcinj.com\/blog\/2009\/03\/25\/bjordi-adelajda-eshte-shume-e-mire\/#primaryimage"},"datePublished":"2009-03-25T10:42:55+00:00","dateModified":"2009-03-25T10:42:55+00:00","author":{"@id":"https:\/\/www.visit-ulcinj.com\/blog\/#\/schema\/person\/dcab619c614d3038751c63bc2aadc06d"},"description":"Big Brother Albania 2 - \u00e2\u20ac\u0153Tani jam shum\u00c3\u00ab mir\u00c3\u00ab!\u00e2\u20ac\u009d \u00e2\u20ac\u201c i ka th\u00c3\u00abn\u00c3\u00ab Anjeza Bjordit, kur ky i fundit e ka pyetur n\u00c3\u00abse ishte ambjentuar apo jo.","breadcrumb":{"@id":"https:\/\/www.visit-ulcinj.com\/blog\/2009\/03\/25\/bjordi-adelajda-eshte-shume-e-mire\/#breadcrumb"},"inLanguage":"en-US","potentialAction":[{"@type":"ReadAction","target":["https:\/\/www.visit-ulcinj.com\/blog\/2009\/03\/25\/bjordi-adelajda-eshte-shume-e-mire\/"]}]},{"@type":"BreadcrumbList","@id":"https:\/\/www.visit-ulcinj.com\/blog\/2009\/03\/25\/bjordi-adelajda-eshte-shume-e-mire\/#breadcrumb","itemListElement":[{"@type":"ListItem","position":1,"name":"Bjordi : Adelajda \u00ebsht\u00eb shum\u00eb e mir\u00eb"}]},{"@type":"Person","@id":"https:\/\/www.visit-ulcinj.com\/blog\/#\/schema\/person\/dcab619c614d3038751c63bc2aadc06d","name":"ulqini","sameAs":["http:\/\/www.visit-ulcinj.com"],"url":"https:\/\/www.visit-ulcinj.com\/blog\/author\/admin\/"}]}},"jetpack_featured_media_url":"","jetpack_sharing_enabled":true,"jetpack_shortlink":"https:\/\/wp.me\/pe6lTn-41S","_links":{"self":[{"href":"https:\/\/www.visit-ulcinj.com\/blog\/wp-json\/wp\/v2\/posts\/15492"}],"collection":[{"href":"https:\/\/www.visit-ulcinj.com\/blog\/wp-json\/wp\/v2\/posts"}],"about":[{"href":"https:\/\/www.visit-ulcinj.com\/blog\/wp-json\/wp\/v2\/types\/post"}],"author":[{"embeddable":true,"href":"https:\/\/www.visit-ulcinj.com\/blog\/wp-json\/wp\/v2\/users\/1"}],"replies":[{"embeddable":true,"href":"https:\/\/www.visit-ulcinj.com\/blog\/wp-json\/wp\/v2\/comments?post=15492"}],"version-history":[{"count":0,"href":"https:\/\/www.visit-ulcinj.com\/blog\/wp-json\/wp\/v2\/posts\/15492\/revisions"}],"wp:attachment":[{"href":"https:\/\/www.visit-ulcinj.com\/blog\/wp-json\/wp\/v2\/media?parent=15492"}],"wp:term":[{"taxonomy":"category","embeddable":true,"href":"https:\/\/www.visit-ulcinj.com\/blog\/wp-json\/wp\/v2\/categories?post=15492"},{"taxonomy":"post_tag","embeddable":true,"href":"https:\/\/www.visit-ulcinj.com\/blog\/wp-json\/wp\/v2\/tags?post=15492"}],"curies":[{"name":"wp","href":"https:\/\/api.w.org\/{rel}","templated":true}]}}